{"id":2746,"date":"2019-06-12T11:26:16","date_gmt":"2019-06-12T11:26:16","guid":{"rendered":"https:\/\/www.vacalia.com\/blog\/?p=2746"},"modified":"2024-02-14T15:16:51","modified_gmt":"2024-02-14T14:16:51","slug":"die-besten-ferienhaeuser-im-norden-mallorcas","status":"publish","type":"post","link":"https:\/\/www.vacalia.com\/blog\/die-besten-ferienhaeuser-im-norden-mallorcas\/","title":{"rendered":"Die besten Ferienh\u00e4user im Norden Mallorcas"},"content":{"rendered":"\n<p>Ein <strong>Ferienhaus im Norden Mallorcas<\/strong> zu mieten ist eine gute Option um die Insel zu entdecken. Der Norden Mallorcas hat fruchtbares Land, ist farbenfroh, in der N\u00e4he der Berge und hat spektakul\u00e4re St\u00e4nde. Hier k\u00f6nnen Sie Pollensa und seinen Hafen genauso kennenlernen wir Alc\u00fadia, einer der beliebtesten Ferienorte.<\/p>\n\n\n\n<p>Aber neben der Frage der Aktivit\u00e4ten die Sie hier unternehmen k\u00f6nnen, ist die Frage: <strong>\u201cWelches sind die besten Ferienh\u00e4user im Norden von Mallorca?\u201d<\/strong> zweifellos vorrangig, denn ein authentisches Erlebnis kann nur komplett werden, wenn Sie sich in einem Ferienhaus oder Apartment wie zu Hause f\u00fchlen.<\/p>\n\n\n\n<figure class=\"wp-block-image\"><img fetchpriority=\"high\" decoding=\"async\" width=\"671\" height=\"301\" src=\"https:\/\/www.vacalia.com\/blog\/wp-content\/uploads\/2019\/06\/DE_Casas-Norteblog_Vacalia.png\" alt=\"Ferienh\u00e4user auf Mallorca\" class=\"wp-image-2747\" srcset=\"https:\/\/www.vacalia.com\/blog\/wp-content\/uploads\/2019\/06\/DE_Casas-Norteblog_Vacalia.png 671w, https:\/\/www.vacalia.com\/blog\/wp-content\/uploads\/2019\/06\/DE_Casas-Norteblog_Vacalia-300x135.png 300w, https:\/\/www.vacalia.com\/blog\/wp-content\/uploads\/2019\/06\/DE_Casas-Norteblog_Vacalia-670x300.png 670w\" sizes=\"(max-width: 767px) 100vw, 671px\" \/><\/figure>\n\n\n\n<p>Wir von Vacalia setzen auf die Vermietung von privaten H\u00e4usern anstelle von anderer Unterkunftsm\u00f6glichkeiten, weil wir der Meinung sind, dass dies eine ideale M\u00f6glichkeit ist Land und Leute kennenzulernen und gleichzeitig Auszuruhen; in einem traditionellen Haus mit eigenem Schwimmbad zum Entspannen und in einer Umgebung die zum Abschalten einl\u00e4dt.<\/p>\n\n\n\n<h2 class=\"wp-block-heading\"><strong>Ferienh\u00e4user im Norden Mallorcas: Pollensa, Alc\u00fadia und Sa Pobla<\/strong><\/h2>\n\n\n\n<h3 class=\"wp-block-heading\"><strong>Pollensa<\/strong><\/h3>\n\n\n\n<p><strong>Pollensa<\/strong> istein beliebter Ferienort, nicht nur wegen des malerischen Dorfes, sondern auch wegen des fantastischen Hafens. Der <strong>Hafen von Pollensa<\/strong> ist ein typisches Fischerdorf und obwohl der Tourismus auch hier vorangekommen ist, bewahrt der Ort seinen urspr\u00fcnglichen, malerischen Charakter eines Fischerdorfes aus vergangenen Jahren. In dieser Region, in der N\u00e4he von <strong>Pollensa<\/strong> und <strong>Puerto de Pollensa<\/strong> kann man so unglaubliche Ferienh\u00e4user wie die folgenden finden:<\/p>\n\n\n\n<figure class=\"wp-block-image\"><img decoding=\"async\" width=\"1024\" height=\"678\" src=\"https:\/\/www.vacalia.com\/blog\/wp-content\/uploads\/2019\/06\/2604_0f4a5e91daf6595c8b5237c5db37ea30-1024x678-1-1024x678.jpg\" alt=\"Ferienh\u00e4user auf Mallorca\" class=\"wp-image-2749\" srcset=\"https:\/\/www.vacalia.com\/blog\/wp-content\/uploads\/2019\/06\/2604_0f4a5e91daf6595c8b5237c5db37ea30-1024x678-1.jpg 1024w, https:\/\/www.vacalia.com\/blog\/wp-content\/uploads\/2019\/06\/2604_0f4a5e91daf6595c8b5237c5db37ea30-1024x678-1-300x199.jpg 300w, https:\/\/www.vacalia.com\/blog\/wp-content\/uploads\/2019\/06\/2604_0f4a5e91daf6595c8b5237c5db37ea30-1024x678-1-768x509.jpg 768w\" sizes=\"(max-width: 1024px) 100vw, 1024px\" \/><\/figure>\n\n\n\n<p><strong><a href=\"https:\/\/www.vacalia.com\/de\/apartment-casa-mercat-pollenca-h18570\">Casa Mercat:<\/a><\/strong> im Zentrumdes Dorfes Pollensa. Die sch\u00f6ne Wohnung ist ideal f\u00fcr zwei Personen oder f\u00fcr Familien mit einem kleinen Kind. Auf ca. 40 Quadratmetern k\u00f6nnen Sie einen einzigartigen Urlaub in lokaler Umgebung verbringen. Lernen Sie die Bewohner und Dorfgewohnheiten kennen und genie\u00dfen Sie eine gro\u00dfartige Ruhe. Wussten Sie, dass Pollensa eines der beliebtesten Ziele von Malern und K\u00fcnstlern ist? Wenn Sie ein paar Tage in dieser m\u00e4rchenhaften Stadt bleiben wissen Sie warum.<\/p>\n\n\n\n<p><strong><a href=\"https:\/\/www.vacalia.com\/de\/apartment-encinas-1-pollenca-h20193\">Encinas:<\/a><\/strong> Suchen Sie etwas einzigartiges im Norden Mallorcas? Puerto Pollensa ist ideal, und dieses sch\u00f6ne Apartment noch mehr. Mit einem kleinen Garten zum Sonnenbaden oder Abendessen mit der Familieoder Freunden. Au\u00dferdem ist es sehr nah am Strand. In Puerto Pollensa finden Sie alle notwendigen Dienstleistungen, um Ihren Aufenthalt perfekt zu machen.<\/p>\n\n\n\n<h3 class=\"wp-block-heading\"><strong>Alc\u00fadia<\/strong><\/h3>\n\n\n\n<p>Genauso wie Pollensa liegen auch hier das gleichnamige Dorf und der Hafen etwas auseinander. Der <strong>Hafen von Alc\u00fadia<\/strong> ist sicher einer der beliebteste Ferienorte der Insel mit einer gro\u00dfen Auswahl an Ferienunterk\u00fcnften. Die Beliebtheit hat gute Gr\u00fcnde: fantastische Str\u00e4nde, viele Dienstleistungen und ein umfangreiches kulturelles und gastronomisches Angebot.<\/p>\n\n\n\n<figure class=\"wp-block-image\"><img decoding=\"async\" width=\"1024\" height=\"683\" src=\"https:\/\/www.vacalia.com\/blog\/wp-content\/uploads\/2019\/06\/2401_43cb7c23b37e871d3d8533a9794f1d77-1024x683-1-1024x683.jpg\" alt=\"Ferienh\u00e4user auf Mallorca\" class=\"wp-image-2750\" srcset=\"https:\/\/www.vacalia.com\/blog\/wp-content\/uploads\/2019\/06\/2401_43cb7c23b37e871d3d8533a9794f1d77-1024x683-1.jpg 1024w, https:\/\/www.vacalia.com\/blog\/wp-content\/uploads\/2019\/06\/2401_43cb7c23b37e871d3d8533a9794f1d77-1024x683-1-300x200.jpg 300w, https:\/\/www.vacalia.com\/blog\/wp-content\/uploads\/2019\/06\/2401_43cb7c23b37e871d3d8533a9794f1d77-1024x683-1-768x512.jpg 768w\" sizes=\"(max-width: 1024px) 100vw, 1024px\" \/><\/figure>\n\n\n\n<p>Das Dorf hat\nseinen urspr\u00fcnglichen Charakter bewahrt, ist von mittelalterlichen Mauern\numgeben und hat historischen Charme. Wenn Sie Alc\u00fadia besuchen sollten Sie auf\nder Stadtmauer spazieren gehen und die Gelegenheit nutzen den traditionellen\nWochenmarkt zu besuchen.<\/p>\n\n\n\n<p><strong><a href=\"https:\/\/www.vacalia.com\/de\/ferienhaus-ca-na-serrieta-alcudia-h20592\">Ca na Serrieta<\/a><\/strong>: ein Dorfhaus wie aus vergangenen Tagen aber komplett renoviert. Es befindet sich innerhalb der Stadtmauern inmitten der Fussg\u00e4ngerzonen des Zentrums von Alc\u00fadia. Es hat drei Etagen und ist ein fantastisches Ferienhaus f\u00fcr 4Personen, um mit der ganzen Familie einen entspannten Urlaub zu verbringen.<\/p>\n\n\n\n<figure class=\"wp-block-image\"><img loading=\"lazy\" decoding=\"async\" width=\"1024\" height=\"678\" src=\"https:\/\/www.vacalia.com\/blog\/wp-content\/uploads\/2019\/06\/2604_432a40dff3b8d67759942614f6821fd8-1024x678-1-1024x678.jpg\" alt=\"ferienh\u00e4user auf Mallorca\" class=\"wp-image-2751\" srcset=\"https:\/\/www.vacalia.com\/blog\/wp-content\/uploads\/2019\/06\/2604_432a40dff3b8d67759942614f6821fd8-1024x678-1.jpg 1024w, https:\/\/www.vacalia.com\/blog\/wp-content\/uploads\/2019\/06\/2604_432a40dff3b8d67759942614f6821fd8-1024x678-1-300x199.jpg 300w, https:\/\/www.vacalia.com\/blog\/wp-content\/uploads\/2019\/06\/2604_432a40dff3b8d67759942614f6821fd8-1024x678-1-768x509.jpg 768w\" sizes=\"(max-width: 1024px) 100vw, 1024px\" \/><\/figure>\n\n\n\n<p><strong><a href=\"https:\/\/www.vacalia.com\/de\/ferienhaus-tia-torro-alcudia-h18114\">Tia Torro:<\/a><\/strong> eine sch\u00f6ne Villa f\u00fcr f\u00fcnf Personen in einem Wohngebiet von Puerto de Alc\u00fadia. Ein Ferienhaus mit mallorquinischem Flair, einer sch\u00f6n m\u00f6blierten Terrasse und Gr\u00fcnfl\u00e4chen, um das sch\u00f6ne Wetter zu genie\u00dfen. Das Ferienhaus befindet sich auf einem Grundst\u00fcck von 800 Quadratmetern.<\/p>\n\n\n\n<p><strong><a href=\"https:\/\/www.vacalia.com\/de\/ferienhaus-laguito-alcudia-h16758\">Laguito:<\/a><\/strong> ideale Option f\u00fcr Familien mit bis zu sechs Personen. Dieses Ferienhaus im Norden Mallorcas liegt in einer sch\u00f6nen Wohnanlage mit Gemeinschaftspool nur einen Kilometer von dem wunderbaren Strandentfernt. Das beste? Genie\u00dfen Sie das Fr\u00fchst\u00fcck auf der sch\u00f6nen Terrasse.<\/p>\n\n\n\n<h3 class=\"wp-block-heading\"><strong>Sa Pobla<\/strong><\/h3>\n\n\n\n<p>Ein h\u00fcbsches Dorf etwas weiter zur Inselmitte aber dennoch nicht weit von den sch\u00f6nen Str\u00e4nden und den Bergen entfernt. Ein ideales Urlaubsziel f\u00fcr alle die Wandernund Wassersport kombinieren m\u00f6chten. In der N\u00e4he von <strong>Sa Pobla<\/strong> liegen charmante D\u00f6rfer wie <strong>Campanet<\/strong> oder <strong>Escorca <\/strong>und Sie k\u00f6nnen in H\u00e4usern wie den folgenden \u00fcbernachten:<\/p>\n\n\n\n<figure class=\"wp-block-image\"><img loading=\"lazy\" decoding=\"async\" width=\"1024\" height=\"683\" src=\"https:\/\/www.vacalia.com\/blog\/wp-content\/uploads\/2019\/06\/3140_5aaad79902dc02b26f7b49a5edad9328-1024x683-1-1024x683.jpg\" alt=\"Ferienh\u00e4user auf Mallorca\" class=\"wp-image-2752\" srcset=\"https:\/\/www.vacalia.com\/blog\/wp-content\/uploads\/2019\/06\/3140_5aaad79902dc02b26f7b49a5edad9328-1024x683-1.jpg 1024w, https:\/\/www.vacalia.com\/blog\/wp-content\/uploads\/2019\/06\/3140_5aaad79902dc02b26f7b49a5edad9328-1024x683-1-300x200.jpg 300w, https:\/\/www.vacalia.com\/blog\/wp-content\/uploads\/2019\/06\/3140_5aaad79902dc02b26f7b49a5edad9328-1024x683-1-768x512.jpg 768w\" sizes=\"(max-width: 1024px) 100vw, 1024px\" \/><\/figure>\n\n\n\n<p><strong><a href=\"https:\/\/www.vacalia.com\/de\/ferienhaus-sescola-cicle-sa-pobla-h17949\">Sescola:<\/a><\/strong> ein sch\u00f6nes Dorfhaus mit drei Etagen. Das Ferienhaus liegt direkt im Zentrum von Sa Pobla, neben der Kircheund nur 15 Minuten mit dem Auto vom Strand entfernt. Auf der ca. 12 Quadratmeter gro\u00dfen Terrasse kann man sch\u00f6n grillen.<\/p>\n\n\n\n<p><strong><a href=\"https:\/\/www.vacalia.com\/de\/villa-mieten-ca-na-foc-sa-pobla-h20664\">Ca na foc:<\/a><\/strong> ein weiteres sch\u00f6nes Ferienhaus in Sa Pobla. Bis zu sechs Personen k\u00f6nnen, mit privatem Pool und einer unglaublichen Terrasse den Sommer genie\u00dfen. Es hat zwei Etagen und von beiden kommt man zum Pool- und Terrassenbereich. Der moderne Stil \u00fcberzeugt alle, dieaus dem Traditionellen herauskommen m\u00f6chten.<\/p>\n\n\n\n<figure class=\"wp-block-image\"><img loading=\"lazy\" decoding=\"async\" width=\"1024\" height=\"678\" src=\"https:\/\/www.vacalia.com\/blog\/wp-content\/uploads\/2019\/06\/2604_5b9554eab940eb2cbc8ce0f72a699dbc-1024x678-1-1024x678.jpg\" alt=\"Ferienh\u00e4user auf Mallorca\" class=\"wp-image-2753\" srcset=\"https:\/\/www.vacalia.com\/blog\/wp-content\/uploads\/2019\/06\/2604_5b9554eab940eb2cbc8ce0f72a699dbc-1024x678-1.jpg 1024w, https:\/\/www.vacalia.com\/blog\/wp-content\/uploads\/2019\/06\/2604_5b9554eab940eb2cbc8ce0f72a699dbc-1024x678-1-300x199.jpg 300w, https:\/\/www.vacalia.com\/blog\/wp-content\/uploads\/2019\/06\/2604_5b9554eab940eb2cbc8ce0f72a699dbc-1024x678-1-768x509.jpg 768w\" sizes=\"(max-width: 1024px) 100vw, 1024px\" \/><\/figure>\n\n\n\n<p><strong><a href=\"https:\/\/www.vacalia.com\/de\/villa-son-sabater-es-moli-nou-sa-pobla-h18636\">Son Sabater<\/a><\/strong>: Wenn Sie auf der Suche nach etwas Exklusivem, abseits des Trubels sind, dann ist dies Ihr Zuhause. Son Sabater, im Norden Mallorcas, liegt auf einem&nbsp; 1.200 Quadratmeter gro\u00dfen Grundst\u00fcck und hat 120 Quadratmeter Wohnfl\u00e4che. Das&nbsp;\u00f6kologische Landhaus hat vier Schlafzimmer und einen riesigen, privaten Pool. Sie werden w\u00fcnschen, dass der Urlaub niemals endet.<\/p>\n\n\n\n<h4 class=\"wp-block-heading\"><em>Ihr Traumhaus war nicht dabei? Sie suchen etwas anderes? Bei <a href=\"https:\/\/www.vacalia.com\/\">Vacalia.com<\/a> finden Sie alle Arten von Ferienh\u00e4usern auf Mallorca.<\/em><\/h4>\n\n\n<div class=\"bannerBlog\"><div class=\"new-card-houses\">\n    <div class=\"likeOut likeDivOut\" style=\"display:none\">\n        <a data-id=\"1404\" class=\"likeOut_button_red likeBtnFav\"\n            aria-label=\"Megusta Vacalia\"><\/a>\n    <\/div>\n    <figure>\n        <img loading=\"lazy\" decoding=\"async\" \n            loading=\"lazy\" width=\"301\" height=\"200\"\n            src=\"\/\/media.vacalia.com\/photo\/reformatwebpfolder\/350\/200\/1404\/thumb-middle\/1404_43733847b265a74c731035f473ad2d1c.webp?v=21092023\"\n            alt=\"La font (canaves) - Ferienhaus auf Urbanitzaci\u00f3 la Font\"\/>\n                                                                        <div class=\"circleDiscount\">-29%<\/div>\n                        <\/figure>\n    <p itemprop=\"address\"><i class=\"ico-marker\"><\/i>Urbanitzaci\u00f3 la Font, Mallorca<\/p>\n    <h3 itemprop=\"name\">La font (canaves)<\/h3>\n    <ul class=\"icon_list inline_list\">\n                              <li class=\"ico-pool\" title=\"Pool\">\n              <span itemprop=\"amenityFeature\">Pool<\/span>\n            <\/li>\n                      <li class=\"ico-airConditioning\" title=\"Klimaanlage\">\n              <span itemprop=\"amenityFeature\">Klimaanlage<\/span>\n            <\/li>\n                      <li class=\"ico-wifi\" title=\"Wifi\">\n              <span itemprop=\"amenityFeature\">Wifi<\/span>\n            <\/li>\n                          <li class=\"ico-guests\" title=\"F\u00fcr 6 G\u00e4ste in Urbanitzaci\u00f3 La Font.\">\n          <span itemprop=\"occupancy\">6<\/span>\n        <\/li>\n    <\/ul>\n            <span class=\"price\">Ab 152\u20ac \/ Nacht<\/span>\n                <a itemprop=\"url\" class=\"anchor\" href=\"https:\/\/www.vacalia.com\/de\/villa-la-font-canaves-pollenca-h16227\" aria-label=\"La font (canaves)\"><\/a>\n<\/div><div class=\"new-card-houses\">\n    <div class=\"likeOut likeDivOut\" style=\"display:none\">\n        <a data-id=\"3113\" class=\"likeOut_button_red likeBtnFav\"\n            aria-label=\"Megusta Vacalia\"><\/a>\n    <\/div>\n    <figure>\n        <img loading=\"lazy\" decoding=\"async\" \n            loading=\"lazy\" width=\"301\" height=\"200\"\n            src=\"\/\/media.vacalia.com\/photo\/reformatwebpfolder\/350\/200\/3113\/thumb-middle\/3113_8cd008dea844ddd3749b8765fb511762.webp?v=21092023\"\n            alt=\"Can vallori - Ferienhaus auf Sencelles\"\/>\n                                                                        <div class=\"circleDiscount\">-9%<\/div>\n                        <\/figure>\n    <p itemprop=\"address\"><i class=\"ico-marker\"><\/i>Sencelles, Mallorca<\/p>\n    <h3 itemprop=\"name\">Can vallori<\/h3>\n    <ul class=\"icon_list inline_list\">\n                              <li class=\"ico-airConditioning\" title=\"Klimaanlage\">\n              <span itemprop=\"amenityFeature\">Klimaanlage<\/span>\n            <\/li>\n                      <li class=\"ico-wifi\" title=\"Wifi\">\n              <span itemprop=\"amenityFeature\">Wifi<\/span>\n            <\/li>\n                          <li class=\"ico-guests\" title=\"F\u00fcr 6 G\u00e4ste in Sencelles.\">\n          <span itemprop=\"occupancy\">6<\/span>\n        <\/li>\n    <\/ul>\n            <span class=\"price\">Ab 118\u20ac \/ Nacht<\/span>\n                <a itemprop=\"url\" class=\"anchor\" href=\"https:\/\/www.vacalia.com\/de\/ferienhaus-can-vallori-sencelles-h20523\" aria-label=\"Can vallori\"><\/a>\n<\/div><\/div>\n","protected":false},"excerpt":{"rendered":"<p>Ein Ferienhaus im Norden Mallorcas zu mieten ist eine gute Option um die Insel zu entdecken. Der Norden Mallorcas hat fruchtbares Land, ist farbenfroh, in der N\u00e4he der Berge und&hellip;<\/p>\n","protected":false},"author":2,"featured_media":2754,"comment_status":"closed","ping_status":"open","sticky":false,"template":"","format":"standard","meta":{"_monsterinsights_skip_tracking":false,"_monsterinsights_sitenote_active":false,"_monsterinsights_sitenote_note":"","_monsterinsights_sitenote_category":0,"footnotes":""},"categories":[40],"tags":[],"class_list":["post-2746","post","type-post","status-publish","format-standard","has-post-thumbnail","hentry","category-allgemein"],"_links":{"self":[{"href":"https:\/\/www.vacalia.com\/blog\/wp-json\/wp\/v2\/posts\/2746"}],"collection":[{"href":"https:\/\/www.vacalia.com\/blog\/wp-json\/wp\/v2\/posts"}],"about":[{"href":"https:\/\/www.vacalia.com\/blog\/wp-json\/wp\/v2\/types\/post"}],"author":[{"embeddable":true,"href":"https:\/\/www.vacalia.com\/blog\/wp-json\/wp\/v2\/users\/2"}],"replies":[{"embeddable":true,"href":"https:\/\/www.vacalia.com\/blog\/wp-json\/wp\/v2\/comments?post=2746"}],"version-history":[{"count":2,"href":"https:\/\/www.vacalia.com\/blog\/wp-json\/wp\/v2\/posts\/2746\/revisions"}],"predecessor-version":[{"id":4930,"href":"https:\/\/www.vacalia.com\/blog\/wp-json\/wp\/v2\/posts\/2746\/revisions\/4930"}],"wp:featuredmedia":[{"embeddable":true,"href":"https:\/\/www.vacalia.com\/blog\/wp-json\/wp\/v2\/media\/2754"}],"wp:attachment":[{"href":"https:\/\/www.vacalia.com\/blog\/wp-json\/wp\/v2\/media?parent=2746"}],"wp:term":[{"taxonomy":"category","embeddable":true,"href":"https:\/\/www.vacalia.com\/blog\/wp-json\/wp\/v2\/categories?post=2746"},{"taxonomy":"post_tag","embeddable":true,"href":"https:\/\/www.vacalia.com\/blog\/wp-json\/wp\/v2\/tags?post=2746"}],"curies":[{"name":"wp","href":"https:\/\/api.w.org\/{rel}","templated":true}]}}