{"id":2767,"date":"2019-06-20T08:34:56","date_gmt":"2019-06-20T08:34:56","guid":{"rendered":"https:\/\/www.vacalia.com\/blog\/?p=2767"},"modified":"2024-02-14T15:17:04","modified_gmt":"2024-02-14T14:17:04","slug":"die-besten-ferienhaeuser-im-sueden-mallorcas","status":"publish","type":"post","link":"https:\/\/www.vacalia.com\/blog\/die-besten-ferienhaeuser-im-sueden-mallorcas\/","title":{"rendered":"Die besten Ferienh\u00e4user im S\u00fcden Mallorcas"},"content":{"rendered":"\n<p>M\u00f6chten Siewissen, welches die <strong>besten Ferienh\u00e4user im S\u00fcden Mallorcas<\/strong> sind um Ihre Feriendort zu verbringen? Dann haben Sie den idealen Artikel gew\u00e4hlt! Wir haben eine Auswahl an D\u00f6rfern und Ferienh\u00e4usern in S\u00fcden der Insel zusammengestellt, indie Sie sich auf den ersten Blick verlieben.<\/p>\n\n\n\n<p>Der <strong>S\u00fcden Mallorcas liegt in der N\u00e4he vom Flughafen, Son Sant Joan<\/strong>, und von der Inselhauptstadt, Palma. In dieser Region gibt es einige h\u00fcbsche H\u00e4fen und interessante Ecken. Und, wenn wir die 3 Touristenhochburgen auslassen, ist diese Ecke von Mallorca sehr ruhig und hat sehr sch\u00f6ne Str\u00e4nde.<\/p>\n\n\n\n<figure class=\"wp-block-image\"><img fetchpriority=\"high\" decoding=\"async\" width=\"671\" height=\"301\" src=\"https:\/\/www.vacalia.com\/blog\/wp-content\/uploads\/2019\/06\/DE_Casas-Surblog_Vacalia-1.png\" alt=\"Ferienh\u00e4user auf Mallorca\" class=\"wp-image-2769\" srcset=\"https:\/\/www.vacalia.com\/blog\/wp-content\/uploads\/2019\/06\/DE_Casas-Surblog_Vacalia-1.png 671w, https:\/\/www.vacalia.com\/blog\/wp-content\/uploads\/2019\/06\/DE_Casas-Surblog_Vacalia-1-300x135.png 300w, https:\/\/www.vacalia.com\/blog\/wp-content\/uploads\/2019\/06\/DE_Casas-Surblog_Vacalia-1-670x300.png 670w\" sizes=\"(max-width: 767px) 100vw, 671px\" \/><\/figure>\n\n\n\n<h2 class=\"wp-block-heading\"><strong>Die besten Ferienh\u00e4user in den\nD\u00f6rfern des S\u00fcdens von Mallorca<\/strong><\/h2>\n\n\n\n<h3 class=\"wp-block-heading\"><strong>Ses Selines<\/strong><\/h3>\n\n\n\n<p>Ein wirklich h\u00fcbsches Dorf im S\u00fcden von Mallorca, Ses Selines, liegt in der gleichnamigen Gemeinde, die zu den sch\u00f6nsten Ecken des S\u00fcdens der Insel z\u00e4hlt. Sie k\u00f6nnen einen Teil der reichen Geschichte Mallorcas entdecken, historische H\u00e4user bewundern und nat\u00fcrlich d\u00fcrfen Sie den Wochenmarkt (jeden Donnerstag) nicht auslassen.<\/p>\n\n\n\n<p><strong><a href=\"https:\/\/www.vacalia.com\/de\/ferienhaus-casa-roig-ses-salines-h19149\" target=\"_blank\" rel=\"noreferrer noopener\" aria-label=\"Cas Riog: ein Dorfhaus mit mallorquinischer Architektur. Es hat Platz f\u00fcr 6 bis 7 G\u00e4ste, eine tolle Terrasse um die Mahlzeiten im Freien und das milde Klima zu geniessen. (opens in a new tab)\">Cas Riog<\/a><\/strong>: ein Dorfhaus mit mallorquinischer Architektur. Es hat Platz f\u00fcr 6 bis 7 G\u00e4ste, eine tolle Terrasse um die Mahlzeiten im Freien und das milde Klima zu geniessen.<\/p>\n\n\n\n<p><strong><a href=\"https:\/\/www.vacalia.com\/de\/ferienhaus-short-petit-ses-salines-h18198\" target=\"_blank\" rel=\"noreferrer noopener\" aria-label=\"Short Petit: ein spektakul\u00e4res Landhaus in der N\u00e4he des Strandes, mit fantastischem Garten um die warmen Tage des Sommers vollauszukosten. Machen Sie es sich einfach auf den Liegen gem\u00fctlich, geniessen Sie den Abend mit einem k\u00fchlen Getr\u00e4nk auf der m\u00f6blierten Veranda oder decken Sie den Tisch f\u00fcr 6 Personen draussen, um keinen Moment an der frischen Luft zuverpassen. (opens in a new tab)\">Short Petit<\/a><\/strong><a href=\"https:\/\/www.vacalia.com\/de\/ferienhaus-short-petit-ses-salines-h18198\" target=\"_blank\" rel=\"noreferrer noopener\" aria-label=\"Short Petit: ein spektakul\u00e4res Landhaus in der N\u00e4he des Strandes, mit fantastischem Garten um die warmen Tage des Sommers vollauszukosten. Machen Sie es sich einfach auf den Liegen gem\u00fctlich, geniessen Sie den Abend mit einem k\u00fchlen Getr\u00e4nk auf der m\u00f6blierten Veranda oder decken Sie den Tisch f\u00fcr 6 Personen draussen, um keinen Moment an der frischen Luft zuverpassen. (opens in a new tab)\">:<\/a> ein spektakul\u00e4res Landhaus in der N\u00e4he des Strandes, mit fantastischem Garten um die warmen Tage des Sommers vollauszukosten. Machen Sie es sich einfach auf den Liegen gem\u00fctlich, geniessen Sie den Abend mit einem k\u00fchlen Getr\u00e4nk auf der m\u00f6blierten Veranda oder decken Sie den Tisch f\u00fcr 6 Personen draussen, um keinen Moment an der frischen Luft zuverpassen.<\/p>\n\n\n\n<figure class=\"wp-block-image\"><img decoding=\"async\" width=\"1024\" height=\"678\" src=\"https:\/\/www.vacalia.com\/blog\/wp-content\/uploads\/2019\/06\/2424_591072e4a362caab18b149fd65f3fc0c-1024x678-1-1024x678.jpg\" alt=\"Ferienh\u00e4user auf Mallorca\" class=\"wp-image-2771\" srcset=\"https:\/\/www.vacalia.com\/blog\/wp-content\/uploads\/2019\/06\/2424_591072e4a362caab18b149fd65f3fc0c-1024x678-1.jpg 1024w, https:\/\/www.vacalia.com\/blog\/wp-content\/uploads\/2019\/06\/2424_591072e4a362caab18b149fd65f3fc0c-1024x678-1-300x199.jpg 300w, https:\/\/www.vacalia.com\/blog\/wp-content\/uploads\/2019\/06\/2424_591072e4a362caab18b149fd65f3fc0c-1024x678-1-768x509.jpg 768w\" sizes=\"(max-width: 1024px) 100vw, 1024px\" \/><\/figure>\n\n\n\n<h3 class=\"wp-block-heading\"><strong>Col\u00f2nia de Sant Jordi<\/strong><\/h3>\n\n\n\n<p>Die Col\u00f2nia de Sant Jordi ist einer der <strong>sch\u00f6nsten Naturh\u00e4fen Mallorcas<\/strong>. Er existiert seitder R\u00f6merzeit und beherbergt einige der bestgeh\u00fcteten Geheimnisse der Bev\u00f6lkerung. Das Dorf ist um den Hafen entstanden und mit dem Tourismus kam eine gro\u00dfe Auswahl an Restaurants direkt am Meer hinzu.<\/p>\n\n\n\n<p>Die Str\u00e4ndevon Col\u00f2nia de Sant Jordi sind spektakul\u00e4r. Sie k\u00f6nnen Mallorca nicht verlassen, ohne <strong>Es Trenc besucht zu haben<\/strong>. Es ist einer der gr\u00f6\u00dften Str\u00e4nde mit paradiesischem Flair, kristallklarem Wasser und wei\u00dfem Sand. Wo Sie in Col\u00f2nia de Sant Jordi \u00fcbernachten k\u00f6nnen?<\/p>\n\n\n\n<p><strong><a href=\"https:\/\/www.vacalia.com\/de\/ferienhaus-son-homs-ses-salines-h15933\" target=\"_blank\" rel=\"noreferrer noopener\" aria-label=\"Son Homs: ein sch\u00f6nes Haus in der N\u00e4he des Meeres im S\u00fcden Mallorcas mit einer Kapazit\u00e4t f\u00fcr sechs Personen. Es hat einevoll ausgestattete Terrasse mit Grill, so dass Sie Ihre Familie mit einem guten Essen \u00fcberraschen k\u00f6nnen. Das Haus hat 150 qm verteilt auf zwei Etagen und ein sehr gem\u00fctliches Wohn-Esszimmer. (opens in a new tab)\">Son Homs<\/a><\/strong><a href=\"https:\/\/www.vacalia.com\/de\/ferienhaus-son-homs-ses-salines-h15933\" target=\"_blank\" rel=\"noreferrer noopener\" aria-label=\"Son Homs: ein sch\u00f6nes Haus in der N\u00e4he des Meeres im S\u00fcden Mallorcas mit einer Kapazit\u00e4t f\u00fcr sechs Personen. Es hat einevoll ausgestattete Terrasse mit Grill, so dass Sie Ihre Familie mit einem guten Essen \u00fcberraschen k\u00f6nnen. Das Haus hat 150 qm verteilt auf zwei Etagen und ein sehr gem\u00fctliches Wohn-Esszimmer. (opens in a new tab)\">:<\/a> ein sch\u00f6nes Haus in der N\u00e4he des Meeres im S\u00fcden Mallorcas mit einer Kapazit\u00e4t f\u00fcr sechs Personen. Es hat einevoll ausgestattete Terrasse mit Grill, so dass Sie Ihre Familie mit einem guten Essen \u00fcberraschen k\u00f6nnen. Das Haus hat 150 qm verteilt auf zwei Etagen und ein sehr gem\u00fctliches Wohn-Esszimmer.<\/p>\n\n\n\n<figure class=\"wp-block-image\"><img decoding=\"async\" width=\"1024\" height=\"678\" src=\"https:\/\/www.vacalia.com\/blog\/wp-content\/uploads\/2019\/06\/1688_b542b308096cca3ecddcc12eb267e06f-1024x678-1-1024x678.jpg\" alt=\"Ferienh\u00c4user auf Mallorca\" class=\"wp-image-2772\" srcset=\"https:\/\/www.vacalia.com\/blog\/wp-content\/uploads\/2019\/06\/1688_b542b308096cca3ecddcc12eb267e06f-1024x678-1.jpg 1024w, https:\/\/www.vacalia.com\/blog\/wp-content\/uploads\/2019\/06\/1688_b542b308096cca3ecddcc12eb267e06f-1024x678-1-300x199.jpg 300w, https:\/\/www.vacalia.com\/blog\/wp-content\/uploads\/2019\/06\/1688_b542b308096cca3ecddcc12eb267e06f-1024x678-1-768x509.jpg 768w\" sizes=\"(max-width: 1024px) 100vw, 1024px\" \/><\/figure>\n\n\n\n<p><strong><a href=\"https:\/\/www.vacalia.com\/de\/apartment-ses-baules-ses-salines-h20190\" target=\"_blank\" rel=\"noreferrer noopener\" aria-label=\"Ses Baules: eine moderne Wohnung direkt am Meer. Von der Terrasse aus k\u00f6nnen Sie den Strand von Cala Galiota sehen. Ein wundersch\u00f6nes Ferienapartment f\u00fcr vier Personen und die tolle Terrasse l\u00e4dt Sieein den herrlichem Blick auf den S\u00fcden Mallorcas schon beim Fr\u00fchst\u00fcck zubewundern. (opens in a new tab)\">Ses Baules<\/a><\/strong><a href=\"https:\/\/www.vacalia.com\/de\/apartment-ses-baules-ses-salines-h20190\" target=\"_blank\" rel=\"noreferrer noopener\" aria-label=\"Ses Baules: eine moderne Wohnung direkt am Meer. Von der Terrasse aus k\u00f6nnen Sie den Strand von Cala Galiota sehen. Ein wundersch\u00f6nes Ferienapartment f\u00fcr vier Personen und die tolle Terrasse l\u00e4dt Sieein den herrlichem Blick auf den S\u00fcden Mallorcas schon beim Fr\u00fchst\u00fcck zubewundern. (opens in a new tab)\">:<\/a> eine moderne Wohnung direkt am Meer. Von der Terrasse aus k\u00f6nnen Sie den Strand von Cala Galiota sehen. Ein wundersch\u00f6nes Ferienapartment f\u00fcr vier Personen und die tolle Terrasse l\u00e4dt Sieein den herrlichem Blick auf den S\u00fcden Mallorcas schon beim Fr\u00fchst\u00fcck zubewundern.<\/p>\n\n\n\n<h3 class=\"wp-block-heading\"><strong>Llucmajor<\/strong><\/h3>\n\n\n\n<p>Llucmajor ist sicherlich, nach Palma, die bekannteste Stadt im <strong>S\u00fcden Mallorcas<\/strong>. Es gibt viele Geb\u00e4ude von historischem Interesse. Bei einem Spaziergang durch das Stadtzentrum werden Sie von der Kultur und der guten, mallorquinischen K\u00fcche begeistert sein.<\/p>\n\n\n\n<p><strong>Llucmajor<\/strong> ist nicht nur der Name der Stadt, sonden so heisst die gesamte Gemeinde, die noch viel mehr zu bieten hat. Sie k\u00f6nnen den Leuchtturm von Cap Blanc oder das Genesungshaus (Santuari de Cura) besuchen, von wo aus Sie eine unglaubliche Aussicht haben. Es sind interessante Ziele, um die authentische, mallorquinische Kultur kennen zu lernen. Wir empfehlen einige der besten H\u00e4user in dieser Eckeder Insel:<\/p>\n\n\n\n<p><strong><a href=\"https:\/\/www.vacalia.com\/de\/villa-mieten-buniferri-llucmajor-h16413\" target=\"_blank\" rel=\"noreferrer noopener\" aria-label=\"Buniferri: eine authentische, mallorquinische Finca aus dem 19. Jahrhundert. In der abgelegenen Gegend ist es sehr ruhig und Sie sind von Natur umgeben. Die Finca \u00fcberzeugt durch ein beeindruckendes \u00c4u\u00dferes, ist sehr gepflegt und hat einen privaten Pool. Es gibt auch einen Essbereich im Freien mit mobilem Grill. (opens in a new tab)\">Buniferri<\/a><\/strong><a href=\"https:\/\/www.vacalia.com\/de\/villa-mieten-buniferri-llucmajor-h16413\" target=\"_blank\" rel=\"noreferrer noopener\" aria-label=\"Buniferri: eine authentische, mallorquinische Finca aus dem 19. Jahrhundert. In der abgelegenen Gegend ist es sehr ruhig und Sie sind von Natur umgeben. Die Finca \u00fcberzeugt durch ein beeindruckendes \u00c4u\u00dferes, ist sehr gepflegt und hat einen privaten Pool. Es gibt auch einen Essbereich im Freien mit mobilem Grill. (opens in a new tab)\">:<\/a> eine authentische, mallorquinische Finca aus dem 19. Jahrhundert. In der abgelegenen Gegend ist es sehr ruhig und Sie sind von Natur umgeben. Die Finca \u00fcberzeugt durch ein beeindruckendes \u00c4u\u00dferes, ist sehr gepflegt und hat einen privaten Pool. Es gibt auch einen Essbereich im Freien mit mobilem Grill.<\/p>\n\n\n\n<figure class=\"wp-block-image\"><img loading=\"lazy\" decoding=\"async\" width=\"1024\" height=\"678\" src=\"https:\/\/www.vacalia.com\/blog\/wp-content\/uploads\/2019\/06\/1528_a014ebaa325d60d82ff12d513a948f7b-1024x678-1-1024x678.jpg\" alt=\"Ferienh\u00e4user auf Mallorca\" class=\"wp-image-2773\" srcset=\"https:\/\/www.vacalia.com\/blog\/wp-content\/uploads\/2019\/06\/1528_a014ebaa325d60d82ff12d513a948f7b-1024x678-1.jpg 1024w, https:\/\/www.vacalia.com\/blog\/wp-content\/uploads\/2019\/06\/1528_a014ebaa325d60d82ff12d513a948f7b-1024x678-1-300x199.jpg 300w, https:\/\/www.vacalia.com\/blog\/wp-content\/uploads\/2019\/06\/1528_a014ebaa325d60d82ff12d513a948f7b-1024x678-1-768x509.jpg 768w\" sizes=\"(max-width: 1024px) 100vw, 1024px\" \/><\/figure>\n\n\n\n<p><strong><a href=\"https:\/\/www.vacalia.com\/de\/villa-mieten-na-poram-llucmajor-h16503\" target=\"_blank\" rel=\"noreferrer noopener\" aria-label=\"Na Poram: ein sch\u00f6nes Landhaus mit privatem Pool in Llucmajor. Die Finca liegt nicht weit vom Strand und hat auch einen Golfplatz in der N\u00e4he. Der&nbsp; private Poolist ideal um sich an hei\u00dfen Sommertagen zu erfrischen. (opens in a new tab)\">Na Poram<\/a><\/strong><a href=\"https:\/\/www.vacalia.com\/de\/villa-mieten-na-poram-llucmajor-h16503\" target=\"_blank\" rel=\"noreferrer noopener\" aria-label=\"Na Poram: ein sch\u00f6nes Landhaus mit privatem Pool in Llucmajor. Die Finca liegt nicht weit vom Strand und hat auch einen Golfplatz in der N\u00e4he. Der&nbsp; private Poolist ideal um sich an hei\u00dfen Sommertagen zu erfrischen. (opens in a new tab)\">:<\/a> ein sch\u00f6nes Landhaus mit privatem Pool in Llucmajor. Die Finca liegt nicht weit vom Strand und hat auch einen Golfplatz in der N\u00e4he. Der&nbsp; private Poolist ideal um sich an hei\u00dfen Sommertagen zu erfrischen.<\/p>\n\n\n\n<p><strong><a href=\"https:\/\/www.vacalia.com\/de\/villa-mieten-casa-campillos-llucmajor-h17550\" target=\"_blank\" rel=\"noreferrer noopener\" aria-label=\"Casa Campillos: beeindruckende Finca mitten in der Natur, ideal f\u00fcr die ganze Familie, da sie Platz f\u00fcr 10 Personen hat. Der Garten beeindruckt mit einem riesigen, privaten Pool. (opens in a new tab)\">Casa Campillos<\/a><\/strong><a href=\"https:\/\/www.vacalia.com\/de\/villa-mieten-casa-campillos-llucmajor-h17550\" target=\"_blank\" rel=\"noreferrer noopener\" aria-label=\"Casa Campillos: beeindruckende Finca mitten in der Natur, ideal f\u00fcr die ganze Familie, da sie Platz f\u00fcr 10 Personen hat. Der Garten beeindruckt mit einem riesigen, privaten Pool. (opens in a new tab)\">:<\/a> beeindruckende Finca mitten in der Natur, ideal f\u00fcr die ganze Familie, da sie Platz f\u00fcr 10 Personen hat. Der Garten beeindruckt mit einem riesigen, privaten Pool.<\/p>\n\n\n\n<p><strong><a href=\"https:\/\/www.vacalia.com\/de\/villa-mieten-can-rosillo-llucmajor-h16920\" target=\"_blank\" rel=\"noreferrer noopener\" aria-label=\"Can Rosillo: dieses wundersch\u00f6ne Ferienhaus im S\u00fcden Mallorcas liegt etwas ausserhalb von Llucmajor. Das tolle Landhausempf\u00e4ngt Sie mit einem gepflegten Garten voller Gr\u00fcn, Blumen und einem privaten Pool. F\u00fcr entspannte Abende im Freien sorgt die Bar im Garten, in der Sie den Aperitif genie\u00dfen k\u00f6nnen, um danach auf der m\u00f6blierten Veranda einen geselligen Abend zu veranstalten. Wunderbar! (opens in a new tab)\">Can Rosillo<\/a><\/strong><a href=\"https:\/\/www.vacalia.com\/de\/villa-mieten-can-rosillo-llucmajor-h16920\" target=\"_blank\" rel=\"noreferrer noopener\" aria-label=\"Can Rosillo: dieses wundersch\u00f6ne Ferienhaus im S\u00fcden Mallorcas liegt etwas ausserhalb von Llucmajor. Das tolle Landhausempf\u00e4ngt Sie mit einem gepflegten Garten voller Gr\u00fcn, Blumen und einem privaten Pool. F\u00fcr entspannte Abende im Freien sorgt die Bar im Garten, in der Sie den Aperitif genie\u00dfen k\u00f6nnen, um danach auf der m\u00f6blierten Veranda einen geselligen Abend zu veranstalten. Wunderbar! (opens in a new tab)\">:<\/a> dieses wundersch\u00f6ne Ferienhaus im S\u00fcden Mallorcas liegt etwas ausserhalb von Llucmajor. Das tolle Landhausempf\u00e4ngt Sie mit einem gepflegten Garten voller Gr\u00fcn, Blumen und einem privaten Pool. F\u00fcr entspannte Abende im Freien sorgt die Bar im Garten, in der Sie den Aperitif genie\u00dfen k\u00f6nnen, um danach auf der m\u00f6blierten Veranda einen geselligen Abend zu veranstalten. Wunderbar!<\/p>\n\n\n\n<figure class=\"wp-block-image\"><img loading=\"lazy\" decoding=\"async\" width=\"1024\" height=\"681\" src=\"https:\/\/www.vacalia.com\/blog\/wp-content\/uploads\/2019\/06\/1810_82a774750d6d91dba105e675feca4514-1024x681-1-1024x681.jpg\" alt=\"Ferienh\u00e4user auf Mallorca\" class=\"wp-image-2774\" srcset=\"https:\/\/www.vacalia.com\/blog\/wp-content\/uploads\/2019\/06\/1810_82a774750d6d91dba105e675feca4514-1024x681-1.jpg 1024w, https:\/\/www.vacalia.com\/blog\/wp-content\/uploads\/2019\/06\/1810_82a774750d6d91dba105e675feca4514-1024x681-1-300x200.jpg 300w, https:\/\/www.vacalia.com\/blog\/wp-content\/uploads\/2019\/06\/1810_82a774750d6d91dba105e675feca4514-1024x681-1-768x511.jpg 768w\" sizes=\"(max-width: 1024px) 100vw, 1024px\" \/><\/figure>\n\n\n\n<h4 class=\"wp-block-heading\"><em>W\u00fcnschen Sie weitere Ideen f\u00fcr Ferienh\u00e4user mit privatem Pool auf Mallorca? Auf <a href=\"https:\/\/www.vacalia.com\/\" target=\"_blank\" rel=\"noreferrer noopener\" aria-label=\"W\u00fcnschen Sie weitere Ideen f\u00fcr Ferienh\u00e4user mit privatem Pool auf Mallorca? Auf vacalia.com finden Sie einige der besten Ferienh\u00e4user der Insel. (opens in a new tab)\">vacalia.com<\/a> finden Sie einige der besten Ferienh\u00e4user der Insel.<\/em><\/h4>\n\n\n<div class=\"bannerBlog\"><div class=\"new-card-houses\">\n    <div class=\"likeOut likeDivOut\" style=\"display:none\">\n        <a data-id=\"255\" class=\"likeOut_button_red likeBtnFav\"\n            aria-label=\"Megusta Vacalia\"><\/a>\n    <\/div>\n    <figure>\n        <img loading=\"lazy\" decoding=\"async\" \n            loading=\"lazy\" width=\"301\" height=\"200\"\n            src=\"\/\/media.vacalia.com\/photo\/reformatwebpfolder\/350\/200\/255\/thumb-middle\/255_e1a92e2dc53a4a698074bd455c60d5d2.webp?v=21092023\"\n            alt=\"Can bou - Ferienhaus auf ses Salines\"\/>\n                                                                        <div class=\"circleDiscount\">-9%<\/div>\n                        <\/figure>\n    <p itemprop=\"address\"><i class=\"ico-marker\"><\/i>ses Salines, Mallorca<\/p>\n    <h3 itemprop=\"name\">Can bou<\/h3>\n    <ul class=\"icon_list inline_list\">\n                              <li class=\"ico-pool\" title=\"Pool\">\n              <span itemprop=\"amenityFeature\">Pool<\/span>\n            <\/li>\n                      <li class=\"ico-airConditioning\" title=\"Klimaanlage\">\n              <span itemprop=\"amenityFeature\">Klimaanlage<\/span>\n            <\/li>\n                      <li class=\"ico-wifi\" title=\"Wifi\">\n              <span itemprop=\"amenityFeature\">Wifi<\/span>\n            <\/li>\n                          <li class=\"ico-guests\" title=\"F\u00fcr 8 G\u00e4ste in Ses Salines.\">\n          <span itemprop=\"occupancy\">8<\/span>\n        <\/li>\n    <\/ul>\n            <span class=\"price\">Ab 325\u20ac \/ Nacht<\/span>\n                <a itemprop=\"url\" class=\"anchor\" href=\"https:\/\/www.vacalia.com\/de\/villa-can-bou-ses-salines-h18840\" aria-label=\"Can bou\"><\/a>\n<\/div><div class=\"new-card-houses\">\n    <div class=\"likeOut likeDivOut\" style=\"display:none\">\n        <a data-id=\"3133\" class=\"likeOut_button_red likeBtnFav\"\n            aria-label=\"Megusta Vacalia\"><\/a>\n    <\/div>\n    <figure>\n        <img loading=\"lazy\" decoding=\"async\" \n            loading=\"lazy\" width=\"301\" height=\"200\"\n            src=\"\/\/media.vacalia.com\/photo\/reformatwebpfolder\/350\/200\/3133\/thumb-middle\/3133_24fca402fc5f178713d1e413a34f54b7.webp?v=21092023\"\n            alt=\"Es rafal nostro - Ferienhaus auf Felanitx\"\/>\n                                                                        <div class=\"circleDiscount\">-9%<\/div>\n                        <\/figure>\n    <p itemprop=\"address\"><i class=\"ico-marker\"><\/i>Felanitx, Mallorca<\/p>\n    <h3 itemprop=\"name\">Es rafal nostro<\/h3>\n    <ul class=\"icon_list inline_list\">\n                              <li class=\"ico-pool\" title=\"Pool\">\n              <span itemprop=\"amenityFeature\">Pool<\/span>\n            <\/li>\n                      <li class=\"ico-airConditioning\" title=\"Klimaanlage\">\n              <span itemprop=\"amenityFeature\">Klimaanlage<\/span>\n            <\/li>\n                      <li class=\"ico-wifi\" title=\"Wifi\">\n              <span itemprop=\"amenityFeature\">Wifi<\/span>\n            <\/li>\n                          <li class=\"ico-guests\" title=\"F\u00fcr 8 G\u00e4ste in Felanitx.\">\n          <span itemprop=\"occupancy\">8<\/span>\n        <\/li>\n    <\/ul>\n            <span class=\"price\">Ab 273\u20ac \/ Nacht<\/span>\n                <a itemprop=\"url\" class=\"anchor\" href=\"https:\/\/www.vacalia.com\/de\/villa-es-rafal-nostro-felanitx-h22871\" aria-label=\"Es rafal nostro\"><\/a>\n<\/div><\/div>\n","protected":false},"excerpt":{"rendered":"<p>M\u00f6chten Siewissen, welches die besten Ferienh\u00e4user im S\u00fcden Mallorcas sind um Ihre Feriendort zu verbringen? Dann haben Sie den idealen Artikel gew\u00e4hlt! Wir haben eine Auswahl an D\u00f6rfern und Ferienh\u00e4usern&hellip;<\/p>\n","protected":false},"author":2,"featured_media":2768,"comment_status":"closed","ping_status":"open","sticky":false,"template":"","format":"standard","meta":{"_monsterinsights_skip_tracking":false,"_monsterinsights_sitenote_active":false,"_monsterinsights_sitenote_note":"","_monsterinsights_sitenote_category":0,"footnotes":""},"categories":[40],"tags":[],"class_list":["post-2767","post","type-post","status-publish","format-standard","has-post-thumbnail","hentry","category-allgemein"],"_links":{"self":[{"href":"https:\/\/www.vacalia.com\/blog\/wp-json\/wp\/v2\/posts\/2767"}],"collection":[{"href":"https:\/\/www.vacalia.com\/blog\/wp-json\/wp\/v2\/posts"}],"about":[{"href":"https:\/\/www.vacalia.com\/blog\/wp-json\/wp\/v2\/types\/post"}],"author":[{"embeddable":true,"href":"https:\/\/www.vacalia.com\/blog\/wp-json\/wp\/v2\/users\/2"}],"replies":[{"embeddable":true,"href":"https:\/\/www.vacalia.com\/blog\/wp-json\/wp\/v2\/comments?post=2767"}],"version-history":[{"count":4,"href":"https:\/\/www.vacalia.com\/blog\/wp-json\/wp\/v2\/posts\/2767\/revisions"}],"predecessor-version":[{"id":4931,"href":"https:\/\/www.vacalia.com\/blog\/wp-json\/wp\/v2\/posts\/2767\/revisions\/4931"}],"wp:featuredmedia":[{"embeddable":true,"href":"https:\/\/www.vacalia.com\/blog\/wp-json\/wp\/v2\/media\/2768"}],"wp:attachment":[{"href":"https:\/\/www.vacalia.com\/blog\/wp-json\/wp\/v2\/media?parent=2767"}],"wp:term":[{"taxonomy":"category","embeddable":true,"href":"https:\/\/www.vacalia.com\/blog\/wp-json\/wp\/v2\/categories?post=2767"},{"taxonomy":"post_tag","embeddable":true,"href":"https:\/\/www.vacalia.com\/blog\/wp-json\/wp\/v2\/tags?post=2767"}],"curies":[{"name":"wp","href":"https:\/\/api.w.org\/{rel}","templated":true}]}}