{"id":2854,"date":"2019-07-24T09:45:17","date_gmt":"2019-07-24T09:45:17","guid":{"rendered":"https:\/\/www.vacalia.com\/blog\/?p=2854"},"modified":"2024-02-14T15:18:14","modified_gmt":"2024-02-14T14:18:14","slug":"was-man-in-palma-und-umgebung-besichtigen-kann","status":"publish","type":"post","link":"https:\/\/www.vacalia.com\/blog\/was-man-in-palma-und-umgebung-besichtigen-kann\/","title":{"rendered":"Was man in Palma und Umgebung besichtigen kann"},"content":{"rendered":"\n<p>Die meisten Reisen nach Mallorca starten und enden in Palma. Aus diesem Grund werden wir von unseren G\u00e4sten oft gefragt, <strong>was man in Palma de Mallorca <\/strong>besichtigen kann. Palma, als Inselhauptstadt, hat den Flughafen und den gr\u00f6\u00dften Hafen der Insel und ohne Zweifel ist sie die aktivste Stadt.<\/p>\n\n\n\n<p>Palma hat 400.000 Einwohner und ein enormes gastronomisches Angebot. Aus diesem Grund empfehlen wir, dass ein Inselbesuch auch immer einen Besuch in Palma einschlie\u00dfen sollte.<\/p>\n\n\n\n<p>Und, warum nicht in unserer Inselhauptstadt \u00fcbernachten? Auf <strong>Vacalia<\/strong> finden Sie die Ferienh\u00e4user auf Mallorca, die sich am besten an Ihre Erwartungen anpassen und k\u00f6nnen einen authentischen Inselurlaub verleben.<\/p>\n\n\n\n<figure class=\"wp-block-image\"><img fetchpriority=\"high\" decoding=\"async\" width=\"671\" height=\"301\" src=\"https:\/\/www.vacalia.com\/blog\/wp-content\/uploads\/2019\/07\/DE_Ver-Palmablog_Vacalia.png\" alt=\"Was man in Palma Mallorca\" class=\"wp-image-2855\" srcset=\"https:\/\/www.vacalia.com\/blog\/wp-content\/uploads\/2019\/07\/DE_Ver-Palmablog_Vacalia.png 671w, https:\/\/www.vacalia.com\/blog\/wp-content\/uploads\/2019\/07\/DE_Ver-Palmablog_Vacalia-300x135.png 300w, https:\/\/www.vacalia.com\/blog\/wp-content\/uploads\/2019\/07\/DE_Ver-Palmablog_Vacalia-670x300.png 670w\" sizes=\"(max-width: 767px) 100vw, 671px\" \/><\/figure>\n\n\n\n<h2 class=\"wp-block-heading\"><strong>Was man in Palma de Mallorca an 3 Tagen besichtigen kann<\/strong><\/h2>\n\n\n\n<p>Wenn Sie wissen m\u00f6chten, was man an 3 Tagen in Palma de Mallorca sehen kann, ist unser kleiner Ratgeber hilfreich. Die Stadt hat viel zu bieten und man kann viel unternehmen aber mit einer 3 t\u00e4gigen Tour durch Palma k\u00f6nnen Sie die interessantesten Eckender Stadt kennenlernen.<\/p>\n\n\n\n<h3 class=\"wp-block-heading\"><strong>1. Die Kathedrale von Palma<\/strong><\/h3>\n\n\n\n<p>Sie ist das Wahrzeichen der Stadt. Man kann Sie auf jeder Postkarte und zahlreichen Fotografien der Stadt abgebildet sehen. Am Fu\u00dfe des Strandes der Bucht von Palma, wurde sie 1229 im gotischen Stil erbaut. Sie z\u00e4hlt zu den sch\u00f6nsten Kathedralen Spaniens und allein aus diesem Grund ist ein Besuch unbedingt zu empfehlen.<\/p>\n\n\n\n<figure class=\"wp-block-image\"><img decoding=\"async\" width=\"1024\" height=\"682\" src=\"https:\/\/www.vacalia.com\/blog\/wp-content\/uploads\/2019\/07\/cathedral-3763071_1280-3-1024x682.jpg\" alt=\"Was man in Palma und Umgebung besichtigen kann\" class=\"wp-image-2856\" srcset=\"https:\/\/www.vacalia.com\/blog\/wp-content\/uploads\/2019\/07\/cathedral-3763071_1280-3-1024x682.jpg 1024w, https:\/\/www.vacalia.com\/blog\/wp-content\/uploads\/2019\/07\/cathedral-3763071_1280-3-300x200.jpg 300w, https:\/\/www.vacalia.com\/blog\/wp-content\/uploads\/2019\/07\/cathedral-3763071_1280-3-768x511.jpg 768w, https:\/\/www.vacalia.com\/blog\/wp-content\/uploads\/2019\/07\/cathedral-3763071_1280-3.jpg 1280w\" sizes=\"(max-width: 1024px) 100vw, 1024px\" \/><\/figure>\n\n\n\n<h3 class=\"wp-block-heading\"><strong>2. Paseo Mar\u00edtimo<\/strong><\/h3>\n\n\n\n<p>Die meisten K\u00fcstenst\u00e4dte haben eine Hafenpromenade aber der Paseo Mar\u00edtimo von Palma ist wundersch\u00f6n. Er liegt an der Strasse Gabriel Roca und wir laden Sie ein ihn an einem lauen Abend entlang zu schlendern. Er ist eine der \u201cAdern\u201d von Palma, an der man sich zum Joggen, Spazierengehen oder Radfahren trifft. Um den Sonnenuntergang zu beobachten, laden viele Restaurants und Caf\u00e9s auf dem Wegein einen Augenblick zu verweilen.<\/p>\n\n\n\n<h4 class=\"wp-block-heading\"><em>Im Zentrum von Palma schlagen wir das charmante Apartment <a rel=\"noreferrer noopener\" aria-label=\"Im Zentrum von Palma schlagen wir das charmante Apartment Centric vor. So haben Sie w\u00e4hrend Ihres Besuchs in der Stadt alles unter Kontrolle. Ein Feriendomizil zum verlieben. (opens in a new tab)\" href=\"https:\/\/www.vacalia.com\/de\/ferienhaus-centric-palma--h16176\" target=\"_blank\">Centric<\/a> vor. So haben Sie w\u00e4hrend Ihres Besuchs in der Stadt alles unter Kontrolle. Ein Feriendomizil zum verlieben.<\/em><\/h4>\n\n\n\n<p><\/p>\n\n\n\n<figure class=\"wp-block-image\"><img decoding=\"async\" width=\"1024\" height=\"683\" src=\"https:\/\/www.vacalia.com\/blog\/wp-content\/uploads\/2019\/07\/dylan-freedom-DLwjgBvD_yA-unsplash-1-1024x683.jpg\" alt=\"Was man in Palma Mallorca\" class=\"wp-image-2858\" srcset=\"https:\/\/www.vacalia.com\/blog\/wp-content\/uploads\/2019\/07\/dylan-freedom-DLwjgBvD_yA-unsplash-1-1024x683.jpg 1024w, https:\/\/www.vacalia.com\/blog\/wp-content\/uploads\/2019\/07\/dylan-freedom-DLwjgBvD_yA-unsplash-1-300x200.jpg 300w, https:\/\/www.vacalia.com\/blog\/wp-content\/uploads\/2019\/07\/dylan-freedom-DLwjgBvD_yA-unsplash-1-768x512.jpg 768w\" sizes=\"(max-width: 1024px) 100vw, 1024px\" \/><\/figure>\n\n\n\n<h3 class=\"wp-block-heading\"><strong>3. Der K\u00f6nigspalast Almundeina<\/strong><\/h3>\n\n\n\n<p>Die Kathedrale von Palma ist das religi\u00f6se Symbol der Stadt, der K\u00f6nigspalast das Symbol der b\u00fcrgerlichen Macht. Die Araber lebten dort und nach der R\u00fcckeroberungzog en die Gerichte der K\u00f6nigreiche von Mallorca, Arag\u00f3n und sp\u00e4ter von Spanien hierher. Der historische Wert dieses Ortes ist einen Besuch wert.<\/p>\n\n\n\n<h3 class=\"wp-block-heading\"><strong>4. Die G\u00e4rten s\u2019Hort del Rei<\/strong><\/h3>\n\n\n\n<p>Neben dem k\u00f6niglichen Palast k\u00f6nnen Sie auch die G\u00e4rten des K\u00f6nigs, l&#8217;Hort del Rei, besuchen. Kleine G\u00e4rten mit viel Charme. Sie sind sehr kokett und sorgen f\u00fcr den perfekten Schatten an hei\u00dfen Tagen in Palma de Mallorca.<\/p>\n\n\n\n<h3 class=\"wp-block-heading\"><strong>5. Es Baluard<\/strong><\/h3>\n\n\n\n<p>Das historische Zentrum von Palma war bis zum Ende des 19. Jahrhunderts von Mauern umgeben. Die R\u00f6mer waren die ersten, die das Zentrum befestigten, der Bau wurde den Arabern fortgesetzt und in der Renaissance wurden Teile wieder aufgebaut.Das historische Zentrum hat keine Mauern mehr aber man kann immer noch die eine oder andere andere Befestigung oder ein Bollwerk besichtigen. Es Baluard ist das Museum f\u00fcr moderne und zeitgen\u00f6ssische Kunst von Palma und es befindet sich in einer der Ecken, in denen noch ein Teil der Mauer erhalten ist.<\/p>\n\n\n\n<h4 class=\"wp-block-heading\"><em>Sie denken dar\u00fcber nach, Ihren Urlaub in Palma de Mallorca zu verbringen, aber Sie suchen etwas Ruhiges f\u00fcr Ihre Familie? Wir empfehlen <a href=\"https:\/\/www.vacalia.com\/de\/ferienhaus-evamas-palma--h20727\" target=\"_blank\" rel=\"noreferrer noopener\" aria-label=\"Sie denken dar\u00fcber nach, Ihren Urlaub in Palma de Mallorca zu verbringen, aber Sie suchen etwas Ruhiges f\u00fcr Ihre Familie? Wir empfehlen Evamas, ein Einfamilienhaus in der Urbanisation Es Portixol in Palma.Ideal f\u00fcr 4 Personen, auf der m\u00f6blierten Terrasse kann man im Freien essen. (opens in a new tab)\">Evamas<\/a>, ein Einfamilienhaus in der Urbanisation Es Portixol in Palma.Ideal f\u00fcr 4 Personen, auf der m\u00f6blierten Terrasse kann man im Freien essen.<\/em><\/h4>\n\n\n\n<figure class=\"wp-block-image\"><img loading=\"lazy\" decoding=\"async\" width=\"1024\" height=\"683\" src=\"https:\/\/www.vacalia.com\/blog\/wp-content\/uploads\/2019\/07\/3186_0679f69d78cfbf83ce63f517c3e0845c-1-1024x683.jpg\" alt=\"Was man in Palma Mallorca\" class=\"wp-image-2857\" srcset=\"https:\/\/www.vacalia.com\/blog\/wp-content\/uploads\/2019\/07\/3186_0679f69d78cfbf83ce63f517c3e0845c-1-1024x683.jpg 1024w, https:\/\/www.vacalia.com\/blog\/wp-content\/uploads\/2019\/07\/3186_0679f69d78cfbf83ce63f517c3e0845c-1-300x200.jpg 300w, https:\/\/www.vacalia.com\/blog\/wp-content\/uploads\/2019\/07\/3186_0679f69d78cfbf83ce63f517c3e0845c-1-768x513.jpg 768w\" sizes=\"(max-width: 1024px) 100vw, 1024px\" \/><\/figure>\n\n\n\n<h3 class=\"wp-block-heading\"><strong>6. La Lonja<\/strong><\/h3>\n\n\n\n<p>Es ist eines der sch\u00f6nsten Geb\u00e4ude der Stadt, auch gotisch, wie die Kathedrale. Es wurde vor kurzem restauriert. Heute beherbergt das wechselnde Ausstellungen von gro\u00dfem Interesse die man zu jeder Jahreszeit besuchen kann.<\/p>\n\n\n\n<h3 class=\"wp-block-heading\"><strong>7. Die arabischen B\u00e4der<\/strong><\/h3>\n\n\n\n<p>Haben wir schon erw\u00e4hnt, dass der arabische Einfluss der Stadt gro\u00dfe Denkm\u00e4ler hinterlassen hat? Im stattlichen Garten von Can Fontirroig liegen diese historischen B\u00e4der. Es ist ein weiteres Beispiel f\u00fcr muslimische Architektur.Das Bauwerk hat viel Charme.<\/p>\n\n\n\n<p>Wir haben nur einige der eindrucksvollsten Ecken hervorgehoben, aber um das wahre Palma kennenzulernen, m\u00fcssen Sie in seinen Stra\u00dfen schlendern, die modernistische Tour durch Palma machen, die Museen der Stadt und ihre typischen Innenh\u00f6fe,sowie einige der charmantesten Gesch\u00e4fte und Caf\u00e9s besuchen, lassen Sie sich auf die Geschichte der Stadt ein..<\/p>\n\n\n\n<figure class=\"wp-block-image\"><img loading=\"lazy\" decoding=\"async\" width=\"1024\" height=\"766\" src=\"https:\/\/www.vacalia.com\/blog\/wp-content\/uploads\/2019\/07\/palma-596178_1280-1-1024x766.jpg\" alt=\"Was man in Palma Mallorca\" class=\"wp-image-2859\" srcset=\"https:\/\/www.vacalia.com\/blog\/wp-content\/uploads\/2019\/07\/palma-596178_1280-1-1024x766.jpg 1024w, https:\/\/www.vacalia.com\/blog\/wp-content\/uploads\/2019\/07\/palma-596178_1280-1-300x224.jpg 300w, https:\/\/www.vacalia.com\/blog\/wp-content\/uploads\/2019\/07\/palma-596178_1280-1-768x574.jpg 768w, https:\/\/www.vacalia.com\/blog\/wp-content\/uploads\/2019\/07\/palma-596178_1280-1.jpg 1280w\" sizes=\"(max-width: 1024px) 100vw, 1024px\" \/><\/figure>\n\n\n\n<h2 class=\"wp-block-heading\"><strong>Die Umgebung von Palma de Mallorca<\/strong><\/h2>\n\n\n\n<p>Wenn Sie sich endg\u00fcltig entschlossen haben, Ihren Urlaub in Palma de Mallorca zu genie\u00dfen, aber bei Ihrer Reise auch die Umgebung der Stadt erkunden wollen, geben wir Ihnen einige Anregungen, um Ihren Besuch zu vervollst\u00e4ndigen.<\/p>\n\n\n\n<h3 class=\"wp-block-heading\"><strong>1. Der Hafen von Andratx<\/strong><\/h3>\n\n\n\n<p>Ein paar Kilometer von Palma entfernt liegt Andratx, eine Stadt mit einem der sch\u00f6nsten H\u00e4fen des gesamten Mittelmeers. Es ist ein kleiner Hafen mit viel Charme. Als traditioneller Fischerhafen gebaut, bietet er heute eine Vielzahl Bars und Caf\u00e9s. In der N\u00e4he des Hafens liegen sehr sch\u00f6ne Str\u00e4nde.<\/p>\n\n\n\n<h4 class=\"wp-block-heading\"><em>Wenn Sie an einem ruhigeren Ort in der N\u00e4he von Palma \u00fcbernachten m\u00f6chten, ist Puerto de Andratx eine gute Wahl. <a href=\"https:\/\/www.vacalia.com\/de\/ferienhaus-quinze-germans-andratx-h17631\">Quinze Germans<\/a> ist ein sch\u00f6nes Ferienhaus im Hafen mit einer Kapazit\u00e4t f\u00fcr vier Personen, ideal f\u00fcr Kinder.<\/em><\/h4>\n\n\n\n<figure class=\"wp-block-image\"><img loading=\"lazy\" decoding=\"async\" width=\"1024\" height=\"681\" src=\"https:\/\/www.vacalia.com\/blog\/wp-content\/uploads\/2019\/07\/2168_dc962bfc57615ea9d0aa24a8e5de24c7-1-1024x681.jpg\" alt=\"Was man in Palma Mallorca\" class=\"wp-image-2860\" srcset=\"https:\/\/www.vacalia.com\/blog\/wp-content\/uploads\/2019\/07\/2168_dc962bfc57615ea9d0aa24a8e5de24c7-1-1024x681.jpg 1024w, https:\/\/www.vacalia.com\/blog\/wp-content\/uploads\/2019\/07\/2168_dc962bfc57615ea9d0aa24a8e5de24c7-1-300x200.jpg 300w, https:\/\/www.vacalia.com\/blog\/wp-content\/uploads\/2019\/07\/2168_dc962bfc57615ea9d0aa24a8e5de24c7-1-768x511.jpg 768w\" sizes=\"(max-width: 1024px) 100vw, 1024px\" \/><\/figure>\n\n\n\n<h3 class=\"wp-block-heading\"><strong>2. Sa R\u00e0pita<\/strong><\/h3>\n\n\n\n<p>Eine kleine Stadt im S\u00fcden der Insel, sehr charmant und ganz in der N\u00e4he der Hauptstadt.Auch in der N\u00e4he dieses Dorfes gibt es einige der besten Str\u00e4nde Mallorcas,deren Besuch sich auf jeden Fall lohnt.<\/p>\n\n\n\n<h3 class=\"wp-block-heading\"><strong>3. Inca<\/strong><\/h3>\n\n\n\n<p>Wenn Sie auf der Suche nach etwas l\u00e4ndlicherem im Inneren der Insel sind, sollten Sie Inca w\u00e4hlen, eine der herausragendsten St\u00e4dte im Inneren Mallorcas. Nur 30 Kilometer von Palma de Mallorca entfernt, sind Sie in einer halben Stunde mit dem Auto oder den \u00f6ffentlichen Verkehrsmitteln in der Hauptstadt.<\/p>\n\n\n\n<figure class=\"wp-block-image\"><img loading=\"lazy\" decoding=\"async\" width=\"1024\" height=\"684\" src=\"https:\/\/www.vacalia.com\/blog\/wp-content\/uploads\/2019\/07\/1079_2c81d69b1da1631f7a0c92e8c47624bf-1-1024x684.jpg\" alt=\"Was man in Palma Mallorca\" class=\"wp-image-2861\" srcset=\"https:\/\/www.vacalia.com\/blog\/wp-content\/uploads\/2019\/07\/1079_2c81d69b1da1631f7a0c92e8c47624bf-1-1024x684.jpg 1024w, https:\/\/www.vacalia.com\/blog\/wp-content\/uploads\/2019\/07\/1079_2c81d69b1da1631f7a0c92e8c47624bf-1-300x200.jpg 300w, https:\/\/www.vacalia.com\/blog\/wp-content\/uploads\/2019\/07\/1079_2c81d69b1da1631f7a0c92e8c47624bf-1-768x513.jpg 768w\" sizes=\"(max-width: 1024px) 100vw, 1024px\" \/><\/figure>\n\n\n\n<h4 class=\"wp-block-heading\"><em>Wenn Sie ein Ferienhaus in Inca suchen, empfehlen wir Ihnen <a href=\"https:\/\/www.vacalia.com\/de\/apartment-sabatera-inca-h20151\">Sabatera<\/a>, ein sch\u00f6nes Haus mit viel Charme. Viele charmante H\u00e4user auf Mallorca finden Sie in unserem Angebot auf <a href=\"https:\/\/www.vacalia.com\/\">Vacalia.com<\/a>.<\/em><\/h4>\n\n\n<div class=\"bannerBlog\"><div class=\"new-card-houses\">\n    <div class=\"likeOut likeDivOut\" style=\"display:none\">\n        <a data-id=\"1279\" class=\"likeOut_button_red likeBtnFav\"\n            aria-label=\"Megusta Vacalia\"><\/a>\n    <\/div>\n    <figure>\n        <img loading=\"lazy\" decoding=\"async\" \n            loading=\"lazy\" width=\"301\" height=\"200\"\n            src=\"\/\/media.vacalia.com\/photo\/reformatwebpfolder\/350\/200\/1279\/thumb-middle\/1279_bb5f8bbdad30e746f7a1a5366a74f127.webp?v=21092023\"\n            alt=\"Es camp fred - Ferienhaus auf Felanitx\"\/>\n                                                                        <div class=\"circleDiscount\">-9%<\/div>\n                        <\/figure>\n    <p itemprop=\"address\"><i class=\"ico-marker\"><\/i>Felanitx, Mallorca<\/p>\n    <h3 itemprop=\"name\">Es camp fred<\/h3>\n    <ul class=\"icon_list inline_list\">\n                              <li class=\"ico-pool\" title=\"Pool\">\n              <span itemprop=\"amenityFeature\">Pool<\/span>\n            <\/li>\n                      <li class=\"ico-wifi\" title=\"Wifi\">\n              <span itemprop=\"amenityFeature\">Wifi<\/span>\n            <\/li>\n                          <li class=\"ico-guests\" title=\"F\u00fcr 10 G\u00e4ste in Felanitx.\">\n          <span itemprop=\"occupancy\">10<\/span>\n        <\/li>\n    <\/ul>\n            <span class=\"price\">Ab 361\u20ac \/ Nacht<\/span>\n                <a itemprop=\"url\" class=\"anchor\" href=\"https:\/\/www.vacalia.com\/de\/villa-es-camp-fred-felanitx-h16017\" aria-label=\"Es camp fred\"><\/a>\n<\/div><div class=\"new-card-houses\">\n    <div class=\"likeOut likeDivOut\" style=\"display:none\">\n        <a data-id=\"1534\" class=\"likeOut_button_red likeBtnFav\"\n            aria-label=\"Megusta Vacalia\"><\/a>\n    <\/div>\n    <figure>\n        <img loading=\"lazy\" decoding=\"async\" \n            loading=\"lazy\" width=\"301\" height=\"200\"\n            src=\"\/\/media.vacalia.com\/photo\/reformatwebpfolder\/350\/200\/1534\/thumb-middle\/1534_4e21a425f4e5580aeb49d5f32ff83a56.webp?v=21092023\"\n            alt=\"Cas faroler - Ferienhaus auf Portocolom\"\/>\n                                                                        <div class=\"circleDiscount\">-9%<\/div>\n                        <\/figure>\n    <p itemprop=\"address\"><i class=\"ico-marker\"><\/i>Portocolom, Mallorca<\/p>\n    <h3 itemprop=\"name\">Cas faroler<\/h3>\n    <ul class=\"icon_list inline_list\">\n                              <li class=\"ico-airConditioning\" title=\"Klimaanlage\">\n              <span itemprop=\"amenityFeature\">Klimaanlage<\/span>\n            <\/li>\n                      <li class=\"ico-wifi\" title=\"Wifi\">\n              <span itemprop=\"amenityFeature\">Wifi<\/span>\n            <\/li>\n                          <li class=\"ico-guests\" title=\"F\u00fcr 4 G\u00e4ste in Portocolom.\">\n          <span itemprop=\"occupancy\">4<\/span>\n        <\/li>\n    <\/ul>\n            <span class=\"price\">Ab 118\u20ac \/ Nacht<\/span>\n                <a itemprop=\"url\" class=\"anchor\" href=\"https:\/\/www.vacalia.com\/de\/ferienhaus-cas-faroler-felanitx-h16419\" aria-label=\"Cas faroler\"><\/a>\n<\/div><\/div>\n","protected":false},"excerpt":{"rendered":"<p>Die meisten Reisen nach Mallorca starten und enden in Palma. Aus diesem Grund werden wir von unseren G\u00e4sten oft gefragt, was man in Palma de Mallorca besichtigen kann. Palma, als&hellip;<\/p>\n","protected":false},"author":2,"featured_media":2864,"comment_status":"closed","ping_status":"open","sticky":false,"template":"","format":"standard","meta":{"_monsterinsights_skip_tracking":false,"_monsterinsights_sitenote_active":false,"_monsterinsights_sitenote_note":"","_monsterinsights_sitenote_category":0,"footnotes":""},"categories":[40],"tags":[],"class_list":["post-2854","post","type-post","status-publish","format-standard","has-post-thumbnail","hentry","category-allgemein"],"_links":{"self":[{"href":"https:\/\/www.vacalia.com\/blog\/wp-json\/wp\/v2\/posts\/2854"}],"collection":[{"href":"https:\/\/www.vacalia.com\/blog\/wp-json\/wp\/v2\/posts"}],"about":[{"href":"https:\/\/www.vacalia.com\/blog\/wp-json\/wp\/v2\/types\/post"}],"author":[{"embeddable":true,"href":"https:\/\/www.vacalia.com\/blog\/wp-json\/wp\/v2\/users\/2"}],"replies":[{"embeddable":true,"href":"https:\/\/www.vacalia.com\/blog\/wp-json\/wp\/v2\/comments?post=2854"}],"version-history":[{"count":2,"href":"https:\/\/www.vacalia.com\/blog\/wp-json\/wp\/v2\/posts\/2854\/revisions"}],"predecessor-version":[{"id":4935,"href":"https:\/\/www.vacalia.com\/blog\/wp-json\/wp\/v2\/posts\/2854\/revisions\/4935"}],"wp:featuredmedia":[{"embeddable":true,"href":"https:\/\/www.vacalia.com\/blog\/wp-json\/wp\/v2\/media\/2864"}],"wp:attachment":[{"href":"https:\/\/www.vacalia.com\/blog\/wp-json\/wp\/v2\/media?parent=2854"}],"wp:term":[{"taxonomy":"category","embeddable":true,"href":"https:\/\/www.vacalia.com\/blog\/wp-json\/wp\/v2\/categories?post=2854"},{"taxonomy":"post_tag","embeddable":true,"href":"https:\/\/www.vacalia.com\/blog\/wp-json\/wp\/v2\/tags?post=2854"}],"curies":[{"name":"wp","href":"https:\/\/api.w.org\/{rel}","templated":true}]}}