{"id":2993,"date":"2019-12-03T13:00:26","date_gmt":"2019-12-03T12:00:26","guid":{"rendered":"https:\/\/www.vacalia.com\/blog\/?p=2993"},"modified":"2024-02-14T10:55:38","modified_gmt":"2024-02-14T09:55:38","slug":"pueblos-bonitos-mallorca","status":"publish","type":"post","link":"https:\/\/www.vacalia.com\/blog\/es\/pueblos-bonitos-mallorca\/","title":{"rendered":"Los pueblos m\u00e1s bonitos de Mallorca para visitar en tus pr\u00f3ximas vacaciones"},"content":{"rendered":"\n<p>Las <strong>vacaciones de Semana Santa<\/strong> son un momento ideal para conocer la isla, m\u00e1s all\u00e1 de sus imponentes playas. En el interior y en la monta\u00f1a se encuentran algunos de los <strong>pueblos que visitar Mallorca<\/strong> obligatoriamente, impregnados de la esencia inconfundible de uno de los parajes m\u00e1s bellos del Mediterr\u00e1neo. Si buscas exprimir al m\u00e1ximo tus vacaciones, no puedes perderte nuestra selecci\u00f3n de los <strong>pueblos m\u00e1s bonitos de Mallorca<\/strong>. <\/p>\n\n\n\n<p>El <strong>turismo rural en Mallorca<\/strong> es una alternativa perfecta para disfrutar de una experiencia \u00fanica en familia. La isla est\u00e1 plagada de rincones singulares en los que el pasado y el presente se funden a trav\u00e9s de su singular arquitectura rebosante de historia y personalidad. <\/p>\n\n\n\n<h2 class=\"wp-block-heading\">Pueblos con encanto en la Sierra Tramuntana<\/h2>\n\n\n\n<p>La <strong>Sierra de Tramuntana<\/strong> es un ejemplo de la pluralidad natural y paisaj\u00edstica de la que hace gala todo el archipi\u00e9lago balear. Una sierra situada al noreste de la isla en la que se encuentra su punto m\u00e1s alto, el <strong>pico de Puig Major<\/strong> de 1445 metros, y acoge tanto una rica biodiversidad como algunos de los <strong>pueblos m\u00e1s bonitos de Mallorca<\/strong>. <\/p>\n\n\n\n<h3 class=\"wp-block-heading\">Dei\u00e1<\/h3>\n\n\n\n<p>Este pueblo combina como ning\u00fan otro el <strong>car\u00e1cter marinero<\/strong> con la <strong>robustez de la monta\u00f1a<\/strong>. El agradable sonido del torrente que recorre las calles empedradas de Dei\u00e1 acompa\u00f1a al visitante en su paseo por esta pintoresca localidad. <strong>Rutas de senderismo, miradores, restaurantes<\/strong> y <strong>una de las calas m\u00e1s id\u00edlicas de la isla<\/strong> completan la oferta de esta localidad \u00fanica. <\/p>\n\n\n\n<figure class=\"wp-block-image\"><img fetchpriority=\"high\" decoding=\"async\" width=\"1024\" height=\"678\" src=\"https:\/\/www.vacalia.com\/blog\/wp-content\/uploads\/2019\/11\/deia-1024x678.gif\" alt=\"Vista de Dei\u00e1, uno de los pueblos m\u00e1s bonitos de Mallorca\" class=\"wp-image-2994\" srcset=\"https:\/\/www.vacalia.com\/blog\/wp-content\/uploads\/2019\/11\/deia-1024x678.gif 1024w, https:\/\/www.vacalia.com\/blog\/wp-content\/uploads\/2019\/11\/deia-300x199.gif 300w, https:\/\/www.vacalia.com\/blog\/wp-content\/uploads\/2019\/11\/deia-768x509.gif 768w\" sizes=\"(max-width: 1024px) 100vw, 1024px\" \/><figcaption class=\"wp-element-caption\">Vista de Dei\u00e1 desde la Sierra de Tramuntana<\/figcaption><\/figure>\n\n\n\n<h3 class=\"wp-block-heading\">Valldemossa<\/h3>\n\n\n\n<p>Probablemente <strong>el pueblo m\u00e1s famoso de la Sierra de Tramuntana<\/strong>. Sin duda, Valldemossa es uno de esos lugares con encanto de Mallorca que no puedes perderte en tus pr\u00f3ximas vacaciones gracias a sus calles, plazas y edificios cargados de historia y tradici\u00f3n. La <strong>Cartuja de Valldemossa<\/strong>, declarada Patrimonio de la Unesco, es el monumento m\u00e1s famoso de la localidad.<\/p>\n\n\n\n<figure class=\"wp-block-image\"><img decoding=\"async\" width=\"1024\" height=\"678\" src=\"https:\/\/www.vacalia.com\/blog\/wp-content\/uploads\/2019\/11\/valldemossa-1024x678.gif\" alt=\"La Cartuja de Valdemossa con la Sierra de Tramuntana al fondo\" class=\"wp-image-2995\" srcset=\"https:\/\/www.vacalia.com\/blog\/wp-content\/uploads\/2019\/11\/valldemossa-1024x678.gif 1024w, https:\/\/www.vacalia.com\/blog\/wp-content\/uploads\/2019\/11\/valldemossa-300x199.gif 300w, https:\/\/www.vacalia.com\/blog\/wp-content\/uploads\/2019\/11\/valldemossa-768x509.gif 768w\" sizes=\"(max-width: 1024px) 100vw, 1024px\" \/><figcaption class=\"wp-element-caption\">La Cartuja de Valdemossa con la Sierra de Tramuntana al fondo<\/figcaption><\/figure>\n\n\n\n<h3 class=\"wp-block-heading\">S\u00f3ller<\/h3>\n\n\n\n<p>El viaje en <strong>tren de madera que une Palma con S\u00f3ller<\/strong> es la mejor excusa para visitar esta localidad a la que durante mucho tiempo solo se pod\u00eda acceder por mar. Enclavada en el <strong>Valle de los Naranjos<\/strong>, S\u00f3ller conserva el encanto de otra \u00e9poca arraigado en las casas de estilo colonial de su casco urbano.<\/p>\n\n\n\n<figure class=\"wp-block-image\"><img decoding=\"async\" width=\"1024\" height=\"678\" src=\"https:\/\/www.vacalia.com\/blog\/wp-content\/uploads\/2019\/11\/soller-1024x678.gif\" alt=\" S\u00f3ller es uno de los pueblos con encanto de Mallorca\" class=\"wp-image-2996\" srcset=\"https:\/\/www.vacalia.com\/blog\/wp-content\/uploads\/2019\/11\/soller-1024x678.gif 1024w, https:\/\/www.vacalia.com\/blog\/wp-content\/uploads\/2019\/11\/soller-300x199.gif 300w, https:\/\/www.vacalia.com\/blog\/wp-content\/uploads\/2019\/11\/soller-768x509.gif 768w\" sizes=\"(max-width: 1024px) 100vw, 1024px\" \/><figcaption class=\"wp-element-caption\">El tranv\u00eda de Soller es uno de sus principales atractivos<\/figcaption><\/figure>\n\n\n\n<h2 class=\"wp-block-heading\">Los pueblos de interior m\u00e1s bonitos de Mallorca<\/h2>\n\n\n\n<p>El interior de la isla cuenta con algunos tesoros que en ocasiones pasan desapercibidos. Por eso, una <strong>ruta por los pueblos de la zona centro<\/strong> de la isla puede ser un plan ideal para las vacaciones de Semana Santa. Toda una invitaci\u00f3n a relajarse entre vi\u00f1edos y campos de olivos en los que disfrutar de la tranquilidad de la aut\u00e9ntica vida payesa.<\/p>\n\n\n\n<h3 class=\"wp-block-heading\">Algaida<\/h3>\n\n\n\n<p>Situada en la zona centro de Mallorca, <a href=\"https:\/\/www.vacalia.com\/en\/algaida-p731\" target=\"_blank\" rel=\"noreferrer noopener\" aria-label=\" (abre en una nueva pesta\u00f1a)\">Algaida<\/a> representa la tradici\u00f3n de la mejor <strong>artesan\u00eda balear <\/strong>y los<strong> productos locales<\/strong>, como demuestran sus dos principales atracciones: el <strong>mercado de los viernes<\/strong> y la<strong> f\u00e1brica de vidrio<\/strong> tradicional. El trazado irregular de sus calles y los edificios de piedra arenisca son el sello de identidad de este municipio. <\/p>\n\n\n\n<figure class=\"wp-block-image\"><img loading=\"lazy\" decoding=\"async\" width=\"1024\" height=\"678\" src=\"https:\/\/www.vacalia.com\/blog\/wp-content\/uploads\/2019\/11\/algaida-1024x678.gif\" alt=\"Algaida es una localidad famosa por sus molinos\" class=\"wp-image-2997\" srcset=\"https:\/\/www.vacalia.com\/blog\/wp-content\/uploads\/2019\/11\/algaida-1024x678.gif 1024w, https:\/\/www.vacalia.com\/blog\/wp-content\/uploads\/2019\/11\/algaida-300x199.gif 300w, https:\/\/www.vacalia.com\/blog\/wp-content\/uploads\/2019\/11\/algaida-768x509.gif 768w\" sizes=\"(max-width: 1024px) 100vw, 1024px\" \/><figcaption class=\"wp-element-caption\">Algaida es una localidad famosa por sus molinos<\/figcaption><\/figure>\n\n\n\n<h3 class=\"wp-block-heading\">Petra<\/h3>\n\n\n\n<p>Los campos con cultivos tradicionales entre los que destacan los <strong>vi\u00f1edo<\/strong>s y los <strong>olivos<\/strong> son uno de los principales atractivos de <a href=\"https:\/\/www.vacalia.com\/en\/petra-p747\" target=\"_blank\" rel=\"noreferrer noopener\" aria-label=\" (abre en una nueva pesta\u00f1a)\">Petra<\/a>, perteneciente al municipio de <strong>Pl\u00e1 de Mallorca<\/strong>. Cuenta con un <strong>casco hist\u00f3rico declarado Bien de Inter\u00e9s Cultural <\/strong>en el que visitar un gran n\u00famero de edificios monumentales, representativos de la historia de la isla. <\/p>\n\n\n\n<figure class=\"wp-block-image\"><img loading=\"lazy\" decoding=\"async\" width=\"1024\" height=\"678\" src=\"https:\/\/www.vacalia.com\/blog\/wp-content\/uploads\/2019\/11\/petra-1024x678.gif\" alt=\"Museo de San Jun\u00edpero Serra en Petra, parte del patrimonio de los pueblos de Mallorca\" class=\"wp-image-2998\" srcset=\"https:\/\/www.vacalia.com\/blog\/wp-content\/uploads\/2019\/11\/petra-1024x678.gif 1024w, https:\/\/www.vacalia.com\/blog\/wp-content\/uploads\/2019\/11\/petra-300x199.gif 300w, https:\/\/www.vacalia.com\/blog\/wp-content\/uploads\/2019\/11\/petra-768x509.gif 768w\" sizes=\"(max-width: 1024px) 100vw, 1024px\" \/><figcaption class=\"wp-element-caption\">Museo de San Jun\u00edpero Serra en Petra<\/figcaption><\/figure>\n\n\n\n<h3 class=\"wp-block-heading\">Porreres<\/h3>\n\n\n\n<p>Todo un <strong>para\u00edso gastron\u00f3mico en el interior de Mallorca <\/strong>en el que disfrutar de su oferta de restaurantes de cocina t\u00edpica balear elaborada con productos frescos de proximidad. Adem\u00e1s, <a rel=\"noreferrer noopener\" aria-label=\" (abre en una nueva pesta\u00f1a)\" href=\"https:\/\/www.vacalia.com\/en\/porreres-p750\" target=\"_blank\">Porreres<\/a> cuenta con un amplio cat\u00e1logo de lugares de inter\u00e9s cultural como los <strong>yacimientos talay\u00f3ticos de la Edad de Bronce<\/strong> o sus <strong>36 molinos de vientos construidos entre el Siglo XVII y XIX<\/strong>.<\/p>\n\n\n\n<figure class=\"wp-block-image\"><img loading=\"lazy\" decoding=\"async\" width=\"1024\" height=\"678\" src=\"https:\/\/www.vacalia.com\/blog\/wp-content\/uploads\/2019\/11\/porreres-1024x678.gif\" alt=\"Caf\u00e9 con encanto en Porreres, un lugar con encanto en Mallorca\" class=\"wp-image-2999\" srcset=\"https:\/\/www.vacalia.com\/blog\/wp-content\/uploads\/2019\/11\/porreres-1024x678.gif 1024w, https:\/\/www.vacalia.com\/blog\/wp-content\/uploads\/2019\/11\/porreres-300x199.gif 300w, https:\/\/www.vacalia.com\/blog\/wp-content\/uploads\/2019\/11\/porreres-768x509.gif 768w\" sizes=\"(max-width: 1024px) 100vw, 1024px\" \/><figcaption class=\"wp-element-caption\">Caf\u00e9 con encanto en Porreres<\/figcaption><\/figure>\n\n\n\n<p>En Vacalia contamos con <strong>alojamientos\nvacacionales en Mallorca<\/strong> para que puedas conocer de primera mano sus\npueblos y rincones m\u00e1s especiales. \u00a1Desc\u00fabrelos!<\/p>\n\n\n<div class=\"bannerBlog\"><div class=\"new-card-houses\">\n    <div class=\"likeOut likeDivOut\" style=\"display:none\">\n        <a data-id=\"815\" class=\"likeOut_button_red likeBtnFav\"\n            aria-label=\"Megusta Vacalia\"><\/a>\n    <\/div>\n    <figure>\n        <img loading=\"lazy\" decoding=\"async\" \n            loading=\"lazy\" width=\"301\" height=\"200\"\n            src=\"\/\/media.vacalia.com\/photo\/reformatwebpfolder\/350\/200\/815\/thumb-middle\/815_de2cd4c44ad2ac354606b9c762b01bcf.webp?v=21092023\"\n            alt=\"Llac gran - Alquiler vacacional en Port d&#039;Alc\u00fadia\"\/>\n                                                                        <div class=\"circleDiscount\">-4%<\/div>\n                        <\/figure>\n    <p itemprop=\"address\"><i class=\"ico-marker\"><\/i>Port d&#039;Alc\u00fadia, Mallorca<\/p>\n    <h3 itemprop=\"name\">Llac gran<\/h3>\n    <ul class=\"icon_list inline_list\">\n                              <li class=\"ico-airConditioning\" title=\"Aire Acondicionado\">\n              <span itemprop=\"amenityFeature\">Aire Acondicionado<\/span>\n            <\/li>\n                      <li class=\"ico-wifi\" title=\"Wifi\">\n              <span itemprop=\"amenityFeature\">Wifi<\/span>\n            <\/li>\n                          <li class=\"ico-guests\" title=\"Para 5 hu\u00e9spedes en Port D&#039;alc\u00fadia.\">\n          <span itemprop=\"occupancy\">5<\/span>\n        <\/li>\n    <\/ul>\n            <span class=\"price\">Desde 120\u20ac \/ noche<\/span>\n                <a itemprop=\"url\" class=\"anchor\" href=\"https:\/\/www.vacalia.com\/es\/casa-vacacional-llac-gran-alcudia-h15521\" aria-label=\"Llac gran\"><\/a>\n<\/div><div class=\"new-card-houses\">\n    <div class=\"likeOut likeDivOut\" style=\"display:none\">\n        <a data-id=\"4903\" class=\"likeOut_button_red likeBtnFav\"\n            aria-label=\"Megusta Vacalia\"><\/a>\n    <\/div>\n    <figure>\n        <img loading=\"lazy\" decoding=\"async\" \n            loading=\"lazy\" width=\"301\" height=\"200\"\n            src=\"\/\/media.vacalia.com\/photo\/reformatwebpfolder\/350\/200\/4903\/thumb-middle\/4903_59979d0ac0352194b8ef62e6703e5a66.webp?v=21092023\"\n            alt=\"Ses set tanques de son fosquet - Alquiler vacacional en Llucmajor\"\/>\n                                                                        <div class=\"circleDiscount\">-29%<\/div>\n                        <\/figure>\n    <p itemprop=\"address\"><i class=\"ico-marker\"><\/i>Llucmajor, Mallorca<\/p>\n    <h3 itemprop=\"name\">Ses set tanques de son fosquet<\/h3>\n    <ul class=\"icon_list inline_list\">\n                              <li class=\"ico-pool\" title=\"Piscina\">\n              <span itemprop=\"amenityFeature\">Piscina<\/span>\n            <\/li>\n                      <li class=\"ico-airConditioning\" title=\"Aire Acondicionado\">\n              <span itemprop=\"amenityFeature\">Aire Acondicionado<\/span>\n            <\/li>\n                      <li class=\"ico-wifi\" title=\"Wifi\">\n              <span itemprop=\"amenityFeature\">Wifi<\/span>\n            <\/li>\n                          <li class=\"ico-guests\" title=\"Para 6 hu\u00e9spedes en Llucmajor.\">\n          <span itemprop=\"occupancy\">6<\/span>\n        <\/li>\n    <\/ul>\n            <span class=\"price\">Desde 272\u20ac \/ noche<\/span>\n                <a itemprop=\"url\" class=\"anchor\" href=\"https:\/\/www.vacalia.com\/es\/villa-ses-set-tanques-de-son-fosquet-llucmajor-h27867\" aria-label=\"Ses set tanques de son fosquet\"><\/a>\n<\/div><\/div>\n","protected":false},"excerpt":{"rendered":"<p>El turismo rural en Mallorca es perfecto para disfrutar de una experiencia \u00fanica en familia. La isla est\u00e1 plagada de rincones singulares en los que el pasado y el presente se funden a trav\u00e9s de su singular arquitectura.<\/p>\n","protected":false},"author":2,"featured_media":3581,"comment_status":"closed","ping_status":"open","sticky":false,"template":"","format":"standard","meta":{"_monsterinsights_skip_tracking":false,"_monsterinsights_sitenote_active":false,"_monsterinsights_sitenote_note":"","_monsterinsights_sitenote_category":0,"footnotes":""},"categories":[1],"tags":[],"class_list":["post-2993","post","type-post","status-publish","format-standard","has-post-thumbnail","hentry","category-general-es"],"_links":{"self":[{"href":"https:\/\/www.vacalia.com\/blog\/wp-json\/wp\/v2\/posts\/2993"}],"collection":[{"href":"https:\/\/www.vacalia.com\/blog\/wp-json\/wp\/v2\/posts"}],"about":[{"href":"https:\/\/www.vacalia.com\/blog\/wp-json\/wp\/v2\/types\/post"}],"author":[{"embeddable":true,"href":"https:\/\/www.vacalia.com\/blog\/wp-json\/wp\/v2\/users\/2"}],"replies":[{"embeddable":true,"href":"https:\/\/www.vacalia.com\/blog\/wp-json\/wp\/v2\/comments?post=2993"}],"version-history":[{"count":9,"href":"https:\/\/www.vacalia.com\/blog\/wp-json\/wp\/v2\/posts\/2993\/revisions"}],"predecessor-version":[{"id":4733,"href":"https:\/\/www.vacalia.com\/blog\/wp-json\/wp\/v2\/posts\/2993\/revisions\/4733"}],"wp:featuredmedia":[{"embeddable":true,"href":"https:\/\/www.vacalia.com\/blog\/wp-json\/wp\/v2\/media\/3581"}],"wp:attachment":[{"href":"https:\/\/www.vacalia.com\/blog\/wp-json\/wp\/v2\/media?parent=2993"}],"wp:term":[{"taxonomy":"category","embeddable":true,"href":"https:\/\/www.vacalia.com\/blog\/wp-json\/wp\/v2\/categories?post=2993"},{"taxonomy":"post_tag","embeddable":true,"href":"https:\/\/www.vacalia.com\/blog\/wp-json\/wp\/v2\/tags?post=2993"}],"curies":[{"name":"wp","href":"https:\/\/api.w.org\/{rel}","templated":true}]}}