{"id":3017,"date":"2019-12-10T10:03:29","date_gmt":"2019-12-10T09:03:29","guid":{"rendered":"https:\/\/www.vacalia.com\/blog\/?p=3017"},"modified":"2024-02-14T10:54:42","modified_gmt":"2024-02-14T09:54:42","slug":"museos-valencia-alicante","status":"publish","type":"post","link":"https:\/\/www.vacalia.com\/blog\/es\/museos-valencia-alicante\/","title":{"rendered":"Museos de Valencia y Alicante: m\u00e1s que playas"},"content":{"rendered":"\n<p>Si est\u00e1s buscando <strong>qu\u00e9 hacer en la Costa Blanca<\/strong> en tus pr\u00f3ximas vacaciones, no puedes perderte el amplio cat\u00e1logo de <strong>museos en Valencia<\/strong> <strong>y Alicante<\/strong> para conocer la historia de la zona, sus tradiciones m\u00e1s famosas o las principales actividades productivas de sus habitantes. <\/p>\n\n\n\n<p>La Costa Blanca es uno de los destinos vacacionales m\u00e1s famosos en Espa\u00f1a gracias a sus m\u00e1s de 200 kil\u00f3metros de litoral. Pero la Comunidad Valenciana es mucho m\u00e1s que playas, calas y acantilados. Su <strong>oferta cultural<\/strong> es de lo m\u00e1s variada, especialmente en cuanto a museos se refiere.  Una excusa perfecta para adentrarse en la <strong>cultura levantina<\/strong> y descubrir su extenso <strong>patrimonio<\/strong>.  <\/p>\n\n\n\n<h2 class=\"wp-block-heading\">Museos en Alicante<\/h2>\n\n\n\n<h3 class=\"wp-block-heading\">MARQ Alicante<\/h3>\n\n\n\n<p>Con una combinaci\u00f3n perfecta entre historia y modernidad, el <strong>Museo Arqueol\u00f3gico de Alicante<\/strong> destaca por la utilizaci\u00f3n de los medios tecnol\u00f3gicos y audiovisuales m\u00e1s avanzados para explicar el pasado de la Costa Blanca. <\/p>\n\n\n\n<p>Cuenta con cinco salas permanentes en las que se repasa el legado que las distintas civilizaciones han dejado a su paso. Gracias a sus <strong>punteros recursos did\u00e1cticos<\/strong>, el MARQ de Alicante invita a dedicar unas horas a conocer los distintos periodos de la historia del Mediterr\u00e1neo.<\/p>\n\n\n\n<figure class=\"wp-block-image\"><img fetchpriority=\"high\" decoding=\"async\" width=\"1024\" height=\"678\" src=\"https:\/\/www.vacalia.com\/blog\/wp-content\/uploads\/2019\/11\/museo-arqueologico-alicante-1024x678.gif\" alt=\"El MARQ de Alicante recoge el legado hist\u00f3rico de la zona\n\n\" class=\"wp-image-3018\" srcset=\"https:\/\/www.vacalia.com\/blog\/wp-content\/uploads\/2019\/11\/museo-arqueologico-alicante-1024x678.gif 1024w, https:\/\/www.vacalia.com\/blog\/wp-content\/uploads\/2019\/11\/museo-arqueologico-alicante-300x199.gif 300w, https:\/\/www.vacalia.com\/blog\/wp-content\/uploads\/2019\/11\/museo-arqueologico-alicante-768x509.gif 768w\" sizes=\"(max-width: 1024px) 100vw, 1024px\" \/><figcaption class=\"wp-element-caption\">El MARQ de Alicante recoge el legado hist\u00f3rico de la zona<\/figcaption><\/figure>\n\n\n\n<h3 class=\"wp-block-heading\">Museo del Juguete de Denia<\/h3>\n\n\n\n<p>Sin duda, este museo conquistar\u00e1 a los m\u00e1s peque\u00f1os de la\ncasa. Situado en la antigua estaci\u00f3n de tren de Denia, recoge una muestra de la\n<strong>producci\u00f3n juguetera de la ciudad m\u00e1s\nsignificativa del S XX<\/strong>. <\/p>\n\n\n\n<p>En este peculiar museo se puede repasar la historia de una\nde las industrias m\u00e1s destacadas de la zona a trav\u00e9s de los materiales\nempleados en la fabricaci\u00f3n de los juguetes que fueron evolucionando desde los <strong>primitivos juguetes de hojalata<\/strong>,\npasando por la <strong>madera<\/strong> y el <strong>metal<\/strong>. Mu\u00f1ecas, coches, barcos de vela\no cocinitas de madera protagonizan la exposici\u00f3n del <strong>museo del juguete<\/strong> m\u00e1s famoso de Alicante. <\/p>\n\n\n\n<h3 class=\"wp-block-heading\">Museo del Mar y la Sal de Torrevieja<\/h3>\n\n\n\n<p>Esta <strong>exposici\u00f3n etnol\u00f3gica<\/strong> refleja la <strong>importancia del mar en la historia de la ciudad<\/strong>. A trav\u00e9s de sus distintas secciones, el visitante puede conocer de primera mano el papel protagonista que la industria salinera ha tenido en el nacimiento y desarrollo de las poblaciones de la <strong>Vega Baja del Segura<\/strong>. <\/p>\n\n\n\n<p>Adem\u00e1s, el <strong>Centro de Interpretaci\u00f3n de la Industria Salinera<\/strong>, contribuye tambi\u00e9n a explicar el impacto de las salinas en la forma de vida tradicional de Torrevieja mediante la evoluci\u00f3n de los usos y formas de trabajar a lo largo del tiempo, siempre desde el respeto al medio natural.<\/p>\n\n\n\n<h2 class=\"wp-block-heading\">Museos en Valencia <\/h2>\n\n\n\n<h3 class=\"wp-block-heading\">Museo Fallero de Cullera<\/h3>\n\n\n\n<p>Pocas cosas hay tan representativas de Valencia como las\nfallas. Por eso, los <strong>museos falleros <\/strong>presentes\nen muchos de sus pueblos y ciudades son una visita imprescindible para\ndisfrutar en cualquier \u00e9poca del a\u00f1o de una tradici\u00f3n de fama mundial.<\/p>\n\n\n\n<p>En el caso del <strong>museo fallero de Cullera<\/strong>, situado en la Casa de la Ense\u00f1anza, se muestra una colecci\u00f3n de <em>ninots indultats<\/em>, piezas de madera y cart\u00f3n que son libradas de ser quemadas en la <em>crem\u00e1<\/em> gracias a su valor art\u00edstico. <\/p>\n\n\n\n<figure class=\"wp-block-image\"><img decoding=\"async\" width=\"1024\" height=\"678\" src=\"https:\/\/www.vacalia.com\/blog\/wp-content\/uploads\/2019\/11\/museo-fallero-1024x678.jpg\" alt=\"Entre los museos de Valencia m\u00e1s famosos se encuentran los museos falleros\" class=\"wp-image-3019\" srcset=\"https:\/\/www.vacalia.com\/blog\/wp-content\/uploads\/2019\/11\/museo-fallero.jpg 1024w, https:\/\/www.vacalia.com\/blog\/wp-content\/uploads\/2019\/11\/museo-fallero-300x199.jpg 300w, https:\/\/www.vacalia.com\/blog\/wp-content\/uploads\/2019\/11\/museo-fallero-768x509.jpg 768w\" sizes=\"(max-width: 1024px) 100vw, 1024px\" \/><figcaption class=\"wp-element-caption\">Los museos falleros de Valencia muestran ninots indultats<\/figcaption><\/figure>\n\n\n\n<h3 class=\"wp-block-heading\">Museo de las Ciencias de Valencia<\/h3>\n\n\n\n<p>La joya de la corona de los museos de Valencia supone toda una <strong>experiencia interactiva<\/strong> para disfrutar aprendiendo en familia. Fundado en el a\u00f1o 2000 para la <strong>divulgaci\u00f3n cient\u00edfica y tecnol\u00f3gica<\/strong> en un espectacular complejo de m\u00e1s de 40.000 m\u00b2 que renueva sus contenidos peri\u00f3dicamente.<\/p>\n\n\n\n<p>Si est\u00e1s pensando en pasar unas <strong>vacaciones en la costa Blanca,<\/strong> no olvides que visitar su amplia oferta de museos y exposiciones puede convertirse en una actividad inolvidable para toda la familia.&nbsp; En <strong>Vacalia<\/strong> ponemos a tu servicio un amplio cat\u00e1logo de alquileres vacacionales en Alicante y Valencia para sacarle el m\u00e1ximo provecho a vuestra estancia. \u00a1Desc\u00fabrelos!<\/p>\n\n\n<div class=\"bannerBlog\"><div class=\"new-card-houses\">\n    <div class=\"likeOut likeDivOut\" style=\"display:none\">\n        <a data-id=\"2219\" class=\"likeOut_button_red likeBtnFav\"\n            aria-label=\"Megusta Vacalia\"><\/a>\n    <\/div>\n    <figure>\n        <img loading=\"lazy\" decoding=\"async\" \n            loading=\"lazy\" width=\"301\" height=\"200\"\n            src=\"\/\/media.vacalia.com\/photo\/reformatwebpfolder\/350\/200\/2219\/thumb-middle\/2219_83ab1aa5af2f25ce9ff8d9eed3848b0c.webp?v=21092023\"\n            alt=\"Odisea - Alquiler vacacional en Urbanitzaci\u00f3 Platja de Miramar\"\/>\n                                                                        <div class=\"circleDiscount\">-6%<\/div>\n                        <\/figure>\n    <p itemprop=\"address\"><i class=\"ico-marker\"><\/i>Urbanitzaci\u00f3 Platja de Miramar, Valencia<\/p>\n    <h3 itemprop=\"name\">Odisea<\/h3>\n    <ul class=\"icon_list inline_list\">\n                              <li class=\"ico-views\" title=\"Vistas\">\n              <span itemprop=\"amenityFeature\">Vistas<\/span>\n            <\/li>\n                      <li class=\"ico-pets\" title=\"Mascotas\">\n              <span itemprop=\"amenityFeature\">Mascotas<\/span>\n            <\/li>\n                          <li class=\"ico-guests\" title=\"Para 6 hu\u00e9spedes en Urbanitzaci\u00f3 Platja De Miramar.\">\n          <span itemprop=\"occupancy\">6<\/span>\n        <\/li>\n    <\/ul>\n            <span class=\"price\">Desde 59\u20ac \/ noche<\/span>\n                <a itemprop=\"url\" class=\"anchor\" href=\"https:\/\/www.vacalia.com\/es\/apartamento-odisea-miramar-h19496\" aria-label=\"Odisea\"><\/a>\n<\/div><div class=\"new-card-houses\">\n    <div class=\"likeOut likeDivOut\" style=\"display:none\">\n        <a data-id=\"2776\" class=\"likeOut_button_red likeBtnFav\"\n            aria-label=\"Megusta Vacalia\"><\/a>\n    <\/div>\n    <figure>\n        <img loading=\"lazy\" decoding=\"async\" \n            loading=\"lazy\" width=\"301\" height=\"200\"\n            src=\"\/\/media.vacalia.com\/photo\/reformatwebpfolder\/350\/200\/2776\/thumb-middle\/2776_c6faf7e48f3eb8075b5cbfc4d98db4bf.webp?v=21092023\"\n            alt=\"Alejandrita - Alquiler vacacional en Grau i Platja\"\/>\n                                                                        <div class=\"circleDiscount\">-10%<\/div>\n                        <\/figure>\n    <p itemprop=\"address\"><i class=\"ico-marker\"><\/i>Grau i Platja, Valencia<\/p>\n    <h3 itemprop=\"name\">Alejandrita<\/h3>\n    <ul class=\"icon_list inline_list\">\n                              <li class=\"ico-pool\" title=\"Piscina\">\n              <span itemprop=\"amenityFeature\">Piscina<\/span>\n            <\/li>\n                      <li class=\"ico-airConditioning\" title=\"Aire Acondicionado\">\n              <span itemprop=\"amenityFeature\">Aire Acondicionado<\/span>\n            <\/li>\n                      <li class=\"ico-wifi\" title=\"Wifi\">\n              <span itemprop=\"amenityFeature\">Wifi<\/span>\n            <\/li>\n                      <li class=\"ico-pets\" title=\"Mascotas\">\n              <span itemprop=\"amenityFeature\">Mascotas<\/span>\n            <\/li>\n                          <li class=\"ico-guests\" title=\"Para 4 hu\u00e9spedes en Grau I Platja.\">\n          <span itemprop=\"occupancy\">4<\/span>\n        <\/li>\n    <\/ul>\n            <span class=\"price\">Desde 75\u20ac \/ noche<\/span>\n                <a itemprop=\"url\" class=\"anchor\" href=\"https:\/\/www.vacalia.com\/es\/apartamento-alejandrita-gandia-h19172\" aria-label=\"Alejandrita\"><\/a>\n<\/div><\/div>\n","protected":false},"excerpt":{"rendered":"<p>Si est\u00e1s buscando qu\u00e9 hacer en la Costa Blanca en tus pr\u00f3ximas vacaciones, no puedes perderte el amplio cat\u00e1logo de museos de Valencia y Alicante para conocer su historia, sus tradiciones o los principales sectores productivos.<\/p>\n","protected":false},"author":2,"featured_media":3023,"comment_status":"closed","ping_status":"open","sticky":false,"template":"","format":"standard","meta":{"_monsterinsights_skip_tracking":false,"_monsterinsights_sitenote_active":false,"_monsterinsights_sitenote_note":"","_monsterinsights_sitenote_category":0,"footnotes":""},"categories":[1],"tags":[],"class_list":["post-3017","post","type-post","status-publish","format-standard","has-post-thumbnail","hentry","category-general-es"],"_links":{"self":[{"href":"https:\/\/www.vacalia.com\/blog\/wp-json\/wp\/v2\/posts\/3017"}],"collection":[{"href":"https:\/\/www.vacalia.com\/blog\/wp-json\/wp\/v2\/posts"}],"about":[{"href":"https:\/\/www.vacalia.com\/blog\/wp-json\/wp\/v2\/types\/post"}],"author":[{"embeddable":true,"href":"https:\/\/www.vacalia.com\/blog\/wp-json\/wp\/v2\/users\/2"}],"replies":[{"embeddable":true,"href":"https:\/\/www.vacalia.com\/blog\/wp-json\/wp\/v2\/comments?post=3017"}],"version-history":[{"count":14,"href":"https:\/\/www.vacalia.com\/blog\/wp-json\/wp\/v2\/posts\/3017\/revisions"}],"predecessor-version":[{"id":4730,"href":"https:\/\/www.vacalia.com\/blog\/wp-json\/wp\/v2\/posts\/3017\/revisions\/4730"}],"wp:featuredmedia":[{"embeddable":true,"href":"https:\/\/www.vacalia.com\/blog\/wp-json\/wp\/v2\/media\/3023"}],"wp:attachment":[{"href":"https:\/\/www.vacalia.com\/blog\/wp-json\/wp\/v2\/media?parent=3017"}],"wp:term":[{"taxonomy":"category","embeddable":true,"href":"https:\/\/www.vacalia.com\/blog\/wp-json\/wp\/v2\/categories?post=3017"},{"taxonomy":"post_tag","embeddable":true,"href":"https:\/\/www.vacalia.com\/blog\/wp-json\/wp\/v2\/tags?post=3017"}],"curies":[{"name":"wp","href":"https:\/\/api.w.org\/{rel}","templated":true}]}}