{"id":302,"date":"2017-07-10T08:36:57","date_gmt":"2017-07-10T08:36:57","guid":{"rendered":"https:\/\/www.vacalia.com\/blog\/?p=302"},"modified":"2024-02-14T12:11:36","modified_gmt":"2024-02-14T11:11:36","slug":"was-ist-sehenswert-in-mallorca","status":"publish","type":"post","link":"https:\/\/www.vacalia.com\/blog\/was-ist-sehenswert-in-mallorca\/","title":{"rendered":"Was ist sehenswert in Mallorca?"},"content":{"rendered":"<p>Was ist sehenswert in Mallorca? Man sagt wer einmal kommt, kommt immer wieder oder er bleibt.<\/p>\n<p style=\"text-align: justify;\"><a href=\"https:\/\/www.vacalia.com\"><img fetchpriority=\"high\" decoding=\"async\" class=\"alignnone wp-image-303 size-full\" title=\" Was ist sehenswert rund um Mallorca?\" src=\"https:\/\/www.vacalia.com\/blog\/wp-content\/uploads\/2017\/07\/valldemossa-1.jpg\" alt=\" Was ist sehenswert rund um Mallorca?\" width=\"1024\" height=\"486\" srcset=\"https:\/\/www.vacalia.com\/blog\/wp-content\/uploads\/2017\/07\/valldemossa-1.jpg 1024w, https:\/\/www.vacalia.com\/blog\/wp-content\/uploads\/2017\/07\/valldemossa-1-300x142.jpg 300w, https:\/\/www.vacalia.com\/blog\/wp-content\/uploads\/2017\/07\/valldemossa-1-768x365.jpg 768w\" sizes=\"(max-width: 1024px) 100vw, 1024px\" \/><\/a><\/p>\n<p style=\"text-align: justify;\">Bereits in unserem letzten Post haben wir angesprochen, dass es hier eine grosse Vielzahl von Dingen zu besichtigen gibt, welche sich wirklich lohnen, aber es sind so viele, dass wir dies versuchen auf Zonen aufzuteilen.<\/p>\n<p><!--more--><\/p>\n<ul style=\"text-align: justify;\">\n<li><strong>Was ist sehenswert in Mallorca | Der Norden der Insel:<\/strong><\/li>\n<\/ul>\n<p style=\"text-align: justify;\">Der Norden der Insel zeichnet sich durch seine zerkl\u00fcftete Gebirgskette aus, den typischen weissen kleinen H\u00e4usern an der K\u00fcste und dem hohen Bergen mit bewohnten Bergd\u00f6rfern und pulsierendem Leben. Die Bergkette besteht aus einer Ansammlung kleinerer Bergd\u00f6rfer der Sierra de Tramuntana, welche 2011 von der UNESCO zum Weltkulturerbe erkl\u00e4rt wurde. Dank seiner einzigartigen geografischen Lage, der Trockensteinmauerbauweise und traumhaften Wegen, die aus verschlafenen D\u00f6rfern aus Ihren Ursprung finden.<\/p>\n<p><a href=\"https:\/\/www.vacalia.com\"><img decoding=\"async\" class=\"alignnone wp-image-356 size-large\" title=\"Was ist sehenswert in Mallorca\" src=\"https:\/\/www.vacalia.com\/blog\/wp-content\/uploads\/2017\/07\/IMG_20170709_183256_909-1024x623.jpg\" alt=\"Was ist sehenswert in Mallorca\" width=\"1024\" height=\"623\" srcset=\"https:\/\/www.vacalia.com\/blog\/wp-content\/uploads\/2017\/07\/IMG_20170709_183256_909-1024x623.jpg 1024w, https:\/\/www.vacalia.com\/blog\/wp-content\/uploads\/2017\/07\/IMG_20170709_183256_909-300x182.jpg 300w, https:\/\/www.vacalia.com\/blog\/wp-content\/uploads\/2017\/07\/IMG_20170709_183256_909-768x467.jpg 768w, https:\/\/www.vacalia.com\/blog\/wp-content\/uploads\/2017\/07\/IMG_20170709_183256_909-1050x639.jpg 1050w, https:\/\/www.vacalia.com\/blog\/wp-content\/uploads\/2017\/07\/IMG_20170709_183256_909-1600x973.jpg 1600w, https:\/\/www.vacalia.com\/blog\/wp-content\/uploads\/2017\/07\/IMG_20170709_183256_909.jpg 1776w\" sizes=\"(max-width: 1024px) 100vw, 1024px\" \/><\/a><\/p>\n<ul style=\"text-align: justify;\">\n<li><strong>Was ist sehenswert in Mallorca | Der S\u00fcden der Insel:<\/strong><\/li>\n<\/ul>\n<p style=\"text-align: justify;\">Der S\u00fcden ist gepr\u00e4gt durch seine kleinen, schnuckkeligen Buchten, es f\u00e4llt schwer hier nicht nicht zu stoppen.Der samtweiche Strand und die kristallklaren kleinen Buchten stehen Traumlocations anderer Destinationen in Nichts nach. Im S\u00fcden befinden sich Naturschauspiele wie die Drachenh\u00f6hlen, der Naturpark von Cala Mandrag\u00f3 oder der Naturstrand von Es Trenc.<\/p>\n<p><a href=\"https:\/\/www.vacalia.com\"><img decoding=\"async\" class=\"alignnone wp-image-357 size-large\" title=\"Was ist sehenswert in Mallorca\" src=\"https:\/\/www.vacalia.com\/blog\/wp-content\/uploads\/2017\/07\/3349522700_373d91d4ca_b-1024x680.jpg\" alt=\"Was ist sehenswert in Mallorca\" width=\"1024\" height=\"680\" srcset=\"https:\/\/www.vacalia.com\/blog\/wp-content\/uploads\/2017\/07\/3349522700_373d91d4ca_b.jpg 1024w, https:\/\/www.vacalia.com\/blog\/wp-content\/uploads\/2017\/07\/3349522700_373d91d4ca_b-300x199.jpg 300w, https:\/\/www.vacalia.com\/blog\/wp-content\/uploads\/2017\/07\/3349522700_373d91d4ca_b-768x510.jpg 768w\" sizes=\"(max-width: 1024px) 100vw, 1024px\" \/><\/a><\/p>\n<ul style=\"text-align: justify;\">\n<li><strong>Was ist sehenswert in Mallorca | Der Osten der Insel:<\/strong><\/li>\n<\/ul>\n<p style=\"text-align: justify;\">Arta und Manacor sind nur einige der Beispiele an historischen D\u00f6rfern an Mallorcas Ostk\u00fcste. Der Stadtkern ist vorwiegend l\u00e4ndlichen Charackters, ideale Orte f\u00fcr diejenigen, die es lieben sich mit den Einheimischen zu vermischen und deren Kultur und Traditionen n\u00e4her kennenlernen wollen.<\/p>\n<p style=\"text-align: justify;\">Wenn Sie auf der Suche nach noch einem eher urspr\u00fcnglichen Strand sind, dann sollten Sie einen Ausflug nach Son Real N\u00e4he Son Serra de Marina unternehmen. Hier befinden sich H\u00f6hlen und alte Grabst\u00e4tten, die noch sehr gut erhalten sind.<\/p>\n<p><a href=\"https:\/\/www.vacalia.com\"><img loading=\"lazy\" decoding=\"async\" class=\"alignnone wp-image-358 size-large\" title=\"Was ist sehenswert in Mallorca\" src=\"https:\/\/www.vacalia.com\/blog\/wp-content\/uploads\/2017\/07\/Platja_de_son_Real_2-1024x768.jpg\" alt=\"Was ist sehenswert in Mallorca\" width=\"1024\" height=\"768\" srcset=\"https:\/\/www.vacalia.com\/blog\/wp-content\/uploads\/2017\/07\/Platja_de_son_Real_2-1024x768.jpg 1024w, https:\/\/www.vacalia.com\/blog\/wp-content\/uploads\/2017\/07\/Platja_de_son_Real_2-300x225.jpg 300w, https:\/\/www.vacalia.com\/blog\/wp-content\/uploads\/2017\/07\/Platja_de_son_Real_2-768x576.jpg 768w, https:\/\/www.vacalia.com\/blog\/wp-content\/uploads\/2017\/07\/Platja_de_son_Real_2-1050x787.jpg 1050w, https:\/\/www.vacalia.com\/blog\/wp-content\/uploads\/2017\/07\/Platja_de_son_Real_2-1600x1200.jpg 1600w\" sizes=\"(max-width: 1024px) 100vw, 1024px\" \/><\/a><\/p>\n<ul style=\"text-align: justify;\">\n<li><strong>Was ist sehenswert in Mallorca | Der Westen der Insel:<\/strong><\/li>\n<\/ul>\n<p style=\"text-align: justify;\">Im Westen-S\u00fcdwesten Mallorcas befinden sich kleine exklusive Hafen wie der von Andratx, Puerto Potals oder Port Adriano bishin zu dem Hafen vonPalma, der Inselhaupstadt, vorbei an kleinen idyllischen Bergd\u00f6rfern wie Puigpunyent.<\/p>\n<p style=\"text-align: justify;\">Nicht Fehlen sollte ein Besuch des Castell de Bellver oder des Castell de Bendinat, nicht zuletzt wegen der traumhaften Aussicht und Ihrem kulturellen Interesse, sowie Potals Nous, eine kleine wundersch\u00f6ne Bucht.<\/p>\n<p><a href=\"https:\/\/www.vacalia.com\"><img loading=\"lazy\" decoding=\"async\" class=\"alignnone wp-image-359 size-large\" title=\"Was ist sehenswert in Mallorca\" src=\"https:\/\/www.vacalia.com\/blog\/wp-content\/uploads\/2017\/07\/5806482160_f2cb541885_b-1024x768.jpg\" alt=\"Was ist sehenswert in Mallorca\" width=\"1024\" height=\"768\" srcset=\"https:\/\/www.vacalia.com\/blog\/wp-content\/uploads\/2017\/07\/5806482160_f2cb541885_b.jpg 1024w, https:\/\/www.vacalia.com\/blog\/wp-content\/uploads\/2017\/07\/5806482160_f2cb541885_b-300x225.jpg 300w, https:\/\/www.vacalia.com\/blog\/wp-content\/uploads\/2017\/07\/5806482160_f2cb541885_b-768x576.jpg 768w\" sizes=\"(max-width: 1024px) 100vw, 1024px\" \/><\/a><\/p>\n<ul style=\"text-align: justify;\">\n<li><strong>Was ist sehenswert in Mallorca | Das Zentrum der Insel:<\/strong><\/li>\n<\/ul>\n<p style=\"text-align: justify;\">Das Inselinnere ist Tradition pur. Weitl\u00e4ufige Felder, alte Mehlm\u00fchlen und vorallen Dingen die inseltypische Kultur dieses Eilandes. Wer auf der Suche nach dem Urspr\u00fcnglichen der Insel ist, der ist hier genau richtig. In kleinen D\u00f6rfern wie Binissalem, Santa Maria oder Petra befinden sich noch einige alteingesessene Weinkeller, welche mit Weinproben einladen einmal das zu schmecken wonach Mallorca schmeckt.<\/p>\n<p><a href=\"https:\/\/www.vacalia.com\"><img loading=\"lazy\" decoding=\"async\" class=\"alignnone wp-image-360 size-large\" title=\"Was ist sehenswert in Mallorca\" src=\"https:\/\/www.vacalia.com\/blog\/wp-content\/uploads\/2017\/07\/Beautiful_Finca_of_Mallorca_-_panoramio-1024x768.jpg\" alt=\"Was ist sehenswert in Mallorca\" width=\"1024\" height=\"768\" srcset=\"https:\/\/www.vacalia.com\/blog\/wp-content\/uploads\/2017\/07\/Beautiful_Finca_of_Mallorca_-_panoramio.jpg 1024w, https:\/\/www.vacalia.com\/blog\/wp-content\/uploads\/2017\/07\/Beautiful_Finca_of_Mallorca_-_panoramio-300x225.jpg 300w, https:\/\/www.vacalia.com\/blog\/wp-content\/uploads\/2017\/07\/Beautiful_Finca_of_Mallorca_-_panoramio-768x576.jpg 768w\" sizes=\"(max-width: 1024px) 100vw, 1024px\" \/><\/a><\/p>\n<p>Wenn Ihr uns besuchen kommt, dann testet uns und\u00a0<strong><a href=\"https:\/\/www.vacalia.com\">mietet eine Finca oder Villa \u00fcber uns an<\/a>!<\/strong><\/p>\n\n<div class=\"bannerBlog\"><div class=\"new-card-houses\">\n    <div class=\"likeOut likeDivOut\" style=\"display:none\">\n        <a data-id=\"3703\" class=\"likeOut_button_red likeBtnFav\"\n            aria-label=\"Megusta Vacalia\"><\/a>\n    <\/div>\n    <figure>\n        <img loading=\"lazy\" decoding=\"async\" \n            loading=\"lazy\" width=\"301\" height=\"200\"\n            src=\"\/\/media.vacalia.com\/photo\/reformatwebpfolder\/350\/200\/3703\/thumb-middle\/3703_52381e6bcda79ad5fd77c029fde39fa5.webp?v=21092023\"\n            alt=\"Vell mari 6 - Ferienhaus auf s&#039;Illot\"\/>\n                                                                        <div class=\"circleDiscount\">-7%<\/div>\n                        <\/figure>\n    <p itemprop=\"address\"><i class=\"ico-marker\"><\/i>s&#039;Illot, Mallorca<\/p>\n    <h3 itemprop=\"name\">Vell mari 6<\/h3>\n    <ul class=\"icon_list inline_list\">\n                              <li class=\"ico-airConditioning\" title=\"Klimaanlage\">\n              <span itemprop=\"amenityFeature\">Klimaanlage<\/span>\n            <\/li>\n                      <li class=\"ico-wifi\" title=\"Wifi\">\n              <span itemprop=\"amenityFeature\">Wifi<\/span>\n            <\/li>\n                      <li class=\"ico-views\" title=\"Ausblick\">\n              <span itemprop=\"amenityFeature\">Ausblick<\/span>\n            <\/li>\n                          <li class=\"ico-guests\" title=\"F\u00fcr 2 G\u00e4ste in S&#039;illot.\">\n          <span itemprop=\"occupancy\">2<\/span>\n        <\/li>\n    <\/ul>\n            <span class=\"price\">Ab 119\u20ac \/ Nacht<\/span>\n                <a itemprop=\"url\" class=\"anchor\" href=\"https:\/\/www.vacalia.com\/de\/ferienhaus-vell-mari-6-sant-llorenc-des-cardassar-h24726\" aria-label=\"Vell mari 6\"><\/a>\n<\/div><div class=\"new-card-houses\">\n    <div class=\"likeOut likeDivOut\" style=\"display:none\">\n        <a data-id=\"4671\" class=\"likeOut_button_red likeBtnFav\"\n            aria-label=\"Megusta Vacalia\"><\/a>\n    <\/div>\n    <figure>\n        <img loading=\"lazy\" decoding=\"async\" \n            loading=\"lazy\" width=\"301\" height=\"200\"\n            src=\"\/\/media.vacalia.com\/photo\/reformatwebpfolder\/350\/200\/4671\/thumb-middle\/4671_ba62a093202de5f97b3be34acf6fc5e1.webp?v=21092023\"\n            alt=\"Joan - Ferienhaus auf Can Picafort\"\/>\n                                                                        <div class=\"circleDiscount\">-11%<\/div>\n                        <\/figure>\n    <p itemprop=\"address\"><i class=\"ico-marker\"><\/i>Can Picafort, Mallorca<\/p>\n    <h3 itemprop=\"name\">Joan<\/h3>\n    <ul class=\"icon_list inline_list\">\n                              <li class=\"ico-airConditioning\" title=\"Klimaanlage\">\n              <span itemprop=\"amenityFeature\">Klimaanlage<\/span>\n            <\/li>\n                      <li class=\"ico-wifi\" title=\"Wifi\">\n              <span itemprop=\"amenityFeature\">Wifi<\/span>\n            <\/li>\n                      <li class=\"ico-views\" title=\"Ausblick\">\n              <span itemprop=\"amenityFeature\">Ausblick<\/span>\n            <\/li>\n                          <li class=\"ico-guests\" title=\"F\u00fcr 6 G\u00e4ste in Can Picafort.\">\n          <span itemprop=\"occupancy\">6<\/span>\n        <\/li>\n    <\/ul>\n            <span class=\"price\">Ab 226\u20ac \/ Nacht<\/span>\n                <a itemprop=\"url\" class=\"anchor\" href=\"https:\/\/www.vacalia.com\/de\/ferienhaus-joan-santa-margalida-h27158\" aria-label=\"Joan\"><\/a>\n<\/div><\/div>\n","protected":false},"excerpt":{"rendered":"<p>Was ist sehenswert in Mallorca? Man sagt wer einmal kommt, kommt immer wieder oder er bleibt. Bereits in unserem letzten Post haben wir angesprochen, dass es hier eine grosse Vielzahl&hellip;<\/p>\n","protected":false},"author":1,"featured_media":0,"comment_status":"closed","ping_status":"open","sticky":false,"template":"","format":"standard","meta":{"_monsterinsights_skip_tracking":false,"_monsterinsights_sitenote_active":false,"_monsterinsights_sitenote_note":"","_monsterinsights_sitenote_category":0,"footnotes":""},"categories":[40],"tags":[],"class_list":["post-302","post","type-post","status-publish","format-standard","hentry","category-allgemein"],"_links":{"self":[{"href":"https:\/\/www.vacalia.com\/blog\/wp-json\/wp\/v2\/posts\/302"}],"collection":[{"href":"https:\/\/www.vacalia.com\/blog\/wp-json\/wp\/v2\/posts"}],"about":[{"href":"https:\/\/www.vacalia.com\/blog\/wp-json\/wp\/v2\/types\/post"}],"author":[{"embeddable":true,"href":"https:\/\/www.vacalia.com\/blog\/wp-json\/wp\/v2\/users\/1"}],"replies":[{"embeddable":true,"href":"https:\/\/www.vacalia.com\/blog\/wp-json\/wp\/v2\/comments?post=302"}],"version-history":[{"count":10,"href":"https:\/\/www.vacalia.com\/blog\/wp-json\/wp\/v2\/posts\/302\/revisions"}],"predecessor-version":[{"id":4868,"href":"https:\/\/www.vacalia.com\/blog\/wp-json\/wp\/v2\/posts\/302\/revisions\/4868"}],"wp:attachment":[{"href":"https:\/\/www.vacalia.com\/blog\/wp-json\/wp\/v2\/media?parent=302"}],"wp:term":[{"taxonomy":"category","embeddable":true,"href":"https:\/\/www.vacalia.com\/blog\/wp-json\/wp\/v2\/categories?post=302"},{"taxonomy":"post_tag","embeddable":true,"href":"https:\/\/www.vacalia.com\/blog\/wp-json\/wp\/v2\/tags?post=302"}],"curies":[{"name":"wp","href":"https:\/\/api.w.org\/{rel}","templated":true}]}}