{"id":3034,"date":"2019-12-17T10:38:45","date_gmt":"2019-12-17T09:38:45","guid":{"rendered":"https:\/\/www.vacalia.com\/blog\/?p=3034"},"modified":"2024-02-14T10:53:59","modified_gmt":"2024-02-14T09:53:59","slug":"casas-alquiler-vacacional-valencia-semana-santa","status":"publish","type":"post","link":"https:\/\/www.vacalia.com\/blog\/es\/casas-alquiler-vacacional-valencia-semana-santa\/","title":{"rendered":"Casas de alquiler vacacional en Valencia para tus vacaciones en familia"},"content":{"rendered":"\n<p>Cuando suena el despertador por las ma\u00f1anas y la rutina es\nla protagonista, solo queda una alternativa: <strong>empezar a planear las pr\u00f3ximas vacaciones<\/strong>. El sol, la playa, la\nnaturaleza, los largos d\u00edas sin obligaciones\u2026 \u00bfapetecible, verdad? Adel\u00e1ntate\nplanificando ya las vacaciones de Semana Santa y <strong>consigue las mejores ofertas en alojamientos vacacionales<\/strong>.<\/p>\n\n\n\n<p>En primer lugar, hay que decidir el destino. Nuestra propuesta: <strong>unas <a href=\"https:\/\/www.vacalia.com\/blog\/es\/vacaciones-costa-blanca-todo-el-ano\/\" target=\"_blank\" rel=\"noreferrer noopener\" aria-label=\"vacaciones en la Costa Blanca (abre en una nueva pesta\u00f1a)\">vacaciones en la Costa Blanca<\/a> para disfrutar de la singularidad de sus rincones<\/strong>. Descubre qu\u00e9 hacer en Semana Santa en Valencia y Alicante, la variedad de planes es inagotable. \u00bfY si adem\u00e1s encuentras la casa de tus sue\u00f1os al mejor precio? Hoy te traemos algunas propuestas de <strong>alojamientos de alquiler en la Costa Blanca<\/strong> para que empieces a so\u00f1ar con tus pr\u00f3ximas vacaciones.<\/p>\n\n\n\n<h2 class=\"wp-block-heading\">Las mejores casas de alquiler vacacional en Valencia<\/h2>\n\n\n\n<h3 class=\"wp-block-heading\">Casa con piscina cerca de Gand\u00eda<\/h3>\n\n\n\n<p>La <a href=\"https:\/\/www.vacalia.com\/es\/villa-bohemia-barx-h19193\" target=\"_blank\" rel=\"noreferrer noopener\" aria-label=\" (abre en una nueva pesta\u00f1a)\">casa vacacional Bohemia<\/a> es ideal para <strong>disfrutar de la tranquilidad la naturaleza<\/strong>, con las monta\u00f1as como escenario, sin renunciar a la cercan\u00eda del mar, con la Playa de Gand\u00eda a 20 kil\u00f3metros de distancia. Situada en el entorno de la <strong>Sierra del Mond\u00faver<\/strong>, uno de los parajes naturales m\u00e1s importantes de Valencia, esta residencia cuenta con todos los servicios para pasar unos d\u00edas de vacaciones inolvidables.<\/p>\n\n\n\n<figure class=\"wp-block-image\"><img fetchpriority=\"high\" decoding=\"async\" width=\"1024\" height=\"678\" src=\"https:\/\/www.vacalia.com\/blog\/wp-content\/uploads\/2019\/11\/casa-vacacional-bohemia-1024x678.gif\" alt=\"Casa de alquiler vacacional en Valencia Bohemia\" class=\"wp-image-3035\" srcset=\"https:\/\/www.vacalia.com\/blog\/wp-content\/uploads\/2019\/11\/casa-vacacional-bohemia-1024x678.gif 1024w, https:\/\/www.vacalia.com\/blog\/wp-content\/uploads\/2019\/11\/casa-vacacional-bohemia-300x199.gif 300w, https:\/\/www.vacalia.com\/blog\/wp-content\/uploads\/2019\/11\/casa-vacacional-bohemia-768x509.gif 768w\" sizes=\"(max-width: 1024px) 100vw, 1024px\" \/><figcaption class=\"wp-element-caption\">Casa de alquiler vacacional en Valencia \u201cBohemia\u201d<\/figcaption><\/figure>\n\n\n\n<p>En el patio se pueden apreciar unas <strong>espectaculares vistas de la monta\u00f1a desde la piscina<\/strong> o desde uno de\nlos dos porches amueblados, perfectos para organizar una agradable comida en\nfamilia. <\/p>\n\n\n\n<p>La casa cuenta con <strong>cuatro dormitorios y dos ba\u00f1os<\/strong>. Una acogedora sala de estar, cocina equipada con todos los electrodom\u00e9sticos y una lavander\u00eda, completan las estancias de esta residencia vacacional que dispone de todo lo necesario para disfrutar de unos d\u00edas en plena naturaleza sin renunciar a la comodidad.<\/p>\n\n\n\n<h3 class=\"wp-block-heading\">Casa con piscina cerca de J\u00e1tiva<\/h3>\n\n\n\n<p>En la localidad de Lluxent, a menos de 20 kil\u00f3metros de J\u00e1tiva, se encuentra la <a href=\"https:\/\/www.vacalia.com\/es\/villa-parthenon-llutxent-h14942\" target=\"_blank\" rel=\"noreferrer noopener\" aria-label=\" (abre en una nueva pesta\u00f1a)\">casa vacacional Parthenon<\/a>, un verdadero lujo tu alcance. Esta villa fue construida en 2006 en plena naturaleza ambientada en el monumento m\u00e1s famoso de Grecia. <\/p>\n\n\n\n<p>El cuidado por los detalles es el rasgo m\u00e1s destacado de esta propiedad. En el jard\u00edn se encuentra una piscina desde la que disfrutar de una panor\u00e1mica inmejorable de la <strong>comarca La Vall d&#8217;Albaida<\/strong>, famosa por su riqueza natural, mientras la playa m\u00e1s cercana, la de Gand\u00eda, est\u00e1 a solo 20 km. <\/p>\n\n\n\n<figure class=\"wp-block-image\"><img decoding=\"async\" width=\"1024\" height=\"678\" src=\"https:\/\/www.vacalia.com\/blog\/wp-content\/uploads\/2019\/11\/casa-vacacional-parthenon-1024x678.gif\" alt=\"Casa de alquiler vacacional en Valencia \u201cParthenon\u201d\" class=\"wp-image-3036\" srcset=\"https:\/\/www.vacalia.com\/blog\/wp-content\/uploads\/2019\/11\/casa-vacacional-parthenon-1024x678.gif 1024w, https:\/\/www.vacalia.com\/blog\/wp-content\/uploads\/2019\/11\/casa-vacacional-parthenon-300x199.gif 300w, https:\/\/www.vacalia.com\/blog\/wp-content\/uploads\/2019\/11\/casa-vacacional-parthenon-768x509.gif 768w\" sizes=\"(max-width: 1024px) 100vw, 1024px\" \/><figcaption class=\"wp-element-caption\">Casa de alquiler vacacional en Valencia \u201cParthenon\u201d<\/figcaption><\/figure>\n\n\n\n<p>Un <strong>porche con sof\u00e1s<\/strong> y un <strong>patio equipado para cocinar<\/strong> se integran en los exteriores de la villa. Adem\u00e1s, dispone de todos los servicios necesarios para pasar unos d\u00edas de descanso sin preocupaciones: electrodom\u00e9sticos, menaje, aire acondicionado, estufas o lavander\u00eda, entre otros.<\/p>\n\n\n\n<p>Si buscas un alquiler vacacional en Valencia y Alicante, en <strong>Vacalia<\/strong> encontrar\u00e1s la mejor oferta de <strong>casas y apartamentos en la Costa Blanca<\/strong> que mejor se adaptan a tus necesidades. <\/p>\n\n\n\n<p>Adem\u00e1s, entre nuestros servicios puedes encontrar tambi\u00e9n un amplio cat\u00e1logo de <strong>alojamientos vacacionales en Mallorca<\/strong>, una opci\u00f3n ideal para acercarse a conocer los paisajes y pueblos de una de las islas m\u00e1s bellas del Mediterr\u00e1neo.&nbsp; <\/p>\n\n\n<div class=\"bannerBlog\"><div class=\"new-card-houses\">\n    <div class=\"likeOut likeDivOut\" style=\"display:none\">\n        <a data-id=\"2219\" class=\"likeOut_button_red likeBtnFav\"\n            aria-label=\"Megusta Vacalia\"><\/a>\n    <\/div>\n    <figure>\n        <img loading=\"lazy\" decoding=\"async\" \n            loading=\"lazy\" width=\"301\" height=\"200\"\n            src=\"\/\/media.vacalia.com\/photo\/reformatwebpfolder\/350\/200\/2219\/thumb-middle\/2219_83ab1aa5af2f25ce9ff8d9eed3848b0c.webp?v=21092023\"\n            alt=\"Odisea - Alquiler vacacional en Urbanitzaci\u00f3 Platja de Miramar\"\/>\n                                                                        <div class=\"circleDiscount\">-6%<\/div>\n                        <\/figure>\n    <p itemprop=\"address\"><i class=\"ico-marker\"><\/i>Urbanitzaci\u00f3 Platja de Miramar, Valencia<\/p>\n    <h3 itemprop=\"name\">Odisea<\/h3>\n    <ul class=\"icon_list inline_list\">\n                              <li class=\"ico-views\" title=\"Vistas\">\n              <span itemprop=\"amenityFeature\">Vistas<\/span>\n            <\/li>\n                      <li class=\"ico-pets\" title=\"Mascotas\">\n              <span itemprop=\"amenityFeature\">Mascotas<\/span>\n            <\/li>\n                          <li class=\"ico-guests\" title=\"Para 6 hu\u00e9spedes en Urbanitzaci\u00f3 Platja De Miramar.\">\n          <span itemprop=\"occupancy\">6<\/span>\n        <\/li>\n    <\/ul>\n            <span class=\"price\">Desde 59\u20ac \/ noche<\/span>\n                <a itemprop=\"url\" class=\"anchor\" href=\"https:\/\/www.vacalia.com\/es\/apartamento-odisea-miramar-h19496\" aria-label=\"Odisea\"><\/a>\n<\/div><div class=\"new-card-houses\">\n    <div class=\"likeOut likeDivOut\" style=\"display:none\">\n        <a data-id=\"2776\" class=\"likeOut_button_red likeBtnFav\"\n            aria-label=\"Megusta Vacalia\"><\/a>\n    <\/div>\n    <figure>\n        <img loading=\"lazy\" decoding=\"async\" \n            loading=\"lazy\" width=\"301\" height=\"200\"\n            src=\"\/\/media.vacalia.com\/photo\/reformatwebpfolder\/350\/200\/2776\/thumb-middle\/2776_c6faf7e48f3eb8075b5cbfc4d98db4bf.webp?v=21092023\"\n            alt=\"Alejandrita - Alquiler vacacional en Grau i Platja\"\/>\n                                                                        <div class=\"circleDiscount\">-10%<\/div>\n                        <\/figure>\n    <p itemprop=\"address\"><i class=\"ico-marker\"><\/i>Grau i Platja, Valencia<\/p>\n    <h3 itemprop=\"name\">Alejandrita<\/h3>\n    <ul class=\"icon_list inline_list\">\n                              <li class=\"ico-pool\" title=\"Piscina\">\n              <span itemprop=\"amenityFeature\">Piscina<\/span>\n            <\/li>\n                      <li class=\"ico-airConditioning\" title=\"Aire Acondicionado\">\n              <span itemprop=\"amenityFeature\">Aire Acondicionado<\/span>\n            <\/li>\n                      <li class=\"ico-wifi\" title=\"Wifi\">\n              <span itemprop=\"amenityFeature\">Wifi<\/span>\n            <\/li>\n                      <li class=\"ico-pets\" title=\"Mascotas\">\n              <span itemprop=\"amenityFeature\">Mascotas<\/span>\n            <\/li>\n                          <li class=\"ico-guests\" title=\"Para 4 hu\u00e9spedes en Grau I Platja.\">\n          <span itemprop=\"occupancy\">4<\/span>\n        <\/li>\n    <\/ul>\n            <span class=\"price\">Desde 75\u20ac \/ noche<\/span>\n                <a itemprop=\"url\" class=\"anchor\" href=\"https:\/\/www.vacalia.com\/es\/apartamento-alejandrita-gandia-h19172\" aria-label=\"Alejandrita\"><\/a>\n<\/div><\/div>\n","protected":false},"excerpt":{"rendered":"<p>Encontrar la casa de alquiler vacacional de tus sue\u00f1os es m\u00e1s f\u00e1cil de lo que crees. Hoy te traemos una selecci\u00f3n de casa de alquiler en Valencia para disfrutar como nunca de tus pr\u00f3ximas vacaciones de Semana Santa en familia.<\/p>\n","protected":false},"author":2,"featured_media":3038,"comment_status":"closed","ping_status":"open","sticky":false,"template":"","format":"standard","meta":{"_monsterinsights_skip_tracking":false,"_monsterinsights_sitenote_active":false,"_monsterinsights_sitenote_note":"","_monsterinsights_sitenote_category":0,"footnotes":""},"categories":[1],"tags":[],"class_list":["post-3034","post","type-post","status-publish","format-standard","has-post-thumbnail","hentry","category-general-es"],"_links":{"self":[{"href":"https:\/\/www.vacalia.com\/blog\/wp-json\/wp\/v2\/posts\/3034"}],"collection":[{"href":"https:\/\/www.vacalia.com\/blog\/wp-json\/wp\/v2\/posts"}],"about":[{"href":"https:\/\/www.vacalia.com\/blog\/wp-json\/wp\/v2\/types\/post"}],"author":[{"embeddable":true,"href":"https:\/\/www.vacalia.com\/blog\/wp-json\/wp\/v2\/users\/2"}],"replies":[{"embeddable":true,"href":"https:\/\/www.vacalia.com\/blog\/wp-json\/wp\/v2\/comments?post=3034"}],"version-history":[{"count":11,"href":"https:\/\/www.vacalia.com\/blog\/wp-json\/wp\/v2\/posts\/3034\/revisions"}],"predecessor-version":[{"id":4728,"href":"https:\/\/www.vacalia.com\/blog\/wp-json\/wp\/v2\/posts\/3034\/revisions\/4728"}],"wp:featuredmedia":[{"embeddable":true,"href":"https:\/\/www.vacalia.com\/blog\/wp-json\/wp\/v2\/media\/3038"}],"wp:attachment":[{"href":"https:\/\/www.vacalia.com\/blog\/wp-json\/wp\/v2\/media?parent=3034"}],"wp:term":[{"taxonomy":"category","embeddable":true,"href":"https:\/\/www.vacalia.com\/blog\/wp-json\/wp\/v2\/categories?post=3034"},{"taxonomy":"post_tag","embeddable":true,"href":"https:\/\/www.vacalia.com\/blog\/wp-json\/wp\/v2\/tags?post=3034"}],"curies":[{"name":"wp","href":"https:\/\/api.w.org\/{rel}","templated":true}]}}