{"id":3047,"date":"2019-12-05T10:06:34","date_gmt":"2019-12-05T09:06:34","guid":{"rendered":"https:\/\/www.vacalia.com\/blog\/?p=3047"},"modified":"2024-02-14T15:21:50","modified_gmt":"2024-02-14T14:21:50","slug":"moderne-fincas-mallorca","status":"publish","type":"post","link":"https:\/\/www.vacalia.com\/blog\/moderne-fincas-mallorca\/","title":{"rendered":"Moderne Fincas auf Mallorca mieten"},"content":{"rendered":"\n<p>Wenn man an einen Urlaub auf Mallorca denkt, kommen einem sofort die Bilder der typischen wei\u00dfen Fincas in den Kopf, in denen helle klare R\u00e4ume mit wundersch\u00f6nen traditionellen Details zum Tr\u00e4umen einladen. In den <strong>modernen Versionen<\/strong> lassen <strong>klare zeitgem\u00e4\u00dfe Linien die Designs beruhigend und edel erscheinen und oft bringen gro\u00dfe Fensterfronten viel Licht in die Wohnr\u00e4ume<\/strong>, sodass man wundersch\u00f6ne Ausblicke genie\u00dfen kann. Doch moderne H\u00e4user haben nicht nur etwas mit der Architektur zu tun, sondern auch mit moderner Ausstattung, denn auch im Urlaub sollten Sie nicht auf diese Annehmlichkeiten verzichten m\u00fcssen. Sp\u00fclmaschine &amp; Co machen einem das Leben einfacher &#8211; egal wo man ist. G\u00f6nnen Sie sich also ein Urlaubserlebnis in einem modernen Ferienhaus auf Mallorca, in dem es Ihnen an nichts fehlt.<\/p>\n\n\n\n<h2 class=\"wp-block-heading\">Unsere moderne Finca \u201eCan Parra\u201d in Puerto de Andratx, Mallorca<\/h2>\n\n\n\n<p>Diese au\u00dfergew\u00f6hnliche <strong><a rel=\"noreferrer noopener\" aria-label=\" (abre en una nueva pesta\u00f1a)\" href=\"https:\/\/www.vacalia.com\/de\/villa-mieten-can-parra-andratx-h18987\" target=\"_blank\">moderne Finca mit 6 Schlafzimmern<\/a><\/strong> liegt am Fu\u00dfe eines Hanges mit atemberaubenden Aussichten \u00fcber <strong>die ber\u00fchmte Bucht von Puerto de Andratx<\/strong>. Das weitl\u00e4ufige Grundst\u00fcck ist wundersch\u00f6n begr\u00fcnt und l\u00e4dt zum Spielen, Relaxen und Verweilen ein. Inmitten dieses gr\u00fcnen Paradies sticht die elegante wei\u00dfe Luxusfinca hervor. Sie besitzt traditionelle Charakteristiken, jedoch ohne an Moderne einzub\u00fc\u00dfen. Der absolute Hingucker des Au\u00dfenbereichs bleibt jedoch der <strong>gro\u00dfe Salzwasserpool<\/strong>. Der Kontrast des t\u00fcrkisblauen Wassers bringt jeden in Ferienstimmung. Da es <strong>keine direkten Nachbarn<\/strong> gibt k\u00f6nnen Sie hier Ihre Ferien ganz im Privaten genie\u00dfen.<\/p>\n\n\n\n<figure class=\"wp-block-image\"><img fetchpriority=\"high\" decoding=\"async\" width=\"1024\" height=\"678\" src=\"https:\/\/www.vacalia.com\/blog\/wp-content\/uploads\/2019\/11\/diciembre-villas-modernas-segunda-imagen-1024x678.gif\" alt=\"Blick auf die Terrasse mit Pool der modernen Luxusfinca \u201eCan Parra\u201c in Puerto de Andratx, Mallorca\" class=\"wp-image-3048\" srcset=\"https:\/\/www.vacalia.com\/blog\/wp-content\/uploads\/2019\/11\/diciembre-villas-modernas-segunda-imagen-1024x678.gif 1024w, https:\/\/www.vacalia.com\/blog\/wp-content\/uploads\/2019\/11\/diciembre-villas-modernas-segunda-imagen-300x199.gif 300w, https:\/\/www.vacalia.com\/blog\/wp-content\/uploads\/2019\/11\/diciembre-villas-modernas-segunda-imagen-768x509.gif 768w\" sizes=\"(max-width: 1024px) 100vw, 1024px\" \/><figcaption class=\"wp-element-caption\">Blick auf die Terrasse mit Pool der modernen Luxusfinca \u201eCan Parra\u201c in Puerto de Andratx, Mallorca.<\/figcaption><\/figure>\n\n\n\n<p>Die gro\u00dfen gl\u00e4sernen Schiebet\u00fcren dieser modernen Luxusfinca auf Mallorca verbinden den <strong>offenen Wohn- und Essbereich mit der weitl\u00e4ufigen Terrasse<\/strong>, auf der ein gro\u00dfer Esstisch und eine Lounge-Ecke zum Verweilen einladen. So k\u00f6nnen Sie vom Sofa aus sowohl den <strong>modernen Kamin<\/strong> im Inneren als auch den Ausblick in den gepflegten Garten genie\u00dfen. In der anschlie\u00dfenden <strong>gro\u00dfen Wohnk\u00fcche<\/strong> finden Sie einen weiteren Esstisch, an dem die ganze Familie oder Ihre Freunde Platz finden, und alle Annehmlichkeiten, die eine moderne K\u00fcche bietet: Induktionskochfeld, Elektroofen, Mikrowelle, Sp\u00fclmaschine etc.&nbsp;<\/p>\n\n\n\n<figure class=\"wp-block-image\"><img decoding=\"async\" width=\"1024\" height=\"678\" src=\"https:\/\/www.vacalia.com\/blog\/wp-content\/uploads\/2019\/11\/diciembre-villas-modernas-tercera-imagen-1024x678.gif\" alt=\"Die moderne, voll ausgestattete K\u00fcche der Finca \u201eCan Parra\u201c auf Mallorca\" class=\"wp-image-3049\" srcset=\"https:\/\/www.vacalia.com\/blog\/wp-content\/uploads\/2019\/11\/diciembre-villas-modernas-tercera-imagen-1024x678.gif 1024w, https:\/\/www.vacalia.com\/blog\/wp-content\/uploads\/2019\/11\/diciembre-villas-modernas-tercera-imagen-300x199.gif 300w, https:\/\/www.vacalia.com\/blog\/wp-content\/uploads\/2019\/11\/diciembre-villas-modernas-tercera-imagen-768x509.gif 768w\" sizes=\"(max-width: 1024px) 100vw, 1024px\" \/><figcaption class=\"wp-element-caption\">Die moderne, voll ausgestattete K\u00fcche der Finca \u201eCan Parra\u201c auf Mallorca.<\/figcaption><\/figure>\n\n\n\n<p>Des Weiteren bietet diese helle freundliche Finca <strong>6 lichtdurchflutete Schlafzimmer<\/strong> mit <strong>5 luxuri\u00f6sen modernen Badezimmern<\/strong>, so haben hier bis zu <strong>12 Personen Platz<\/strong>.<\/p>\n\n\n\n<h2 class=\"wp-block-heading\">Unser modernes Ferienhaus \u201eCasa de Vidre\u201d in Son Serra de Marina, Mallorca<\/h2>\n\n\n\n<p>Dieses gradlinige au\u00dfergew\u00f6hnliche <strong><a href=\"https:\/\/www.vacalia.com\/de\/villa-mieten-casa-de-vidre-santa-margalida-h16422\" target=\"_blank\" rel=\"noreferrer noopener\" aria-label=\" (abre en una nueva pesta\u00f1a)\">moderne Ferienhaus mit 5 Schlafzimmern<\/a><\/strong> bietet Platz <strong>f\u00fcr 8 Personen<\/strong>. Der gro\u00dfz\u00fcgige offene Wohn- und Essbereich ist komplett verglast, so kann man die herrliche <strong>Aussicht auf den Garten und das nahegelegene Meer<\/strong> aus jeder Ecke genie\u00dfen. Das 450m\u00b2 gro\u00dfe Grundst\u00fcck ist umz\u00e4unt, so k\u00f6nnen Ihre Kinder ohne Gefahr spielen und direkte Blicke von Nachbarn werden abgefangen. Nicht zu \u00fcbersehen ist der <strong>private Salzwasserpool<\/strong>, der nach dem Spielen oder Sonnenbaden zum Abk\u00fchlen einl\u00e4dt.<\/p>\n\n\n\n<figure class=\"wp-block-image\"><img decoding=\"async\" width=\"1024\" height=\"678\" src=\"https:\/\/www.vacalia.com\/blog\/wp-content\/uploads\/2019\/11\/diciembre-villas-modernas-cuarta-imagen-1024x678.gif\" alt=\"Das moderne Ferienhaus \u201eCasa de Vidre\u201c auf Mallorca hat einen Garten mit Pool\" class=\"wp-image-3050\" srcset=\"https:\/\/www.vacalia.com\/blog\/wp-content\/uploads\/2019\/11\/diciembre-villas-modernas-cuarta-imagen-1024x678.gif 1024w, https:\/\/www.vacalia.com\/blog\/wp-content\/uploads\/2019\/11\/diciembre-villas-modernas-cuarta-imagen-300x199.gif 300w, https:\/\/www.vacalia.com\/blog\/wp-content\/uploads\/2019\/11\/diciembre-villas-modernas-cuarta-imagen-768x509.gif 768w\" sizes=\"(max-width: 1024px) 100vw, 1024px\" \/><figcaption class=\"wp-element-caption\">Das moderne Ferienhaus \u201eCasa de Vidre\u201c auf Mallorca hat einen Garten mit Pool.<\/figcaption><\/figure>\n\n\n\n<p>Dieses <strong>alleinstehende moderne Ferienhaus auf Mallorca<\/strong> liegt in einem ruhigen und sicheren Wohngebiet in Son Serra de Marina nur 20m vom kleinen Naturstrand entfernt und ganz <strong>in der N\u00e4he von Can Picaford<\/strong>. Es besticht vor allem durch sein <strong>helles modernes Design<\/strong> mit offener Treppe und gro\u00dfz\u00fcgigen Fensterfronten in allen Schlafzimmern.<\/p>\n\n\n\n<figure class=\"wp-block-image\"><img loading=\"lazy\" decoding=\"async\" width=\"1024\" height=\"678\" src=\"https:\/\/www.vacalia.com\/blog\/wp-content\/uploads\/2019\/11\/diciembre-casas-modernas-5-imagen-1024x678.gif\" alt=\"Das moderne Wohnzimmer des Ferienhauses \u201eCasa de Vidre\u201c auf Mallorca\" class=\"wp-image-3051\" srcset=\"https:\/\/www.vacalia.com\/blog\/wp-content\/uploads\/2019\/11\/diciembre-casas-modernas-5-imagen-1024x678.gif 1024w, https:\/\/www.vacalia.com\/blog\/wp-content\/uploads\/2019\/11\/diciembre-casas-modernas-5-imagen-300x199.gif 300w, https:\/\/www.vacalia.com\/blog\/wp-content\/uploads\/2019\/11\/diciembre-casas-modernas-5-imagen-768x509.gif 768w\" sizes=\"(max-width: 1024px) 100vw, 1024px\" \/><figcaption class=\"wp-element-caption\">Das moderne Wohnzimmer des Ferienhauses \u201eCasa de Vidre\u201c auf Mallorca.<\/figcaption><\/figure>\n\n\n\n<p>Die <strong>weitl\u00e4ufige Terrasse<\/strong> ist halb \u00fcberdacht und <strong>mit Sonnenliegen und einem gro\u00dfen Esstisch<\/strong> ausgestatten. Hier kann die ganze Familie zusammen essen, spielen oder einfach relaxen. Die <strong>moderne K\u00fcche<\/strong> ist mit allem, was Sie f\u00fcr einen ruhigen stressfreien Urlaub brauchen, ausgestattet: Induktionsherd, Geschirrsp\u00fcler, Kaffeemaschine, Elektroofen, etc.<\/p>\n\n\n\n<h2 class=\"wp-block-heading\">Viele weitere moderne Fincas auf Mallorca\n<\/h2>\n\n\n\n<p>Diese <strong>modernen Ferienh\u00e4user auf Mallorca<\/strong> sind nur\nzwei unserer vielen Alternativen. <strong>Besuchen\nSie unsere Website<\/strong> und finden Sie Ihr modernes Ferienhaus, egal ob f\u00fcr gro\u00dfen Gruppen,\nFamilien oder Paare. Mit Vacalia werden Sie einen unglaublichen Urlaub\nverbringen.<em><\/em><\/p>\n\n\n<div class=\"bannerBlog\"><div class=\"new-card-houses\">\n    <div class=\"likeOut likeDivOut\" style=\"display:none\">\n        <a data-id=\"1396\" class=\"likeOut_button_red likeBtnFav\"\n            aria-label=\"Megusta Vacalia\"><\/a>\n    <\/div>\n    <figure>\n        <img loading=\"lazy\" decoding=\"async\" \n            loading=\"lazy\" width=\"301\" height=\"200\"\n            src=\"\/\/media.vacalia.com\/photo\/reformatwebpfolder\/350\/200\/1396\/thumb-middle\/1396_b344734ff95555a63999655a78edc07c.webp?v=21092023\"\n            alt=\"Casa lena - Ferienhaus auf Portocolom\"\/>\n                                                                        <div class=\"circleDiscount\">-29%<\/div>\n                        <\/figure>\n    <p itemprop=\"address\"><i class=\"ico-marker\"><\/i>Portocolom, Mallorca<\/p>\n    <h3 itemprop=\"name\">Casa lena<\/h3>\n    <ul class=\"icon_list inline_list\">\n                              <li class=\"ico-pool\" title=\"Pool\">\n              <span itemprop=\"amenityFeature\">Pool<\/span>\n            <\/li>\n                      <li class=\"ico-wifi\" title=\"Wifi\">\n              <span itemprop=\"amenityFeature\">Wifi<\/span>\n            <\/li>\n                          <li class=\"ico-guests\" title=\"F\u00fcr 6 G\u00e4ste in Portocolom.\">\n          <span itemprop=\"occupancy\">6<\/span>\n        <\/li>\n    <\/ul>\n            <span class=\"price\">Ab 123\u20ac \/ Nacht<\/span>\n                <a itemprop=\"url\" class=\"anchor\" href=\"https:\/\/www.vacalia.com\/de\/villa-casa-lena-felanitx-h16212\" aria-label=\"Casa lena\"><\/a>\n<\/div><div class=\"new-card-houses\">\n    <div class=\"likeOut likeDivOut\" style=\"display:none\">\n        <a data-id=\"341\" class=\"likeOut_button_red likeBtnFav\"\n            aria-label=\"Megusta Vacalia\"><\/a>\n    <\/div>\n    <figure>\n        <img loading=\"lazy\" decoding=\"async\" \n            loading=\"lazy\" width=\"301\" height=\"200\"\n            src=\"\/\/media.vacalia.com\/photo\/reformatwebpfolder\/350\/200\/341\/thumb-middle\/341_46d25439d4c3c49b02000dba5e64e4f7.webp?v=21092023\"\n            alt=\"Es closet - Ferienhaus auf Selva\"\/>\n                                                                        <div class=\"circleDiscount\">-7%<\/div>\n                        <\/figure>\n    <p itemprop=\"address\"><i class=\"ico-marker\"><\/i>Selva, Mallorca<\/p>\n    <h3 itemprop=\"name\">Es closet<\/h3>\n    <ul class=\"icon_list inline_list\">\n                              <li class=\"ico-pool\" title=\"Pool\">\n              <span itemprop=\"amenityFeature\">Pool<\/span>\n            <\/li>\n                      <li class=\"ico-airConditioning\" title=\"Klimaanlage\">\n              <span itemprop=\"amenityFeature\">Klimaanlage<\/span>\n            <\/li>\n                      <li class=\"ico-wifi\" title=\"Wifi\">\n              <span itemprop=\"amenityFeature\">Wifi<\/span>\n            <\/li>\n                          <li class=\"ico-guests\" title=\"F\u00fcr 6 G\u00e4ste in Selva.\">\n          <span itemprop=\"occupancy\">6<\/span>\n        <\/li>\n    <\/ul>\n            <span class=\"price\">Ab 255\u20ac \/ Nacht<\/span>\n                <a itemprop=\"url\" class=\"anchor\" href=\"https:\/\/www.vacalia.com\/de\/villa-es-closet-selva-h15150\" aria-label=\"Es closet\"><\/a>\n<\/div><\/div>\n","protected":false},"excerpt":{"rendered":"<p>Sind Sie auf der Suche nach Ihrer n\u00e4chsten Ferienunterkunft? Wir stellen Ihnen zwei einzigartige, moderne Fincas auf Mallorca vor. Erleben Sie einen unvergesslichen Urlaub mit der ganzen Familie.<\/p>\n","protected":false},"author":2,"featured_media":3053,"comment_status":"closed","ping_status":"open","sticky":false,"template":"","format":"standard","meta":{"_monsterinsights_skip_tracking":false,"_monsterinsights_sitenote_active":false,"_monsterinsights_sitenote_note":"","_monsterinsights_sitenote_category":0,"footnotes":""},"categories":[40],"tags":[],"class_list":["post-3047","post","type-post","status-publish","format-standard","has-post-thumbnail","hentry","category-allgemein"],"_links":{"self":[{"href":"https:\/\/www.vacalia.com\/blog\/wp-json\/wp\/v2\/posts\/3047"}],"collection":[{"href":"https:\/\/www.vacalia.com\/blog\/wp-json\/wp\/v2\/posts"}],"about":[{"href":"https:\/\/www.vacalia.com\/blog\/wp-json\/wp\/v2\/types\/post"}],"author":[{"embeddable":true,"href":"https:\/\/www.vacalia.com\/blog\/wp-json\/wp\/v2\/users\/2"}],"replies":[{"embeddable":true,"href":"https:\/\/www.vacalia.com\/blog\/wp-json\/wp\/v2\/comments?post=3047"}],"version-history":[{"count":8,"href":"https:\/\/www.vacalia.com\/blog\/wp-json\/wp\/v2\/posts\/3047\/revisions"}],"predecessor-version":[{"id":4943,"href":"https:\/\/www.vacalia.com\/blog\/wp-json\/wp\/v2\/posts\/3047\/revisions\/4943"}],"wp:featuredmedia":[{"embeddable":true,"href":"https:\/\/www.vacalia.com\/blog\/wp-json\/wp\/v2\/media\/3053"}],"wp:attachment":[{"href":"https:\/\/www.vacalia.com\/blog\/wp-json\/wp\/v2\/media?parent=3047"}],"wp:term":[{"taxonomy":"category","embeddable":true,"href":"https:\/\/www.vacalia.com\/blog\/wp-json\/wp\/v2\/categories?post=3047"},{"taxonomy":"post_tag","embeddable":true,"href":"https:\/\/www.vacalia.com\/blog\/wp-json\/wp\/v2\/tags?post=3047"}],"curies":[{"name":"wp","href":"https:\/\/api.w.org\/{rel}","templated":true}]}}