{"id":3119,"date":"2019-12-27T10:30:02","date_gmt":"2019-12-27T09:30:02","guid":{"rendered":"https:\/\/www.vacalia.com\/blog\/?p=3119"},"modified":"2024-02-14T10:51:53","modified_gmt":"2024-02-14T09:51:53","slug":"medios-transporte-alicante","status":"publish","type":"post","link":"https:\/\/www.vacalia.com\/blog\/es\/medios-transporte-alicante\/","title":{"rendered":"Transportes de Alicante para moverte en vacaciones"},"content":{"rendered":"\n<p>Una vez decidido el destino para tus vacaciones en la Costa Blanca, llega el momento de preparar la log\u00edstica. Para ayudarte en esta labor, en Vacalia hemos preparado una recopilaci\u00f3n de los <strong>transportes de Alicante<\/strong> m\u00e1s pr\u00e1cticos seg\u00fan tus necesidades.&nbsp;  <\/p>\n\n\n\n<h2 class=\"wp-block-heading\">Red de ferrocarril de Alicante<\/h2>\n\n\n\n<p>La Comunidad Valencia cuenta con uno de los <strong>servicios de ferrocarriles<\/strong> m\u00e1s completo y con una mayor cobertura de territorio del pa\u00eds. Adem\u00e1s, la frecuencia y variedad de la <strong>red de trenes valenciana<\/strong> la convierte en una opci\u00f3n muy recomendable para realizar excursiones y desplazamientos entre distintos puntos de la geograf\u00eda levantina y, de esta manera, ampliar la experiencia que supone unas <strong><a href=\"https:\/\/www.vacalia.com\/blog\/es\/vacaciones-costa-blanca-todo-el-ano\/\" target=\"_blank\" rel=\"noreferrer noopener\" aria-label=\"vacaciones en familia la Costa Blanca (abre en una nueva pesta\u00f1a)\">vacaciones en familia la Costa Blanca<\/a><\/strong>. <\/p>\n\n\n\n<h3 class=\"wp-block-heading\">Trenes: <\/h3>\n\n\n\n<p>Los <strong>trenes de media\ndistancia<\/strong> cubren una amplia red de combinaciones entre las principales\nlocalidades tanto del interior como del litoral. En lo que a la Costa Blanca se\nrefiere, los <strong>trenes regionales<\/strong>\npermiten enlazar pr\u00e1cticamente la totalidad de puntos destacados <strong>desde Orihuela hasta J\u00e1tiva<\/strong>. <\/p>\n\n\n\n<p>Adem\u00e1s, existen recorridos de <strong>trenes de media distancia entre Alicante, Murcia, Valencia o Castell\u00f3n<\/strong>, lo que ampl\u00eda las posibilidades de acercarse a conocer otros puntos de gran inter\u00e9s tur\u00edstico y cultural en la costa mediterr\u00e1nea. La frecuencia de los trenes puede consultarse f\u00e1cilmente en la <a href=\"https:\/\/www.renfe.com\/viajeros\/mediadistancia\/mapas_y_trayectos\/Valencia.html\" target=\"_blank\" rel=\"noreferrer noopener\" aria-label=\" (abre en una nueva pesta\u00f1a)\">p\u00e1gina web de Renfe<\/a>.<\/p>\n\n\n\n<h3 class=\"wp-block-heading\">Cercan\u00edas de Alicante:<\/h3>\n\n\n\n<p>Concretamente dos <strong>l\u00edneas\nde Cercan\u00edas<\/strong> son las m\u00e1s indicadas para moverse por la provincia Alicante: <\/p>\n\n\n\n<ul class=\"wp-block-list\">\n<li>La <strong>l\u00ednea C-1<\/strong>, que comunica con Murcia y realiza paradas en las principales localidades de la Costa Blanca.<\/li>\n<\/ul>\n\n\n\n<ul class=\"wp-block-list\">\n<li>La <strong>l\u00ednea a\nC-3<\/strong>, que transcurre entre la capital alicantina y la poblaci\u00f3n de San\nVicente. <\/li>\n<\/ul>\n\n\n\n<p>Se trata de uno de los medios de transporte p\u00fablico m\u00e1s\npr\u00e1ctico para los desplazamientos entre los distintos puntos de la costa de\nAlicante con un <strong>servicio entre las 6:00\na.m. y las 22:30<\/strong> aproximadamente. <\/p>\n\n\n\n<h3 class=\"wp-block-heading\">Tranv\u00edas de Alicante:<\/h3>\n\n\n\n<p>TRAM es la empresa encargada del <strong>transporte p\u00fablico metropolitano<\/strong> que comunica principalmente el <strong>norte de la provincia<\/strong>. Cuenta con <strong>seis l\u00edneas<\/strong> <strong>que transcurren entre Alicante y Denia <\/strong>en un recorrido muy pr\u00f3ximo a la costa que permite disfrutar del mejor paisaje mar\u00edtimo de forma tranquila, econ\u00f3mica y sostenible.<\/p>\n\n\n\n<figure class=\"wp-block-image\"><img fetchpriority=\"high\" decoding=\"async\" width=\"1024\" height=\"678\" src=\"https:\/\/www.vacalia.com\/blog\/wp-content\/uploads\/2019\/11\/tram-alicante-1024x678.gif\" alt=\"El Tram es uno de los medios de transporte de Alicante m\u00e1s populares\" class=\"wp-image-3120\" srcset=\"https:\/\/www.vacalia.com\/blog\/wp-content\/uploads\/2019\/11\/tram-alicante-1024x678.gif 1024w, https:\/\/www.vacalia.com\/blog\/wp-content\/uploads\/2019\/11\/tram-alicante-300x199.gif 300w, https:\/\/www.vacalia.com\/blog\/wp-content\/uploads\/2019\/11\/tram-alicante-768x509.gif 768w\" sizes=\"(max-width: 1024px) 100vw, 1024px\" \/><figcaption class=\"wp-element-caption\">El Tram de Alicante comunica la capital con los pueblos del norte de la provincia<\/figcaption><\/figure>\n\n\n\n<h2 class=\"wp-block-heading\">Transportes de Alicante<\/h2>\n\n\n\n<p>Las poblaciones m\u00e1s tur\u00edsticas de la Costa Blanca cuentan,\nadem\u00e1s de los <strong>servicios de autobuses\nurbanos<\/strong>, con l\u00edneas que unen el casco urbano y las principales\nurbanizaciones, con el objetivo de favorecer los desplazamientos entre la playa\ny las zonas residenciales.<\/p>\n\n\n\n<p>Distintas empresas se encargan de los <strong>trayectos entre las principales poblaciones de la provincia de Alicante\n<\/strong>con rutas que cubren las todas las necesidades de movilidad. Por eso, los <strong>autobuses interurbanos de Alicante<\/strong> son\ntambi\u00e9n una opci\u00f3n a tener en cuenta para planificar itinerarios que permitan\nconocer los principales puntos de inter\u00e9s de la Costa Blanca. <\/p>\n\n\n\n<h2 class=\"wp-block-heading\">Alquiler de veh\u00edculos en la Costa Blanca<\/h2>\n\n\n\n<p>En este sentido la oferta es de lo m\u00e1s variada: alquiler de\ncoches, bicis, motos o veh\u00edculos el\u00e9ctricos de \u00faltima generaci\u00f3n que se adaptan\na las necesidades de todas las familias. <\/p>\n\n\n\n<h3 class=\"wp-block-heading\">Alquiler de coches:<\/h3>\n\n\n\n<p>En la capital alicantina dan servicio varios <strong>operadores internacionales<\/strong>, facilitando\npuntos de recogida y entrega en el centro de la ciudad, en el puerto, en el\naeropuerto o en las estaciones.<\/p>\n\n\n\n<p>Las principales localidades de la Costa Blanca tambi\u00e9n\ncuentan con este tipo de servicio. As\u00ed, por ejemplo, podemos encontrar\nservicios de <strong>alquiler de coches en\nBenidorm, Denia u Orihuela<\/strong> que cuentan con todas las garant\u00edas para\nalquilar veh\u00edculos de distintos tipos.<\/p>\n\n\n\n<h3 class=\"wp-block-heading\">Alquiler de motos<\/h3>\n\n\n\n<p>Los amantes de las dos ruedas tambi\u00e9n podr\u00e1n encontrar una\nopci\u00f3n <strong>de alquiler de motos en Alicante<\/strong>.\nFrecuentemente, muchos viajeros eligen desplazarse hasta su destino vacacional en\ncoche, tren o avi\u00f3n, lo que hace imposible viajar con su propia motocicleta.\nLos servicios de alquiler de motocicletas en la Costa Blanca son la soluci\u00f3n\nperfecta para este tipo de situaciones.<\/p>\n\n\n\n<p>El clima mediterr\u00e1neo de la zona es propicio para disfrutar de un <strong>paseo en moto por la Costa Blanca<\/strong> para conocer las playas, calas y pueblos disfrutando de la belleza de las <strong>carreteras costeras<\/strong>. Para ello, los servicios de alquiler de motos en Alicante proporcionan distintos tipos de servicio y veh\u00edculos.<\/p>\n\n\n\n<figure class=\"wp-block-image\"><img decoding=\"async\" width=\"1024\" height=\"678\" src=\"https:\/\/www.vacalia.com\/blog\/wp-content\/uploads\/2019\/11\/alquiler-moto-alicante-1024x678.jpg\" alt=\"El alquiler de motos en Alicante permite recorrer las playas y calas \" class=\"wp-image-3121\" srcset=\"https:\/\/www.vacalia.com\/blog\/wp-content\/uploads\/2019\/11\/alquiler-moto-alicante.jpg 1024w, https:\/\/www.vacalia.com\/blog\/wp-content\/uploads\/2019\/11\/alquiler-moto-alicante-300x199.jpg 300w, https:\/\/www.vacalia.com\/blog\/wp-content\/uploads\/2019\/11\/alquiler-moto-alicante-768x509.jpg 768w\" sizes=\"(max-width: 1024px) 100vw, 1024px\" \/><figcaption class=\"wp-element-caption\">El alquiler de motos en Alicante permite recorrer las playas y calas <\/figcaption><\/figure>\n\n\n\n<h3 class=\"wp-block-heading\">Alquiler de bicis <\/h3>\n\n\n\n<p>Los servicios de <strong>alquiler\nde bicicletas en la Costa Blanca<\/strong> se dividen en dos variantes: <\/p>\n\n\n\n<ul class=\"wp-block-list\">\n<li><strong>Alquileres\nmunicipales<\/strong> para recorrer pedaleando las principales localidades como Elche\no Benidorm de forma saludable sostenible.<\/li>\n\n\n\n<li><strong>Empresas de\nalquiler de bicicletas<\/strong> para realizar rutas por la naturaleza o entre\npueblos. <\/li>\n<\/ul>\n\n\n\n<h2 class=\"wp-block-heading\">Barco<\/h2>\n\n\n\n<p>En una regi\u00f3n con clara vocaci\u00f3n mar\u00edtima, los desplazamientos en barco suponen un atractivo m\u00e1s a las ya de por s\u00ed impresionantes playas y calas del litoral mediterr\u00e1neo. Por eso, <strong>alquilar un barco en la Costa Blanca<\/strong> es uno de los transportes de Alicante mejor valorados.<\/p>\n\n\n\n<p>De nuevo, las opciones son tan variadas como las necesidades\nde los turistas. Se pueden alquilar <strong>distintos\ntipos de embarcaciones de recreo<\/strong> para realizar paseos en barco en grupo que\npermiten conocer las mejores playas. Tambi\u00e9n es posible alquilar embarcaciones\nsin patr\u00f3n para expertos marineros. <\/p>\n\n\n\n<p>Uno de los viajes en barco de Alicante m\u00e1s populares\nconsiste en realzar una excursi\u00f3n a la isla de Tabarca. A diario hay varias\nsalidas desde Alicante, Santa Pola o Benidorm.<\/p>\n\n\n\n<p>No importa cu\u00e1l sea vuestra forma preferida de moveros en\nvacaciones, en la Costa Blanca, hay un medio de transporte perfecto para tu\nfamilia. La funcionalidad del <strong>transporte\np\u00fablico<\/strong>, la flexibilidad de los <strong>alquileres\nde veh\u00edculos<\/strong> o la responsabilidad de la <strong>movilidad sostenible<\/strong> configuran la oferta de transporte m\u00e1s\ncompleta para ofrecer una experiencia inmejorable.<\/p>\n\n\n\n<p>Si est\u00e1s planificando tus pr\u00f3ximas vacaciones, en <strong>Vacalia<\/strong> encontrar\u00e1s el alquiler\nvacacional en la Costa Blanca perfecto: casas en el campo, en la playa o\napartamentos con todo lo necesario para disfrutar de unos d\u00edas de descanso.<\/p>\n\n\n<div class=\"bannerBlog\"><div class=\"new-card-houses\">\n    <div class=\"likeOut likeDivOut\" style=\"display:none\">\n        <a data-id=\"3259\" class=\"likeOut_button_red likeBtnFav\"\n            aria-label=\"Megusta Vacalia\"><\/a>\n    <\/div>\n    <figure>\n        <img loading=\"lazy\" decoding=\"async\" \n            loading=\"lazy\" width=\"301\" height=\"200\"\n            src=\"\/\/media.vacalia.com\/photo\/reformatwebpfolder\/350\/200\/3259\/thumb-middle\/3259_c04f4bc50d7feb05cd12832d2286b9b6.webp?v=21092023\"\n            alt=\"Casa lea - Alquiler vacacional en Alcalal\u00ed\"\/>\n                                                                        <div class=\"circleDiscount\">-2%<\/div>\n                        <\/figure>\n    <p itemprop=\"address\"><i class=\"ico-marker\"><\/i>Alcalal\u00ed, Alicante<\/p>\n    <h3 itemprop=\"name\">Casa lea<\/h3>\n    <ul class=\"icon_list inline_list\">\n                              <li class=\"ico-pool\" title=\"Piscina\">\n              <span itemprop=\"amenityFeature\">Piscina<\/span>\n            <\/li>\n                      <li class=\"ico-airConditioning\" title=\"Aire Acondicionado\">\n              <span itemprop=\"amenityFeature\">Aire Acondicionado<\/span>\n            <\/li>\n                      <li class=\"ico-wifi\" title=\"Wifi\">\n              <span itemprop=\"amenityFeature\">Wifi<\/span>\n            <\/li>\n                      <li class=\"ico-pets\" title=\"Mascotas\">\n              <span itemprop=\"amenityFeature\">Mascotas<\/span>\n            <\/li>\n                          <li class=\"ico-guests\" title=\"Para 5 hu\u00e9spedes en Alcalal\u00ed.\">\n          <span itemprop=\"occupancy\">5<\/span>\n        <\/li>\n    <\/ul>\n            <span class=\"price\">Desde 209\u20ac \/ noche<\/span>\n                <a itemprop=\"url\" class=\"anchor\" href=\"https:\/\/www.vacalia.com\/es\/villa-casa-lea-alcalali-h23050\" aria-label=\"Casa lea\"><\/a>\n<\/div><div class=\"new-card-houses\">\n    <div class=\"likeOut likeDivOut\" style=\"display:none\">\n        <a data-id=\"2838\" class=\"likeOut_button_red likeBtnFav\"\n            aria-label=\"Megusta Vacalia\"><\/a>\n    <\/div>\n    <figure>\n        <img loading=\"lazy\" decoding=\"async\" \n            loading=\"lazy\" width=\"301\" height=\"200\"\n            src=\"\/\/media.vacalia.com\/photo\/reformatwebpfolder\/350\/200\/2838\/thumb-middle\/2838_06c902e5155c905c9c7ca2e45a53fefd.webp?v=21092023\"\n            alt=\"Frederic - Alquiler vacacional en X\u00e0bia\/J\u00e1vea\"\/>\n                                                                        <div class=\"circleDiscount\">-8%<\/div>\n                        <\/figure>\n    <p itemprop=\"address\"><i class=\"ico-marker\"><\/i>X\u00e0bia\/J\u00e1vea, Alicante<\/p>\n    <h3 itemprop=\"name\">Frederic<\/h3>\n    <ul class=\"icon_list inline_list\">\n                              <li class=\"ico-pool\" title=\"Piscina\">\n              <span itemprop=\"amenityFeature\">Piscina<\/span>\n            <\/li>\n                      <li class=\"ico-wifi\" title=\"Wifi\">\n              <span itemprop=\"amenityFeature\">Wifi<\/span>\n            <\/li>\n                          <li class=\"ico-guests\" title=\"Para 6 hu\u00e9spedes en X\u00e0bia\/j\u00e1vea.\">\n          <span itemprop=\"occupancy\">6<\/span>\n        <\/li>\n    <\/ul>\n            <span class=\"price\">Desde 100\u20ac \/ noche<\/span>\n                <a itemprop=\"url\" class=\"anchor\" href=\"https:\/\/www.vacalia.com\/es\/villa-frederic-xabia-javea-h19853\" aria-label=\"Frederic\"><\/a>\n<\/div><\/div>\n","protected":false},"excerpt":{"rendered":"<p>Descubre c\u00f3mo moverte en tus pr\u00f3ximas vacaciones en la Costa Blanca con los principales medios de transporte desde Alicante. Movilidad sostenible y adaptada para disfrutar de unos d\u00edas de descanso y diversi\u00f3n sin preocupaciones.<\/p>\n","protected":false},"author":2,"featured_media":3124,"comment_status":"closed","ping_status":"open","sticky":false,"template":"","format":"standard","meta":{"_monsterinsights_skip_tracking":false,"_monsterinsights_sitenote_active":false,"_monsterinsights_sitenote_note":"","_monsterinsights_sitenote_category":0,"footnotes":""},"categories":[1],"tags":[],"class_list":["post-3119","post","type-post","status-publish","format-standard","has-post-thumbnail","hentry","category-general-es"],"_links":{"self":[{"href":"https:\/\/www.vacalia.com\/blog\/wp-json\/wp\/v2\/posts\/3119"}],"collection":[{"href":"https:\/\/www.vacalia.com\/blog\/wp-json\/wp\/v2\/posts"}],"about":[{"href":"https:\/\/www.vacalia.com\/blog\/wp-json\/wp\/v2\/types\/post"}],"author":[{"embeddable":true,"href":"https:\/\/www.vacalia.com\/blog\/wp-json\/wp\/v2\/users\/2"}],"replies":[{"embeddable":true,"href":"https:\/\/www.vacalia.com\/blog\/wp-json\/wp\/v2\/comments?post=3119"}],"version-history":[{"count":12,"href":"https:\/\/www.vacalia.com\/blog\/wp-json\/wp\/v2\/posts\/3119\/revisions"}],"predecessor-version":[{"id":4725,"href":"https:\/\/www.vacalia.com\/blog\/wp-json\/wp\/v2\/posts\/3119\/revisions\/4725"}],"wp:featuredmedia":[{"embeddable":true,"href":"https:\/\/www.vacalia.com\/blog\/wp-json\/wp\/v2\/media\/3124"}],"wp:attachment":[{"href":"https:\/\/www.vacalia.com\/blog\/wp-json\/wp\/v2\/media?parent=3119"}],"wp:term":[{"taxonomy":"category","embeddable":true,"href":"https:\/\/www.vacalia.com\/blog\/wp-json\/wp\/v2\/categories?post=3119"},{"taxonomy":"post_tag","embeddable":true,"href":"https:\/\/www.vacalia.com\/blog\/wp-json\/wp\/v2\/tags?post=3119"}],"curies":[{"name":"wp","href":"https:\/\/api.w.org\/{rel}","templated":true}]}}