{"id":3134,"date":"2019-12-19T10:25:16","date_gmt":"2019-12-19T09:25:16","guid":{"rendered":"https:\/\/www.vacalia.com\/blog\/?p=3134"},"modified":"2025-07-03T15:50:45","modified_gmt":"2025-07-03T13:50:45","slug":"was-tun-wochenende-mallorca","status":"publish","type":"post","link":"https:\/\/www.vacalia.com\/blog\/was-tun-wochenende-mallorca\/","title":{"rendered":"Was tun an einem Wochenende auf Mallorca"},"content":{"rendered":"\n<p>Haben Sie genug von Regen und K\u00e4lte? Brauchen Sie eine kleine Pause? Dann verbringen Sie ein Wochenende auf Mallorca. Diese Insel inmitten des Mittelmeers, mit ihrem das ganze Jahr \u00fcber angenehmen Klima und nur 2-3 Flugstunden von Deutschland entfernt, ist ideal f\u00fcr einen Kurzurlaub. Es erwartet Sie eine gro\u00dfe Vielfalt an <strong><a href=\"https:\/\/www.vacalia.com\/blog\/die-eindrucksvollsten-historischen-sehenswuerdigkeiten-mallorcas\/\" target=\"_blank\" rel=\"noreferrer noopener\" aria-label=\" (se abre en una nueva pesta\u00f1a)\">Sehensw\u00fcrdigkeiten<\/a>, <a href=\"https:\/\/www.vacalia.com\/blog\/eine-tour-durch-die-doerfer-im-inselinneren-von-mallorca\/\" target=\"_blank\" rel=\"noreferrer noopener\" aria-label=\"D\u00f6rfern (se abre en una nueva pesta\u00f1a)\">D\u00f6rfern<\/a>, Shoppingm\u00f6glichkeiten und gutem Essen<\/strong> sowie die sch\u00f6nsten Ferienh\u00e4user f\u00fcr jeden Geschmack.<\/p>\n\n\n\n<h2 class=\"wp-block-heading\">Entdecken Sie Palma de Mallorca<\/h2>\n\n\n\n<p>Palma ist eine entz\u00fcckende Hauptstadt und einen Besuch wert. Die historische Architektur, die Strandpromenade<em> <\/em>und die engen Gassen sind ein Goldst\u00fcck aus der Vorzeit.<\/p>\n\n\n\n<figure class=\"wp-block-image\"><img fetchpriority=\"high\" decoding=\"async\" width=\"1024\" height=\"678\" src=\"https:\/\/www.vacalia.com\/blog\/wp-content\/uploads\/2019\/11\/diciembre-fin-de-semana-segunda-imagen-1024x678.gif\" alt=\"Die Innenh\u00f6fe in Palma sind ein architektonisches Juwel\" class=\"wp-image-3135\" srcset=\"https:\/\/www.vacalia.com\/blog\/wp-content\/uploads\/2019\/11\/diciembre-fin-de-semana-segunda-imagen-1024x678.gif 1024w, https:\/\/www.vacalia.com\/blog\/wp-content\/uploads\/2019\/11\/diciembre-fin-de-semana-segunda-imagen-300x199.gif 300w, https:\/\/www.vacalia.com\/blog\/wp-content\/uploads\/2019\/11\/diciembre-fin-de-semana-segunda-imagen-768x509.gif 768w\" sizes=\"(max-width: 1024px) 100vw, 1024px\" \/><figcaption class=\"wp-element-caption\">Die Innenh\u00f6fe in Palma sind ein architektonisches Juwel.<\/figcaption><\/figure>\n\n\n\n<h3 class=\"wp-block-heading\">Sehensw\u00fcrdigkeiten in Palma<\/h3>\n\n\n\n<p><strong><a href=\"https:\/\/www.vacalia.com\/blog\/was-man-in-palma-und-umgebung-besichtigen-kann\/\" target=\"_blank\" rel=\"noreferrer noopener\" aria-label=\"Monumente (abre en una nueva pesta\u00f1a)\">Monumente<\/a><\/strong>, wie der K\u00f6nigpalast \u201eLa Almudaina\u201c, das Bellver Schloss, die La Lonja sowie die bekannte <strong>gotische Kathedrale<\/strong> und die beliebten <strong>Museen<\/strong>, wie Es Baluard, geben Ihnen reichlich viel zu sehen und tun. Und wer hat noch nie von den <strong>Innenh\u00f6fen<\/strong> Palmas geh\u00f6rt? Sie sind ein wahres architektonisches Juwel und ein weiteres \u201eMust-See\u201c. Um Ihre Zeit in Palma voll auszunutzen, ist der Sightseeing-Bus sehr empfehlenswert, denn Sie k\u00f6nnen so problemlos und bequem zu allen ber\u00fchmten Sehensw\u00fcrdigkeiten der Stadt gelangen. <\/p>\n\n\n\n<h3 class=\"wp-block-heading\">Restaurants in Palma<\/h3>\n\n\n\n<p>Es ist kein Wunder, dass heutzutage die sich st\u00e4ndig weiterentwickelnde Restaurantszene einer der Hauptgr\u00fcnde f\u00fcr einen Besuch in Palma ist. Vermeiden Sie Touristenrestaurants und entdecken Sie stattdessen eine gro\u00dfe Auswahl an erstklassigen lokalen Restaurants, von <strong><a href=\"https:\/\/www.vacalia.com\/blog\/geniessen-sie-die-restaurants-mit-einem-michelin-stern-auf-mallorca\/\" target=\"_blank\" rel=\"noreferrer noopener\" aria-label=\"Restaurants mit Michelin-Stern (se abre en una nueva pesta\u00f1a)\">Restaurants mit Michelin-Stern<\/a> <\/strong>\u00fcber ausgezeichnete<strong> gastronomische M\u00e4rkte <\/strong>bis hin zu den<strong> trendigsten Restaurants im angesagten SzeneviertelSanta Catalina<\/strong> (ehemaliges Fischerviertel).<\/p>\n\n\n\n<h3 class=\"wp-block-heading\">Shopping in Palma<\/h3>\n\n\n\n<p>Kombinieren\nSie die Sehensw\u00fcrdigkeiten und das leckere Essen mit Shopping. Mallorca ist\nbekannt f\u00fcr exklusive <strong>Lederwaren,\nPerlen, Weine und Oliven\u00f6le<\/strong>, dies und vieles mehr k\u00f6nnen Sie in folgenden\nbeliebten Einkaufsstra\u00dfen finden:<\/p>\n\n\n\n<ul class=\"wp-block-list\">\n<li><strong>Passeig del Born<\/strong>, bekannt als die \u201eGoldene Meile\u201c<\/li>\n\n\n\n<li>Die glamour\u00f6se <strong>Avinguda Jaume III<\/strong>, bekannt f\u00fcr seine elegante Architektur und Designerl\u00e4den<\/li>\n\n\n\n<li><strong>Carrer de Sant Feliu<\/strong>, im Herzen der Altstadt, bietet sie stilvolle Boutiquen und bemerkenswerte Kunstgalerien <\/li>\n\n\n\n<li>Die lebhafte Fu\u00dfg\u00e4ngerzone <strong>Carrer de Sant Miquel<\/strong><\/li>\n\n\n\n<li><strong>La Rambla<\/strong>, eine der charmantesten Promenaden mit Modeboutiquen und typischen Blumenst\u00e4nden.<\/li>\n<\/ul>\n\n\n\n<h2 class=\"wp-block-heading\">Entdecken Sie den Rest Mallorcas<\/h2>\n\n\n\n<p>Obwohl die Hauptstadt der Balearen sehr interessant ist, k\u00f6nnen Sie an einem verl\u00e4ngerten Wochenende auf Mallorca mit einem Auto leicht und schnell vieles mehr erkunden. Mietwagen sind oft preisg\u00fcnstig und das Parken ist selten ein Problem.<\/p>\n\n\n\n<h3 class=\"wp-block-heading\">Mallorcas Ortschaften<\/h3>\n\n\n\n<p>M\u00f6chten Sie das Kloster La Cartoixa kennenlernen, wo der ber\u00fchmte Musiker Chopin und der Schriftsteller George Sand wohnten? Dann besuchen Sie eine der sch\u00f6nsten Orte auf Mallorca: <strong>Valldemossa<\/strong> liegt in der Serra Tramuntana und ist nur 30 Kilometer von Palma entfernt. Seine traditionelle Steinarchitektur sowie die h\u00fcbschen Pflanzent\u00f6pfe an den W\u00e4nden, Balkonen und Eing\u00e4ngen verleihen diesem Dorf einen einzigartigen M\u00e4rchenbuch-Charme. Ebenfalls interessant ist, dass das Kulturzentrum vom Schauspieler Michael Douglas gegr\u00fcndet wurde.<\/p>\n\n\n\n<p><strong>Soll\u00e9r<\/strong>, nur 20 Kilometer von Valldemossa im Herzen des <a href=\"https:\/\/www.vacalia.com\/blog\/aktivitaten-an-der-frischen-luft-in-der-sierra-tramuntana-von-mallorca\/\" target=\"_blank\" rel=\"noreferrer noopener\">Tramuntana-Gebirges<\/a> gelegen, ist umgeben von \u00fcppigen W\u00e4ldern und Bergen und gilt als einer der sch\u00f6nsten Orte auf Mallorca. Ein alter Zug mit traditionellen Holzwagen, der die Plaza de Espa\u00f1a in Palma mit Soll\u00e9r verbindet, macht die Fahrt zu einem der beliebtesten touristischen Erlebnisse. Soll\u00e9r ist bekannt f\u00fcr seine Orangen und Zitronen. Genie\u00dfen Sie einen frisch gepressten Orangensaft oder den k\u00f6stlichen Lik\u00f6r Angel d\u2019Or aus heimischen Zitronen.<\/p>\n\n\n\n<p><strong>Fornalutx <\/strong>befindet sich auf dem Gipfel des Tramuntanas, in der N\u00e4he von Soll\u00e9r. Es ist das erste mallorquinische Dorf, das in die Liste der sch\u00f6nsten D\u00f6rfer Spaniens aufgenommen wurde. Vor 1.000 Jahren war Fornatlutx nichts anders als ein arabischer Bauernhof, aber nach der katalanischen Eroberung im 13. Jahrhundert nahm das Dorf langsam Form an und wurde zu dem, was es heute ist. Zu den ber\u00fchmtesten historischen Geb\u00e4uden des Dorfes geh\u00f6rt die im Jahr 1639 erbaute gotische Kirche.<\/p>\n\n\n\n<figure class=\"wp-block-image\"><img decoding=\"async\" width=\"1024\" height=\"678\" src=\"https:\/\/www.vacalia.com\/blog\/wp-content\/uploads\/2019\/11\/diciembre-fin-de-semana-tercera-imagen-1024x678.gif\" alt=\"Genie\u00dfen Sie die malerischen Ortschaften w\u00e4hrend Ihres Wochenend-Urlaubs auf Mallorca\" class=\"wp-image-3136\" srcset=\"https:\/\/www.vacalia.com\/blog\/wp-content\/uploads\/2019\/11\/diciembre-fin-de-semana-tercera-imagen-1024x678.gif 1024w, https:\/\/www.vacalia.com\/blog\/wp-content\/uploads\/2019\/11\/diciembre-fin-de-semana-tercera-imagen-300x199.gif 300w, https:\/\/www.vacalia.com\/blog\/wp-content\/uploads\/2019\/11\/diciembre-fin-de-semana-tercera-imagen-768x509.gif 768w\" sizes=\"(max-width: 1024px) 100vw, 1024px\" \/><figcaption class=\"wp-element-caption\">Genie\u00dfen Sie die malerischen Ortschaften w\u00e4hrend Ihres Wochenend-Urlaubs auf Mallorca<\/figcaption><\/figure>\n\n\n\n<p><strong>Dei\u00e0<\/strong> ist ein malerisches Bergdorf mit einer ruhigen Atmosph\u00e4re, das Mitte des 20. Jahrhunderts K\u00fcnstler, Musiker und Schriftsteller, wie Robert Graves, anzog. Heutzutage k\u00f6nnen Sie in diesem h\u00fcbschen Dorf mit gepflasterten Stra\u00dfen und Steinh\u00e4usern mit gr\u00fcnen Fensterl\u00e4den elegante Boutiquen sowie erstklassige Restaurants finden. Neben dem Dorf finden Sie die Bucht \u201eCala Dei\u00e0\u201c, die mit ihrem t\u00fcrkisblauen Wasser ebenfalls ein \u201eMust-See\u201c ist.<\/p>\n\n\n\n<p>Magisch und unber\u00fchrt von Touristen ist <strong>Capdepera, <\/strong>ein historisches Bergdorf an der Nordspitze Mallorcas. Die Burg auf dem H\u00fcgel ist aus dem 14. Jahrhundert und ist eine der am besten erhaltenen Festungen der Insel.<\/p>\n\n\n\n<h2 class=\"wp-block-heading\">Str\u00e4nde und Buchten auf Mallorca<\/h2>\n\n\n\n<p>Unber\u00fchrte wei\u00dfe <a href=\"https:\/\/www.vacalia.com\/blog\/strande-auf-mallorca\/\" target=\"_blank\" rel=\"noreferrer noopener\" aria-label=\"Str\u00e4nde (se abre en una nueva pesta\u00f1a)\">Str\u00e4nde<\/a>, felsige Buchten und kristallklares Wasser machen Mallorca zu einem Paradies f\u00fcr Strandliebhaber. Wenn Sie zu diesem Menschen geh\u00f6ren, sollten Sie Ihr Wochenende auf Mallorca nutzen, um wundersch\u00f6ne verborgen Str\u00e4nde und Buchten der Insel zu entdecken.<\/p>\n\n\n\n<figure class=\"wp-block-image\"><img decoding=\"async\" width=\"1024\" height=\"678\" src=\"https:\/\/www.vacalia.com\/blog\/wp-content\/uploads\/2019\/11\/diciembre-fin-de-semana-cuarta-imagen-1024x678.gif\" alt=\"Wundersch\u00f6ne Buchten und Str\u00e4nde auf Mallorca warten auf Sie\" class=\"wp-image-3137\" srcset=\"https:\/\/www.vacalia.com\/blog\/wp-content\/uploads\/2019\/11\/diciembre-fin-de-semana-cuarta-imagen-1024x678.gif 1024w, https:\/\/www.vacalia.com\/blog\/wp-content\/uploads\/2019\/11\/diciembre-fin-de-semana-cuarta-imagen-300x199.gif 300w, https:\/\/www.vacalia.com\/blog\/wp-content\/uploads\/2019\/11\/diciembre-fin-de-semana-cuarta-imagen-768x509.gif 768w\" sizes=\"(max-width: 1024px) 100vw, 1024px\" \/><figcaption class=\"wp-element-caption\">Wundersch\u00f6ne Buchten und Str\u00e4nde auf Mallorca warten auf Sie.<\/figcaption><\/figure>\n\n\n\n<p><strong>Cala S&#8217;Amarador<\/strong> liegt im gesch\u00fctzten Mondrag\u00f3-Naturpark und ist\numgeben von nat\u00fcrlichen Sandd\u00fcnen und W\u00e4ldern. Das t\u00fcrkisfarbene Meer und der\nstrahlend wei\u00dfe Sand bieten den perfekten Kontrast zu den rostroten Klippen.\nKostenlose Parkpl\u00e4tze sind nur 5 Minuten weit entfernt.<\/p>\n\n\n\n<p><strong>Cala Varques<\/strong> befindet sich in der Gegend von Manacor im S\u00fcdosten Mallorcas und ist ein unber\u00fchrter Strand mit t\u00fcrkisfarbenem Wasser. F\u00fcr Abenteuer kann man an gewissen Tagen, bei flachem Meer, von einer H\u00f6hle durch einen Unterwassertunnel bis zu einer gr\u00f6\u00dferen H\u00f6hle schwimmen.<\/p>\n\n\n\n<p><strong>Cala Mesquida <\/strong>wurde im Jahr 1991 zu einem \u201e<strong>Naturgebiet von besonderem Interesse\u201c<\/strong> erkl\u00e4rt und ist der perfekte Strand f\u00fcr Naturliebhaber. Es handelt sich um einen fast unber\u00fchrten Strand mit beeindruckendem wei\u00dfem Sand inmitten einer gr\u00fcnen Landschaft. Zwischen den Felsen k\u00f6nnen Sie perfekt schnorcheln gehen.<\/p>\n\n\n\n<p><strong>Cala Formentor <\/strong>ist ein wundersch\u00f6ner schmaler Strand ges\u00e4umt von Kiefern. Die Aussicht auf die Bucht von Pollensa mit ihren Booten ist traumhaft. Dieser Strand wurde von Prominenten, wie Audrey Hepburn und Winston Churchill, besucht. Nutzen Sie die Gelegenheit, um von dort aus zum Leuchtturm Cap de Pera zu fahren. Die Fahrt dorthin ist spektakul\u00e4r.<\/p>\n\n\n\n<p><strong>Cal\u00f3 des Moro <\/strong>mit seinem t\u00fcrkisblauen Wasser gilt als die sch\u00f6nste Badebucht auf Mallorca. Eine Stiftung besitzt und pflegt den kleinen Strand und die Umgebung. Diese nicht mehr so geheime Bucht ist trotzt der vielen Touristen immer noch sehr sehenswert.<\/p>\n\n\n\n<p>Die Fahrt nach<strong> Sa Calobra, <\/strong>mit seinen atemberaubenden abfallenden Felsenk\u00fcsten, ist einer der H\u00f6henpunkte auf Mallorca. Der Strand hat kleine Steine anstelle von Sand, aber daf\u00fcr ist das Wasser kristallklar und beim <a href=\"https:\/\/www.vacalia.com\/blog\/schnorcheln-mallorca\/\" target=\"_blank\" rel=\"noreferrer noopener\" aria-label=\" (abre en una nueva pesta\u00f1a)\">Schnorcheln<\/a> kann man viele Fischarten entdecken.<\/p>\n\n\n\n<p>Immer mehr Leute lieben es Fincas, Ferienh\u00e4user und Villas zu mieten, besonders, wenn Sie mit Familie oder Freunden reisen. Ein Ferienhaus kann eine gute Alternative f\u00fcr ein Wochenende auf Mallorca sein, denn Sie sind nicht an feste Zeiten, wie in einem Hotel, gebunden. Auf diese Weise k\u00f6nnen Sie die Tage nach Ihren W\u00fcnschen planen und die Insel uneingeschr\u00e4nkt erkunden.<\/p>\n\n\n<div class=\"bannerBlog\"><div class=\"new-card-houses\">\n    <div class=\"likeOut likeDivOut\" style=\"display:none\">\n        <a data-id=\"5660\" class=\"likeOut_button_red likeBtnFav\"\n            aria-label=\"Megusta Vacalia\"><\/a>\n    <\/div>\n    <figure>\n        <img loading=\"lazy\" decoding=\"async\" \n            loading=\"lazy\" width=\"301\" height=\"200\"\n            src=\"\/\/media.vacalia.com\/photo\/reformatwebpfolder\/350\/200\/5660\/thumb-middle\/5660_3dddca77e5d2e5d6ccdab8a6a7cfef74.webp?v=21092023\"\n            alt=\"Residencial suites valldemossa - Ferienhaus auf Valldemossa\"\/>\n                                                                        <div class=\"circleDiscount\">-15%<\/div>\n                        <\/figure>\n    <p itemprop=\"address\"><i class=\"ico-marker\"><\/i>Valldemossa, Mallorca<\/p>\n    <h3 itemprop=\"name\">Residencial suites valldemossa<\/h3>\n    <ul class=\"icon_list inline_list\">\n                              <li class=\"ico-airConditioning\" title=\"Klimaanlage\">\n              <span itemprop=\"amenityFeature\">Klimaanlage<\/span>\n            <\/li>\n                      <li class=\"ico-wifi\" title=\"Wifi\">\n              <span itemprop=\"amenityFeature\">Wifi<\/span>\n            <\/li>\n                          <li class=\"ico-guests\" title=\"F\u00fcr 4+1   G\u00e4ste in Valldemossa.\">\n          <span itemprop=\"occupancy\">4+1  <\/span>\n        <\/li>\n    <\/ul>\n            <span class=\"price\">Ab 133\u20ac \/ Nacht<\/span>\n                <a itemprop=\"url\" class=\"anchor\" href=\"https:\/\/www.vacalia.com\/de\/apartment-residencial-suites-valldemossa-valldemossa-h32410\" aria-label=\"Residencial suites valldemossa\"><\/a>\n<\/div><div class=\"new-card-houses\">\n    <div class=\"likeOut likeDivOut\" style=\"display:none\">\n        <a data-id=\"4623\" class=\"likeOut_button_red likeBtnFav\"\n            aria-label=\"Megusta Vacalia\"><\/a>\n    <\/div>\n    <figure>\n        <img loading=\"lazy\" decoding=\"async\" \n            loading=\"lazy\" width=\"301\" height=\"200\"\n            src=\"\/\/media.vacalia.com\/photo\/reformatwebpfolder\/350\/200\/4623\/thumb-middle\/4623_a3101e4d12700390a7d76bf77d13f74f.webp?v=21092023\"\n            alt=\"Can joan (maria) - Ferienhaus auf Maria de la Salut\"\/>\n                                                                        <div class=\"circleDiscount\">-15%<\/div>\n                        <\/figure>\n    <p itemprop=\"address\"><i class=\"ico-marker\"><\/i>Maria de la Salut, Mallorca<\/p>\n    <h3 itemprop=\"name\">Can joan (maria)<\/h3>\n    <ul class=\"icon_list inline_list\">\n                              <li class=\"ico-pool\" title=\"Pool\">\n              <span itemprop=\"amenityFeature\">Pool<\/span>\n            <\/li>\n                      <li class=\"ico-airConditioning\" title=\"Klimaanlage\">\n              <span itemprop=\"amenityFeature\">Klimaanlage<\/span>\n            <\/li>\n                      <li class=\"ico-wifi\" title=\"Wifi\">\n              <span itemprop=\"amenityFeature\">Wifi<\/span>\n            <\/li>\n                          <li class=\"ico-guests\" title=\"F\u00fcr 6 G\u00e4ste in Maria De La Salut.\">\n          <span itemprop=\"occupancy\">6<\/span>\n        <\/li>\n    <\/ul>\n            <span class=\"price\">Ab 122\u20ac \/ Nacht<\/span>\n                <a itemprop=\"url\" class=\"anchor\" href=\"https:\/\/www.vacalia.com\/de\/apartment-can-joan-maria-maria-de-la-salut-h26934\" aria-label=\"Can joan (maria)\"><\/a>\n<\/div><\/div>\n","protected":false},"excerpt":{"rendered":"<p>Mallorca ist das ideale Ziel f\u00fcr einen Kurzurlaub. Nur 3 Flugstunden von Deutschland entfernt und mit wundervollen Str\u00e4nden, guten Restaurants und Museen k\u00f6nnen Sie Ihr Wochenende auf Mallorca richtig genie\u00dfen.<\/p>\n","protected":false},"author":2,"featured_media":3138,"comment_status":"closed","ping_status":"open","sticky":false,"template":"","format":"standard","meta":{"_monsterinsights_skip_tracking":false,"_monsterinsights_sitenote_active":false,"_monsterinsights_sitenote_note":"","_monsterinsights_sitenote_category":0,"footnotes":""},"categories":[40],"tags":[],"class_list":["post-3134","post","type-post","status-publish","format-standard","has-post-thumbnail","hentry","category-allgemein"],"_links":{"self":[{"href":"https:\/\/www.vacalia.com\/blog\/wp-json\/wp\/v2\/posts\/3134"}],"collection":[{"href":"https:\/\/www.vacalia.com\/blog\/wp-json\/wp\/v2\/posts"}],"about":[{"href":"https:\/\/www.vacalia.com\/blog\/wp-json\/wp\/v2\/types\/post"}],"author":[{"embeddable":true,"href":"https:\/\/www.vacalia.com\/blog\/wp-json\/wp\/v2\/users\/2"}],"replies":[{"embeddable":true,"href":"https:\/\/www.vacalia.com\/blog\/wp-json\/wp\/v2\/comments?post=3134"}],"version-history":[{"count":5,"href":"https:\/\/www.vacalia.com\/blog\/wp-json\/wp\/v2\/posts\/3134\/revisions"}],"predecessor-version":[{"id":7375,"href":"https:\/\/www.vacalia.com\/blog\/wp-json\/wp\/v2\/posts\/3134\/revisions\/7375"}],"wp:featuredmedia":[{"embeddable":true,"href":"https:\/\/www.vacalia.com\/blog\/wp-json\/wp\/v2\/media\/3138"}],"wp:attachment":[{"href":"https:\/\/www.vacalia.com\/blog\/wp-json\/wp\/v2\/media?parent=3134"}],"wp:term":[{"taxonomy":"category","embeddable":true,"href":"https:\/\/www.vacalia.com\/blog\/wp-json\/wp\/v2\/categories?post=3134"},{"taxonomy":"post_tag","embeddable":true,"href":"https:\/\/www.vacalia.com\/blog\/wp-json\/wp\/v2\/tags?post=3134"}],"curies":[{"name":"wp","href":"https:\/\/api.w.org\/{rel}","templated":true}]}}