{"id":3151,"date":"2019-12-27T10:00:48","date_gmt":"2019-12-27T09:00:48","guid":{"rendered":"https:\/\/www.vacalia.com\/blog\/?p=3151"},"modified":"2025-07-04T08:08:32","modified_gmt":"2025-07-04T06:08:32","slug":"weintouren-mallorca","status":"publish","type":"post","link":"https:\/\/www.vacalia.com\/blog\/weintouren-mallorca\/","title":{"rendered":"Die sch\u00f6nsten Bodegas und Weintouren auf Mallorca"},"content":{"rendered":"\n<p>Neben Strand, Sonne und Meer bietet Mallorca auch etwas f\u00fcr Weinliebhaber. <strong>Der Weinbau und die Weinkultur haben auf der sonnigen Insel eine lange Tradition. <\/strong>Der Weintourismus ist in den letzten Jahren stetig gewachsen. F\u00fcr Weingenie\u00dfer bieten sich gen\u00fcssliche, sch\u00f6ne und spannende <strong>Messebesuche und Weintouren auf Mallorca<\/strong> an. Jede Region hat seine spezifischen Voraussetzungen, die die speziellen Noten der Weine ausmachen. Wie auch auf dem Festland Spaniens ist vor allem die <strong>Rotweinproduktion<\/strong> bekannt, jedoch werden auch hervorragende und abwechslungsreiche Wei\u00dfweine und sogar Schaumweine angebaut. In der Regel <strong>beinhalten alle Weintouren auf Mallorca eine Weinverkostung. <\/strong> <\/p>\n\n\n\n<p>Reisen Sie mit uns durch Mallorcas Weingebiete und lernen Sie dabei die einheimischen Bodegas und Weine kennen.<\/p>\n\n\n<div class=\"wp-block-image\">\n<figure class=\"aligncenter\"><img fetchpriority=\"high\" decoding=\"async\" width=\"1024\" height=\"678\" src=\"https:\/\/www.vacalia.com\/blog\/wp-content\/uploads\/2019\/11\/diciembre-rutas-vino-tercera-imagen-1024x678.gif\" alt=\"Die Landschaft um die Bodegas auf Mallorca ist eine Augenweide\" class=\"wp-image-3153\" srcset=\"https:\/\/www.vacalia.com\/blog\/wp-content\/uploads\/2019\/11\/diciembre-rutas-vino-tercera-imagen-1024x678.gif 1024w, https:\/\/www.vacalia.com\/blog\/wp-content\/uploads\/2019\/11\/diciembre-rutas-vino-tercera-imagen-300x199.gif 300w, https:\/\/www.vacalia.com\/blog\/wp-content\/uploads\/2019\/11\/diciembre-rutas-vino-tercera-imagen-768x509.gif 768w\" sizes=\"(max-width: 1024px) 100vw, 1024px\" \/><figcaption class=\"wp-element-caption\">Die Landschaft um die Bodegas auf Mallorca ist eine Augenweide.<\/figcaption><\/figure><\/div>\n\n\n<h2 class=\"wp-block-heading\">Mallorcas Weinregionen<\/h2>\n\n\n\n<p>Auf Mallorca gibt es etwa <strong>70 Weing\u00fcter<\/strong>. Die Bedingungen sind aufgrund des mediterranen Klimas und des fruchtbaren Bodens ideal f\u00fcr den Weinanbau. Es gibt zwei Regionen, die als D.O. anerkannt sind: <a href=\"https:\/\/www.vacalia.com\/blog\/mallorca-land-der-weine\/\" target=\"_blank\" rel=\"noreferrer noopener\" aria-label=\" (abre en una nueva pesta\u00f1a)\">Binissalem und Pla i Llevent<\/a>. Die Buchstaben DO auf spanischen Weinen stehen f\u00fcr <strong>\u201eDenominaci\u00f3n de Origen\u201c und erkl\u00e4ren die Herkunftsbestimmung des Weins.<\/strong> Es ist eine gesch\u00fctzte Ursprungsbezeichnung f\u00fcr Qualit\u00e4tsweine aus einem bestimmten Anbaugebiet. Aber auch andere Anbaugebiete sollten nicht untersch\u00e4tzt werden, wie zum Beispiel Serra Tramuntana-Costa Nord oder Terra.<\/p>\n\n\n\n<h2 class=\"wp-block-heading\">Bodegas auf Mallorca<\/h2>\n\n\n\n<p> Aus den <strong>vielen kleinen Bodegas sind mittlerweile einige wichtige Weinhersteller geworden<\/strong>, die landesweit und auch international renommiert sind. Viele Weinbauer bieten <strong>F\u00fchrungen und Verkostungen in Ihren Weinkellern<\/strong> an. Die G\u00e4ste werden daf\u00fcr vor dem Weingut in Empfang genommen und erfahren Einzelheiten \u00fcber die mallorquinische Weingeschichte und Bodegas. Der <strong>Herstellungsprozess des Weinguts<\/strong> wird erkl\u00e4rt, Weine werden probiert und eine Auswahl an mallorquinischen Delikatessen angeboten. Diese Weine und Delikatessen, k\u00f6nnen Sie nach Beendigung des Rundgangs in den L\u00e4den oder Restaurants der Bodegas kaufen und als Erinnerungsst\u00fcck oder als Geschenk mitnehmen. <\/p>\n\n\n\n<h3 class=\"wp-block-heading\">Bodega Jos\u00e9 L. Ferrer<\/h3>\n\n\n\n<p>Die <strong>gro\u00dfe Leidenschaft f\u00fcr Weintradition<\/strong> einer ganzen Familie steht hinter dem Namen Jos\u00e9 L. Ferrer. Die Bodega wurde 1931 von Don Jos\u00e9 L. Ferrer Ramonell in Binissalem gegr\u00fcndet und ist, mit seinen 135 Hektar gro\u00dfen, eigenen Weinbergen, <strong>das gr\u00f6\u00dfte Weingut der Insel<\/strong> und eines der modernsten auf Mallorca. In der Kellerei werden die Weine in Holz-, Beton- und Edelstahltanks hergestellt und in amerikanischen und franz\u00f6sischen Eichenf\u00e4ssern sorgf\u00e4ltig gereift.  <\/p>\n\n\n\n<p>Zu den drei meistverkauften Weinen der Bodega geh\u00f6ren der Wei\u00dfwein Blanc de Blanc, der Moscatel und der Chardonnay. <\/p>\n\n\n<div class=\"wp-block-image\">\n<figure class=\"aligncenter\"><img decoding=\"async\" width=\"1024\" height=\"678\" src=\"https:\/\/www.vacalia.com\/blog\/wp-content\/uploads\/2019\/11\/diciembre-rutas-vino-segunda-imagen-1-1024x678.gif\" alt=\"Der Jos\u00e9 L. Ferrer Weinkeller befindet sich in Binissalem und ist die gr\u00f6\u00dfte Bodega Mallorcas\" class=\"wp-image-3154\" srcset=\"https:\/\/www.vacalia.com\/blog\/wp-content\/uploads\/2019\/11\/diciembre-rutas-vino-segunda-imagen-1-1024x678.gif 1024w, https:\/\/www.vacalia.com\/blog\/wp-content\/uploads\/2019\/11\/diciembre-rutas-vino-segunda-imagen-1-300x199.gif 300w, https:\/\/www.vacalia.com\/blog\/wp-content\/uploads\/2019\/11\/diciembre-rutas-vino-segunda-imagen-1-768x509.gif 768w\" sizes=\"(max-width: 1024px) 100vw, 1024px\" \/><figcaption class=\"wp-element-caption\">Der Jos\u00e9 L. Ferrer Weinkeller befindet sich in Binissalem und ist die gr\u00f6\u00dfte Bodega Mallorcas.<\/figcaption><\/figure><\/div>\n\n\n<h3 class=\"wp-block-heading\">Bodega Santa Catarina<\/h3>\n\n\n\n<p>Santa Catarina liegt in einem der sch\u00f6nsten T\u00e4ler des <a href=\"https:\/\/www.vacalia.com\/blog\/aktivitaten-an-der-frischen-luft-in-der-sierra-tramuntana-von-mallorca\/\" target=\"_blank\" rel=\"noreferrer noopener\">Tramuntana Gebirges<\/a>, im Dorf von Andratx. Die Bodega wurde von dem <strong>schwedischen Multi-Millon\u00e4r Stellan Lundquist<\/strong> im Jahre 1985 gegr\u00fcndet. Sie verf\u00fcgt derzeit \u00fcber 80 Hektar Weinberge. Haupts\u00e4chlich wird die <strong>Traubensorte Cabernet Sauvignon<\/strong> angebaut. Dieser Weinkeller umfasst \u00fcber 900 F\u00e4sser sowie modernste Kellertechnik und Edelstahltanks.<\/p>\n\n\n\n<p>Hier werden, die international preisgekr\u00f6nten Weine Prensal Blanc, Manto Negro und Callet hergestellt. Diese kann man w\u00e4hrend der <strong>Weinverkostung probieren, die in einem wundersch\u00f6nen H\u00f6hlenkeller aus Sandstein<\/strong> abgehalten wird.<\/p>\n\n\n\n<h3 class=\"wp-block-heading\">Bodega Miquel Gelabert<\/h3>\n\n\n\n<p>Dieser <strong>Familienbetrieb sitzt in Manacor<\/strong>, im Osten der Insel, und stellt seit 25 Jahren Weine her.&nbsp; Miquel Gelabert wurde als kleines Unternehmen gegr\u00fcndet. Sie besitzen eine Weinbergfl\u00e4che von ca. 90 Hektar. F\u00fcr die Bodega Miquel Gelabert ist es eine grundlegende Voraussetzung in ihrem Herstellungsprozess <strong>modernste Technologien mit den alten mallorquinischen Winzertraditionen zu verbinden<\/strong>, um diese am Leben zu erhalten. Das Unternehmen produziert Rot-, Wei\u00df-, Ros\u00e9- und S\u00fc\u00dfweine.<\/p>\n\n\n\n<h3 class=\"wp-block-heading\">Bodega \u00c0nima Negra<\/h3>\n\n\n\n<p>Miquel \u00c0ngel Cerd\u00e1 und Pere Obrador feierten 2015 das <strong>20-j\u00e4hrige Bestehen von \u00c0nima Negra<\/strong>. Ihre authentischen Weine genie\u00dfen eine gro\u00dfe internationale Anerkennung. \u00c0nima Negra ist ein weiteres wichtigstes Weingut der Insel und liegt in Felanitx, im S\u00fcdosten Mallorcas. In nur wenigen Jahren haben sie es geschafft, elegante und ausdrucksstarke Weine herzustellen, die den <strong>authentischen Weinbaucharakter Mallorcas <\/strong>widerspiegeln. Es ist ihr Ziel, Weine mit viel Pers\u00f6nlichkeit und hoher Qualit\u00e4t zu kreieren.<strong> Der \u00c0N\/2<\/strong> ist wahrscheinlich der bekannteste Wein dieses Weinkellers und Zeuge ihrer harten Arbeit. Seine Mischung mit den <strong>Traubensorten Callet, Mantonegro und Fogoneu<\/strong> erzeugt nach 13 Monaten Reifung einen leckeren, seidigen, aromatischen und frischen Geschmack. Das Weingut, auf dem er hergestellt wird, ist atemberaubend sch\u00f6n und <strong>einen Besuch lohnt sich<\/strong> \u2013 nicht nur wegen des Weines.<\/p>\n\n\n\n<h3 class=\"wp-block-heading\">Bodega Maci\u00e0 Batle <\/h3>\n\n\n\n<p>Seit 1856 werden in den Bodegas Maci\u00e0 Batle (Santa Maria\n&#8211; DO Binissalem Mallorca) Weine mit viel Leidenschaft produziert. Heutzutage\nist es eine der wichtigsten Bodegas\nMallorcas mit mehr als <strong>250 internationalen\nAuszeichnungen<\/strong>. Das Weingut wird derzeit von Ramon Servalls Batle geleitet,\nder zur <strong>f\u00fcnften Generation der\nGr\u00fcnderfamilie<\/strong> geh\u00f6rt. Eine sehr anspruchsvolle Generation von Weinbauern\nund \u00d6nologen stellen moderne, einzigartige Weine mit einer fruchtigen,\naromatischen Note her. <\/p>\n\n\n\n<p>Zu der <strong>Herkunftsbezeichnung \u201eBinissalem Mallorca\u201c<\/strong> eingetragenen Weine, geh\u00f6ren der Mantonegro und der Callet.<\/p>\n\n\n<div class=\"wp-block-image\">\n<figure class=\"aligncenter\"><img decoding=\"async\" width=\"1024\" height=\"678\" src=\"https:\/\/www.vacalia.com\/blog\/wp-content\/uploads\/2019\/11\/diciembre-rutas-vino-cuarta-imagen-1024x678.gif\" alt=\"Die Erntezeit der Trauben findet auf Mallorca im September statt\" class=\"wp-image-3155\" srcset=\"https:\/\/www.vacalia.com\/blog\/wp-content\/uploads\/2019\/11\/diciembre-rutas-vino-cuarta-imagen-1024x678.gif 1024w, https:\/\/www.vacalia.com\/blog\/wp-content\/uploads\/2019\/11\/diciembre-rutas-vino-cuarta-imagen-300x199.gif 300w, https:\/\/www.vacalia.com\/blog\/wp-content\/uploads\/2019\/11\/diciembre-rutas-vino-cuarta-imagen-768x509.gif 768w\" sizes=\"(max-width: 1024px) 100vw, 1024px\" \/><figcaption class=\"wp-element-caption\">Die Erntezeit der Trauben findet auf Mallorca im September statt.<\/figcaption><\/figure><\/div>\n\n\n<h2 class=\"wp-block-heading\">Weinmessen auf\nMallorca<\/h2>\n\n\n\n<p>Ein Highlight vieler Weintouren auf Mallorca ist der Besuch einer Weinmesse.<strong> Die Popularit\u00e4t der Weinmessen steigt von Jahr zu Jahr<\/strong>. F\u00fcr die Winzer ist dies eine optimale Gelegenheit Ihre Produkte pr\u00e4sentieren zu k\u00f6nnen. Zwei der bekanntesten Weinmessen sind die <strong>Pollensa Messe<\/strong> und die <strong>Binissalem Messe<\/strong>, die eine sehr gro\u00dfe Anzahl von Touristen anzieht. Ein Messebesuch ist ebenfalls eine gute Gelegenheit die Umgebung und die Geschichte des Ortes kennenzulernen.<\/p>\n\n\n\n<ul class=\"wp-block-list\">\n<li><strong>Pollensa-Messe:<\/strong> Die Weinmesse von <a href=\"https:\/\/www.vacalia.com\/blog\/fincas-in-pollensa-alcudia\/\" target=\"_blank\" rel=\"noreferrer noopener\" aria-label=\" (se abre en una nueva pesta\u00f1a)\">Pollensa<\/a>, die \u00ab<strong>Fira del Vi<\/strong>\u00ab, findet jedes Jahr im Kreuzgang von Santo Domingo statt. Diese Messe ist die perfekte Gelegenheit, einige der besten mallorquinischen Weine zu entdecken und zu verkosten. Diese Messe findet im <strong>Monat Mai an einem Wochenende <\/strong>statt. <\/li>\n<\/ul>\n\n\n\n<ul class=\"wp-block-list\">\n<li><strong>Binissalem-Messe:<\/strong> In diesem traditionellen mallorquinischen Dorf, k\u00f6nnen Sie die Weinbautradition, dieser f\u00fcr den Weintourismus so wichtigen Gegend, genie\u00dfen. Die wichtigste Messe in der Region ist zweifellos <strong>La Vendimia, bekannt als La Festa des Vermar<\/strong> (Das Fest der Weinlese). Hier k\u00f6nnen Besucher die bekanntesten Weine der D.O. Binissalem probieren. Diese Feier findet <strong>Ende September zur gleichen Zeit wie die Erntezeit<\/strong> statt.<\/li>\n<\/ul>\n\n\n\n<p>Sind Sie neugierig auf die <strong>mallorquinische Weinkultur<\/strong> geworden? Dann planen Sie bei Ihrem n\u00e4chsten Urlaub eine <strong>Weintour auf Mallorca<\/strong>.&nbsp; Sie werden die M\u00f6glichkeit haben, die k\u00f6stlichen Weine zusammen mit einigen traditionellen Gerichte der Insel zu probieren. Verw\u00f6hnen Sie Ihren Gaumen! Und als Unterkunftsm\u00f6glichkeit bietet Vacalia Ihnen <strong>Ferienh\u00e4user ganz in der N\u00e4he der vielen Weingebiete<\/strong>. So k\u00f6nnen sie Ihren Bodega-Besuch gem\u00fctlich als Tagesausflug planen.<\/p>\n\n\n<div class=\"bannerBlog\"><div class=\"new-card-houses\">\n    <div class=\"likeOut likeDivOut\" style=\"display:none\">\n        <a data-id=\"3638\" class=\"likeOut_button_red likeBtnFav\"\n            aria-label=\"Megusta Vacalia\"><\/a>\n    <\/div>\n    <figure>\n        <img loading=\"lazy\" decoding=\"async\" \n            loading=\"lazy\" width=\"301\" height=\"200\"\n            src=\"\/\/media.vacalia.com\/photo\/reformatwebpfolder\/350\/200\/3638\/thumb-middle\/3638_64c4400707f9216e4ff5ea3b398a1798.webp?v=21092023\"\n            alt=\"Sol - Ferienhaus auf Platja d&#039;Alc\u00fadia\"\/>\n                                                                        <div class=\"circleDiscount\">-9%<\/div>\n                        <\/figure>\n    <p itemprop=\"address\"><i class=\"ico-marker\"><\/i>Platja d&#039;Alc\u00fadia, Mallorca<\/p>\n    <h3 itemprop=\"name\">Sol<\/h3>\n    <ul class=\"icon_list inline_list\">\n                              <li class=\"ico-airConditioning\" title=\"Klimaanlage\">\n              <span itemprop=\"amenityFeature\">Klimaanlage<\/span>\n            <\/li>\n                      <li class=\"ico-wifi\" title=\"Wifi\">\n              <span itemprop=\"amenityFeature\">Wifi<\/span>\n            <\/li>\n                          <li class=\"ico-guests\" title=\"F\u00fcr 4 G\u00e4ste in Platja D&#039;alc\u00fadia.\">\n          <span itemprop=\"occupancy\">4<\/span>\n        <\/li>\n    <\/ul>\n            <span class=\"price\">Ab 125\u20ac \/ Nacht<\/span>\n                <a itemprop=\"url\" class=\"anchor\" href=\"https:\/\/www.vacalia.com\/de\/apartment-sol-alcudia-h24658\" aria-label=\"Sol\"><\/a>\n<\/div><div class=\"new-card-houses\">\n    <div class=\"likeOut likeDivOut\" style=\"display:none\">\n        <a data-id=\"5034\" class=\"likeOut_button_red likeBtnFav\"\n            aria-label=\"Megusta Vacalia\"><\/a>\n    <\/div>\n    <figure>\n        <img loading=\"lazy\" decoding=\"async\" \n            loading=\"lazy\" width=\"301\" height=\"200\"\n            src=\"\/\/media.vacalia.com\/photo\/reformatwebpfolder\/350\/200\/5034\/thumb-middle\/5034_3b8842e295e0906db37d2e4bf535370d.webp?v=21092023\"\n            alt=\"Casa mallorquina con encanto - Ferienhaus auf Mancor de la Vall\"\/>\n                                                                        <div class=\"circleDiscount\">-10%<\/div>\n                        <\/figure>\n    <p itemprop=\"address\"><i class=\"ico-marker\"><\/i>Mancor de la Vall, Mallorca<\/p>\n    <h3 itemprop=\"name\">Casa mallorquina con encanto<\/h3>\n    <ul class=\"icon_list inline_list\">\n                              <li class=\"ico-pool\" title=\"Pool\">\n              <span itemprop=\"amenityFeature\">Pool<\/span>\n            <\/li>\n                      <li class=\"ico-wifi\" title=\"Wifi\">\n              <span itemprop=\"amenityFeature\">Wifi<\/span>\n            <\/li>\n                          <li class=\"ico-guests\" title=\"F\u00fcr 9 G\u00e4ste in Mancor De La Vall.\">\n          <span itemprop=\"occupancy\">9<\/span>\n        <\/li>\n    <\/ul>\n            <span class=\"price\">Ab 166\u20ac \/ Nacht<\/span>\n                <a itemprop=\"url\" class=\"anchor\" href=\"https:\/\/www.vacalia.com\/de\/villa-casa-mallorquina-con-encanto-mancor-de-la-vall-h29546\" aria-label=\"Casa mallorquina con encanto\"><\/a>\n<\/div><div class=\"new-card-houses\">\n    <div class=\"likeOut likeDivOut\" style=\"display:none\">\n        <a data-id=\"1526\" class=\"likeOut_button_red likeBtnFav\"\n            aria-label=\"Megusta Vacalia\"><\/a>\n    <\/div>\n    <figure>\n        <img loading=\"lazy\" decoding=\"async\" \n            loading=\"lazy\" width=\"301\" height=\"200\"\n            src=\"\/\/media.vacalia.com\/photo\/reformatwebpfolder\/350\/200\/1526\/thumb-middle\/1526_6c275e39a55b6094d3c9c7ca9968d674.webp?v=21092023\"\n            alt=\"Casa garonda - Ferienhaus auf Cala Pi\"\/>\n                                                                        <div class=\"circleDiscount\">-9%<\/div>\n                        <\/figure>\n    <p itemprop=\"address\"><i class=\"ico-marker\"><\/i>Cala Pi, Mallorca<\/p>\n    <h3 itemprop=\"name\">Casa garonda<\/h3>\n    <ul class=\"icon_list inline_list\">\n                              <li class=\"ico-pool\" title=\"Pool\">\n              <span itemprop=\"amenityFeature\">Pool<\/span>\n            <\/li>\n                      <li class=\"ico-airConditioning\" title=\"Klimaanlage\">\n              <span itemprop=\"amenityFeature\">Klimaanlage<\/span>\n            <\/li>\n                      <li class=\"ico-wifi\" title=\"Wifi\">\n              <span itemprop=\"amenityFeature\">Wifi<\/span>\n            <\/li>\n                          <li class=\"ico-guests\" title=\"F\u00fcr 6 G\u00e4ste in Cala Pi.\">\n          <span itemprop=\"occupancy\">6<\/span>\n        <\/li>\n    <\/ul>\n            <span class=\"price\">Ab 211\u20ac \/ Nacht<\/span>\n                <a itemprop=\"url\" class=\"anchor\" href=\"https:\/\/www.vacalia.com\/de\/villa-casa-garonda-llucmajor-h16407\" aria-label=\"Casa garonda\"><\/a>\n<\/div><\/div>\n","protected":false},"excerpt":{"rendered":"<p>Entdecken Sie die sch\u00f6nsten Weintouren auf Mallorca.  Lernen Sie mehr \u00fcber den Weinanbau der Insel und planen Sie einen Besuch der wichtigsten Bodegas und Weinmessen f\u00fcr Ihren n\u00e4chsten Urlaub.<\/p>\n","protected":false},"author":2,"featured_media":3156,"comment_status":"closed","ping_status":"open","sticky":false,"template":"","format":"standard","meta":{"_monsterinsights_skip_tracking":false,"_monsterinsights_sitenote_active":false,"_monsterinsights_sitenote_note":"","_monsterinsights_sitenote_category":0,"footnotes":""},"categories":[40],"tags":[],"class_list":["post-3151","post","type-post","status-publish","format-standard","has-post-thumbnail","hentry","category-allgemein"],"_links":{"self":[{"href":"https:\/\/www.vacalia.com\/blog\/wp-json\/wp\/v2\/posts\/3151"}],"collection":[{"href":"https:\/\/www.vacalia.com\/blog\/wp-json\/wp\/v2\/posts"}],"about":[{"href":"https:\/\/www.vacalia.com\/blog\/wp-json\/wp\/v2\/types\/post"}],"author":[{"embeddable":true,"href":"https:\/\/www.vacalia.com\/blog\/wp-json\/wp\/v2\/users\/2"}],"replies":[{"embeddable":true,"href":"https:\/\/www.vacalia.com\/blog\/wp-json\/wp\/v2\/comments?post=3151"}],"version-history":[{"count":8,"href":"https:\/\/www.vacalia.com\/blog\/wp-json\/wp\/v2\/posts\/3151\/revisions"}],"predecessor-version":[{"id":7411,"href":"https:\/\/www.vacalia.com\/blog\/wp-json\/wp\/v2\/posts\/3151\/revisions\/7411"}],"wp:featuredmedia":[{"embeddable":true,"href":"https:\/\/www.vacalia.com\/blog\/wp-json\/wp\/v2\/media\/3156"}],"wp:attachment":[{"href":"https:\/\/www.vacalia.com\/blog\/wp-json\/wp\/v2\/media?parent=3151"}],"wp:term":[{"taxonomy":"category","embeddable":true,"href":"https:\/\/www.vacalia.com\/blog\/wp-json\/wp\/v2\/categories?post=3151"},{"taxonomy":"post_tag","embeddable":true,"href":"https:\/\/www.vacalia.com\/blog\/wp-json\/wp\/v2\/tags?post=3151"}],"curies":[{"name":"wp","href":"https:\/\/api.w.org\/{rel}","templated":true}]}}