{"id":3235,"date":"2020-01-31T10:09:21","date_gmt":"2020-01-31T09:09:21","guid":{"rendered":"https:\/\/www.vacalia.com\/blog\/?p=3235"},"modified":"2024-02-13T16:34:40","modified_gmt":"2024-02-13T15:34:40","slug":"fiestas-alicante-populares","status":"publish","type":"post","link":"https:\/\/www.vacalia.com\/blog\/es\/fiestas-alicante-populares\/","title":{"rendered":"Fiestas en Alicante: las mejores celebraciones populares"},"content":{"rendered":"\n<p>La Comunidad Valenciana es un lugar \u00fanico en el que sus habitantes son especialistas en unir esfuerzos para organizar los eventos festivos m\u00e1s impresionantes. As\u00ed, las <strong>fiestas de Alicante<\/strong> destacan por su colorido, su alegr\u00eda y su marcado car\u00e1cter popular. Un motivo m\u00e1s para descubrir la <strong>riqueza cultural de la Costa Blanca<\/strong>.<\/p>\n\n\n\n<p><strong>Fuego, p\u00f3lvora y diversi\u00f3n<\/strong> recorren las calles de las ciudades y pueblos alicantinos a lo largo de todo el a\u00f1o en unas fiestas con la hospitalidad hacia los visitantes como se\u00f1a de identidad. La singularidad de estas celebraciones es el motivo por el que muchas de ellas han sido declaradas de <strong>Inter\u00e9s Tur\u00edstico Internacional<\/strong>. <\/p>\n\n\n\n<h2 class=\"wp-block-heading\">Fiestas de Moros y Cristianos en Alicante<\/h2>\n\n\n\n<p>Entre abril y diciembre <strong>distintos municipios de la provincia de Alicante<\/strong> celebran estas fiestas. Aunque comparten ciertos rasgos comunes, cada una de ellas incorpora elementos diferentes que las hacen \u00fanicas. <\/p>\n\n\n\n<p>El origen de estas celebraciones se remonta a las <strong>batallas entre los reinos hisp\u00e1nicos y los pueblos musulmanes durante la Reconquista<\/strong>. En l\u00edneas generales, la fiesta dura entre 3 y 5 d\u00edas en los que cada bando toma la cuidad de forma simb\u00f3lica durante un d\u00eda para culminar con la reconquista cristiana en la \u00faltima jornada.<\/p>\n\n\n\n<p>Los espectaculares desfiles que recorren las ciudades est\u00e1n cuidados hasta el \u00faltimo detalle: trajes, carrozas, animales y comparsas ambientan las fiestas. En localidades como <strong>Alcoy<\/strong>, <strong>Villajoyosa<\/strong> o <strong>Crevillente<\/strong> han sido declaradas de <strong>Inter\u00e9s Tur\u00edstico Internacional<\/strong>.<\/p>\n\n\n\n<figure class=\"wp-block-image\"><img fetchpriority=\"high\" decoding=\"async\" width=\"1024\" height=\"678\" src=\"https:\/\/www.vacalia.com\/blog\/wp-content\/uploads\/2019\/12\/moros-cristianos-fiestas-populares-alicante-1024x678.gif\" alt=\"Moros y Cristianos es una de las fiestas de Alicante m\u00e1s famosos\" class=\"wp-image-3236\" srcset=\"https:\/\/www.vacalia.com\/blog\/wp-content\/uploads\/2019\/12\/moros-cristianos-fiestas-populares-alicante-1024x678.gif 1024w, https:\/\/www.vacalia.com\/blog\/wp-content\/uploads\/2019\/12\/moros-cristianos-fiestas-populares-alicante-300x199.gif 300w, https:\/\/www.vacalia.com\/blog\/wp-content\/uploads\/2019\/12\/moros-cristianos-fiestas-populares-alicante-768x509.gif 768w\" sizes=\"(max-width: 1024px) 100vw, 1024px\" \/><figcaption class=\"wp-element-caption\">Fiesta de Moros y Cristianos en Alcoy, Alicante<\/figcaption><\/figure>\n\n\n\n<h2 class=\"wp-block-heading\">Romer\u00eda de Santa Faz<\/h2>\n\n\n\n<p>Tambi\u00e9n conocida como <em>La Peregrina<\/em>, esta festividad tiene lugar <strong>el segundo jueves posterior al Jueves Santo<\/strong>. Se trata de una celebraci\u00f3n de car\u00e1cter religioso que consiste en una peregrinaci\u00f3n hasta el <strong>monasterio de estilo barroco de la Santa Faz<\/strong>, situado a 5 km de la capital en una peque\u00f1a localidad con el mismo nombre.<\/p>\n\n\n\n<p>La <strong>peregrinaci\u00f3n<\/strong> empieza muy temprano por la ma\u00f1ana cuando se reparten ca\u00f1as de romero entre los participantes. Posteriormente se celebra un <strong>almuerzo com\u00fan<\/strong> que marca uno de los hitos del recorrido. Para realizar la peregrinaci\u00f3n se recomienda utilizar calzado c\u00f3modo, hidratarse frecuentemente y realizar descansos cada poco tiempo.<\/p>\n\n\n\n<p>Eso s\u00ed, no es necesario convertirse en un peregrino para disfrutar de esta celebraci\u00f3n, basta con desplazarse hasta la <strong>pedan\u00eda de Santa Faz<\/strong> en la que el <strong>ambiente festivo<\/strong> inunda todos los rincones.<\/p>\n\n\n\n<h2 class=\"wp-block-heading\">Castell de L\u2019Olla<\/h2>\n\n\n\n<p>La <strong>tradici\u00f3n pirot\u00e9cnica levantina<\/strong> encuentra uno de sus puntos \u00e1lgidos en este espect\u00e1culo de fuegos artificiales. Cada a\u00f1o, cielo de <strong>Altea<\/strong> se llena de luz y color en la noche del s\u00e1bado m\u00e1s cercano al d\u00eda de San Lorenzo.<\/p>\n\n\n\n<p>El <strong>Castell de L\u2019Olla<\/strong> surge hace m\u00e1s de 30 a\u00f1os como homenaje a un pirot\u00e9cnico local. Desde su creaci\u00f3n, la importancia del evento ha ido creciendo tanto en calidad como en n\u00famero de asistentes.<\/p>\n\n\n\n<p>Los <strong>fuegos artificiales<\/strong> se lanzan desde una <strong>plataforma en pleno Mediterr\u00e1neo<\/strong>. Por eso, la mejor forma de disfrutar del espect\u00e1culo pirot\u00e9cnico es desde un barco sobre las tranquilas aguas de la bah\u00eda de Altea, reconocida como una de las localidades m\u00e1s bonitas de Espa\u00f1a. \u00a1Todo un espect\u00e1culo!<\/p>\n\n\n\n<figure class=\"wp-block-image\"><img decoding=\"async\" width=\"1024\" height=\"678\" src=\"https:\/\/www.vacalia.com\/blog\/wp-content\/uploads\/2019\/12\/fuegos-artificiales-fiestas-populares-alicante-1024x678.gif\" alt=\"Fuegos artificiales en el Mediterr\u00e1neo\" class=\"wp-image-3239\" srcset=\"https:\/\/www.vacalia.com\/blog\/wp-content\/uploads\/2019\/12\/fuegos-artificiales-fiestas-populares-alicante-1024x678.gif 1024w, https:\/\/www.vacalia.com\/blog\/wp-content\/uploads\/2019\/12\/fuegos-artificiales-fiestas-populares-alicante-300x199.gif 300w, https:\/\/www.vacalia.com\/blog\/wp-content\/uploads\/2019\/12\/fuegos-artificiales-fiestas-populares-alicante-768x509.gif 768w\" sizes=\"(max-width: 1024px) 100vw, 1024px\" \/><figcaption class=\"wp-element-caption\">Fuegos artificiales en el Mediterr\u00e1neo<\/figcaption><\/figure>\n\n\n\n<h2 class=\"wp-block-heading\">Feria de todos los Santos de Cocentaina<\/h2>\n\n\n\n<p>Pocos festejos cuentan con un origen tan antiguo como la <strong><em>Fira de Tots Sants<\/em><\/strong>. El evento se celebra a principios del mes de noviembre en el entorno excepcional que ofrece la localidad de <strong>Cocentaina<\/strong>, una de las joyas del interior de la provincia de Alicante.<\/p>\n\n\n\n<p>Su origen data del <strong>a\u00f1o 1346<\/strong>, cuando el Rey Pere II otorga un privilegio a la villa de Cocentaina para celebrar una feria comercial en su territorio. Desde entonces, el empe\u00f1o y la colaboraci\u00f3n de los habitantes de esta localidad han llevado a su feria a ser reconocida como <strong>Fiesta de Inter\u00e9s Tur\u00edstico Internacional<\/strong>. <\/p>\n\n\n\n<p>En las \u00faltimas ediciones, aproximadamente medio mill\u00f3n de personas se han acercado a disfrutar de las actividades programadas durante la feria, que van desde un <strong>almuerzo tradicional<\/strong> a una <strong>exhibici\u00f3n de monta y doma de caballos<\/strong> o un <strong>mercado medieval<\/strong> con m\u00e1s de 200 puestos. Una experiencia imprescindible para viajar en el tiempo a trav\u00e9s de&nbsp; la historia de Levante.<\/p>\n\n\n\n<h2 class=\"wp-block-heading\">Hogueras de San Juan: las fiestas de Alicante m\u00e1s famosas<\/h2>\n\n\n\n<p>No pod\u00edamos olvidarnos de la celebraci\u00f3n m\u00e1s importante de todo el a\u00f1o. La ciudad de <strong>Alicante se viste de fuego en el solsticio de verano<\/strong> para dejar atr\u00e1s todo lo malo en la noche m\u00e1s m\u00e1gica del a\u00f1o.<\/p>\n\n\n\n<p><strong>Las Hogueras de San Juan se celebran entre los d\u00edas 19 y 24 de junio<\/strong> y constituyen las fiestas patronales de Alicante. Como tantas celebraciones populares en el Levante son consideradas de <strong>Inter\u00e9s Tur\u00edstico Internacional<\/strong> y, en este caso adem\u00e1s cuentan con la distinci\u00f3n de <strong>Bien de Inter\u00e9s Cultural Inmaterial.<\/strong> <\/p>\n\n\n\n<p>La ciudad se divide en distritos fogueriles.  En cada uno de ellos se instala una hoguera mayor y una infantil en la conocida como <strong><em>plant\u00e1<\/em><\/strong>, <strong>a medianoche del 20 de junio<\/strong>. A partir de ese momento la ciudad al completo acoge un festejo ininterrumpido protagonizado por las barracas, espacios vallados que las distintas agrupaciones populares se encargan de equipar con todo lo necesario para que las calles se conviertan en una fiesta. <\/p>\n\n\n\n<figure class=\"wp-block-image\"><img decoding=\"async\" width=\"1024\" height=\"678\" src=\"https:\/\/www.vacalia.com\/blog\/wp-content\/uploads\/2019\/12\/hogueras-fiestas-populares-alicante-1024x678.gif\" alt=\"Las Hogueras de San Juan son las Fiestas Patronales de Alicante \" class=\"wp-image-3240\" srcset=\"https:\/\/www.vacalia.com\/blog\/wp-content\/uploads\/2019\/12\/hogueras-fiestas-populares-alicante-1024x678.gif 1024w, https:\/\/www.vacalia.com\/blog\/wp-content\/uploads\/2019\/12\/hogueras-fiestas-populares-alicante-300x199.gif 300w, https:\/\/www.vacalia.com\/blog\/wp-content\/uploads\/2019\/12\/hogueras-fiestas-populares-alicante-768x509.gif 768w\" sizes=\"(max-width: 1024px) 100vw, 1024px\" \/><figcaption class=\"wp-element-caption\">Las Hogueras de San Juan son las Fiestas Patronales de Alicante <\/figcaption><\/figure>\n\n\n\n<p>Durante las fiestas, y los fines de semana de todo el mes de junio, se celebra la famosa <strong><em>masclet\u00e1<\/em><\/strong> en la c\u00e9ntrica Plaza de los Luceros. Un inmenso dispositivo pirot\u00e9cnico que se pone en marcha <strong>a las 14:00 en punto<\/strong> para hacer vibrar a los presentes al ritmo de los petardos. Un ritual pirot\u00e9cnico que pone en marcha a los alicantinos para una nueva jornada de actividades festivas.<\/p>\n\n\n\n<p>El d\u00eda <strong>24 de junio a las 00:00<\/strong> una palmera de fuegos artificiales lanzada desde el castillo de Santa B\u00e1rbara anuncia el comienzo la <strong><em>crem\u00e1.<\/em><\/strong> <strong>La primera hoguera en arder es la del Ayuntamiento <\/strong>y, a partir de ese momento, comenzar\u00e1n a prenderse los monumentos ef\u00edmeros de los distintos distritos. Los bomberos se encargan de vigilar las hogueras y de refrescar a la gente en un ambiente festivo del que toda la ciudad participa. &nbsp;<\/p>\n\n\n\n<p><\/p>\n\n\n\n<p>La <strong>riqueza cultural de la Costa Blanca<\/strong> se recoge en sus <strong>fiestas populares<\/strong> a las que todo el mundo est\u00e1 invitado. Por eso, muchas de ellas suponen un reclamo tur\u00edstico de primer orden. Para disfrutar de las mejores <strong>fiestas de Alicante<\/strong>, en <strong>Vacalia<\/strong> encontrar\u00e1s los alquileres vacacionales en la Costa Blanca que mejor se adaptan a vuestras necesidades. \u00a1Reserva ya tus pr\u00f3ximas vacaciones al mejor precio!<\/p>\n\n\n<div class=\"bannerBlog\"><div class=\"new-card-houses\">\n    <div class=\"likeOut likeDivOut\" style=\"display:none\">\n        <a data-id=\"2837\" class=\"likeOut_button_red likeBtnFav\"\n            aria-label=\"Megusta Vacalia\"><\/a>\n    <\/div>\n    <figure>\n        <img loading=\"lazy\" decoding=\"async\" \n            loading=\"lazy\" width=\"301\" height=\"200\"\n            src=\"\/\/media.vacalia.com\/photo\/reformatwebpfolder\/350\/200\/2837\/thumb-middle\/2837_a5029b586275288353e119c208bf09d4.webp?v=21092023\"\n            alt=\"Gladiolo - Alquiler vacacional en X\u00e0bia\/J\u00e1vea\"\/>\n                                                                        <div class=\"circleDiscount\">-11%<\/div>\n                        <\/figure>\n    <p itemprop=\"address\"><i class=\"ico-marker\"><\/i>X\u00e0bia\/J\u00e1vea, Alicante<\/p>\n    <h3 itemprop=\"name\">Gladiolo<\/h3>\n    <ul class=\"icon_list inline_list\">\n                              <li class=\"ico-pool\" title=\"Piscina\">\n              <span itemprop=\"amenityFeature\">Piscina<\/span>\n            <\/li>\n                      <li class=\"ico-airConditioning\" title=\"Aire Acondicionado\">\n              <span itemprop=\"amenityFeature\">Aire Acondicionado<\/span>\n            <\/li>\n                      <li class=\"ico-wifi\" title=\"Wifi\">\n              <span itemprop=\"amenityFeature\">Wifi<\/span>\n            <\/li>\n                          <li class=\"ico-guests\" title=\"Para 6 hu\u00e9spedes en X\u00e0bia\/j\u00e1vea.\">\n          <span itemprop=\"occupancy\">6<\/span>\n        <\/li>\n    <\/ul>\n            <span class=\"price\">Desde 101\u20ac \/ noche<\/span>\n                <a itemprop=\"url\" class=\"anchor\" href=\"https:\/\/www.vacalia.com\/es\/villa-gladiolo-xabia-javea-h19643\" aria-label=\"Gladiolo\"><\/a>\n<\/div><div class=\"new-card-houses\">\n    <div class=\"likeOut likeDivOut\" style=\"display:none\">\n        <a data-id=\"2838\" class=\"likeOut_button_red likeBtnFav\"\n            aria-label=\"Megusta Vacalia\"><\/a>\n    <\/div>\n    <figure>\n        <img loading=\"lazy\" decoding=\"async\" \n            loading=\"lazy\" width=\"301\" height=\"200\"\n            src=\"\/\/media.vacalia.com\/photo\/reformatwebpfolder\/350\/200\/2838\/thumb-middle\/2838_06c902e5155c905c9c7ca2e45a53fefd.webp?v=21092023\"\n            alt=\"Frederic - Alquiler vacacional en X\u00e0bia\/J\u00e1vea\"\/>\n                                                                        <div class=\"circleDiscount\">-8%<\/div>\n                        <\/figure>\n    <p itemprop=\"address\"><i class=\"ico-marker\"><\/i>X\u00e0bia\/J\u00e1vea, Alicante<\/p>\n    <h3 itemprop=\"name\">Frederic<\/h3>\n    <ul class=\"icon_list inline_list\">\n                              <li class=\"ico-pool\" title=\"Piscina\">\n              <span itemprop=\"amenityFeature\">Piscina<\/span>\n            <\/li>\n                      <li class=\"ico-wifi\" title=\"Wifi\">\n              <span itemprop=\"amenityFeature\">Wifi<\/span>\n            <\/li>\n                          <li class=\"ico-guests\" title=\"Para 6 hu\u00e9spedes en X\u00e0bia\/j\u00e1vea.\">\n          <span itemprop=\"occupancy\">6<\/span>\n        <\/li>\n    <\/ul>\n            <span class=\"price\">Desde 100\u20ac \/ noche<\/span>\n                <a itemprop=\"url\" class=\"anchor\" href=\"https:\/\/www.vacalia.com\/es\/villa-frederic-xabia-javea-h19853\" aria-label=\"Frederic\"><\/a>\n<\/div><\/div>\n","protected":false},"excerpt":{"rendered":"<p>La singularidad de las fiestas que se celebran en Alicante, en las que la historia y tradici\u00f3n son las protagonistas, es el motivo por el que muchas de ellas han sido declaradas de Inter\u00e9s Tur\u00edstico Internacional y Nacional.<\/p>\n","protected":false},"author":2,"featured_media":3575,"comment_status":"closed","ping_status":"open","sticky":false,"template":"","format":"standard","meta":{"_monsterinsights_skip_tracking":false,"_monsterinsights_sitenote_active":false,"_monsterinsights_sitenote_note":"","_monsterinsights_sitenote_category":0,"footnotes":""},"categories":[1],"tags":[],"class_list":["post-3235","post","type-post","status-publish","format-standard","has-post-thumbnail","hentry","category-general-es"],"_links":{"self":[{"href":"https:\/\/www.vacalia.com\/blog\/wp-json\/wp\/v2\/posts\/3235"}],"collection":[{"href":"https:\/\/www.vacalia.com\/blog\/wp-json\/wp\/v2\/posts"}],"about":[{"href":"https:\/\/www.vacalia.com\/blog\/wp-json\/wp\/v2\/types\/post"}],"author":[{"embeddable":true,"href":"https:\/\/www.vacalia.com\/blog\/wp-json\/wp\/v2\/users\/2"}],"replies":[{"embeddable":true,"href":"https:\/\/www.vacalia.com\/blog\/wp-json\/wp\/v2\/comments?post=3235"}],"version-history":[{"count":16,"href":"https:\/\/www.vacalia.com\/blog\/wp-json\/wp\/v2\/posts\/3235\/revisions"}],"predecessor-version":[{"id":4717,"href":"https:\/\/www.vacalia.com\/blog\/wp-json\/wp\/v2\/posts\/3235\/revisions\/4717"}],"wp:featuredmedia":[{"embeddable":true,"href":"https:\/\/www.vacalia.com\/blog\/wp-json\/wp\/v2\/media\/3575"}],"wp:attachment":[{"href":"https:\/\/www.vacalia.com\/blog\/wp-json\/wp\/v2\/media?parent=3235"}],"wp:term":[{"taxonomy":"category","embeddable":true,"href":"https:\/\/www.vacalia.com\/blog\/wp-json\/wp\/v2\/categories?post=3235"},{"taxonomy":"post_tag","embeddable":true,"href":"https:\/\/www.vacalia.com\/blog\/wp-json\/wp\/v2\/tags?post=3235"}],"curies":[{"name":"wp","href":"https:\/\/api.w.org\/{rel}","templated":true}]}}