{"id":3327,"date":"2020-01-23T10:31:26","date_gmt":"2020-01-23T09:31:26","guid":{"rendered":"https:\/\/www.vacalia.com\/blog\/?p=3327"},"modified":"2024-02-14T15:25:53","modified_gmt":"2024-02-14T14:25:53","slug":"wintergerichte-mallorca","status":"publish","type":"post","link":"https:\/\/www.vacalia.com\/blog\/wintergerichte-mallorca\/","title":{"rendered":"K\u00f6stliche Wintergerichte aus Mallorca"},"content":{"rendered":"\n<p> Mallorca, des Deutschen liebste Sommerferieninsel. Was aber viele nicht wissen, ist das Mallorca auch im Winter vieles zu bieten hat und daher auch eine Reise wert ist. Mit vielen unterschiedlichen <strong>kulinarischen K\u00f6stlichkeiten<\/strong>, \u00fcberzeugen auch die Wintergerichte aus Mallorca. <a href=\"https:\/\/www.vacalia.com\/blog\/typisch-mallorquinische-gerichte\/\" target=\"_blank\" rel=\"noreferrer noopener\" aria-label=\" (abre en una nueva pesta\u00f1a)\">Typische Restaurants auf Mallorca<\/a> verwenden frische lokale Produkte, die das Essen exquisit und einzigartig machen.<\/p>\n\n\n\n<p>Haben Sie Lust, die traditionelle mallorquinische K\u00fcche im Winter kennenzulernen? Dann lesen Sie weiter und entdecken Sie mehr \u00fcber die Vielfalt der <a href=\"https:\/\/www.vacalia.com\/blog\/5-typisch-mallorquinische-gerichte\/\" target=\"_blank\" rel=\"noreferrer noopener\" aria-label=\"typischen mallorquinischen Gerichte (se abre en una nueva pesta\u00f1a)\">typischen mallorquinischen Gerichte<\/a>.<\/p>\n\n\n\n<figure class=\"wp-block-image\"><img fetchpriority=\"high\" decoding=\"async\" width=\"1024\" height=\"678\" src=\"https:\/\/www.vacalia.com\/blog\/wp-content\/uploads\/2019\/12\/enero-platos-tipicos-invierno-segunda-imagen-1024x678.gif\" alt=\"Typische Wintergerichte aus Mallorca w\u00e4rmen Sie auch in der kalten Jahreszeit\" class=\"wp-image-3328\" srcset=\"https:\/\/www.vacalia.com\/blog\/wp-content\/uploads\/2019\/12\/enero-platos-tipicos-invierno-segunda-imagen-1024x678.gif 1024w, https:\/\/www.vacalia.com\/blog\/wp-content\/uploads\/2019\/12\/enero-platos-tipicos-invierno-segunda-imagen-300x199.gif 300w, https:\/\/www.vacalia.com\/blog\/wp-content\/uploads\/2019\/12\/enero-platos-tipicos-invierno-segunda-imagen-768x509.gif 768w\" sizes=\"(max-width: 1024px) 100vw, 1024px\" \/><figcaption class=\"wp-element-caption\">Typische Wintergerichte aus Mallorca w\u00e4rmen Sie auch in der kalten Jahreszeit.<\/figcaption><\/figure>\n\n\n\n<h2 class=\"wp-block-heading\">5 typische Wintergerichte aus Mallorca<\/h2>\n\n\n\n<p>Wer nach Mallorca reist, sollte sich Zeit nehmen, um diese traditionellen Wintergerichte zu probieren.<\/p>\n\n\n\n<h3 class=\"wp-block-heading\"><strong>Pa amb oli<\/strong><\/h3>\n\n\n\n<p>Auf Mallorca ist \u201ePa amb oli\u201c der Star der mediterranen K\u00fcche und bedeutet Brot mit \u00d6l. Obwohl es dem \u201ePa amb tom\u00e0quet\u201c aus Katalonien \u00e4hnlich ist, unterscheidet es sich in der Art des verwendeten Brotes und der Menge der Tomate. Das <strong>Landbrot<\/strong> wird hierzu einseitig ger\u00f6stet, mit <strong>Oliven\u00f6l<\/strong> betr\u00e4ufelt, mit einer <strong>Tomate<\/strong> eingerieben, und mit einer Prise <strong>Salz<\/strong> und <strong>Knoblauch<\/strong> verfeinert. Dieses beliebte mallorquinische Abendbrot ist auch im Winter ein absoluter Klassiker.<\/p>\n\n\n\n<h3 class=\"wp-block-heading\">Frito mallorqu\u00edn<\/h3>\n\n\n\n<p>Es ist eines der \u00e4ltesten Gerichte der Insel, das aus dem 14. Jahrhundert stammt, und ist nicht jedermanns Sache.&nbsp; Denn zu seinen besonderen Zutaten geh\u00f6ren <strong>Schweineleber <\/strong>und &#8211;<strong>blut<\/strong>, die traditionell aus der Schlachtung kommen. Es wird unter anderem mit <strong>Gem\u00fcse, Kartoffeln und Fenchel<\/strong> gekocht. Heutzutage k\u00f6nnen Sie auch eine alternative Version, \u201eFrit mariner\u201c, mit Fisch und Meeresfr\u00fcchten bestellen. Diese Gerichte k\u00f6nnen Sie in den typischenCellers<em>,&nbsp;<\/em>ehemalige Weinkeller,&nbsp;vor allem in Inca, Sineu und Petra, finden. Es ist deftig und w\u00e4rmend.<\/p>\n\n\n\n<h3 class=\"wp-block-heading\"><strong>Arr\u00f2s Brut<\/strong><\/h3>\n\n\n\n<p> Ein typisches Gericht f\u00fcr die kalte Jahreszeit auf Mallorca ist der \u201eArr\u00f2s Brut\u201c. \u00dcbersetzt bedeutet der Name ,,schmutziger <strong>Reis<\/strong>\u201c. Die dunkle Farbe ist auf die <strong>H\u00fchner- oder Kaninchenleber<\/strong> zur\u00fcckzuf\u00fchren. Diese werden fein geschnitten&nbsp;und dem Reis hinzugef\u00fcgt. Er wird dann mit Fleischst\u00fccken vom <strong>Schwein, Huhn, Karnickel oder Sobrassada<\/strong> (mallorquinische Wurst) und den <strong>Jahreszeiten entsprechendem Gem\u00fcse<\/strong> zubereitet und anschlie\u00dfend mit Gew\u00fcrzen, wie z.B. Muskatnuss oder Nelken, je nach Geschmack, verfeinert. Das Gericht wird in der Regel in einem gro\u00dfen Tontopf gekocht.<\/p>\n\n\n\n<figure class=\"wp-block-image\"><img decoding=\"async\" width=\"1024\" height=\"678\" src=\"https:\/\/www.vacalia.com\/blog\/wp-content\/uploads\/2019\/12\/enero-platos-tipicos-invierno-tercera-imagen-1024x678.gif\" alt=\"Arr\u00f2s Brut ist ein typisches Wintergericht aus Mallorca\" class=\"wp-image-3330\" srcset=\"https:\/\/www.vacalia.com\/blog\/wp-content\/uploads\/2019\/12\/enero-platos-tipicos-invierno-tercera-imagen-1024x678.gif 1024w, https:\/\/www.vacalia.com\/blog\/wp-content\/uploads\/2019\/12\/enero-platos-tipicos-invierno-tercera-imagen-300x199.gif 300w, https:\/\/www.vacalia.com\/blog\/wp-content\/uploads\/2019\/12\/enero-platos-tipicos-invierno-tercera-imagen-768x509.gif 768w\" sizes=\"(max-width: 1024px) 100vw, 1024px\" \/><figcaption class=\"wp-element-caption\">Arr\u00f2s Brut ist ein typisches Wintergericht aus Mallorca.<\/figcaption><\/figure>\n\n\n\n<p>Reiseint\u00f6pfe sind sehr traditionell auf Mallorca, so sehr, dass in der Ortschaft Sa Pobla, in Mallorcas Inselmitte, einmal im Jahr (ende November) sogar eine Reismesse ,,Fira de l\u00b4Arr\u00f2s Pobler\u201c stattfindet, wo der Reis im Mittelpunkt steht. Viele St\u00e4nde werden aufgebaut, an denen sich alles um die verschiedenen Reissorten und Reisgerichte aus der Region dreht. Ein Besuch dieser Messe ist sehr empfehlenswert.<\/p>\n\n\n\n<h3 class=\"wp-block-heading\"><strong>Mallorquinische Suppen<\/strong><\/h3>\n\n\n\n<p>An k\u00e4lteren Wintertagen sind warme Suppen immer willkommen. Eine<strong> typische Suppe<\/strong> aus Mallorca wird mit <strong>frischem Saisongem\u00fcse<\/strong> und d\u00fcnnen <strong>Brotscheiben <\/strong>zubereitet und in einem Tontopf langsam gekocht. W\u00e4hrend des Kochens saugt sich das Brot mit dem Gem\u00fcsesud voll.<\/p>\n\n\n\n<p>Eine andere beliebte Suppe, die \u201eCrema d\u2019ametles\u201c, wird aus den ber\u00fchmten Mandeln der Insel zubereitet. F\u00fcr diese <strong>Mandelcreme <\/strong>werden entweder rohe oder ger\u00f6stete Mandeln verwendet, und je nach Mandelart ist der Geschmack sehr unterschiedlich. Die fein gemahlenen Mandeln werden in Br\u00fche gegeben, ruhen gelassen und sp\u00e4ter gekocht, so dass sie zu einer leckeren Creme werden. Im Winter wird die Creme warm genossen und im Sommer kann man sie kalt servieren. Einfach nur ein Genuss!<\/p>\n\n\n\n<figure class=\"wp-block-image\"><img decoding=\"async\" width=\"1024\" height=\"678\" src=\"https:\/\/www.vacalia.com\/blog\/wp-content\/uploads\/2019\/12\/enero-platos-tipicos-invierno-cuarta-imagen-1024x678.gif\" alt=\"\u201eCrema d\u2019ametles\u201c ist eine typische mallorquinische Mandelsuppe\" class=\"wp-image-3331\" srcset=\"https:\/\/www.vacalia.com\/blog\/wp-content\/uploads\/2019\/12\/enero-platos-tipicos-invierno-cuarta-imagen-1024x678.gif 1024w, https:\/\/www.vacalia.com\/blog\/wp-content\/uploads\/2019\/12\/enero-platos-tipicos-invierno-cuarta-imagen-300x199.gif 300w, https:\/\/www.vacalia.com\/blog\/wp-content\/uploads\/2019\/12\/enero-platos-tipicos-invierno-cuarta-imagen-768x509.gif 768w\" sizes=\"(max-width: 1024px) 100vw, 1024px\" \/><figcaption class=\"wp-element-caption\">\u201eCrema d\u2019ametles\u201c ist eine typische mallorquinische Mandelsuppe<\/figcaption><\/figure>\n\n\n\n<h3 class=\"wp-block-heading\"><strong>Gat\u00f3 d\u2019ametlla<\/strong><\/h3>\n\n\n\n<p>Er ist so k\u00f6stlich, dass die Kalorien vergessen werden: der \u201eGat\u00f3 d\u00e1metlla\u201c ist ein beliebter <strong>mallorquinischer Mandelkuchen<\/strong> und ein fester Begleiter im Winter zum Kaffee oder zu einer hei\u00dfen Schokolade. Probieren Sie es mit <strong>Vanille- oder Walnusseis<\/strong> f\u00fcr einen unschlagbaren Geschmack. Ein Muss f\u00fcr jeden Mallorca-Liebhaber!<\/p>\n\n\n\n<p>Alle diese K\u00f6stlichkeiten, sowie die entsprechenden Restaurants, k\u00f6nnen Sie in der N\u00e4he unsere Ferienh\u00e4user auf Mallorca finden. Besuchen Siedie Vacalia Website jetzt und entdecken Sie eine Vielfalt von Ferienwohnung, ideal f\u00fcr Ihren n\u00e4chsten Feinschmecker-Urlaub.<\/p>\n\n\n<div class=\"bannerBlog\"><div class=\"new-card-houses\">\n    <div class=\"likeOut likeDivOut\" style=\"display:none\">\n        <a data-id=\"341\" class=\"likeOut_button_red likeBtnFav\"\n            aria-label=\"Megusta Vacalia\"><\/a>\n    <\/div>\n    <figure>\n        <img loading=\"lazy\" decoding=\"async\" \n            loading=\"lazy\" width=\"301\" height=\"200\"\n            src=\"\/\/media.vacalia.com\/photo\/reformatwebpfolder\/350\/200\/341\/thumb-middle\/341_46d25439d4c3c49b02000dba5e64e4f7.webp?v=21092023\"\n            alt=\"Es closet - Ferienhaus auf Selva\"\/>\n                                                                        <div class=\"circleDiscount\">-7%<\/div>\n                        <\/figure>\n    <p itemprop=\"address\"><i class=\"ico-marker\"><\/i>Selva, Mallorca<\/p>\n    <h3 itemprop=\"name\">Es closet<\/h3>\n    <ul class=\"icon_list inline_list\">\n                              <li class=\"ico-pool\" title=\"Pool\">\n              <span itemprop=\"amenityFeature\">Pool<\/span>\n            <\/li>\n                      <li class=\"ico-airConditioning\" title=\"Klimaanlage\">\n              <span itemprop=\"amenityFeature\">Klimaanlage<\/span>\n            <\/li>\n                      <li class=\"ico-wifi\" title=\"Wifi\">\n              <span itemprop=\"amenityFeature\">Wifi<\/span>\n            <\/li>\n                          <li class=\"ico-guests\" title=\"F\u00fcr 6 G\u00e4ste in Selva.\">\n          <span itemprop=\"occupancy\">6<\/span>\n        <\/li>\n    <\/ul>\n            <span class=\"price\">Ab 255\u20ac \/ Nacht<\/span>\n                <a itemprop=\"url\" class=\"anchor\" href=\"https:\/\/www.vacalia.com\/de\/villa-es-closet-selva-h15150\" aria-label=\"Es closet\"><\/a>\n<\/div><div class=\"new-card-houses\">\n    <div class=\"likeOut likeDivOut\" style=\"display:none\">\n        <a data-id=\"2403\" class=\"likeOut_button_red likeBtnFav\"\n            aria-label=\"Megusta Vacalia\"><\/a>\n    <\/div>\n    <figure>\n        <img loading=\"lazy\" decoding=\"async\" \n            loading=\"lazy\" width=\"301\" height=\"200\"\n            src=\"\/\/media.vacalia.com\/photo\/reformatwebpfolder\/350\/200\/2403\/thumb-middle\/2403_f6a889196b5762733d7873c6e1a9e2d2.webp?v=21092023\"\n            alt=\"Sa marjal - Ferienhaus auf Muro\"\/>\n                                                                        <div class=\"circleDiscount\">-10%<\/div>\n                        <\/figure>\n    <p itemprop=\"address\"><i class=\"ico-marker\"><\/i>Muro, Mallorca<\/p>\n    <h3 itemprop=\"name\">Sa marjal<\/h3>\n    <ul class=\"icon_list inline_list\">\n                              <li class=\"ico-pool\" title=\"Pool\">\n              <span itemprop=\"amenityFeature\">Pool<\/span>\n            <\/li>\n                      <li class=\"ico-wifi\" title=\"Wifi\">\n              <span itemprop=\"amenityFeature\">Wifi<\/span>\n            <\/li>\n                          <li class=\"ico-guests\" title=\"F\u00fcr 3 G\u00e4ste in Muro.\">\n          <span itemprop=\"occupancy\">3<\/span>\n        <\/li>\n    <\/ul>\n            <span class=\"price\">Ab 134\u20ac \/ Nacht<\/span>\n                <a itemprop=\"url\" class=\"anchor\" href=\"https:\/\/www.vacalia.com\/de\/ferienhaus-sa-marjal-muro-h18225\" aria-label=\"Sa marjal\"><\/a>\n<\/div><\/div>\n","protected":false},"excerpt":{"rendered":"<p>Wenn Sie vorhaben, einen Urlaub auf Mallorca im Winter zu verbringen, sollten Sie nicht auf die exzellente und traditionelle Gastronomie verzichten. Wir stellen Ihnen hier 5 typische Wintergerichte aus Mallorca vor.<\/p>\n","protected":false},"author":2,"featured_media":3586,"comment_status":"closed","ping_status":"open","sticky":false,"template":"","format":"standard","meta":{"_monsterinsights_skip_tracking":false,"_monsterinsights_sitenote_active":false,"_monsterinsights_sitenote_note":"","_monsterinsights_sitenote_category":0,"footnotes":""},"categories":[40],"tags":[],"class_list":["post-3327","post","type-post","status-publish","format-standard","has-post-thumbnail","hentry","category-allgemein"],"_links":{"self":[{"href":"https:\/\/www.vacalia.com\/blog\/wp-json\/wp\/v2\/posts\/3327"}],"collection":[{"href":"https:\/\/www.vacalia.com\/blog\/wp-json\/wp\/v2\/posts"}],"about":[{"href":"https:\/\/www.vacalia.com\/blog\/wp-json\/wp\/v2\/types\/post"}],"author":[{"embeddable":true,"href":"https:\/\/www.vacalia.com\/blog\/wp-json\/wp\/v2\/users\/2"}],"replies":[{"embeddable":true,"href":"https:\/\/www.vacalia.com\/blog\/wp-json\/wp\/v2\/comments?post=3327"}],"version-history":[{"count":5,"href":"https:\/\/www.vacalia.com\/blog\/wp-json\/wp\/v2\/posts\/3327\/revisions"}],"predecessor-version":[{"id":4956,"href":"https:\/\/www.vacalia.com\/blog\/wp-json\/wp\/v2\/posts\/3327\/revisions\/4956"}],"wp:featuredmedia":[{"embeddable":true,"href":"https:\/\/www.vacalia.com\/blog\/wp-json\/wp\/v2\/media\/3586"}],"wp:attachment":[{"href":"https:\/\/www.vacalia.com\/blog\/wp-json\/wp\/v2\/media?parent=3327"}],"wp:term":[{"taxonomy":"category","embeddable":true,"href":"https:\/\/www.vacalia.com\/blog\/wp-json\/wp\/v2\/categories?post=3327"},{"taxonomy":"post_tag","embeddable":true,"href":"https:\/\/www.vacalia.com\/blog\/wp-json\/wp\/v2\/tags?post=3327"}],"curies":[{"name":"wp","href":"https:\/\/api.w.org\/{rel}","templated":true}]}}