{"id":3352,"date":"2020-01-14T10:15:28","date_gmt":"2020-01-14T09:15:28","guid":{"rendered":"https:\/\/www.vacalia.com\/blog\/?p=3352"},"modified":"2025-07-03T15:54:12","modified_gmt":"2025-07-03T13:54:12","slug":"mandelbluete-mallorca","status":"publish","type":"post","link":"https:\/\/www.vacalia.com\/blog\/mandelbluete-mallorca\/","title":{"rendered":"Die Mandelbl\u00fcte auf Mallorca"},"content":{"rendered":"\n<p> Die beliebteste Jahreszeit auf der Insel ist der Sommer. Aber es gibt ein wunderbares Naturph\u00e4nomen, das noch vor Beginn des Fr\u00fchlings, und zwar am Ende des Winters, stattfindet. Wir reden hier von der <strong>Mandelbl\u00fcte auf Mallorca<\/strong>. Die Mandelb\u00e4ume auf der ganzen Insel beginnen zu bl\u00fchen. Es ist eine der <strong>sch\u00f6nsten Zeiten auf Mallorca<\/strong>, die jedes Jahr Tausenden von Touristen anlockt. Dieser \u201emallorquinischen Schnee\u201c h\u00fcllt die Landschaft in einen spektakul\u00e4ren wei\u00dfen Mantel. <strong>Das Bl\u00fctenmeer ist ein Symbol f\u00fcr den Fr\u00fchling<\/strong> und f\u00fcr neues Leben. Ein Bild, das im Laufe der Geschichte in Gem\u00e4lden, Romanen und Fotografien verewigt wurde.<\/p>\n\n\n<div class=\"wp-block-image\">\n<figure class=\"aligncenter\"><img fetchpriority=\"high\" decoding=\"async\" width=\"1024\" height=\"678\" src=\"https:\/\/www.vacalia.com\/blog\/wp-content\/uploads\/2019\/12\/Vacalia_Enero_Primera_Imagen_Almendros_en_Flor-1024x678.gif\" alt=\"Die Mandelbl\u00fcte auf Mallorca ist der Vorbote des Fr\u00fchlings\" class=\"wp-image-3353\" srcset=\"https:\/\/www.vacalia.com\/blog\/wp-content\/uploads\/2019\/12\/Vacalia_Enero_Primera_Imagen_Almendros_en_Flor-1024x678.gif 1024w, https:\/\/www.vacalia.com\/blog\/wp-content\/uploads\/2019\/12\/Vacalia_Enero_Primera_Imagen_Almendros_en_Flor-300x199.gif 300w, https:\/\/www.vacalia.com\/blog\/wp-content\/uploads\/2019\/12\/Vacalia_Enero_Primera_Imagen_Almendros_en_Flor-768x509.gif 768w\" sizes=\"(max-width: 1024px) 100vw, 1024px\" \/><figcaption class=\"wp-element-caption\">Die Mandelbl\u00fcte auf Mallorca ist der Vorbote des Fr\u00fchlings.<\/figcaption><\/figure><\/div>\n\n\n<p>Mit <strong>\u00fcber 5 Millionen<\/strong>, manche sagen sogar 7 Millionen, <strong>Mandelb\u00e4umen verschiedener Sorten<\/strong> \u00e4hnelt das Naturspektakel der Mandelbl\u00fcte auf Mallorca der japanischen Kirschbl\u00fcte. Wann genau die Bl\u00fcte beginnt, ist von Jahr zu Jahr ein bisschen anders. Nach einem milden Winter beginnt sich die Bl\u00fctenknospe der Mandelb\u00e4ume normalerweise schon Mitte Januar zu \u00f6ffnen. Zuerst bl\u00fcht sie in den flachen Ebenen im S\u00fcden der Insel und ein bisschen sp\u00e4ter in den Bergregionen.<\/p>\n\n\n\n<h2 class=\"wp-block-heading\"> Geschichte der Mandelb\u00e4ume auf Mallorca<\/h2>\n\n\n\n<p>Schon zur Zeit der alten R\u00f6mer waren die Mandeln eine sehr beliebte Frucht. Man denkt, dass urspr\u00fcnglich die R\u00f6mer oder die Mauren diejenigen waren, die den <strong>Mandelbaum im 10. Jahrhundert aus dem Orient nach Mallorca brachten<\/strong>.&nbsp;Aber erst im 19. Jahrhundert wurden die bekannte mallorquinische Mandel als Ertragsquelle entdeckt. Grund daf\u00fcr war eine Reblaus-Plage, die den Weinbau auf Mallorca zu dieser Zeit zum Stillstand brachte. Daraufhin entschieden sich die Mallorquiner mit dem <strong>Anbau von Mandeln<\/strong> anzufangen und daraus wurde kurz darauf und bis Mitte des 20. Jahrhunderts <strong>einerder gr\u00f6\u00dften der Welt<\/strong>. Leider ist der Mandelanbau in den letzten Jahren aufgrund sinkender Preise zur\u00fcckgegangen.<\/p>\n\n\n\n<h2 class=\"wp-block-heading\">Wo kann man die Mandelbl\u00fcte auf Mallorca am besten bewundern<\/h2>\n\n\n\n<p>Es gibt <strong>zahlreiche Routen<\/strong>, die es erm\u00f6glichen dieses Naturschauspiel zu genie\u00dfen. Dies kann <strong>mit dem Auto, dem Fahrrad oder nat\u00fcrlich auch zu Fu\u00df<\/strong> erfolgen. Die Insel ist voller Mandelb\u00e4umen, hier m\u00f6chten wir Ihnen die sch\u00f6nsten Orte vorstellen:<\/p>\n\n\n\n<ul class=\"wp-block-list\">\n<li>Diejenigen, die lieber auf eigene Faust losziehen, k\u00f6nnen einfach <strong>auf Nebenstra\u00dfen ins Landesinnere oder Richtung <a href=\"https:\/\/www.vacalia.com\/blog\/aktivitaten-an-der-frischen-luft-in-der-sierra-tramuntana-von-mallorca\/\" target=\"_blank\" rel=\"noreferrer noopener\">Serra de Tramuntana<\/a><\/strong> fahren. Doch wenn Sie von Palma nach Valldemossa oder Dei\u00e0 fahren, zeigt sich dieses Bl\u00fctenmeer besonders beeindruckend. Vergessen Sie ja nicht die Kamera mitzunehmen, denn im D\u00f6rfchen Valledemossa werden Sie eine unglaubliche Kulisse der Mandelbl\u00fcten mit dem Serra de Tramuntana im Hintergrund vorfinden.<\/li>\n\n\n\n<li><strong>S\u00f3ller und Bunyola geh\u00f6ren zu den gr\u00f6\u00dften Mandelanbaugebieten<\/strong> auf der Insel. Sie k\u00f6nnen diese zwei Ortschaften mit dem Auto oder Zug von Palma aus ganz einfach besuchen. Auch kleine Ortschaften wie Marratx\u00ed, Santa Maria, Sencelles, Inca, Lloseta, Selva oder Moscari, im zentral-westlichen Teil der Insel, sind w\u00e4hrend dieser Zeit sehr sehenswert. Eine kurze aber <strong>sehr sch\u00f6ne Route ist die Strecke zwischen Selva und Moscari,<\/strong> wo Sie mehrere wei\u00df gef\u00e4rbte Felder bewundern k\u00f6nnen.&nbsp;<\/li>\n\n\n\n<li>Die <strong>Gegend um <a href=\"https:\/\/www.vacalia.com\/blog\/mallorca-und-ihre-traditionen-wanderung-von-guell-nach-lluc\/\" target=\"_blank\" rel=\"noreferrer noopener\" aria-label=\"Llucmajor  (se abre en una nueva pesta\u00f1a)\">Llucmajor <\/a>bietet eine Vielfalt von Mandelbl\u00fcten-Felder<\/strong>. Machen Sie einen angenehmen Spaziergang durch diese Landschaft, w\u00e4hrend Sie gleichzeitig diesen wunderbaren Duft der Blumen genie\u00dfen. <\/li>\n\n\n\n<li>Entdecken Sie die s\u00fcd\u00f6stliche Zone Mallorcas: <strong>Fahren Sie Richtung Manacor, Sant Lloren\u00e7 oder Son Servera<\/strong> und genie\u00dfen Sie zu dieser Jahreszeit die Stille Mallorcas sowie die Bl\u00fcten in voller Pracht. <\/li>\n\n\n\n<li>Ebenfalls besonders erw\u00e4hnenswert sind auch <strong>die Kl\u00f6ster San Salvador, la&nbsp;<a rel=\"noreferrer noopener\" aria-label=\" (abre en una nueva pesta\u00f1a)\" href=\"https:\/\/www.turismepetit.com\/lugares-por-precio\/cero-euros\/museo-y-casa-natal-de-fray-juniper-serra-y-ermita-de-bonany\/\" target=\"_blank\">Ermita de Bonay<\/a>&nbsp;und der El Puig de Randa<\/strong>, mit seinem einzigartigen Panoramablick auf die Madelb\u00e4umen, die den Pla de Mallorca bedecken. Diese erstaunlichen Aussichten sind der perfekte Grund, einen wundersch\u00f6nen und unvergesslichen Tag mit der Familie zu verbringen.<\/li>\n<\/ul>\n\n\n<div class=\"wp-block-image\">\n<figure class=\"aligncenter\"><img decoding=\"async\" width=\"1024\" height=\"678\" src=\"https:\/\/www.vacalia.com\/blog\/wp-content\/uploads\/2019\/12\/Vacalia_Enero_Segunda_Imagen_Segunda_Almendros_en_Flor-1024x678.gif\" alt=\"Die Mandelbl\u00fcte auf Mallorca h\u00fcllte die H\u00fcgel in einen rosa und wei\u00dfen Mantel\" class=\"wp-image-3354\" srcset=\"https:\/\/www.vacalia.com\/blog\/wp-content\/uploads\/2019\/12\/Vacalia_Enero_Segunda_Imagen_Segunda_Almendros_en_Flor-1024x678.gif 1024w, https:\/\/www.vacalia.com\/blog\/wp-content\/uploads\/2019\/12\/Vacalia_Enero_Segunda_Imagen_Segunda_Almendros_en_Flor-300x199.gif 300w, https:\/\/www.vacalia.com\/blog\/wp-content\/uploads\/2019\/12\/Vacalia_Enero_Segunda_Imagen_Segunda_Almendros_en_Flor-768x509.gif 768w\" sizes=\"(max-width: 1024px) 100vw, 1024px\" \/><figcaption class=\"wp-element-caption\">Die Mandelbl\u00fcte auf Mallorca h\u00fcllte die H\u00fcgel in einen rosa und wei\u00dfen Mantel.<\/figcaption><\/figure><\/div>\n\n\n<h2 class=\"wp-block-heading\">Feste w\u00e4hrend der Mandelbl\u00fcte auf Mallorca<\/h2>\n\n\n\n<p>Dieses Jahr ist es schon das 10. Mal, dass anfangs Februar in <strong>Son Servera <\/strong>die<strong> \u00abFira de la flor d&#8217;ametler\u00bb<\/strong> gefeiert wird. Es ist <strong>eine Messe mit traditionellem und touristischem Charakter<\/strong>, deren Hauptziel es ist, diese Frucht zu f\u00f6rdern und gleichzeitig den Touristen und lokalen Besuchern eine Attraktion zu bieten. Sie findet in der Regel auf dem Gel\u00e4nde au\u00dferhalb der <strong>Finca Ses Cases de Ca&#8217;s Hereu<\/strong> statt, einem Geb\u00e4ude aus dem 18. Jahrhundert.<\/p>\n\n\n\n<p>Diese Messe besteht aus zahlreichen speziell eingerichteten St\u00e4nden rund um das Thema Mandeln. <strong>H\u00e4ndler und Bauern pr\u00e4sentieren ihre Waren aus den feinsten mallorquinischen Mandeln.<\/strong> Dank des mediterranen Klimas und des Trockenfeldanbaus haben die reifen Mandeln ein s\u00fc\u00dfes Aroma und einen hohen Gehalt an Proteinen und Fetts\u00e4uren. Neben dem bekannten <strong>Mandellik\u00f6r Flor d&#8217;Ametlla<\/strong> und dem s\u00fc\u00dfen Turr\u00f3n (wei\u00dfem Nougat) k\u00f6nnen Messebesucher Konfit\u00fcren, Seifen, Hautcremes, s\u00fc\u00dfe Backwaren und noch vieles mehr probieren und erstehen. Au\u00dferdem sind die Maschinen, die f\u00fcr die Ernte und Verarbeitung der Mandeln benutzt werden, ausgestellt. Der Eintritt ist frei und in der Regel gibt es <strong>eine Show mit mallorquinischem Volkstanz<\/strong>, um die Besucher zu unterhalten.<\/p>\n\n\n\n<figure class=\"wp-block-image\"><img decoding=\"async\" width=\"1024\" height=\"678\" src=\"https:\/\/www.vacalia.com\/blog\/wp-content\/uploads\/2019\/12\/Vacalia_Enero_Tercera_Imagen_Tercera_Almendros_en_Flor_custom-1024x678.gif\" alt=\"Der Mandellik\u00f6r \u201eFlor d'Ametlla\u201c aus Mallorca ist sehr bekannt\" class=\"wp-image-3355\" srcset=\"https:\/\/www.vacalia.com\/blog\/wp-content\/uploads\/2019\/12\/Vacalia_Enero_Tercera_Imagen_Tercera_Almendros_en_Flor_custom-1024x678.gif 1024w, https:\/\/www.vacalia.com\/blog\/wp-content\/uploads\/2019\/12\/Vacalia_Enero_Tercera_Imagen_Tercera_Almendros_en_Flor_custom-300x199.gif 300w, https:\/\/www.vacalia.com\/blog\/wp-content\/uploads\/2019\/12\/Vacalia_Enero_Tercera_Imagen_Tercera_Almendros_en_Flor_custom-768x509.gif 768w\" sizes=\"(max-width: 1024px) 100vw, 1024px\" \/><figcaption class=\"wp-element-caption\">Der Mandellik\u00f6r \u201eFlor d&#8217;Ametlla\u201c aus Mallorca ist sehr bekannt.<\/figcaption><\/figure>\n\n\n\n<h2 class=\"wp-block-heading\">Wertvolle Produkte hergestellt mit Mandeln<\/h2>\n\n\n\n<p>Nicht nur sind die Mandelbl\u00fcten auf Mallorca ein sehr sch\u00f6ner Anblick, sondern die anschlie\u00dfende Frucht wird f\u00fcr die <strong>Herstellung von Lebensmitteln und Kosmetikprodukte<\/strong> verwendet. Mallorca ist seit Jahrzenten ber\u00fchmt f\u00fcr ihre Mandeln, die im September geerntet werden.<\/p>\n\n\n\n<p> <strong>Mandeln sind nicht nur lecker, sondern auch sehr gesund<\/strong>, sie liefern viel Energie und eine ganze Menge wichtiger N\u00e4hrstoffe. Aber wussten Sie, dass Mandeln keine N\u00fcsse sind? Sie sind die Kerne einer Frucht und geh\u00f6ren zur Steinobst-Familie, wie die Pfirsiche, Kirschen und Aprikosen.<\/p>\n\n\n\n<p>Probieren Sie auf Ihrem n\u00e4chsten Besuch einige der <strong>traditionellen Produkte<\/strong>, wie den zu Weihnachten typischen <strong>Turr\u00f3n<\/strong> (eine spanische Variante des wei\u00dfen Nougats), den <strong>Gat\u00f3 de Almendras<\/strong> (Mandelkuchen), die <strong>Panellets<\/strong> (kleine Kekse), Mandelcremes, Mandelschokolade, Mandellik\u00f6r oder Mandelbl\u00fctenhonig.<\/p>\n\n\n\n<figure class=\"wp-block-image\"><img loading=\"lazy\" decoding=\"async\" width=\"1024\" height=\"678\" src=\"https:\/\/www.vacalia.com\/blog\/wp-content\/uploads\/2019\/12\/Vacalia_Enero_Cuarta_Imagen_Almendros_custom-1024x678.gif\" alt=\"Mallorca ist ber\u00fchmt f\u00fcr ihre Mandelprodukte, darunter auch Mandelcremes\" class=\"wp-image-3356\" srcset=\"https:\/\/www.vacalia.com\/blog\/wp-content\/uploads\/2019\/12\/Vacalia_Enero_Cuarta_Imagen_Almendros_custom-1024x678.gif 1024w, https:\/\/www.vacalia.com\/blog\/wp-content\/uploads\/2019\/12\/Vacalia_Enero_Cuarta_Imagen_Almendros_custom-300x199.gif 300w, https:\/\/www.vacalia.com\/blog\/wp-content\/uploads\/2019\/12\/Vacalia_Enero_Cuarta_Imagen_Almendros_custom-768x509.gif 768w\" sizes=\"(max-width: 1024px) 100vw, 1024px\" \/><figcaption class=\"wp-element-caption\">Mallorca ist ber\u00fchmt f\u00fcr ihre Mandelprodukte, darunter auch Mandelcremes.<\/figcaption><\/figure>\n\n\n\n<p><strong>Mandel\u00f6l und -cremes<\/strong> sind aufgrund ihrer <strong>feuchtigkeitsspendenden, beruhigenden und heilenden Eigenschaften<\/strong> ideal f\u00fcr trockene Haut. Zus\u00e4tzlich helfen die bei der Behandlung einiger Hautkrankheiten, wie Irritationen oder Allergien und verhindern die Bildung von Falten. Mandel\u00f6l ist ein guter Make-up-Entferner. Und wussten Sie, dass Mandel\u00f6l Ihnen helfen kann, weiches, gl\u00e4nzendes Haar zu erhalten? Es verbessert auch die Gesundheit der Kopfhaut und beseitigt Schuppen.<\/p>\n\n\n\n<p> Buchen Sie ihren n\u00e4chsten <a href=\"https:\/\/www.vacalia.com\/blog\/vorteile-nebensaison-mallorca\/\">Mallorcaurlaub in der <\/a><a href=\"https:\/\/www.vacalia.com\/blog\/vorteile-nebensaison-mallorca\/\" target=\"_blank\" rel=\"noreferrer noopener\" aria-label=\"Nebensaison (abre en una nueva pesta\u00f1a)\">Nebensaison<\/a> und bewundern Sie das wundersch\u00f6ne Naturspektakel der Mandelbl\u00fcte auf Mallorca. Mit Vacalia finden Sie die <strong>richtige Unterkunft f\u00fcr Sie und Ihre Familie oder Freunde<\/strong>. Und vergessen Sie nicht all die K\u00f6stlichkeiten der mallorquinischen Mandel zu probieren!<\/p>\n\n\n<div class=\"bannerBlog\"><div class=\"new-card-houses\">\n    <div class=\"likeOut likeDivOut\" style=\"display:none\">\n        <a data-id=\"4826\" class=\"likeOut_button_red likeBtnFav\"\n            aria-label=\"Megusta Vacalia\"><\/a>\n    <\/div>\n    <figure>\n        <img loading=\"lazy\" decoding=\"async\" \n            loading=\"lazy\" width=\"301\" height=\"200\"\n            src=\"\/\/media.vacalia.com\/photo\/reformatwebpfolder\/350\/200\/4826\/thumb-middle\/4826_8687c3abb592064a82ded7ab476a3812.webp?v=21092023\"\n            alt=\"L&#039;eresta - Ferienhaus auf Port de Pollen\u00e7a\"\/>\n                                                                        <div class=\"circleDiscount\">-29%<\/div>\n                        <\/figure>\n    <p itemprop=\"address\"><i class=\"ico-marker\"><\/i>Port de Pollen\u00e7a, Mallorca<\/p>\n    <h3 itemprop=\"name\">L&#039;eresta<\/h3>\n    <ul class=\"icon_list inline_list\">\n                              <li class=\"ico-pool\" title=\"Pool\">\n              <span itemprop=\"amenityFeature\">Pool<\/span>\n            <\/li>\n                      <li class=\"ico-airConditioning\" title=\"Klimaanlage\">\n              <span itemprop=\"amenityFeature\">Klimaanlage<\/span>\n            <\/li>\n                      <li class=\"ico-wifi\" title=\"Wifi\">\n              <span itemprop=\"amenityFeature\">Wifi<\/span>\n            <\/li>\n                          <li class=\"ico-guests\" title=\"F\u00fcr 10 G\u00e4ste in Port De Pollen\u00e7a.\">\n          <span itemprop=\"occupancy\">10<\/span>\n        <\/li>\n    <\/ul>\n            <span class=\"price\">Ab 227\u20ac \/ Nacht<\/span>\n                <a itemprop=\"url\" class=\"anchor\" href=\"https:\/\/www.vacalia.com\/de\/villa-leresta-pollenca-h27666\" aria-label=\"L&#039;eresta\"><\/a>\n<\/div><div class=\"new-card-houses\">\n    <div class=\"likeOut likeDivOut\" style=\"display:none\">\n        <a data-id=\"687\" class=\"likeOut_button_red likeBtnFav\"\n            aria-label=\"Megusta Vacalia\"><\/a>\n    <\/div>\n    <figure>\n        <img loading=\"lazy\" decoding=\"async\" \n            loading=\"lazy\" width=\"301\" height=\"200\"\n            src=\"\/\/media.vacalia.com\/photo\/reformatwebpfolder\/350\/200\/687\/thumb-middle\/687_57de4d8866b7daddd76f6bef0dfcce2f.webp?v=21092023\"\n            alt=\"Can gallu - adults only - Ferienhaus auf Moscari\"\/>\n                                                                        <div class=\"circleDiscount\">-8%<\/div>\n                        <\/figure>\n    <p itemprop=\"address\"><i class=\"ico-marker\"><\/i>Moscari, Mallorca<\/p>\n    <h3 itemprop=\"name\">Can gallu - adults only<\/h3>\n    <ul class=\"icon_list inline_list\">\n                              <li class=\"ico-pool\" title=\"Pool\">\n              <span itemprop=\"amenityFeature\">Pool<\/span>\n            <\/li>\n                      <li class=\"ico-airConditioning\" title=\"Klimaanlage\">\n              <span itemprop=\"amenityFeature\">Klimaanlage<\/span>\n            <\/li>\n                      <li class=\"ico-wifi\" title=\"Wifi\">\n              <span itemprop=\"amenityFeature\">Wifi<\/span>\n            <\/li>\n                          <li class=\"ico-guests\" title=\"F\u00fcr 2 G\u00e4ste in Moscari.\">\n          <span itemprop=\"occupancy\">2<\/span>\n        <\/li>\n    <\/ul>\n            <span class=\"price\">Ab 241\u20ac \/ Nacht<\/span>\n                <a itemprop=\"url\" class=\"anchor\" href=\"https:\/\/www.vacalia.com\/de\/villa-can-gallu-adults-only-selva-h15387\" aria-label=\"Can gallu - adults only\"><\/a>\n<\/div><\/div>\n","protected":false},"excerpt":{"rendered":"<p>Die Mandelbl\u00fcte auf Mallorca ist eins der ber\u00fchmtesten Naturspektakel der Mittelmeerinsel. Erfahren Sie alles was Sie wissen sollten mit Vacalia: die sch\u00f6nsten Routen, Geschichte und ber\u00fchmtesten Mandelprodukte.<\/p>\n","protected":false},"author":2,"featured_media":3567,"comment_status":"closed","ping_status":"open","sticky":false,"template":"","format":"standard","meta":{"_monsterinsights_skip_tracking":false,"_monsterinsights_sitenote_active":false,"_monsterinsights_sitenote_note":"","_monsterinsights_sitenote_category":0,"footnotes":""},"categories":[40],"tags":[],"class_list":["post-3352","post","type-post","status-publish","format-standard","has-post-thumbnail","hentry","category-allgemein"],"_links":{"self":[{"href":"https:\/\/www.vacalia.com\/blog\/wp-json\/wp\/v2\/posts\/3352"}],"collection":[{"href":"https:\/\/www.vacalia.com\/blog\/wp-json\/wp\/v2\/posts"}],"about":[{"href":"https:\/\/www.vacalia.com\/blog\/wp-json\/wp\/v2\/types\/post"}],"author":[{"embeddable":true,"href":"https:\/\/www.vacalia.com\/blog\/wp-json\/wp\/v2\/users\/2"}],"replies":[{"embeddable":true,"href":"https:\/\/www.vacalia.com\/blog\/wp-json\/wp\/v2\/comments?post=3352"}],"version-history":[{"count":8,"href":"https:\/\/www.vacalia.com\/blog\/wp-json\/wp\/v2\/posts\/3352\/revisions"}],"predecessor-version":[{"id":7380,"href":"https:\/\/www.vacalia.com\/blog\/wp-json\/wp\/v2\/posts\/3352\/revisions\/7380"}],"wp:featuredmedia":[{"embeddable":true,"href":"https:\/\/www.vacalia.com\/blog\/wp-json\/wp\/v2\/media\/3567"}],"wp:attachment":[{"href":"https:\/\/www.vacalia.com\/blog\/wp-json\/wp\/v2\/media?parent=3352"}],"wp:term":[{"taxonomy":"category","embeddable":true,"href":"https:\/\/www.vacalia.com\/blog\/wp-json\/wp\/v2\/categories?post=3352"},{"taxonomy":"post_tag","embeddable":true,"href":"https:\/\/www.vacalia.com\/blog\/wp-json\/wp\/v2\/tags?post=3352"}],"curies":[{"name":"wp","href":"https:\/\/api.w.org\/{rel}","templated":true}]}}