{"id":3377,"date":"2020-01-09T10:16:37","date_gmt":"2020-01-09T09:16:37","guid":{"rendered":"https:\/\/www.vacalia.com\/blog\/?p=3377"},"modified":"2024-02-14T15:24:56","modified_gmt":"2024-02-14T14:24:56","slug":"karneval-mallorca","status":"publish","type":"post","link":"https:\/\/www.vacalia.com\/blog\/karneval-mallorca\/","title":{"rendered":"Der Karneval auf Mallorca"},"content":{"rendered":"\n<p>Der Karneval auf Mallorca hat eine lange Tradition und wird von den Mallorquinern gerne mit Energie und Freude gefeiert. Dieser zieht jedes Jahr im Februar oder M\u00e4rz viele Besucher aus der ganzen Welt an. Der Karneval auf Mallorca findet &#8211; wie auch in Deutschland &#8211; vor der 40-t\u00e4gigen Fastenzeit statt. Deshalb nennt man ihn auch \u201eFest der letzten Tage\u201c, denn nach dem traditionellen katholischen Glauben, sind dies die letzten Tage bis <a href=\"https:\/\/www.vacalia.com\/blog\/man-ostern-auf-mallorca-machen-kann-2\/\" target=\"_blank\" rel=\"noreferrer noopener\">Ostern<\/a>, an denen man nochmal schlemmen darf. Wenn Sie einen Urlaub im &nbsp;Februar auf Mallorca planen, werden Sie das besondere Flair auf den Stra\u00dfen erleben.<\/p>\n\n\n\n<h2 class=\"wp-block-heading\">6 lustige Karnevalstage auf Mallorca<\/h2>\n\n\n\n<p>Das Fest beginnt schon\nmit dem <strong>Dijous Llarder<\/strong>, <strong>Weiberfastnacht,<\/strong> und dauert bis\nMittwoch, an dem Paraden mit Gruppen von verkleideten Menschen namens \u201eRues\u201c\nstattfinden. Die Paraden gl\u00e4nzen mit vielen Farben und sehr interessanter\nStra\u00dfenkunst. Die Stra\u00dfen sind gef\u00fcllt mit gl\u00fccklichen Gesichtern von Kindern,\nEltern und Gro\u00dfeltern, die in eine magische Atmosph\u00e4re versetzt werden.<\/p>\n\n\n\n<p><strong>Der gro\u00dfe Umzug am Strand \u201ePlaya\nde Palma\u201c findet dieses Jahr am Samstagnachmittag, dem 22. Februar<\/strong>&nbsp;2020, statt. \u00dcbrigens hei\u00dft dieser Umzug auf Mallorca <strong>\u201eRua<\/strong>\u201c und weil dieser an der\nStrandpromenade stattfindet, \u201e<strong>Sa Rua de la Platja de Palma<\/strong>\u201c.&nbsp;Die Parade mit Live-Musik marschiert durch\ndie Stra\u00dfen von Palma und die besten Gruppen mit den originellsten Kost\u00fcmen\noder Wagen werden mit Preisen belohnt.<\/p>\n\n\n\n<p><strong>Am Sonntag k\u00f6nnen Sie sich am\nsp\u00e4ten Vormittag mit ihren Kindern bei dem Karnevalsumzug \u201eSa Rueta\u201c einstimmen\nlassen<\/strong>. Kost\u00fcme\naller Art, Animation, Workshops und viele Aktivit\u00e4ten stehen auf dem Plan,\ndamit Sie den Karneval in Palma de Mallorca als Familie genie\u00dfen k\u00f6nnen.<\/p>\n\n\n\n<p>F\u00fcr diejenigen die abends und w\u00e4hrend den n\u00e4chsten Tagen noch weiterfeiern m\u00f6chten und Lust auf Musik haben, werden unterschiedliche Faschingspartys mit jeder Menge Spa\u00df angeboten.<\/p>\n\n\n\n<p>Der lustige Karneval auf Mallorca <strong>endet am<\/strong> <strong>Mittwoch<\/strong> mit dem <strong>traurigen Begr\u00e4bnis der Sardine \u00abentierro de la sardina\u201c<\/strong>, der Parodie eines Trauerzuges. Die Umzugsteilnehmer sind ganz in Schwarz gekleidet und w\u00e4hrend des Trauerzugs werden sie von einer Batucada-Gruppe mit Trommeln begleitet. In dieser Abschlussveranstaltung geht es um die Verbrennung eines riesigen Fisches aus Pappmach\u00e9 der als Symbol f\u00fcr das Ende des Karnevals steht.<\/p>\n\n\n\n<h2 class=\"wp-block-heading\">Typisches Geb\u00e4ck zum Karneval auf Mallorca<\/h2>\n\n\n\n<p>Zum Karneval auf Mallorca k\u00f6nnen Sie eine Reihe traditioneller mallorquinischer Leckereien kennenlernen. Wir zeigen Ihnen hier ein paar typische Karnevals-Spezialit\u00e4ten, die Sie lieben werden:<\/p>\n\n\n\n<figure class=\"wp-block-image\"><img fetchpriority=\"high\" decoding=\"async\" width=\"1024\" height=\"678\" src=\"https:\/\/www.vacalia.com\/blog\/wp-content\/uploads\/2019\/12\/Vacalia_Enero_Carnavales_Primera_Imagen_Foto-1024x678.gif\" alt=\"Typisches Geb\u00e4ck f\u00fcr den Karneval auf Mallorca\" class=\"wp-image-3378\" srcset=\"https:\/\/www.vacalia.com\/blog\/wp-content\/uploads\/2019\/12\/Vacalia_Enero_Carnavales_Primera_Imagen_Foto-1024x678.gif 1024w, https:\/\/www.vacalia.com\/blog\/wp-content\/uploads\/2019\/12\/Vacalia_Enero_Carnavales_Primera_Imagen_Foto-300x199.gif 300w, https:\/\/www.vacalia.com\/blog\/wp-content\/uploads\/2019\/12\/Vacalia_Enero_Carnavales_Primera_Imagen_Foto-768x509.gif 768w\" sizes=\"(max-width: 1024px) 100vw, 1024px\" \/><figcaption class=\"wp-element-caption\">Typisches Geb\u00e4ck f\u00fcr den Karneval auf Mallorca.<\/figcaption><\/figure>\n\n\n\n<ul class=\"wp-block-list\">\n<li>F\u00fcr die Mallorquiner sind die speziell hergestellten <strong>Ensaimadas<\/strong>, die in den meisten B\u00e4ckereien der Insel zu finden sind, <strong>ein Muss an Karneval<\/strong>. Diese werden mit einer herzhaften F\u00fcllung aus Sobrassada (Paprikawurst) und kandiertem K\u00fcrbis als s\u00fc\u00dfer Zugabe belegt. Diese Ensaimadas, die den Namen <strong>\u201e<\/strong>ensaimada de talla\u201c tragen, werden traditionell zur \u201eWeiberfastnacht\u201c vorbereitet und verzehrt.<\/li>\n\n\n\n<li>Das Hefegeb\u00e4ck <strong>\u201eCoca de Carnaval\u00bb<\/strong> wird mit der mallorquinischen Blutwurst \u201eBotifarr\u00f3\u00bb, Sobrassada oder s\u00fc\u00dfem kandierten K\u00fcrbis belegt und mit Puderzucker serviert.<\/li>\n\n\n\n<li>Auch das typische mallorquinische Geb\u00e4ck <strong>\u201eRobiols\u201c,<\/strong> mit K\u00fcrbismarmelade und Schokolade gef\u00fcllte Teigtaschen, geh\u00f6rt zu den Fastnachts-K\u00f6stlichkeiten. <\/li>\n<\/ul>\n\n\n\n<p>Der Karneval auf Mallorca ist eine tolle Gelegenheit, die Insel aus einer ganz anderen Perspektive zu erleben und zu genie\u00dfen. Warten Sie nicht l\u00e4nger und buchen Sie Ihr ideales Ferienhaus auf Mallorca mit Vacalia, damit Sie dieses Ereignis nicht verpassen.<\/p>\n\n\n<div class=\"bannerBlog\"><div class=\"new-card-houses\">\n    <div class=\"likeOut likeDivOut\" style=\"display:none\">\n        <a data-id=\"4903\" class=\"likeOut_button_red likeBtnFav\"\n            aria-label=\"Megusta Vacalia\"><\/a>\n    <\/div>\n    <figure>\n        <img loading=\"lazy\" decoding=\"async\" \n            loading=\"lazy\" width=\"301\" height=\"200\"\n            src=\"\/\/media.vacalia.com\/photo\/reformatwebpfolder\/350\/200\/4903\/thumb-middle\/4903_59979d0ac0352194b8ef62e6703e5a66.webp?v=21092023\"\n            alt=\"Ses set tanques de son fosquet - Ferienhaus auf Llucmajor\"\/>\n                                                                        <div class=\"circleDiscount\">-29%<\/div>\n                        <\/figure>\n    <p itemprop=\"address\"><i class=\"ico-marker\"><\/i>Llucmajor, Mallorca<\/p>\n    <h3 itemprop=\"name\">Ses set tanques de son fosquet<\/h3>\n    <ul class=\"icon_list inline_list\">\n                              <li class=\"ico-pool\" title=\"Pool\">\n              <span itemprop=\"amenityFeature\">Pool<\/span>\n            <\/li>\n                      <li class=\"ico-airConditioning\" title=\"Klimaanlage\">\n              <span itemprop=\"amenityFeature\">Klimaanlage<\/span>\n            <\/li>\n                      <li class=\"ico-wifi\" title=\"Wifi\">\n              <span itemprop=\"amenityFeature\">Wifi<\/span>\n            <\/li>\n                          <li class=\"ico-guests\" title=\"F\u00fcr 6 G\u00e4ste in Llucmajor.\">\n          <span itemprop=\"occupancy\">6<\/span>\n        <\/li>\n    <\/ul>\n            <span class=\"price\">Ab 272\u20ac \/ Nacht<\/span>\n                <a itemprop=\"url\" class=\"anchor\" href=\"https:\/\/www.vacalia.com\/de\/villa-ses-set-tanques-de-son-fosquet-llucmajor-h27870\" aria-label=\"Ses set tanques de son fosquet\"><\/a>\n<\/div><div class=\"new-card-houses\">\n    <div class=\"likeOut likeDivOut\" style=\"display:none\">\n        <a data-id=\"5639\" class=\"likeOut_button_red likeBtnFav\"\n            aria-label=\"Megusta Vacalia\"><\/a>\n    <\/div>\n    <figure>\n        <img loading=\"lazy\" decoding=\"async\" \n            loading=\"lazy\" width=\"301\" height=\"200\"\n            src=\"\/\/media.vacalia.com\/photo\/reformatwebpfolder\/350\/200\/5639\/thumb-middle\/5639_d67032c0d379f80cf0880034d5db75b2.webp?v=21092023\"\n            alt=\"Mirabo - Ferienhaus auf Manacor\"\/>\n                                                                        <div class=\"circleDiscount\">-29%<\/div>\n                        <\/figure>\n    <p itemprop=\"address\"><i class=\"ico-marker\"><\/i>Manacor, Mallorca<\/p>\n    <h3 itemprop=\"name\">Mirabo<\/h3>\n    <ul class=\"icon_list inline_list\">\n                              <li class=\"ico-pool\" title=\"Pool\">\n              <span itemprop=\"amenityFeature\">Pool<\/span>\n            <\/li>\n                      <li class=\"ico-wifi\" title=\"Wifi\">\n              <span itemprop=\"amenityFeature\">Wifi<\/span>\n            <\/li>\n                          <li class=\"ico-guests\" title=\"F\u00fcr 10 G\u00e4ste in Manacor.\">\n          <span itemprop=\"occupancy\">10<\/span>\n        <\/li>\n    <\/ul>\n            <span class=\"price\">Ab 182\u20ac \/ Nacht<\/span>\n                <a itemprop=\"url\" class=\"anchor\" href=\"https:\/\/www.vacalia.com\/de\/villa-mirabo-manacor-h32432\" aria-label=\"Mirabo\"><\/a>\n<\/div><\/div>\n","protected":false},"excerpt":{"rendered":"<p>Der Karneval auf Mallorca ist, wie in Deutschland, ein gro\u00dfes Ereignis auf der ganzen Insel. Nutzen Sie diese Feiertage und fahren Sie nach Mallorca. Sie werden eine einmalige Zeit erleben, die jedes Jahr tausende Touristen anzieht.<\/p>\n","protected":false},"author":2,"featured_media":3570,"comment_status":"closed","ping_status":"open","sticky":false,"template":"","format":"standard","meta":{"_monsterinsights_skip_tracking":false,"_monsterinsights_sitenote_active":false,"_monsterinsights_sitenote_note":"","_monsterinsights_sitenote_category":0,"footnotes":""},"categories":[40],"tags":[],"class_list":["post-3377","post","type-post","status-publish","format-standard","has-post-thumbnail","hentry","category-allgemein"],"_links":{"self":[{"href":"https:\/\/www.vacalia.com\/blog\/wp-json\/wp\/v2\/posts\/3377"}],"collection":[{"href":"https:\/\/www.vacalia.com\/blog\/wp-json\/wp\/v2\/posts"}],"about":[{"href":"https:\/\/www.vacalia.com\/blog\/wp-json\/wp\/v2\/types\/post"}],"author":[{"embeddable":true,"href":"https:\/\/www.vacalia.com\/blog\/wp-json\/wp\/v2\/users\/2"}],"replies":[{"embeddable":true,"href":"https:\/\/www.vacalia.com\/blog\/wp-json\/wp\/v2\/comments?post=3377"}],"version-history":[{"count":8,"href":"https:\/\/www.vacalia.com\/blog\/wp-json\/wp\/v2\/posts\/3377\/revisions"}],"predecessor-version":[{"id":4952,"href":"https:\/\/www.vacalia.com\/blog\/wp-json\/wp\/v2\/posts\/3377\/revisions\/4952"}],"wp:featuredmedia":[{"embeddable":true,"href":"https:\/\/www.vacalia.com\/blog\/wp-json\/wp\/v2\/media\/3570"}],"wp:attachment":[{"href":"https:\/\/www.vacalia.com\/blog\/wp-json\/wp\/v2\/media?parent=3377"}],"wp:term":[{"taxonomy":"category","embeddable":true,"href":"https:\/\/www.vacalia.com\/blog\/wp-json\/wp\/v2\/categories?post=3377"},{"taxonomy":"post_tag","embeddable":true,"href":"https:\/\/www.vacalia.com\/blog\/wp-json\/wp\/v2\/tags?post=3377"}],"curies":[{"name":"wp","href":"https:\/\/api.w.org\/{rel}","templated":true}]}}