{"id":3415,"date":"2020-02-04T10:00:40","date_gmt":"2020-02-04T09:00:40","guid":{"rendered":"https:\/\/www.vacalia.com\/blog\/?p=3415"},"modified":"2024-02-14T15:26:19","modified_gmt":"2024-02-14T14:26:19","slug":"oeffentliche-verkehrsmittel-mallorca","status":"publish","type":"post","link":"https:\/\/www.vacalia.com\/blog\/oeffentliche-verkehrsmittel-mallorca\/","title":{"rendered":"Die \u00f6ffentlichen Verkehrsmittel auf Mallorca"},"content":{"rendered":"\n<p>Sobald Sie auf Mallorca landen, werden Sie schnell feststellen k\u00f6nnen, dass diese bezaubernde Insel, die von tausenden Touristen jedes Jahr besucht wird, <strong>ideale Fortbewegungsmittel f\u00fcr jeden Geschmack bietet<\/strong>. In diesem Artikel m\u00f6chten wir Ihnen die verschiedenen \u00f6ffentlichen Verkehrsmittel auf Mallorca zeigen, damit Sie problemlos herumreisen k\u00f6nnen.<\/p>\n\n\n\n<figure class=\"wp-block-image\"><img fetchpriority=\"high\" decoding=\"async\" width=\"1024\" height=\"678\" src=\"https:\/\/www.vacalia.com\/blog\/wp-content\/uploads\/2020\/01\/Febrero_segunda-imagen_Transporte-Publico-1024x678.gif\" alt=\"Mit dem Bus gelangt man an jede Ecke Mallorcas\" class=\"wp-image-3416\" srcset=\"https:\/\/www.vacalia.com\/blog\/wp-content\/uploads\/2020\/01\/Febrero_segunda-imagen_Transporte-Publico-1024x678.gif 1024w, https:\/\/www.vacalia.com\/blog\/wp-content\/uploads\/2020\/01\/Febrero_segunda-imagen_Transporte-Publico-300x199.gif 300w, https:\/\/www.vacalia.com\/blog\/wp-content\/uploads\/2020\/01\/Febrero_segunda-imagen_Transporte-Publico-768x509.gif 768w\" sizes=\"(max-width: 1024px) 100vw, 1024px\" \/><figcaption class=\"wp-element-caption\"> Mit dem Bus gelangt man an jede Ecke Mallorcas.<\/figcaption><\/figure>\n\n\n\n<h2 class=\"wp-block-heading\">Fahren Sie mit den \u00f6ffentlichen Verkehrsmitteln\nauf Mallorca an jeden beliebigen Ort<\/h2>\n\n\n\n<p> Es gibt immer mehr Besucher, die auch Ihren Urlaub auf eine umweltbewusstere Weise gestalten wollen und daher auf Bus oder Bahn zur\u00fcckgreifen. Die <a href=\"https:\/\/www.tib.org\/de\/web\/ctm\/inici\" target=\"_blank\" rel=\"noreferrer noopener\" aria-label=\" (abre en una nueva pesta\u00f1a)\">\u00f6ffentlichen Verkehrsmittel auf Mallorca<\/a> funktionieren sehr gut. Unter folgenden finden wir:<\/p>\n\n\n\n<h3 class=\"wp-block-heading\">Buslinien auf Mallorca:<\/h3>\n\n\n\n<p> Der <strong>Bus ist das perfekte \u00f6ffentliche Verkehrsmittel auf Mallorca<\/strong> vor allem, wenn Sie planen in Palma zu bleiben. Der Busbahnhof befindet sich an der Plaza de Espa\u00f1a. Die EMT betreibt die Buslinien innerhalb der Stadt und mit den Linien 100-500, die in Zonen unterteilt sind, k\u00f6nnen Sie die verschiedensten Orte au\u00dferhalb Palmas erreichen.&nbsp; Die Buslinien 800 fahren zu zahlreichen M\u00e4rkten, aber manche sind nur im Sommer verf\u00fcgbar. Wenn Sie vom Flughafen aus den Bus nehmen wollen, k\u00f6nnen Sie die Linie 1 der EMT w\u00e4hlen. Die Aerotib Buslinien, die mit dem Buchstaben A anfangen, erreichen verschiedene Ortschaften vom Flughafen aus. Wenn Sie planen den Bus zu nehmen, beachten Sie, dass es an Sonn- und Feiertagen weniger Verbindungen als unter der Woche gibt und dass Busse in der Hochsaison ziemlich voll sind und daher nicht an jeder Haltestelle Fahrg\u00e4ste aufnehmen k\u00f6nnen.<\/p>\n\n\n\n<h3 class=\"wp-block-heading\">Zug auf Mallorca:<\/h3>\n\n\n\n<p>Der Hauptbahnhof Estaci\u00f3 Intermodal de Palma ist ein Bahnhof mit drei\nUntergeschossen und befindet sich ebenfalls an der Plaza de Espa\u00f1a. Im zweiten\nUntergeschoss findet man die drei Zugstrecken die es auf Mallorca gibt: <strong>die T1 (Richtung Inca), die T2 (Richtung Sa\nPobla) und die T3 (Richtung Manacor)<\/strong>.<\/p>\n\n\n\n<p>Eine gro\u00dfe Touristenattraktion, die aber auch als ein \u00f6ffentliches Verkehrsmittel auf Mallorca dient, ist <strong>der Holzzug \u201eder Rote Blitz\u201c nach S\u00f3ller<\/strong>. Der Ausgangspunkt befindet sich gegen\u00fcber des Hauptbahnhofs in Palma. Es ist eine Eisenbahn aus dem Jahr 1912 und sie f\u00e4hrt auf einer Strecke von ca. 27km von der Hauptstadt Mallorcas durch mehrere D\u00f6rfer in der Serra Tramuntana bis nach S\u00f3ller. F\u00fcr Kinder und Erwachsene ist dies eine einzigartige Erfahrung, die Sie sich nicht entgehen lassen sollten.<\/p>\n\n\n\n<figure class=\"wp-block-image\"><img decoding=\"async\" width=\"1024\" height=\"678\" src=\"https:\/\/www.vacalia.com\/blog\/wp-content\/uploads\/2020\/01\/Enero_tercera-imagen_Transporte-publico.imagen-reduzida-1024x678.gif\" alt=\"Der Holzzug nach S\u00f3ller kann auch als \u00f6ffentliches Verkehrsmittel auf Mallorca gebraucht werden\" class=\"wp-image-3417\" srcset=\"https:\/\/www.vacalia.com\/blog\/wp-content\/uploads\/2020\/01\/Enero_tercera-imagen_Transporte-publico.imagen-reduzida-1024x678.gif 1024w, https:\/\/www.vacalia.com\/blog\/wp-content\/uploads\/2020\/01\/Enero_tercera-imagen_Transporte-publico.imagen-reduzida-300x199.gif 300w, https:\/\/www.vacalia.com\/blog\/wp-content\/uploads\/2020\/01\/Enero_tercera-imagen_Transporte-publico.imagen-reduzida-768x509.gif 768w\" sizes=\"(max-width: 1024px) 100vw, 1024px\" \/><figcaption class=\"wp-element-caption\">Der Holzzug nach S\u00f3ller kann auch als \u00f6ffentliches Verkehrsmittel auf Mallorca gebraucht werden<\/figcaption><\/figure>\n\n\n\n<h3 class=\"wp-block-heading\">Metro in Palma:<\/h3>\n\n\n\n<p>Auch die Metro in Palma funktioniert sehr gut. Diese <strong>U-Bahn bietet zwei Strecken<\/strong>, die M1 verbindet die Plaza Espa\u00f1a mit der Universit\u00e4t der Balearen (7,2 km lang) und die M2 die Plaza Espa\u00f1a mit der Estaci\u00f3n de Marrachi (8,35 km lang). Unter der Woche fahren die U-Bahnen jede Viertelstunde und am Wochenende alle 30 oder 60 Minuten. Die Preise variieren je nach L\u00e4nge der Reise. Leider f\u00e4hrt die Metro nicht zum Flughafen.Taxis rund herum Mallorcas:<\/p>\n\n\n\n<h3 class=\"wp-block-heading\">Taxis rund\nherum Mallorcas:<\/h3>\n\n\n\n<p>Taxis sind eine <strong>finanziell tragf\u00e4hige Alternative zu \u00f6ffentlichen Verkehrsmitteln auf Mallorca<\/strong> und sind auf Reisen manchmal unerl\u00e4sslich. Sie sind bequem und gut f\u00fcr Kurzstrecken, aber wenn Sie auf diese Weise ganz Mallorca erkunden m\u00f6chten, m\u00fcssen Sie tief in die Tasche greifen. Fr\u00fcher konnte man f\u00fcr eine lange Strecke einen Pauschalpreis aushandeln, leider ist dies heutzutage nicht mehr m\u00f6glich.<\/p>\n\n\n\n<figure class=\"wp-block-image\"><img decoding=\"async\" width=\"1024\" height=\"678\" src=\"https:\/\/www.vacalia.com\/blog\/wp-content\/uploads\/2020\/01\/116138169_custom-1024x678.gif\" alt=\"Obwohl Car-Sharing auf Mallorca noch recht neu ist, wird es immer beliebter\" class=\"wp-image-3418\" srcset=\"https:\/\/www.vacalia.com\/blog\/wp-content\/uploads\/2020\/01\/116138169_custom-1024x678.gif 1024w, https:\/\/www.vacalia.com\/blog\/wp-content\/uploads\/2020\/01\/116138169_custom-300x199.gif 300w, https:\/\/www.vacalia.com\/blog\/wp-content\/uploads\/2020\/01\/116138169_custom-768x509.gif 768w\" sizes=\"(max-width: 1024px) 100vw, 1024px\" \/><figcaption class=\"wp-element-caption\">Obwohl Car-Sharing auf Mallorca noch recht neu ist, wird es immer beliebter.<\/figcaption><\/figure>\n\n\n\n<p>Nat\u00fcrlich gibt es noch viele andere Mitteln, um sich auf <a href=\"https:\/\/www.vacalia.com\/blog\/wie-man-sich-auf-mallorca-bewegen-kann\/\" target=\"_blank\" rel=\"noreferrer noopener\" aria-label=\" (abre en una nueva pesta\u00f1a)\">Mallorca fortzubewegen<\/a>.&nbsp; Ein Mietwagen geh\u00f6rt immer noch zu der beliebtesten Option und heutzutage findet man f\u00fcr Umweltbewusste oder diejenigen, die nur in gewissen Momenten ein Auto brauchen, <strong>Car-Sharing auf Mallorca. F\u00fcr nur 3\u20ac f\u00fcr jede halbe Stunde<\/strong> k\u00f6nnen Sie ein Auto in Palma mieten. Um diese Wagen mieten zu k\u00f6nnen, muss man sich zuvor die kostenfreie Muvonpalma App herunterladen.<\/p>\n\n\n\n<p>\n\n\n\n\n\n\n\n\n\n\n\n\n\n\n\n\nJe nachdem, wo Sie sich auf Mallorca aufhalten, k\u00f6nnen\nSie sich besser mit dem Zug, Bus, Auto oder sogar Fahrrad fortbewegen. Mieten\nSie eines der unz\u00e4hligen Ferienh\u00e4user mit Vacalia und wir helfen Ihnen gerne,\ndie geeigneten \u00f6ffentlichen Verkehrsmittel auf Mallorca f\u00fcr Sie zu finden. \n\n\n\n<\/p>\n\n\n<div class=\"bannerBlog\"><div class=\"new-card-houses\">\n    <div class=\"likeOut likeDivOut\" style=\"display:none\">\n        <a data-id=\"3330\" class=\"likeOut_button_red likeBtnFav\"\n            aria-label=\"Megusta Vacalia\"><\/a>\n    <\/div>\n    <figure>\n        <img loading=\"lazy\" decoding=\"async\" \n            loading=\"lazy\" width=\"301\" height=\"200\"\n            src=\"\/\/media.vacalia.com\/photo\/reformatwebpfolder\/350\/200\/3330\/thumb-middle\/3330_029735bc1d7af0277ce314ce2b3e19a5.webp?v=21092023\"\n            alt=\"Es cocons - Ferienhaus auf Sineu\"\/>\n                                                                        <div class=\"circleDiscount\">-7%<\/div>\n                        <\/figure>\n    <p itemprop=\"address\"><i class=\"ico-marker\"><\/i>Sineu, Mallorca<\/p>\n    <h3 itemprop=\"name\">Es cocons<\/h3>\n    <ul class=\"icon_list inline_list\">\n                              <li class=\"ico-pool\" title=\"Pool\">\n              <span itemprop=\"amenityFeature\">Pool<\/span>\n            <\/li>\n                      <li class=\"ico-airConditioning\" title=\"Klimaanlage\">\n              <span itemprop=\"amenityFeature\">Klimaanlage<\/span>\n            <\/li>\n                      <li class=\"ico-wifi\" title=\"Wifi\">\n              <span itemprop=\"amenityFeature\">Wifi<\/span>\n            <\/li>\n                          <li class=\"ico-guests\" title=\"F\u00fcr 6 G\u00e4ste in Sineu.\">\n          <span itemprop=\"occupancy\">6<\/span>\n        <\/li>\n    <\/ul>\n            <span class=\"price\">Ab 186\u20ac \/ Nacht<\/span>\n                <a itemprop=\"url\" class=\"anchor\" href=\"https:\/\/www.vacalia.com\/de\/villa-es-cocons-sineu-h23355\" aria-label=\"Es cocons\"><\/a>\n<\/div><div class=\"new-card-houses\">\n    <div class=\"likeOut likeDivOut\" style=\"display:none\">\n        <a data-id=\"3113\" class=\"likeOut_button_red likeBtnFav\"\n            aria-label=\"Megusta Vacalia\"><\/a>\n    <\/div>\n    <figure>\n        <img loading=\"lazy\" decoding=\"async\" \n            loading=\"lazy\" width=\"301\" height=\"200\"\n            src=\"\/\/media.vacalia.com\/photo\/reformatwebpfolder\/350\/200\/3113\/thumb-middle\/3113_8cd008dea844ddd3749b8765fb511762.webp?v=21092023\"\n            alt=\"Can vallori - Ferienhaus auf Sencelles\"\/>\n                                                                        <div class=\"circleDiscount\">-9%<\/div>\n                        <\/figure>\n    <p itemprop=\"address\"><i class=\"ico-marker\"><\/i>Sencelles, Mallorca<\/p>\n    <h3 itemprop=\"name\">Can vallori<\/h3>\n    <ul class=\"icon_list inline_list\">\n                              <li class=\"ico-airConditioning\" title=\"Klimaanlage\">\n              <span itemprop=\"amenityFeature\">Klimaanlage<\/span>\n            <\/li>\n                      <li class=\"ico-wifi\" title=\"Wifi\">\n              <span itemprop=\"amenityFeature\">Wifi<\/span>\n            <\/li>\n                          <li class=\"ico-guests\" title=\"F\u00fcr 6 G\u00e4ste in Sencelles.\">\n          <span itemprop=\"occupancy\">6<\/span>\n        <\/li>\n    <\/ul>\n            <span class=\"price\">Ab 118\u20ac \/ Nacht<\/span>\n                <a itemprop=\"url\" class=\"anchor\" href=\"https:\/\/www.vacalia.com\/de\/ferienhaus-can-vallori-sencelles-h20523\" aria-label=\"Can vallori\"><\/a>\n<\/div><\/div>\n","protected":false},"excerpt":{"rendered":"<p>Die \u00f6ffentlichen Verkehrsmittel auf Mallorca sind eine gute Alternative um die Insel zu entdecken. Wenn Sie sich f\u00fcr den Bus oder Zug entscheiden, k\u00f6nnen Sie auf einfache Weise verschiedene Ecken Mallorcas erkunden.<\/p>\n","protected":false},"author":2,"featured_media":3543,"comment_status":"closed","ping_status":"open","sticky":false,"template":"","format":"standard","meta":{"_monsterinsights_skip_tracking":false,"_monsterinsights_sitenote_active":false,"_monsterinsights_sitenote_note":"","_monsterinsights_sitenote_category":0,"footnotes":""},"categories":[40],"tags":[],"class_list":["post-3415","post","type-post","status-publish","format-standard","has-post-thumbnail","hentry","category-allgemein"],"_links":{"self":[{"href":"https:\/\/www.vacalia.com\/blog\/wp-json\/wp\/v2\/posts\/3415"}],"collection":[{"href":"https:\/\/www.vacalia.com\/blog\/wp-json\/wp\/v2\/posts"}],"about":[{"href":"https:\/\/www.vacalia.com\/blog\/wp-json\/wp\/v2\/types\/post"}],"author":[{"embeddable":true,"href":"https:\/\/www.vacalia.com\/blog\/wp-json\/wp\/v2\/users\/2"}],"replies":[{"embeddable":true,"href":"https:\/\/www.vacalia.com\/blog\/wp-json\/wp\/v2\/comments?post=3415"}],"version-history":[{"count":5,"href":"https:\/\/www.vacalia.com\/blog\/wp-json\/wp\/v2\/posts\/3415\/revisions"}],"predecessor-version":[{"id":4958,"href":"https:\/\/www.vacalia.com\/blog\/wp-json\/wp\/v2\/posts\/3415\/revisions\/4958"}],"wp:featuredmedia":[{"embeddable":true,"href":"https:\/\/www.vacalia.com\/blog\/wp-json\/wp\/v2\/media\/3543"}],"wp:attachment":[{"href":"https:\/\/www.vacalia.com\/blog\/wp-json\/wp\/v2\/media?parent=3415"}],"wp:term":[{"taxonomy":"category","embeddable":true,"href":"https:\/\/www.vacalia.com\/blog\/wp-json\/wp\/v2\/categories?post=3415"},{"taxonomy":"post_tag","embeddable":true,"href":"https:\/\/www.vacalia.com\/blog\/wp-json\/wp\/v2\/tags?post=3415"}],"curies":[{"name":"wp","href":"https:\/\/api.w.org\/{rel}","templated":true}]}}