{"id":3422,"date":"2020-02-06T10:00:21","date_gmt":"2020-02-06T09:00:21","guid":{"rendered":"https:\/\/www.vacalia.com\/blog\/?p=3422"},"modified":"2025-07-24T09:45:19","modified_gmt":"2025-07-24T07:45:19","slug":"traumhafte-kuestenwanderungen-mallorca","status":"publish","type":"post","link":"https:\/\/www.vacalia.com\/blog\/traumhafte-kuestenwanderungen-mallorca\/","title":{"rendered":"7 traumhafte K\u00fcstenwanderungen auf Mallorca"},"content":{"rendered":"\n<p>Mallorca, eine der beliebtesten Ferieninseln im &nbsp;Mittelmeer, bietet Naturfreunden neben einem Strandurlaub auch <a rel=\"noreferrer noopener\" aria-label=\" (abre en una nueva pesta\u00f1a)\" href=\"https:\/\/www.vacalia.com\/blog\/wanderrouten-auf-mallorca\/\" target=\"_blank\">zahlreiche Wanderwege<\/a> entlang der K\u00fcste mit verschiedenen Schwierigkeitsgraden. Nutzen Sie die Gelegenheit, um die Insel aus einer ganz anderen Perspektive zu erleben. Da viele K\u00fcstenwanderungen auf Mallorca entlang der Steilk\u00fcste f\u00fchren, garantieren sie eine <strong>bezaubernde Naturlandschaft<\/strong>. Einige Wanderrouten k\u00f6nnen mit erfahrenen Wanderf\u00fchrern unternommen werden, die den Vorteil haben, dass man sich ausschlie\u00dflich auf die Besonderheiten der Insel konzentrieren kann.<\/p>\n\n\n<div class=\"wp-block-image\">\n<figure class=\"aligncenter is-resized\"><img fetchpriority=\"high\" decoding=\"async\" width=\"1024\" height=\"678\" src=\"https:\/\/www.vacalia.com\/blog\/wp-content\/uploads\/2020\/01\/Febrero_segunda-imagen_Rutas-costeras-1024x678.gif\" alt=\"Genie\u00dfen Sie die bezaubernde Naturlandschaft bei einer K\u00fcstenwanderung auf Mallorca\" class=\"wp-image-3423\" style=\"width:776px;height:auto\" srcset=\"https:\/\/www.vacalia.com\/blog\/wp-content\/uploads\/2020\/01\/Febrero_segunda-imagen_Rutas-costeras-1024x678.gif 1024w, https:\/\/www.vacalia.com\/blog\/wp-content\/uploads\/2020\/01\/Febrero_segunda-imagen_Rutas-costeras-300x199.gif 300w, https:\/\/www.vacalia.com\/blog\/wp-content\/uploads\/2020\/01\/Febrero_segunda-imagen_Rutas-costeras-768x509.gif 768w\" sizes=\"(max-width: 1024px) 100vw, 1024px\" \/><figcaption class=\"wp-element-caption\"> Genie\u00dfen Sie die bezaubernde Naturlandschaft bei einer K\u00fcstenwanderung auf Mallorca. <\/figcaption><\/figure><\/div>\n\n\n<p>Hier bringen wir Ihnen ein paar sch\u00f6ne Routen n\u00e4her, die an der K\u00fcste entlanglaufen:<\/p>\n\n\n\n<h2 class=\"wp-block-heading\">1.&nbsp;&nbsp;&nbsp; Dei\u00e0 \u2013 Cala de Dei\u00e0 \u2013 Llucalcari<\/h2>\n\n\n\n<p>Die K\u00fcstenwanderung auf Mallorca um die Ortschaft Soller hat einen mittelm\u00e4\u00dfigen Schwierigkeitsgrad und dauert ca. 3 bis 4 Stunden. Der Ausgangspunkt dieser Wanderung ist die Dorfstra\u00dfe, die durch das Ortszentrum von Dei\u00e0 f\u00fchrt. Sie lernen hier die sch\u00f6ne noch fast <strong>unber\u00fchrte felsige Bucht \u201e<a href=\"https:\/\/www.vacalia.com\/de\/cala-deia-p178\" data-type=\"link\" data-id=\"https:\/\/www.vacalia.com\/de\/cala-deia-p178\">Cala de Dei\u00e0<\/a>\u201c<\/strong> kennen. Die halbkreisf\u00f6rmige Bucht ist von gro\u00dfen Felsw\u00e4nden umgeben und befindet sich an der Westk\u00fcste Mallorcas. Strandbars und Restaurants sind hier auch zu finden. Anschlie\u00dfend sto\u00dfen Sie auf <strong>das alte arabische Bergdorf Llucalcari<\/strong>, der kleiner Ort liegt an der K\u00fcste am Fu\u00dfe der Serra Tramuntana. Er umfasst etwa 20 Geb\u00e4ude, liegt 85 Meter \u00fcber dem Meer und geh\u00f6rt zur Gemeinde Dei\u00e0. Diese Wanderung zeigt Ihnen einen der herrlichsten K\u00fcstenabschnitte der Westk\u00fcste.<\/p>\n\n\n\n<h2 class=\"wp-block-heading\">2.&nbsp;&nbsp;&nbsp; Pollen\u00e7a bis Vall de B\u00f3quer<\/h2>\n\n\n\n<p>Sind Sie mit Kindern angereist? Dann sind Sie hier genau richtig. Diese beliebte K\u00fcstenwanderung auf Mallorca ist eine einfache Tour, die keine besonderen H\u00f6henunterschiede hat und die in ca. 2 Stunden ausgef\u00fchrt werden kann. Von <a href=\"https:\/\/www.vacalia.com\/de\/platja-del-port-de-pollenca-mallorca-p275\" data-type=\"link\" data-id=\"https:\/\/www.vacalia.com\/de\/platja-del-port-de-pollenca-mallorca-p275\"><strong>Port de Pollen\u00e7a<\/strong><\/a> aus, f\u00fchren Schilder zur erstaunlichen Cala B\u00f3quer, die <strong>zwischen Punta de na Torreta und der Gebirgskette Albercutx liegt<\/strong>. Die Route verl\u00e4uft durch das wundersch\u00f6ne B\u00f3quer Tal am \u00f6stlichsten Punkt des Tramuntana Gebirges. Dieser Ausflug ist im Fr\u00fchling oder Sommer ideal, da die M\u00f6glichkeit besteht, ein Erfrischungsbad zu nehmen. Im Allgemeinen ist das B\u00f3quer Tal ein unber\u00fchrtes Naturgebiet, was ihm einen besonderen Charme verleiht. Entlang des Weges \u00fcberwiegen Palmen, B\u00fcsche und aromatische Pflanzen wie z. B. Rosmarin.<\/p>\n\n\n\n<h2 class=\"wp-block-heading\">3.&nbsp;&nbsp;&nbsp; Von Cala Mitjana bis zu s\u2019Arenalet des Verger, durch die unber\u00fchrten Buchten der Halbinsel Llevant<\/h2>\n\n\n\n<p>Die Halbinsel Llevant ist eine wundersch\u00f6ne Landschaft am \u00f6stlichen Rand der Insel Mallorcas, in der Gemeinde Capdepera und Art\u00e1. Dieser Ausflug f\u00fchrt zum gr\u00f6\u00dften Teil durch einen Naturpark entlang des Meeres. Viele <strong>unber\u00fchrte Buchten<\/strong>, wie die <strong>Cala Es Matzoc, Cala de Sa Font Celada und s\u2019Arenalet des Verger werden Sie faszinieren<\/strong>. Ein weiteres Highlight des Ausflugs ist der Besuch der Torre d\u2019Albarca, ein antiker Verteidigungsturm aus dem Jahr 1751, der zur Bewachung des Meeresgebietes zwischen Mallorca und Menorca errichtet wurde. Der Turm befindet sich auf einer Klippe mit spektakul\u00e4ren Aussichten. Von der Terrasse aus k\u00f6nnen Sie den traumhaften Blick auf den Naturpark und das Mittelmeer genie\u00dfen.<\/p>\n\n\n\n<h2 class=\"wp-block-heading\">1.&nbsp;&nbsp;&nbsp; Von Cala Mar\u00e7al bis zur Juwelbucht Cala Mitjana<\/h2>\n\n\n\n<p>Es ist eine etwas anspruchsvollere Wanderung, die entlang der K\u00fcste Cala Mar\u00e7al bis zur Cala Mitjana f\u00fchrt. Cala Marcal liegt im Osten der Baleareninsel Mallorca, neben dem <strong>Fischerdorf Portocolm<\/strong>, das den gr\u00f6\u00dften Naturhafen Mallorcas besitzt und bekannt ist, weil man glaubt, dass der Seefahrer Christoph Columbus dort geboren wurde. Die Route beginnt am Aussichtspunkt de Jonc (Punta de Jonc). Rund um die Bucht befindet sich eine touristische Zone mit Hotels, Restaurants und Bars. Ein paar Meter entfernt, treffen Sie auf <strong>die H\u00f6hle Cova de la Mare de D\u00e9u<\/strong>. Es handelt sich um eine kleine H\u00f6hle, in der man das Meerwasser sehen kann. Von hier aus geht es weiter zur <strong>Cala Brafi, dann zur Cala Estreta bis hin zur Cala sa Nau<\/strong>. Die Cala sa Nau, die sich an einem traumhaften Strand befindet, hat sogar eine eigene Strandbar. Von hier aus gelangt man zur Cala Mitjana, die nur zu Fu\u00df oder mit dem Boot erreichbar ist. Cala Mitjana ist eine kleine, offene Bucht, umgeben von niedrigen Klippen und B\u00e4umen mit einem kleinen 20 Meter langen wei\u00dfen Strand.<\/p>\n\n\n<div class=\"wp-block-image\">\n<figure class=\"aligncenter is-resized\"><img decoding=\"async\" width=\"1024\" height=\"678\" src=\"https:\/\/www.vacalia.com\/blog\/wp-content\/uploads\/2020\/01\/Febrero_tercera-imagen_Rutas-Costeras-1024x678.gif\" alt=\"Entdecken Sie beim Wandern interessante H\u00f6hlen auf Mallorca\" class=\"wp-image-3424\" style=\"width:840px;height:auto\" srcset=\"https:\/\/www.vacalia.com\/blog\/wp-content\/uploads\/2020\/01\/Febrero_tercera-imagen_Rutas-Costeras-1024x678.gif 1024w, https:\/\/www.vacalia.com\/blog\/wp-content\/uploads\/2020\/01\/Febrero_tercera-imagen_Rutas-Costeras-300x199.gif 300w, https:\/\/www.vacalia.com\/blog\/wp-content\/uploads\/2020\/01\/Febrero_tercera-imagen_Rutas-Costeras-768x509.gif 768w\" sizes=\"(max-width: 1024px) 100vw, 1024px\" \/><figcaption class=\"wp-element-caption\">Entdecken Sie beim Wandern interessante H\u00f6hlen auf Mallorca.<\/figcaption><\/figure><\/div>\n\n\n<h2 class=\"wp-block-heading\">5.&nbsp;&nbsp;&nbsp;&nbsp; Von Port D\u2019Andratx bis zu Sant Elm<\/h2>\n\n\n\n<p>Die gr\u00f6\u00dfte Insel der Balearen bietet eine gro\u00dfe Auswahl an Routen, um ihre K\u00fcste zu erkunden. Eine der sch\u00f6nsten Strecken f\u00fchrt von Port d\u2019Andratx bis zum Dorf Sant Elm, im S\u00fcdwesten der Insel. Die ca. 7 Kilometer lange Strecke kann in etwa 3 Stunden zur\u00fcckgelegt werden und bietet herrliche Aussichten, wie z. B. vom <strong>H\u00fcgel Pas Vermell<\/strong>, der 300 Meter \u00fcber dem Meeresspiegel liegt. Am Ende dieser Route ist es ein Muss die <strong>Burg Sant Elm<\/strong>, eine Festung aus dem 13. Jahrhundert, zu besuchen. Die Lage des Schlosses auf dem Gipfel von Sant Elm bietet einen herrlichen Blick auf die <strong>Insel Dragonera<\/strong>. Die gesamte Anlage verf\u00fcgt \u00fcber eine kleine Kapelle, einen Verteidigungsturm, einen gro\u00dfen Raum mit Blick auf das Meer, 6 Doppelzimmer mit Bad, zwei K\u00fcchen und mehr al 400 Meter Terrasse rund um die Festung.<\/p>\n\n\n\n<h2 class=\"wp-block-heading\">6.&nbsp;&nbsp;&nbsp;&nbsp; Von Sant Elm bis zur Klosterruine La Trapa<\/h2>\n\n\n\n<p>Die Strecke von <a href=\"https:\/\/www.vacalia.com\/de\/sant-elm-mallorca-p1285\" data-type=\"link\" data-id=\"https:\/\/www.vacalia.com\/de\/sant-elm-mallorca-p1285\"><strong>Sant Elm<\/strong><\/a> nach La Trapa, ein Rundgang entlang einer sehr sch\u00f6nen K\u00fcstenregion der Insel Mallorca, bietet uns eine der<strong> besten<\/strong> <strong>Aussichten auf die Insel Sa Dragonera<\/strong> und wird uns mit einem der besten Sonnenunterg\u00e4nge der Insel verw\u00f6hnen. Es handelt sich um eine Route mit mittlerem Schwierigkeitsgrad, die Sie aber mit der ganzen Familie leicht bew\u00e4ltigen k\u00f6nnen. Diese K\u00fcstenwanderung auf Mallorca hat eine gesch\u00e4tzte Dauer von zweieinhalb Stunden und kann zu jeder Jahreszeit zur\u00fcckgelegt werden. Der Weg f\u00fchrt zu den <strong>malerischen Ruinen eines Trappistenklosters.<\/strong> Ein Highlight ist der Besuch der Bucht \u201eCala en Basset\u201c mit dem traumhaften Blick auf das schimmernde Meer.<\/p>\n\n\n<div class=\"wp-block-image\">\n<figure class=\"aligncenter\"><img decoding=\"async\" width=\"1024\" height=\"678\" src=\"https:\/\/www.vacalia.com\/blog\/wp-content\/uploads\/2020\/01\/Febrero_cuarta-imagen_Rutas-costeras-1024x678.gif\" alt=\"Bei dieser K\u00fcstenwanderung ist die Klosterruine La Trapa ein Highlight\" class=\"wp-image-3425\" srcset=\"https:\/\/www.vacalia.com\/blog\/wp-content\/uploads\/2020\/01\/Febrero_cuarta-imagen_Rutas-costeras-1024x678.gif 1024w, https:\/\/www.vacalia.com\/blog\/wp-content\/uploads\/2020\/01\/Febrero_cuarta-imagen_Rutas-costeras-300x199.gif 300w, https:\/\/www.vacalia.com\/blog\/wp-content\/uploads\/2020\/01\/Febrero_cuarta-imagen_Rutas-costeras-768x509.gif 768w\" sizes=\"(max-width: 1024px) 100vw, 1024px\" \/><figcaption class=\"wp-element-caption\">Bei dieser K\u00fcstenwanderung ist die Klosterruine La Trapa ein Highlight.<\/figcaption><\/figure><\/div>\n\n\n<h2 class=\"wp-block-heading\">7.&nbsp;&nbsp;&nbsp;&nbsp; Von Can Picafort bis zu Necr\u00f3polis de Son Real<\/h2>\n\n\n\n<p>Dieser Wanderweg ist in leichter Fu\u00dfmarsch der ca. 2 Stunden dauert und somit ideal f\u00fcr Familien ist. Diese Wanderung f\u00fchrt <strong>entlang eines Naturstrandes<\/strong> umgeben von <strong>D\u00fcnen, Pinien und Wacholderb\u00e4umen<\/strong>. Der Weg f\u00fchrt dann zu <strong><a href=\"https:\/\/www.vacalia.com\/de\/son-real-mallorca-p282\" data-type=\"link\" data-id=\"https:\/\/www.vacalia.com\/de\/son-real-mallorca-p282\">Necr\u00f3polis de Son Real<\/a>, eine mystische Grabst\u00e4tte, <\/strong>die aus dem siebten Jahrhundert v. Chr. stammt. Sie belegt eine Fl\u00e4che von etwa 800 m2, auf der etwa 130 Gr\u00e4ber zu finden sind. In den Gr\u00e4bern wurden neben den menschlichen \u00dcberresten auch Schmuck- und Gebrauchsgegenst\u00e4nde aus Metall und Keramik gefunden. Von dort aus werden Sie mehrere Wege finden, die zum Zentrum von Son Real f\u00fchren. <strong>Die Finca Son Real, ein sogenanntes Landgut, <\/strong>befindet sich in der Gemeinde Santa Margarita, an der Nordostk\u00fcste Mallorcas. Einmal dort angekommen k\u00f6nnen Sie auf diesem Anwesen, Geb\u00e4ude aus verschiedenen Zeitepochen betrachten.<\/p>\n\n\n\n<p>Die zahlreichen Wanderwege auf dieser Insel sind ein Paradies f\u00fcr Naturliebhaber. Mieten Sie mit Vacalia eine von <strong>unseren zahlreichen <a href=\"https:\/\/www.vacalia.com\/de\/finca-mallorca\" data-type=\"link\" data-id=\"https:\/\/www.vacalia.com\/de\/finca-mallorca\">Fincas auf Mallorca<\/a> in der N\u00e4he einer dieser sch\u00f6nen Routen<\/strong> und genie\u00dfen Sie eine einzigartige K\u00fcstenwanderung auf Mallorca, die Ihnen atemberaubende Aussichten und Momente garantiert. Ist Wandern nicht ganz Ihre St\u00e4rke? Dann k\u00f6nnen Sie auch wundervolle Strecken mit einem Mietwagen zur\u00fccklegen.<\/p>\n\n\n<div class=\"bannerBlog\"><div class=\"new-card-houses\">\n    <div class=\"likeOut likeDivOut\" style=\"display:none\">\n        <a data-id=\"1259\" class=\"likeOut_button_red likeBtnFav\"\n            aria-label=\"Megusta Vacalia\"><\/a>\n    <\/div>\n    <figure>\n        <img loading=\"lazy\" decoding=\"async\" \n            loading=\"lazy\" width=\"301\" height=\"200\"\n            src=\"\/\/media.vacalia.com\/photo\/reformatwebpfolder\/350\/200\/1259\/thumb-middle\/1259_5501778f35ba10f40a1bf4319e88f41f.webp?v=21092023\"\n            alt=\"Finca short de conies 2 - Ferienhaus auf Manacor\"\/>\n                                                                        <div class=\"circleDiscount\">-19%<\/div>\n                        <\/figure>\n    <p itemprop=\"address\"><i class=\"ico-marker\"><\/i>Manacor, Mallorca<\/p>\n    <h3 itemprop=\"name\">Finca short de conies 2<\/h3>\n    <ul class=\"icon_list inline_list\">\n                              <li class=\"ico-pool\" title=\"Pool\">\n              <span itemprop=\"amenityFeature\">Pool<\/span>\n            <\/li>\n                      <li class=\"ico-airConditioning\" title=\"Klimaanlage\">\n              <span itemprop=\"amenityFeature\">Klimaanlage<\/span>\n            <\/li>\n                      <li class=\"ico-wifi\" title=\"Wifi\">\n              <span itemprop=\"amenityFeature\">Wifi<\/span>\n            <\/li>\n                      <li class=\"ico-pets\" title=\"Haustiere\">\n              <span itemprop=\"amenityFeature\">Haustiere<\/span>\n            <\/li>\n                          <li class=\"ico-guests\" title=\"F\u00fcr 14 G\u00e4ste in Manacor.\">\n          <span itemprop=\"occupancy\">14<\/span>\n        <\/li>\n    <\/ul>\n            <span class=\"price\">Ab 667\u20ac \/ Nacht<\/span>\n                <a itemprop=\"url\" class=\"anchor\" href=\"https:\/\/www.vacalia.com\/de\/villa-finca-short-de-conies-2-manacor-h15975\" aria-label=\"Finca short de conies 2\"><\/a>\n<\/div><div class=\"new-card-houses\">\n    <div class=\"likeOut likeDivOut\" style=\"display:none\">\n        <a data-id=\"3561\" class=\"likeOut_button_red likeBtnFav\"\n            aria-label=\"Megusta Vacalia\"><\/a>\n    <\/div>\n    <figure>\n        <img loading=\"lazy\" decoding=\"async\" \n            loading=\"lazy\" width=\"301\" height=\"200\"\n            src=\"\/\/media.vacalia.com\/photo\/reformatwebpfolder\/350\/200\/3561\/thumb-middle\/3561_3662d16d9913270fec0429b89d5a1927.webp?v=21092023\"\n            alt=\"Sa teulera de pina - Ferienhaus auf Pina\"\/>\n                                                                        <div class=\"circleDiscount\">-5%<\/div>\n                        <\/figure>\n    <p itemprop=\"address\"><i class=\"ico-marker\"><\/i>Pina, Mallorca<\/p>\n    <h3 itemprop=\"name\">Sa teulera de pina<\/h3>\n    <ul class=\"icon_list inline_list\">\n                              <li class=\"ico-pool\" title=\"Pool\">\n              <span itemprop=\"amenityFeature\">Pool<\/span>\n            <\/li>\n                      <li class=\"ico-airConditioning\" title=\"Klimaanlage\">\n              <span itemprop=\"amenityFeature\">Klimaanlage<\/span>\n            <\/li>\n                      <li class=\"ico-wifi\" title=\"Wifi\">\n              <span itemprop=\"amenityFeature\">Wifi<\/span>\n            <\/li>\n                      <li class=\"ico-pets\" title=\"Haustiere\">\n              <span itemprop=\"amenityFeature\">Haustiere<\/span>\n            <\/li>\n                          <li class=\"ico-guests\" title=\"F\u00fcr 6 G\u00e4ste in Pina.\">\n          <span itemprop=\"occupancy\">6<\/span>\n        <\/li>\n    <\/ul>\n            <span class=\"price\">Ab 198\u20ac \/ Nacht<\/span>\n                <a itemprop=\"url\" class=\"anchor\" href=\"https:\/\/www.vacalia.com\/de\/villa-sa-teulera-de-pina-algaida-h24195\" aria-label=\"Sa teulera de pina\"><\/a>\n<\/div><div class=\"new-card-houses\">\n    <div class=\"likeOut likeDivOut\" style=\"display:none\">\n        <a data-id=\"3330\" class=\"likeOut_button_red likeBtnFav\"\n            aria-label=\"Megusta Vacalia\"><\/a>\n    <\/div>\n    <figure>\n        <img loading=\"lazy\" decoding=\"async\" \n            loading=\"lazy\" width=\"301\" height=\"200\"\n            src=\"\/\/media.vacalia.com\/photo\/reformatwebpfolder\/350\/200\/3330\/thumb-middle\/3330_029735bc1d7af0277ce314ce2b3e19a5.webp?v=21092023\"\n            alt=\"Es cocons - Ferienhaus auf Sineu\"\/>\n                                                                        <div class=\"circleDiscount\">-7%<\/div>\n                        <\/figure>\n    <p itemprop=\"address\"><i class=\"ico-marker\"><\/i>Sineu, Mallorca<\/p>\n    <h3 itemprop=\"name\">Es cocons<\/h3>\n    <ul class=\"icon_list inline_list\">\n                              <li class=\"ico-pool\" title=\"Pool\">\n              <span itemprop=\"amenityFeature\">Pool<\/span>\n            <\/li>\n                      <li class=\"ico-airConditioning\" title=\"Klimaanlage\">\n              <span itemprop=\"amenityFeature\">Klimaanlage<\/span>\n            <\/li>\n                      <li class=\"ico-wifi\" title=\"Wifi\">\n              <span itemprop=\"amenityFeature\">Wifi<\/span>\n            <\/li>\n                          <li class=\"ico-guests\" title=\"F\u00fcr 6 G\u00e4ste in Sineu.\">\n          <span itemprop=\"occupancy\">6<\/span>\n        <\/li>\n    <\/ul>\n            <span class=\"price\">Ab 186\u20ac \/ Nacht<\/span>\n                <a itemprop=\"url\" class=\"anchor\" href=\"https:\/\/www.vacalia.com\/de\/villa-es-cocons-sineu-h23355\" aria-label=\"Es cocons\"><\/a>\n<\/div><\/div>\n","protected":false},"excerpt":{"rendered":"<p>Mallorca ist die ideale Insel, um Sport, Natur und Abenteuer mit der ganzen Familie zu genie\u00dfen. Entdecken Sie die sch\u00f6nsten K\u00fcstenwanderungen auf Mallorca und erkunden Sie die unglaubliche Vielfalt der Landschaften begleitet von einem angenehmen Klima.<\/p>\n","protected":false},"author":2,"featured_media":3622,"comment_status":"closed","ping_status":"open","sticky":false,"template":"","format":"standard","meta":{"_monsterinsights_skip_tracking":false,"_monsterinsights_sitenote_active":false,"_monsterinsights_sitenote_note":"","_monsterinsights_sitenote_category":0,"footnotes":""},"categories":[40],"tags":[],"class_list":["post-3422","post","type-post","status-publish","format-standard","has-post-thumbnail","hentry","category-allgemein"],"_links":{"self":[{"href":"https:\/\/www.vacalia.com\/blog\/wp-json\/wp\/v2\/posts\/3422"}],"collection":[{"href":"https:\/\/www.vacalia.com\/blog\/wp-json\/wp\/v2\/posts"}],"about":[{"href":"https:\/\/www.vacalia.com\/blog\/wp-json\/wp\/v2\/types\/post"}],"author":[{"embeddable":true,"href":"https:\/\/www.vacalia.com\/blog\/wp-json\/wp\/v2\/users\/2"}],"replies":[{"embeddable":true,"href":"https:\/\/www.vacalia.com\/blog\/wp-json\/wp\/v2\/comments?post=3422"}],"version-history":[{"count":11,"href":"https:\/\/www.vacalia.com\/blog\/wp-json\/wp\/v2\/posts\/3422\/revisions"}],"predecessor-version":[{"id":7844,"href":"https:\/\/www.vacalia.com\/blog\/wp-json\/wp\/v2\/posts\/3422\/revisions\/7844"}],"wp:featuredmedia":[{"embeddable":true,"href":"https:\/\/www.vacalia.com\/blog\/wp-json\/wp\/v2\/media\/3622"}],"wp:attachment":[{"href":"https:\/\/www.vacalia.com\/blog\/wp-json\/wp\/v2\/media?parent=3422"}],"wp:term":[{"taxonomy":"category","embeddable":true,"href":"https:\/\/www.vacalia.com\/blog\/wp-json\/wp\/v2\/categories?post=3422"},{"taxonomy":"post_tag","embeddable":true,"href":"https:\/\/www.vacalia.com\/blog\/wp-json\/wp\/v2\/tags?post=3422"}],"curies":[{"name":"wp","href":"https:\/\/api.w.org\/{rel}","templated":true}]}}