{"id":3433,"date":"2020-02-11T10:00:41","date_gmt":"2020-02-11T09:00:41","guid":{"rendered":"https:\/\/www.vacalia.com\/blog\/?p=3433"},"modified":"2025-07-03T16:00:15","modified_gmt":"2025-07-03T14:00:15","slug":"kloester-mallorca","status":"publish","type":"post","link":"https:\/\/www.vacalia.com\/blog\/kloester-mallorca\/","title":{"rendered":"Die sch\u00f6nsten Kl\u00f6ster auf Mallorca"},"content":{"rendered":"\n<p> Die Kl\u00f6ster auf Mallorca sind ein beliebtes Ausflugsziel auf Mallorca, und dies nicht zu Unrecht, denn sie geh\u00f6ren zu den zahlreichen <a href=\"https:\/\/www.vacalia.com\/blog\/die-eindrucksvollsten-historischen-sehenswuerdigkeiten-mallorcas\/\">historischen Sehensw\u00fcrdigkeiten Mallorcas<\/a>. Wer etwas <strong>Ruhe und Besinnung<\/strong> sucht, sollte sich einen Besuch nicht entgehen lassen. Viele von ihnen liegen auf einem Berg, so bieten Sie meist eine <strong>atemberaubende Aussicht<\/strong>. Sie sind ein hervorragender Plan f\u00fcr einen <strong>Tagesausflug<\/strong> oder lassen sich auch als <strong>Ziel oder Einkehrst\u00e4tte f\u00fcr eine Wanderung oder Radtour <\/strong>nutzen. Viele Kl\u00f6ster auf Mallorca bieten <strong>Restaurants oder auch Hotelzimmer<\/strong> in den ehemaligen Schlafpl\u00e4tzen der Nonnen oder M\u00f6nche.<\/p>\n\n\n\n<h2 class=\"wp-block-heading\">Das Kloster Lluc auf Mallorca<\/h2>\n\n\n\n<p>Das Kloster Lluc ist eins der <strong>gr\u00f6\u00dften Kl\u00f6ster auf Mallorca<\/strong>. Wer echte Abgelegenheit und Einsamkeit sucht, wird hier etwas entt\u00e4uscht. Die Kapelle ist ein <strong>bekannter Wallfahrtsort, denn die kleine schwarze Marienfigur \u201eLa Moreneta\u201c ist eine beliebte Schutzheilige<\/strong>. Heute beherbergt das Kloster ein Internat mit dem international <strong>anerkanntem Chor \u201eBlauets\u201c.<\/strong> Au\u00dferhalb der Schulferien kann man jeden Tag unter der Woche um 11 Uhr morgens in den Genuss einer H\u00f6rprobe kommen.&nbsp; Des Weiteren gibt es <strong>ein Restaurant und mehr als 100 Hotelzimmer<\/strong> verschiedener Kategorien, die wiederum auf Grund der Beliebtheit des Klosters oft schon weit im Voraus ausgebucht sind. Die Besichtigung des Klosters ist kostenlos, das <strong>angrenzende Museum zur Geschichte des Kosters Lluc<\/strong> hingegen kostet Eintritt.<\/p>\n\n\n\n<figure class=\"wp-block-image\"><img fetchpriority=\"high\" decoding=\"async\" width=\"1024\" height=\"678\" src=\"https:\/\/www.vacalia.com\/blog\/wp-content\/uploads\/2020\/01\/Febrero_segunda-imagen_Conventos-1024x678.gif\" alt=\"Das Kloster Lluc ist eins der bekanntesten Kl\u00f6ster auf Mallorca\" class=\"wp-image-3434\" srcset=\"https:\/\/www.vacalia.com\/blog\/wp-content\/uploads\/2020\/01\/Febrero_segunda-imagen_Conventos-1024x678.gif 1024w, https:\/\/www.vacalia.com\/blog\/wp-content\/uploads\/2020\/01\/Febrero_segunda-imagen_Conventos-300x199.gif 300w, https:\/\/www.vacalia.com\/blog\/wp-content\/uploads\/2020\/01\/Febrero_segunda-imagen_Conventos-768x509.gif 768w\" sizes=\"(max-width: 1024px) 100vw, 1024px\" \/><figcaption class=\"wp-element-caption\">Das Kloster Lluc ist eins der bekanntesten Kl\u00f6ster auf Mallorca.<\/figcaption><\/figure>\n\n\n\n<p>Das Kloster ist Ziel oder Ausgangspunkt <strong>zahlreicher Wanderrouten<\/strong>, auf Grund seiner einzigartigen Lage inmitten der <strong>Sierra de Tramuntana <\/strong>im Nordwesten Mallorcas. Wenn nicht zu Fu\u00df, kann man das Kloster ebenfalls mit dem Auto oder sogar mit dem Bus erreichen. Eine der bekanntesten Routen ist die <strong><a rel=\"noreferrer noopener\" aria-label=\" (abre en una nueva pesta\u00f1a)\" href=\"https:\/\/www.vacalia.com\/blog\/mallorca-und-ihre-traditionen-wanderung-von-guell-nach-lluc\/\" target=\"_blank\">Wanderung von G\u00fcell nach Lluc<\/a><\/strong>. Sie geh\u00f6rt zu einen der zahlreichen Traditionen Mallorcas. An der <strong>42km langen Pilgerreise<\/strong> nehmen jedes Jahr im Sommer mehr als 10.000 Menschen teil. Sie pilgern zu der \u201eMoreneta\u201c, um ihr f\u00fcr die Zufriedenheit in ihrem Leben zu danken.<\/p>\n\n\n\n<h2 class=\"wp-block-heading\">Das Kloster Randa auf Mallorca<\/h2>\n\n\n\n<p>Das Kloster Randa, auch unter dem Namen <strong>Santuari de Cura<\/strong> bekannt, liegt auf dem <strong>heiligen Berg Randa<\/strong> im Norden des Ortes Llucmajor. Auf dem gleichen Berg liegen zwei weitere Kl\u00f6ster, die jedoch nicht besichtigt werden k\u00f6nnen. Die Besucher werden mit einer <strong>besonderen Aussicht \u00fcber die mallorquinische Hochebene<\/strong> belohnt, die sich von Palma bis Alcudia erstreckt.&nbsp; Neben der Aussicht warten auch <strong>ein kleines Museum, ein Caf\u00e9 mit Aussichtsterrasse und eine Herberge mit 24 Hotelzimmer <\/strong>auf die Besucher. Die Zimmer sind nicht luxuri\u00f6s, daf\u00fcr aber sehrpreiswert. Und vor allem nachdem man den Berg zu Fu\u00df oder auch mit dem Fahrrad erklommen hat, ist es ein ganz besonderes Erlebnis hier oben eine Nacht zu verbringen. Hier kann man wirklich <strong>abschalten und die Ruhe genie\u00dfen.<\/strong><\/p>\n\n\n\n<figure class=\"wp-block-image\"><img decoding=\"async\" width=\"1024\" height=\"678\" src=\"https:\/\/www.vacalia.com\/blog\/wp-content\/uploads\/2020\/01\/Febrero_tercera-imagen_Conventos-1024x678.gif\" alt=\"Von der Terrasse des Klosters Randa auf Mallorca kann man eine herrliche Aussicht genie\u00dfen\" class=\"wp-image-3435\" srcset=\"https:\/\/www.vacalia.com\/blog\/wp-content\/uploads\/2020\/01\/Febrero_tercera-imagen_Conventos-1024x678.gif 1024w, https:\/\/www.vacalia.com\/blog\/wp-content\/uploads\/2020\/01\/Febrero_tercera-imagen_Conventos-300x199.gif 300w, https:\/\/www.vacalia.com\/blog\/wp-content\/uploads\/2020\/01\/Febrero_tercera-imagen_Conventos-768x509.gif 768w\" sizes=\"(max-width: 1024px) 100vw, 1024px\" \/><figcaption class=\"wp-element-caption\">Von der Terrasse des Klosters Randa auf Mallorca kann man eine herrliche Aussicht genie\u00dfen.<\/figcaption><\/figure>\n\n\n\n<p>Der Aufstieg hinauf zum Kloster Randa ist nicht leicht, denn der <strong>Gipfel liegt auf einer H\u00f6he von 540m.<\/strong> Diesen erreicht man \u00fcber einen <strong>ausgewiesenen Fu\u00dfweg<\/strong> oder eine Stra\u00dfe, die f\u00fcr Radfahrer sowie Autofahrer geeignet ist. Diese schl\u00e4ngelt sich \u00fcber 5km den Berg hinauf und f\u00fchrt an den beiden anderen Kl\u00f6stern vorbei. F\u00fcr die M\u00fche wird man jedoch mit <strong>zahlreichen Aussichtspunkten<\/strong> belohnt, die sich ebenfalls als hervorragende Haltestellen f\u00fcr eine kleine Pause eignen.<\/p>\n\n\n\n<h2 class=\"wp-block-heading\">Das Santuari de Sant Salvador auf Mallorca<\/h2>\n\n\n\n<p>Das Santuari de Sant Salvador liegt im S\u00fcdosten Mallorcas ganz in der N\u00e4he des Ortes <strong>Felanitx<\/strong>. \u00dcber eine <strong>7km lange Serpentinenstra\u00dfe<\/strong> gelangt man zu der <strong>beeindruckenden Anlage auf dem Gipfel des Bergs.<\/strong> Oben angekommen gibt es einen gro\u00dfen Parkplatz, von dem aus auf der einen Seite das Kloster und auf der anderen Seite das 1934 erbaute <strong>Monument Crist Rei<\/strong> liegt, eine Aussichtsplattform mit einer 37m hohen Jesus-Statue. Das <strong>riesige Steinkreuz<\/strong>, welches 1957 auf dem Nebengipfel \u201eEs Picot\u201c errichtet wurde, ist nur Fu\u00df erreichbar. Man kann es jedoch vom Aussichtspunkt des Klosters selbst wunderbar bestaunen.<\/p>\n\n\n\n<figure class=\"wp-block-image\"><img decoding=\"async\" width=\"1024\" height=\"678\" src=\"https:\/\/www.vacalia.com\/blog\/wp-content\/uploads\/2020\/01\/Febrero_cuarta-imagen_sant_salvador_Conventos-1024x678.gif\" alt=\"Das Santuari de Sant Salvador ist eins der sch\u00f6nsten Kl\u00f6ster auf Mallorca\" class=\"wp-image-3436\" srcset=\"https:\/\/www.vacalia.com\/blog\/wp-content\/uploads\/2020\/01\/Febrero_cuarta-imagen_sant_salvador_Conventos-1024x678.gif 1024w, https:\/\/www.vacalia.com\/blog\/wp-content\/uploads\/2020\/01\/Febrero_cuarta-imagen_sant_salvador_Conventos-300x199.gif 300w, https:\/\/www.vacalia.com\/blog\/wp-content\/uploads\/2020\/01\/Febrero_cuarta-imagen_sant_salvador_Conventos-768x509.gif 768w\" sizes=\"(max-width: 1024px) 100vw, 1024px\" \/><figcaption class=\"wp-element-caption\">Das Santuari de Sant Salvador ist eins der sch\u00f6nsten Kl\u00f6ster auf Mallorca<\/figcaption><\/figure>\n\n\n\n<p>Das Kloster an sich hat eine interessante Geschichte, die im <strong>14. Jahrhundert seinen Ursprung<\/strong> findet. Aus Dankbarkeit erbauten Pest\u00fcberlebenden damals eine kleine Kapelle auf der Gipfel des Puig de Sant Salvador. \u00dcber die Jahre wurde sie zu einem Kloster ausgebaut, jedoch <strong>wurde sie immer wieder von Piraten \u00fcberfallen<\/strong>. Daher baute man sie zu einer <strong>uneinnehmbaren Festung<\/strong> um. Heutzutage ist das Kloster nicht mehr in Betrieb und beherbergt <strong>eine Pension und ein Restaurant mit einer atemberaubenden Terrasse<\/strong>.<\/p>\n\n\n\n<h2 class=\"wp-block-heading\">Die Ermita de Bonany<\/h2>\n\n\n\n<p>Die Ermita de Bonany liegt <strong>in der N\u00e4he des Ortes Petra, Mallorca, <\/strong>auf einem ca. 350m hohen Berg. So hat man auch von dieser Kapelle einen <strong>herrlichen Ausblick<\/strong> auf die umgehende Landschaft. Der Name stammt vom mallorquinischen Begriff <strong>\u201ebon any\u201c, was \u201egutes Jahr\u201c bedeutet<\/strong>. Die Kapelle wurde als Danksagung f\u00fcr den ersten Regen nach einer langen Trockenzeit im 17. Jahrhundert erbaut, um f\u00fcr das gute Jahr zu danken.<\/p>\n\n\n\n<figure class=\"wp-block-image\"><img loading=\"lazy\" decoding=\"async\" width=\"1024\" height=\"678\" src=\"https:\/\/www.vacalia.com\/blog\/wp-content\/uploads\/2020\/01\/Febrero_quinta-imagen_bonany_Conventos-1024x678.gif\" alt=\"Der Name der Ermita de Bonany kommt von \u201ebon any\u201c, was \u201egutes Jahr\u201c bedeutet\" class=\"wp-image-3437\" srcset=\"https:\/\/www.vacalia.com\/blog\/wp-content\/uploads\/2020\/01\/Febrero_quinta-imagen_bonany_Conventos-1024x678.gif 1024w, https:\/\/www.vacalia.com\/blog\/wp-content\/uploads\/2020\/01\/Febrero_quinta-imagen_bonany_Conventos-300x199.gif 300w, https:\/\/www.vacalia.com\/blog\/wp-content\/uploads\/2020\/01\/Febrero_quinta-imagen_bonany_Conventos-768x509.gif 768w\" sizes=\"(max-width: 1024px) 100vw, 1024px\" \/><figcaption class=\"wp-element-caption\">Der Name der Ermita de Bonany kommt von \u201ebon any\u201c, was \u201egutes Jahr\u201c bedeutet<\/figcaption><\/figure>\n\n\n\n<p><strong>Die Einfahrt zu dieser Kapelle ist \u00e4u\u00dferst beeindruckend.<\/strong> Hinter einem gro\u00dfen verzierten Steintor f\u00fchrt eine <strong>mit Palmen und Zypressen ges\u00e4umte Zufahrt<\/strong> bis zur Kapelle selbst. Das Innere der Ermita ist wie so oft auf Mallorca ausgiebig verziert.<\/p>\n\n\n\n<h2 class=\"wp-block-heading\">Die Ermita de Betl\u00e9m auf Mallorca<\/h2>\n\n\n\n<figure class=\"wp-block-image\"><img loading=\"lazy\" decoding=\"async\" width=\"1024\" height=\"678\" src=\"https:\/\/www.vacalia.com\/blog\/wp-content\/uploads\/2020\/01\/Febrero_sexta-imagen_ermita_de_betlem_Conventos-1024x678.gif\" alt=\"Die Ermita de Betl\u00e9m auf Mallorca ist mehr als 200 Jahre alt\" class=\"wp-image-3438\" srcset=\"https:\/\/www.vacalia.com\/blog\/wp-content\/uploads\/2020\/01\/Febrero_sexta-imagen_ermita_de_betlem_Conventos-1024x678.gif 1024w, https:\/\/www.vacalia.com\/blog\/wp-content\/uploads\/2020\/01\/Febrero_sexta-imagen_ermita_de_betlem_Conventos-300x199.gif 300w, https:\/\/www.vacalia.com\/blog\/wp-content\/uploads\/2020\/01\/Febrero_sexta-imagen_ermita_de_betlem_Conventos-768x509.gif 768w\" sizes=\"(max-width: 1024px) 100vw, 1024px\" \/><figcaption class=\"wp-element-caption\">Die Ermita de Betl\u00e9m auf Mallorca ist mehr als 200 Jahre alt.<\/figcaption><\/figure>\n\n\n\n<h2 class=\"wp-block-heading\">Ferienh\u00e4user ganz in der N\u00e4he\nder sch\u00f6nsten Kl\u00f6ster auf Mallorca<\/h2>\n\n\n\n<p>Vacalia bietet eine breite Auswahl an <strong>verschiedenen <a href=\"https:\/\/www.vacalia.com\/de\/ferienhaus\" data-type=\"link\" data-id=\"https:\/\/www.vacalia.com\/de\/ferienhaus\">Ferienh\u00e4usern<\/a> ganz in der N\u00e4he der sch\u00f6nsten Kl\u00f6ster auf Mallorca<\/strong>. Diese bieten sich hervorragend als Ihr Standort auf der Insel und als Ausgangspunkt f\u00fcr Ihre Tagesausfl\u00fcge oder Wanderungen, denn in einem Ferienhaus sind Sie nicht an den Zeitplan eines Hotels gebunden und k\u00f6nnen Ihren <a href=\"https:\/\/www.vacalia.com\/de\/mallorca-urlaub\" data-type=\"link\" data-id=\"https:\/\/www.vacalia.com\/de\/ferienhaus-mallorca\">Urlaub auf Mallorca<\/a> ganz nach Belieben planen.<\/p>\n\n\n<div class=\"bannerBlog\"><div class=\"new-card-houses\">\n    <div class=\"likeOut likeDivOut\" style=\"display:none\">\n        <a data-id=\"3575\" class=\"likeOut_button_red likeBtnFav\"\n            aria-label=\"Megusta Vacalia\"><\/a>\n    <\/div>\n    <figure>\n        <img loading=\"lazy\" decoding=\"async\" \n            loading=\"lazy\" width=\"301\" height=\"200\"\n            src=\"\/\/media.vacalia.com\/photo\/reformatwebpfolder\/350\/200\/3575\/thumb-middle\/3575_32a6f851e37cf2748c010c9c41ed298b.webp?v=21092023\"\n            alt=\"Tramontana - Ferienhaus auf Lloseta\"\/>\n                                                                        <div class=\"circleDiscount\">-9%<\/div>\n                        <\/figure>\n    <p itemprop=\"address\"><i class=\"ico-marker\"><\/i>Lloseta, Mallorca<\/p>\n    <h3 itemprop=\"name\">Tramontana<\/h3>\n    <ul class=\"icon_list inline_list\">\n                              <li class=\"ico-pool\" title=\"Pool\">\n              <span itemprop=\"amenityFeature\">Pool<\/span>\n            <\/li>\n                      <li class=\"ico-airConditioning\" title=\"Klimaanlage\">\n              <span itemprop=\"amenityFeature\">Klimaanlage<\/span>\n            <\/li>\n                      <li class=\"ico-wifi\" title=\"Wifi\">\n              <span itemprop=\"amenityFeature\">Wifi<\/span>\n            <\/li>\n                          <li class=\"ico-guests\" title=\"F\u00fcr 10 G\u00e4ste in Lloseta.\">\n          <span itemprop=\"occupancy\">10<\/span>\n        <\/li>\n    <\/ul>\n            <span class=\"price\">Ab 325\u20ac \/ Nacht<\/span>\n                <a itemprop=\"url\" class=\"anchor\" href=\"https:\/\/www.vacalia.com\/de\/villa-tramontana-lloseta-h24243\" aria-label=\"Tramontana\"><\/a>\n<\/div><div class=\"new-card-houses\">\n    <div class=\"likeOut likeDivOut\" style=\"display:none\">\n        <a data-id=\"3504\" class=\"likeOut_button_red likeBtnFav\"\n            aria-label=\"Megusta Vacalia\"><\/a>\n    <\/div>\n    <figure>\n        <img loading=\"lazy\" decoding=\"async\" \n            loading=\"lazy\" width=\"301\" height=\"200\"\n            src=\"\/\/media.vacalia.com\/photo\/reformatwebpfolder\/350\/200\/3504\/thumb-middle\/3504_daabe4bcc66ac78bc78d217d05be1bd0.webp?v=21092023\"\n            alt=\"Ca na xisca 1 - Ferienhaus auf Can Picafort\"\/>\n                                                                        <div class=\"circleDiscount\">-2%<\/div>\n                        <\/figure>\n    <p itemprop=\"address\"><i class=\"ico-marker\"><\/i>Can Picafort, Mallorca<\/p>\n    <h3 itemprop=\"name\">Ca na xisca 1<\/h3>\n    <ul class=\"icon_list inline_list\">\n                              <li class=\"ico-airConditioning\" title=\"Klimaanlage\">\n              <span itemprop=\"amenityFeature\">Klimaanlage<\/span>\n            <\/li>\n                      <li class=\"ico-wifi\" title=\"Wifi\">\n              <span itemprop=\"amenityFeature\">Wifi<\/span>\n            <\/li>\n                          <li class=\"ico-guests\" title=\"F\u00fcr 4 G\u00e4ste in Can Picafort.\">\n          <span itemprop=\"occupancy\">4<\/span>\n        <\/li>\n    <\/ul>\n            <span class=\"price\">Ab 121\u20ac \/ Nacht<\/span>\n                <a itemprop=\"url\" class=\"anchor\" href=\"https:\/\/www.vacalia.com\/de\/apartment-ca-na-xisca-1-santa-margalida-h23995\" aria-label=\"Ca na xisca 1\"><\/a>\n<\/div><div class=\"new-card-houses\">\n    <div class=\"likeOut likeDivOut\" style=\"display:none\">\n        <a data-id=\"1249\" class=\"likeOut_button_red likeBtnFav\"\n            aria-label=\"Megusta Vacalia\"><\/a>\n    <\/div>\n    <figure>\n        <img loading=\"lazy\" decoding=\"async\" \n            loading=\"lazy\" width=\"301\" height=\"200\"\n            src=\"\/\/media.vacalia.com\/photo\/reformatwebpfolder\/350\/200\/1249\/thumb-middle\/1249_58930b6951a4339a3e2245baa68e6f6e.webp?v=21092023\"\n            alt=\"La primera - Ferienhaus auf sa Torre\"\/>\n                                                                        <div class=\"circleDiscount\">-10%<\/div>\n                        <\/figure>\n    <p itemprop=\"address\"><i class=\"ico-marker\"><\/i>sa Torre, Mallorca<\/p>\n    <h3 itemprop=\"name\">La primera<\/h3>\n    <ul class=\"icon_list inline_list\">\n                              <li class=\"ico-pool\" title=\"Pool\">\n              <span itemprop=\"amenityFeature\">Pool<\/span>\n            <\/li>\n                      <li class=\"ico-airConditioning\" title=\"Klimaanlage\">\n              <span itemprop=\"amenityFeature\">Klimaanlage<\/span>\n            <\/li>\n                      <li class=\"ico-wifi\" title=\"Wifi\">\n              <span itemprop=\"amenityFeature\">Wifi<\/span>\n            <\/li>\n                          <li class=\"ico-guests\" title=\"F\u00fcr 6 G\u00e4ste in Sa Torre.\">\n          <span itemprop=\"occupancy\">6<\/span>\n        <\/li>\n    <\/ul>\n            <span class=\"price\">Ab 268\u20ac \/ Nacht<\/span>\n                <a itemprop=\"url\" class=\"anchor\" href=\"https:\/\/www.vacalia.com\/de\/villa-la-primera-llucmajor-h15957\" aria-label=\"La primera\"><\/a>\n<\/div><\/div>\n","protected":false},"excerpt":{"rendered":"<p>Sind Sie auf der Suche nach etwas Ruhe und Erholung? Entdecken Sie die sch\u00f6nsten Wallfahrtskapellen und Kl\u00f6ster auf Mallorca, perfekt f\u00fcr Ihren n\u00e4chsten Tagesausflug oder als Rastst\u00e4tte auf Ihrer n\u00e4chsten Wanderung.<\/p>\n","protected":false},"author":2,"featured_media":3536,"comment_status":"closed","ping_status":"open","sticky":false,"template":"","format":"standard","meta":{"_monsterinsights_skip_tracking":false,"_monsterinsights_sitenote_active":false,"_monsterinsights_sitenote_note":"","_monsterinsights_sitenote_category":0,"footnotes":""},"categories":[40],"tags":[],"class_list":["post-3433","post","type-post","status-publish","format-standard","has-post-thumbnail","hentry","category-allgemein"],"_links":{"self":[{"href":"https:\/\/www.vacalia.com\/blog\/wp-json\/wp\/v2\/posts\/3433"}],"collection":[{"href":"https:\/\/www.vacalia.com\/blog\/wp-json\/wp\/v2\/posts"}],"about":[{"href":"https:\/\/www.vacalia.com\/blog\/wp-json\/wp\/v2\/types\/post"}],"author":[{"embeddable":true,"href":"https:\/\/www.vacalia.com\/blog\/wp-json\/wp\/v2\/users\/2"}],"replies":[{"embeddable":true,"href":"https:\/\/www.vacalia.com\/blog\/wp-json\/wp\/v2\/comments?post=3433"}],"version-history":[{"count":6,"href":"https:\/\/www.vacalia.com\/blog\/wp-json\/wp\/v2\/posts\/3433\/revisions"}],"predecessor-version":[{"id":7386,"href":"https:\/\/www.vacalia.com\/blog\/wp-json\/wp\/v2\/posts\/3433\/revisions\/7386"}],"wp:featuredmedia":[{"embeddable":true,"href":"https:\/\/www.vacalia.com\/blog\/wp-json\/wp\/v2\/media\/3536"}],"wp:attachment":[{"href":"https:\/\/www.vacalia.com\/blog\/wp-json\/wp\/v2\/media?parent=3433"}],"wp:term":[{"taxonomy":"category","embeddable":true,"href":"https:\/\/www.vacalia.com\/blog\/wp-json\/wp\/v2\/categories?post=3433"},{"taxonomy":"post_tag","embeddable":true,"href":"https:\/\/www.vacalia.com\/blog\/wp-json\/wp\/v2\/tags?post=3433"}],"curies":[{"name":"wp","href":"https:\/\/api.w.org\/{rel}","templated":true}]}}