{"id":3445,"date":"2020-02-13T10:00:42","date_gmt":"2020-02-13T09:00:42","guid":{"rendered":"https:\/\/www.vacalia.com\/blog\/?p=3445"},"modified":"2024-02-14T15:27:13","modified_gmt":"2024-02-14T14:27:13","slug":"ostern-auf-mallorca","status":"publish","type":"post","link":"https:\/\/www.vacalia.com\/blog\/ostern-auf-mallorca\/","title":{"rendered":"Ostern auf Mallorca"},"content":{"rendered":"\n<p>Ostern ist eine der sch\u00f6nsten Zeiten um einen Mallorcaurlaub zu planen. Egal ob Sie die <strong>Osterferien nutzen<\/strong> m\u00f6chten um mit Ihren Kindern wegzufahren, schon ein wenig <strong>Sonne tanken<\/strong> m\u00f6chten oder einen <strong>Aktivurlaub<\/strong> planen, <strong>Mallorca im Fr\u00fchling<\/strong> bietet f\u00fcr jeden etwas. Nutzen Sie also die Ostertage um diese idealen Voraussetzungen mit etwas Kultur zu verbinden und lernen Sie alles \u00fcber die <strong>mallorquinischen Ostertraditionen<\/strong>. Der Osterhase versteckt leider keine bunten Eier auf Mallorca. Diese deutsche Ostertradition gibt es auf der Insel nicht, hier wird vor allem die Woche vor Ostern, also die sogenannte Karwoche, zelebriert und statt Schokoladeneiern und Lammbraten, gibt es viele verschiedene <a rel=\"noreferrer noopener\" aria-label=\" (abre en una nueva pesta\u00f1a)\" href=\"https:\/\/www.vacalia.com\/blog\/man-ostern-auf-mallorca-machen-kann-2\/\" target=\"_blank\">traditionelle Leckereien und Gerichte zu Ostern<\/a>.<\/p>\n\n\n\n<figure class=\"wp-block-image\"><img fetchpriority=\"high\" decoding=\"async\" width=\"1024\" height=\"678\" src=\"https:\/\/www.vacalia.com\/blog\/wp-content\/uploads\/2020\/01\/Febrero_segunda-imagen_flores_plama_consejos-semana-santa-1024x678.gif\" alt=\"Zu Ostern auf Mallorca bl\u00fchen \u00fcberall Blumen und Str\u00e4ucher\" class=\"wp-image-3446\" srcset=\"https:\/\/www.vacalia.com\/blog\/wp-content\/uploads\/2020\/01\/Febrero_segunda-imagen_flores_plama_consejos-semana-santa-1024x678.gif 1024w, https:\/\/www.vacalia.com\/blog\/wp-content\/uploads\/2020\/01\/Febrero_segunda-imagen_flores_plama_consejos-semana-santa-300x199.gif 300w, https:\/\/www.vacalia.com\/blog\/wp-content\/uploads\/2020\/01\/Febrero_segunda-imagen_flores_plama_consejos-semana-santa-768x509.gif 768w\" sizes=\"(max-width: 1024px) 100vw, 1024px\" \/><figcaption class=\"wp-element-caption\">Zu Ostern auf Mallorca bl\u00fchen \u00fcberall Blumen und Str\u00e4ucher.<\/figcaption><\/figure>\n\n\n\n<h2 class=\"wp-block-heading\">Das Wetter zu Ostern auf Mallorca<\/h2>\n\n\n\n<p>Das Wetter auf Mallorca \u00fcber die Ostertage ist in der Regel schon <strong>sehr fr\u00fchlingshaft<\/strong>. Es kommt nat\u00fcrlich immer auf das Jahr an und ob Ostern in den M\u00e4rz oder April f\u00e4llt, aber im generellen krabbeln die Temperaturen schon relativ zuverl\u00e4ssig <strong>auf 15-20\u00b0C. <\/strong>Au\u00dferdem gibt es weitaus <strong>weniger Regentage<\/strong> als noch von November bis Januar. Also auch wenn Sie nicht nur f\u00fcr die Osterfeierlichkeiten nach Mallorca kommen, sondern auch die Natur der Insel genie\u00dfen wollen ist es der ideale Zeitpunkt. Die Temperaturen bieten die perfekten Voraussetzungen f\u00fcr Wanderausfl\u00fcge und Fahrradtouren. Au\u00dferdem ist die <strong>Landschaft herrlich gr\u00fcn<\/strong> nach den regenreicheren Wintermonaten <strong>und \u00fcberall beginnt es zu bl\u00fchen und duften.<\/strong><\/p>\n\n\n\n<h2 class=\"wp-block-heading\">Die Karwoche auf Mallorca<\/h2>\n\n\n\n<p>Die Woche vor Ostern, also die <a rel=\"noreferrer noopener\" aria-label=\" (abre en una nueva pesta\u00f1a)\" href=\"https:\/\/www.vacalia.com\/blog\/karwoche-auf-mallorca\/\" target=\"_blank\">Karwoche<\/a> hei\u00dft in ganz Spanien (und Latinoamerika) <strong>Semana Santa<\/strong>, die \u201eheilige Woche\u201c und ist von den Traditionen der katholischen Kirche gepr\u00e4gt. Die Feierlichkeiten beginnen schon am Freitag vor Palmsonntag und dauern bis Ostermontag. W\u00e4hrend der Woche finden <strong>zahlreiche Osterprozessionen<\/strong> statt und \u00fcber die Ostertage werden <strong>verschiedene Gottesdienste<\/strong> abgehalten. Au\u00dferdem treffen sich die Mallorquiner mit der Familie und bereiten gro\u00dfe Festessen zu.<\/p>\n\n\n\n<figure class=\"wp-block-image\"><img decoding=\"async\" width=\"1024\" height=\"678\" src=\"https:\/\/www.vacalia.com\/blog\/wp-content\/uploads\/2020\/01\/Febrero_tercera-imagen_procesiones_semana-santa-1024x678.gif\" alt=\"Osterprozessionen sind eine wichtige Tradition auf Mallorca\" class=\"wp-image-3447\" srcset=\"https:\/\/www.vacalia.com\/blog\/wp-content\/uploads\/2020\/01\/Febrero_tercera-imagen_procesiones_semana-santa-1024x678.gif 1024w, https:\/\/www.vacalia.com\/blog\/wp-content\/uploads\/2020\/01\/Febrero_tercera-imagen_procesiones_semana-santa-300x199.gif 300w, https:\/\/www.vacalia.com\/blog\/wp-content\/uploads\/2020\/01\/Febrero_tercera-imagen_procesiones_semana-santa-768x509.gif 768w\" sizes=\"(max-width: 1024px) 100vw, 1024px\" \/><figcaption class=\"wp-element-caption\">Osterprozessionen sind eine wichtige Tradition auf Mallorca.<\/figcaption><\/figure>\n\n\n\n<p>Die Osterprozessionen sind wohl die bekannteste Tradition der Semana Santa in Spanien. Es gibt verschiedenste <strong>Cofrad\u00edas<\/strong>, zu Deutsch Bruderschaften, die an den verschiedenen Prozessionen teilnehmen, bei denen <strong>Marien- oder Christus-Figuren<\/strong> durch die Stra\u00dfen tragen. Es ist ein beeindruckendes Spektakel, das jedoch manch einer etwas beklemmend findet, da die Teilnehmer der Bruderschaften traditionelle lange Gew\u00e4nder und spitze Kapuzen tragen, die ein wenig an den Ku-Klux-Klan erinnern. Der bekannteste Gottesdienst ist die <strong>Ostersonntagsmesse in der Kathedrale La Seu in Palma de Mallorca<\/strong>, an der auch jedes Jahr die spanische K\u00f6nigsfamilie teilnimmt, die traditionsgem\u00e4\u00df ihre Osterferien auf ihrem Landsitz auf Mallorca verbringen.<\/p>\n\n\n\n<figure class=\"wp-block-image\"><img decoding=\"async\" width=\"1024\" height=\"678\" src=\"https:\/\/www.vacalia.com\/blog\/wp-content\/uploads\/2020\/01\/Febrero_cuarta-imagen_reyes_semana-santa-1024x678.gif\" alt=\"Die spanische K\u00f6nigsfamilie in der Ostermesse in Palma de Mallorca\" class=\"wp-image-3448\" srcset=\"https:\/\/www.vacalia.com\/blog\/wp-content\/uploads\/2020\/01\/Febrero_cuarta-imagen_reyes_semana-santa-1024x678.gif 1024w, https:\/\/www.vacalia.com\/blog\/wp-content\/uploads\/2020\/01\/Febrero_cuarta-imagen_reyes_semana-santa-300x199.gif 300w, https:\/\/www.vacalia.com\/blog\/wp-content\/uploads\/2020\/01\/Febrero_cuarta-imagen_reyes_semana-santa-768x509.gif 768w\" sizes=\"(max-width: 1024px) 100vw, 1024px\" \/><figcaption class=\"wp-element-caption\">Die spanische K\u00f6nigsfamilie in der Ostermesse in Palma de Mallorca<\/figcaption><\/figure>\n\n\n\n<h2 class=\"wp-block-heading\">\u00d6ffnungszeiten zu Ostern auf Mallorca<\/h2>\n\n\n\n<p>Auf Mallorca sind <strong>Gr\u00fcndonnerstag, Karfreitag, Ostersonntag und Ostermontag gesetzliche Feiertage<\/strong>. An diesen Tagen bleiben viele Gesch\u00e4fte, Museen und Sehensw\u00fcrdigkeiten geschlossen. Am Gr\u00fcndonnerstag und Ostersonntag d\u00fcrfen einige Gewerbetreibende Waren an Kunden verkaufen, am Karfreitag und Ostermontag hingegen bleiben s\u00e4mtliche Gesch\u00e4fte geschlossen. In sehr touristischen Zonen k\u00f6nnen die \u00d6ffnungszeiten ein wenig abweichen.<\/p>\n\n\n\n<h2 class=\"wp-block-heading\">Ferienh\u00e4user f\u00fcr Ostern auf Mallorca<\/h2>\n\n\n\n<p>Vacalia bietet eine <strong>gro\u00dfe Auswahl an Fincas und Ferienh\u00e4usern auf Mallorca<\/strong>. Egal ob sie die Ostertraditionen in der Hauptstadt Palma oder in den D\u00f6rfern verfolgen m\u00f6chten oder doch ruhigere Osterferien in der Natur genie\u00dfen m\u00f6chten, bei uns finden Sie das richtige Ferienhaus, vielen von ihnen mit Garten, also ideal f\u00fcr alle die nicht auf die Eiersuche zu Ostern auf Mallorca verzichten m\u00f6chten.<\/p>\n\n\n<div class=\"bannerBlog\"><div class=\"new-card-houses\">\n    <div class=\"likeOut likeDivOut\" style=\"display:none\">\n        <a data-id=\"244\" class=\"likeOut_button_red likeBtnFav\"\n            aria-label=\"Megusta Vacalia\"><\/a>\n    <\/div>\n    <figure>\n        <img loading=\"lazy\" decoding=\"async\" \n            loading=\"lazy\" width=\"301\" height=\"200\"\n            src=\"\/\/media.vacalia.com\/photo\/reformatwebpfolder\/350\/200\/244\/thumb-middle\/244_2ed19567394c76fae10ada9c0707a3d0.webp?v=21092023\"\n            alt=\"Es figueral - Ferienhaus auf Campos\"\/>\n                                                                        <div class=\"circleDiscount\">-20%<\/div>\n                        <\/figure>\n    <p itemprop=\"address\"><i class=\"ico-marker\"><\/i>Campos, Mallorca<\/p>\n    <h3 itemprop=\"name\">Es figueral<\/h3>\n    <ul class=\"icon_list inline_list\">\n                              <li class=\"ico-pool\" title=\"Pool\">\n              <span itemprop=\"amenityFeature\">Pool<\/span>\n            <\/li>\n                      <li class=\"ico-airConditioning\" title=\"Klimaanlage\">\n              <span itemprop=\"amenityFeature\">Klimaanlage<\/span>\n            <\/li>\n                      <li class=\"ico-wifi\" title=\"Wifi\">\n              <span itemprop=\"amenityFeature\">Wifi<\/span>\n            <\/li>\n                      <li class=\"ico-pets\" title=\"Haustiere\">\n              <span itemprop=\"amenityFeature\">Haustiere<\/span>\n            <\/li>\n                          <li class=\"ico-guests\" title=\"F\u00fcr 8 G\u00e4ste in Campos.\">\n          <span itemprop=\"occupancy\">8<\/span>\n        <\/li>\n    <\/ul>\n            <span class=\"price\">Ab 160\u20ac \/ Nacht<\/span>\n                <a itemprop=\"url\" class=\"anchor\" href=\"https:\/\/www.vacalia.com\/de\/villa-es-figueral-campos-h14952\" aria-label=\"Es figueral\"><\/a>\n<\/div><div class=\"new-card-houses\">\n    <div class=\"likeOut likeDivOut\" style=\"display:none\">\n        <a data-id=\"2400\" class=\"likeOut_button_red likeBtnFav\"\n            aria-label=\"Megusta Vacalia\"><\/a>\n    <\/div>\n    <figure>\n        <img loading=\"lazy\" decoding=\"async\" \n            loading=\"lazy\" width=\"301\" height=\"200\"\n            src=\"\/\/media.vacalia.com\/photo\/reformatwebpfolder\/350\/200\/2400\/thumb-middle\/2400_68165b35a486f3ac1cdf1beef66234a5.webp?v=21092023\"\n            alt=\"Aubadellet (can randa) - Ferienhaus auf Vilafranca de Bonany\"\/>\n                                                                        <div class=\"circleDiscount\">-11%<\/div>\n                        <\/figure>\n    <p itemprop=\"address\"><i class=\"ico-marker\"><\/i>Vilafranca de Bonany, Mallorca<\/p>\n    <h3 itemprop=\"name\">Aubadellet (can randa)<\/h3>\n    <ul class=\"icon_list inline_list\">\n                              <li class=\"ico-pool\" title=\"Pool\">\n              <span itemprop=\"amenityFeature\">Pool<\/span>\n            <\/li>\n                      <li class=\"ico-wifi\" title=\"Wifi\">\n              <span itemprop=\"amenityFeature\">Wifi<\/span>\n            <\/li>\n                          <li class=\"ico-guests\" title=\"F\u00fcr 8 G\u00e4ste in Vilafranca De Bonany.\">\n          <span itemprop=\"occupancy\">8<\/span>\n        <\/li>\n    <\/ul>\n            <span class=\"price\">Ab 194\u20ac \/ Nacht<\/span>\n                <a itemprop=\"url\" class=\"anchor\" href=\"https:\/\/www.vacalia.com\/de\/villa-aubadellet-can-randa-vilafranca-de-bonany-h18174\" aria-label=\"Aubadellet (can randa)\"><\/a>\n<\/div><\/div>\n","protected":false},"excerpt":{"rendered":"<p>Verbringen Sie Ostern auf Mallorca mit Vacalia. Das milde Fr\u00fchlingswetter und die beeindruckenden Traditionen sind eine einzigartige Mischung. Wir geben Ihnen die n\u00fctzlichsten Reisetipps f\u00fcr unvergessliche Osterferien.<\/p>\n","protected":false},"author":2,"featured_media":3534,"comment_status":"closed","ping_status":"open","sticky":false,"template":"","format":"standard","meta":{"_monsterinsights_skip_tracking":false,"_monsterinsights_sitenote_active":false,"_monsterinsights_sitenote_note":"","_monsterinsights_sitenote_category":0,"footnotes":""},"categories":[40],"tags":[],"class_list":["post-3445","post","type-post","status-publish","format-standard","has-post-thumbnail","hentry","category-allgemein"],"_links":{"self":[{"href":"https:\/\/www.vacalia.com\/blog\/wp-json\/wp\/v2\/posts\/3445"}],"collection":[{"href":"https:\/\/www.vacalia.com\/blog\/wp-json\/wp\/v2\/posts"}],"about":[{"href":"https:\/\/www.vacalia.com\/blog\/wp-json\/wp\/v2\/types\/post"}],"author":[{"embeddable":true,"href":"https:\/\/www.vacalia.com\/blog\/wp-json\/wp\/v2\/users\/2"}],"replies":[{"embeddable":true,"href":"https:\/\/www.vacalia.com\/blog\/wp-json\/wp\/v2\/comments?post=3445"}],"version-history":[{"count":5,"href":"https:\/\/www.vacalia.com\/blog\/wp-json\/wp\/v2\/posts\/3445\/revisions"}],"predecessor-version":[{"id":4961,"href":"https:\/\/www.vacalia.com\/blog\/wp-json\/wp\/v2\/posts\/3445\/revisions\/4961"}],"wp:featuredmedia":[{"embeddable":true,"href":"https:\/\/www.vacalia.com\/blog\/wp-json\/wp\/v2\/media\/3534"}],"wp:attachment":[{"href":"https:\/\/www.vacalia.com\/blog\/wp-json\/wp\/v2\/media?parent=3445"}],"wp:term":[{"taxonomy":"category","embeddable":true,"href":"https:\/\/www.vacalia.com\/blog\/wp-json\/wp\/v2\/categories?post=3445"},{"taxonomy":"post_tag","embeddable":true,"href":"https:\/\/www.vacalia.com\/blog\/wp-json\/wp\/v2\/tags?post=3445"}],"curies":[{"name":"wp","href":"https:\/\/api.w.org\/{rel}","templated":true}]}}