{"id":3457,"date":"2020-02-18T10:00:05","date_gmt":"2020-02-18T09:00:05","guid":{"rendered":"https:\/\/www.vacalia.com\/blog\/?p=3457"},"modified":"2024-02-14T15:27:25","modified_gmt":"2024-02-14T14:27:25","slug":"ferienhaeuser-alcudia","status":"publish","type":"post","link":"https:\/\/www.vacalia.com\/blog\/ferienhaeuser-alcudia\/","title":{"rendered":"Ferienh\u00e4user in Alc\u00fadia, Mallorca"},"content":{"rendered":"\n<p><a rel=\"noreferrer noopener\" aria-label=\" (abre en una nueva pesta\u00f1a)\" href=\"https:\/\/www.vacalia.com\/blog\/was-man-in-alcudia-und-umgebung-unternehmen-kann\/\" target=\"_blank\">Alc\u00fadia und Umgebung<\/a> sind nicht zu Unrecht ein <strong>sehr beliebtes Reiseziel auf Mallorca<\/strong>. Dieser historische Ort liegt herrlich und bietet <strong>viele Aktivit\u00e4ten und Sehensw\u00fcrdigkeiten<\/strong>. Die Stadt selbst liegt im Landesinneren im Nordwesten der Insel, aber <strong>der Hafen von Alc\u00fadia (Puerto de Alc\u00fadia) liegt nur einen Kilometer entfernt<\/strong>, direkt an einem <strong>atemberaubenden langen Sandstrand<\/strong>. Beide Orte haben ihren eigenen Charme und sind sehr gut angebunden.<\/p>\n\n\n\n<h2 class=\"wp-block-heading\">Unser Stadthaus \u201eCa na Serrieta\u201d in Alc\u00fadia, Mallorca<\/h2>\n\n\n\n<p>Dieses <a href=\"https:\/\/www.vacalia.com\/de\/ferienhaus-ca-na-serrieta-alcudia-h20592\"><strong>charmante Stadthaus f\u00fcr 4 Personen<\/strong><\/a> liegt innerhalb der historischen Stadtmauern dieses sch\u00f6nen Ortes, so haben Sie alles was Sie f\u00fcr einen entspannten Urlaub brauchen direkt vor der Haust\u00fcr. Es gibt <strong>Superm\u00e4rkte, nette Caf\u00e9s und Restaurants und zweimal die Woche findet ein Wochenmarkt statt<\/strong> mit vielen leckeren und frischen Produkten aus der Gegend.<\/p>\n\n\n\n<figure class=\"wp-block-image\"><img fetchpriority=\"high\" decoding=\"async\" width=\"1024\" height=\"683\" src=\"https:\/\/www.vacalia.com\/blog\/wp-content\/uploads\/2020\/01\/Febrero_segunda-imagen_ca_na_serrieta_terrasse-1024x683.gif\" alt=\"Blick auf die Terrasse mit Sonnenliegen und Bar der Finca \u201eCa na Serrieta\u201c in Alc\u00fadia, Mallorca\" class=\"wp-image-3458\" srcset=\"https:\/\/www.vacalia.com\/blog\/wp-content\/uploads\/2020\/01\/Febrero_segunda-imagen_ca_na_serrieta_terrasse-1024x683.gif 1024w, https:\/\/www.vacalia.com\/blog\/wp-content\/uploads\/2020\/01\/Febrero_segunda-imagen_ca_na_serrieta_terrasse-300x200.gif 300w, https:\/\/www.vacalia.com\/blog\/wp-content\/uploads\/2020\/01\/Febrero_segunda-imagen_ca_na_serrieta_terrasse-768x513.gif 768w\" sizes=\"(max-width: 1024px) 100vw, 1024px\" \/><figcaption class=\"wp-element-caption\">Blick auf die Terrasse mit Sonnenliegen und Bar der Finca \u201eCa na Serrieta\u201c in Alc\u00fadia, Mallorca.<\/figcaption><\/figure>\n\n\n\n<p>Das Haus selbst ist auf drei Etagen verteilt und bietet <strong>zwei wundersch\u00f6ne Terrassen<\/strong> zum Entspannen. Auf einer der Terrassen finden Sie einen Grill mit dem Sie die frischen lokalen Produkte des Wochenmarkts in ein delizi\u00f6ses Abendessen verwandelt k\u00f6nnen. Und von der <strong>Dachterrasse haben Sie einen herrlichen Ausblich \u00fcber die D\u00e4cher der Stadt<\/strong> w\u00e4hrend Sie sich auf den Sonnenliegen entspannen, sich unter der Dusche erfrischen oder an der Bar einen k\u00fchlen Drink genie\u00dfen.<\/p>\n\n\n\n<figure class=\"wp-block-image\"><img decoding=\"async\" width=\"1024\" height=\"683\" src=\"https:\/\/www.vacalia.com\/blog\/wp-content\/uploads\/2020\/01\/Febrero_tercera-imagen_ca_na_serrieta_wohnzimmer-1024x683.gif\" alt=\"Das freundliche Wohnzimmer der Finca \u201eCa na Serrieta\u201c auf Mallorca\" class=\"wp-image-3459\" srcset=\"https:\/\/www.vacalia.com\/blog\/wp-content\/uploads\/2020\/01\/Febrero_tercera-imagen_ca_na_serrieta_wohnzimmer-1024x683.gif 1024w, https:\/\/www.vacalia.com\/blog\/wp-content\/uploads\/2020\/01\/Febrero_tercera-imagen_ca_na_serrieta_wohnzimmer-300x200.gif 300w, https:\/\/www.vacalia.com\/blog\/wp-content\/uploads\/2020\/01\/Febrero_tercera-imagen_ca_na_serrieta_wohnzimmer-768x513.gif 768w\" sizes=\"(max-width: 1024px) 100vw, 1024px\" \/><figcaption class=\"wp-element-caption\">Das freundliche Wohnzimmer der Finca \u201eCa na Serrieta\u201c auf Mallorca<\/figcaption><\/figure>\n\n\n\n<p>Dieses <strong>Ferienhaus in Alc\u00fadia ist komplett renoviert<\/strong>, jedoch ohne seinen mallorquinischen Charme zu verlieren. Die freigelegten Deckenbalken oder Natursteinw\u00e4nde geben den <strong>Wohn- und Schlafbereichen ein gem\u00fctliches Flair<\/strong>. In den Obergeschossen bietet das Haus <strong>zwei Schlafzimmer<\/strong>, jeweils mit Doppelbett und Schrank, sowie <strong>zwei Badezimmer<\/strong>, eines mit Badewanne und das andere mit Dusche. Wohnzimmer, K\u00fcche und Esszimmer liegen separat im Erdgeschoss. Von der <strong>vollausgestatteten K\u00fcche<\/strong> haben Sie einen direkten Zugang zu einem Innenhof mit Waschmaschine. Und das Wohnzimmer l\u00e4dt mit einem bequemen Sofa und Satellitenfernseher zum abendlichen Relaxen ein.<\/p>\n\n\n\n<h2 class=\"wp-block-heading\">Unser Chalet \u201eCan Besso\u201d in Alcanada, Alc\u00fadia, Mallorca<\/h2>\n\n\n\n<p>Wenn Sie etwas mehr Ruhe und Strandn\u00e4he suchen, ist dieses <strong><a rel=\"noreferrer noopener\" aria-label=\" (abre en una nueva pesta\u00f1a)\" href=\"https:\/\/www.vacalia.com\/de\/villa-mieten-can-besso-alcudia-h14817\" target=\"_blank\">sch\u00f6ne Chalet f\u00fcr 8 Personen in Alcanada<\/a><\/strong> genau das Richtige f\u00fcr Sie. &nbsp;<strong>Diese Urbanisation liegt nur wenige Autominuten vom bekannten Urlaubsort Puerto de Alc\u00fadia<\/strong> mit seinem langen Sandstrand entfernt. Das Haus befindet sich in einer ruhigen Wohnstra\u00dfe nur wenige hundert Meter von<strong> einem kleinen Naturstrand und dem ber\u00fchmten Golfplatz von Alcanada<\/strong> entfernt.<\/p>\n\n\n\n<figure class=\"wp-block-image\"><img decoding=\"async\" width=\"1024\" height=\"683\" src=\"https:\/\/www.vacalia.com\/blog\/wp-content\/uploads\/2020\/01\/Febrero_cuarta-imagen_can_besso_pool-1024x683.gif\" alt=\"Das sch\u00f6ne Chalet \u201eCan Besso\u201c auf Mallorca hat einen Garten mit Pool und wundersch\u00f6ne Ausblicke\" class=\"wp-image-3460\" srcset=\"https:\/\/www.vacalia.com\/blog\/wp-content\/uploads\/2020\/01\/Febrero_cuarta-imagen_can_besso_pool-1024x683.gif 1024w, https:\/\/www.vacalia.com\/blog\/wp-content\/uploads\/2020\/01\/Febrero_cuarta-imagen_can_besso_pool-300x200.gif 300w, https:\/\/www.vacalia.com\/blog\/wp-content\/uploads\/2020\/01\/Febrero_cuarta-imagen_can_besso_pool-768x512.gif 768w\" sizes=\"(max-width: 1024px) 100vw, 1024px\" \/><figcaption class=\"wp-element-caption\">Das sch\u00f6ne Chalet \u201eCan Besso\u201c auf Mallorca hat einen Garten mit Pool und wundersch\u00f6ne Ausblicke.<\/figcaption><\/figure>\n\n\n\n<p>Im Au\u00dfenbereich dieser herrlichen Villa finden Sie einen <strong>gepflegten Garten mit einem sch\u00f6nen Pool<\/strong>, der zum Abk\u00fchlen einl\u00e4dt. Des Weiteren, verf\u00fcgt das Haus \u00fcber <strong>drei gro\u00dfe Terrassen mit einer herrlichen Aussicht.<\/strong> Hier finden Sie Sonnenliegen, einen Grill und mehrere gro\u00dfe Esstische, an denen die ganze Familie Platz findet.<\/p>\n\n\n\n<figure class=\"wp-block-image\"><img loading=\"lazy\" decoding=\"async\" width=\"1024\" height=\"683\" src=\"https:\/\/www.vacalia.com\/blog\/wp-content\/uploads\/2020\/01\/Febrero_quinta-imagen_can_besso_wohnzimmer-1024x683.gif\" alt=\"Das gem\u00fctliche Wohnzimmer mit Kamin hat direkten Zugang zu einer der vielen Terrassen der Finca \u201eCan Besso\u201c auf Mallorca\" class=\"wp-image-3461\" srcset=\"https:\/\/www.vacalia.com\/blog\/wp-content\/uploads\/2020\/01\/Febrero_quinta-imagen_can_besso_wohnzimmer-1024x683.gif 1024w, https:\/\/www.vacalia.com\/blog\/wp-content\/uploads\/2020\/01\/Febrero_quinta-imagen_can_besso_wohnzimmer-300x200.gif 300w, https:\/\/www.vacalia.com\/blog\/wp-content\/uploads\/2020\/01\/Febrero_quinta-imagen_can_besso_wohnzimmer-768x512.gif 768w\" sizes=\"(max-width: 1024px) 100vw, 1024px\" \/><figcaption class=\"wp-element-caption\">Das gem\u00fctliche Wohnzimmer mit Kamin hat direkten Zugang zu einer der vielen Terrassen der Finca \u201eCan Besso\u201c auf Mallorca.<\/figcaption><\/figure>\n\n\n\n<p>Die Wohn- und Schlafbereiche sind in dieser Villa auf drei Etagen verteilt. Die oberste Etage liegt auf Stra\u00dfenniveau von der man das Haus betritt. Hier befindet sich ein <strong>gem\u00fctlicher Wohn- und Essbereich <\/strong>mit Kamin und direktem Zugang zu einer der gro\u00dfz\u00fcgigen Terrassen und eine <strong>vollausgestattete K\u00fcche<\/strong>, in der Sie alles finden was Sie brauchen. Auf der zweiten Etage befinden sich drei der <strong>vier freundlichen Schlafzimmer<\/strong> mit jeweils zwei Einzelbetten und direktem Zugang zu einer der Terrassen oder Verandas. Eines der Schlafzimmer besitzt ein <strong>En-Suite Badezimmer<\/strong>. F\u00fcr die anderen gibt es ein modernes Familienbad auf der gleichen Etage. Im <strong>Erdgeschoss befindet sich der direkte Zugang zum Garten<\/strong> und ein weiteres Schlafzimmer mit Ausziehbett.<\/p>\n\n\n\n<h2 class=\"wp-block-heading\">Viele weitere Ferienh\u00e4user in Alc\u00fadia, Mallorca<\/h2>\n\n\n\n<p>Egal ob Sie das Landesinnere oder doch den Strand Mallorcas bevorzugen. In <strong>Alc\u00fadia und dem nahegelegenem Puerto de Alc\u00fadia<\/strong> findet sich die richtige Urlaubsumgebung f\u00fcr jeden Geschmack. Vacalia bietet eine <strong>Vielzahl von Ferienh\u00e4usern in Alc\u00fadia und Umgebung f\u00fcr Paare, Freunde oder Familien<\/strong>.<\/p>\n\n\n<div class=\"bannerBlog\"><div class=\"new-card-houses\">\n    <div class=\"likeOut likeDivOut\" style=\"display:none\">\n        <a data-id=\"1253\" class=\"likeOut_button_red likeBtnFav\"\n            aria-label=\"Megusta Vacalia\"><\/a>\n    <\/div>\n    <figure>\n        <img loading=\"lazy\" decoding=\"async\" \n            loading=\"lazy\" width=\"301\" height=\"200\"\n            src=\"\/\/media.vacalia.com\/photo\/reformatwebpfolder\/350\/200\/1253\/thumb-middle\/1253_73ee0030cc5f63b4eee7864a16f14001.webp?v=21092023\"\n            alt=\"Ca n&#039;abrines - Ferienhaus auf Lloseta\"\/>\n                                                                        <div class=\"circleDiscount\">-19%<\/div>\n                        <\/figure>\n    <p itemprop=\"address\"><i class=\"ico-marker\"><\/i>Lloseta, Mallorca<\/p>\n    <h3 itemprop=\"name\">Ca n&#039;abrines<\/h3>\n    <ul class=\"icon_list inline_list\">\n                              <li class=\"ico-pool\" title=\"Pool\">\n              <span itemprop=\"amenityFeature\">Pool<\/span>\n            <\/li>\n                      <li class=\"ico-airConditioning\" title=\"Klimaanlage\">\n              <span itemprop=\"amenityFeature\">Klimaanlage<\/span>\n            <\/li>\n                      <li class=\"ico-wifi\" title=\"Wifi\">\n              <span itemprop=\"amenityFeature\">Wifi<\/span>\n            <\/li>\n                          <li class=\"ico-guests\" title=\"F\u00fcr 6 G\u00e4ste in Lloseta.\">\n          <span itemprop=\"occupancy\">6<\/span>\n        <\/li>\n    <\/ul>\n            <span class=\"price\">Ab 121\u20ac \/ Nacht<\/span>\n                <a itemprop=\"url\" class=\"anchor\" href=\"https:\/\/www.vacalia.com\/de\/villa-ca-nabrines-lloseta-h15966\" aria-label=\"Ca n&#039;abrines\"><\/a>\n<\/div><div class=\"new-card-houses\">\n    <div class=\"likeOut likeDivOut\" style=\"display:none\">\n        <a data-id=\"2664\" class=\"likeOut_button_red likeBtnFav\"\n            aria-label=\"Megusta Vacalia\"><\/a>\n    <\/div>\n    <figure>\n        <img loading=\"lazy\" decoding=\"async\" \n            loading=\"lazy\" width=\"301\" height=\"200\"\n            src=\"\/\/media.vacalia.com\/photo\/reformatwebpfolder\/350\/200\/2664\/thumb-middle\/2664_bda949434b36e80b7ed83c11718a3d79.webp?v=21092023\"\n            alt=\"Son vivot - n\u00ba5 d\u00faplex apto - adults only - Ferienhaus auf Inca\"\/>\n                                                                        <div class=\"circleDiscount\">-10%<\/div>\n                        <\/figure>\n    <p itemprop=\"address\"><i class=\"ico-marker\"><\/i>Inca, Mallorca<\/p>\n    <h3 itemprop=\"name\">Son vivot - n\u00ba5 d\u00faplex apto - adults only<\/h3>\n    <ul class=\"icon_list inline_list\">\n                              <li class=\"ico-pool\" title=\"Pool\">\n              <span itemprop=\"amenityFeature\">Pool<\/span>\n            <\/li>\n                      <li class=\"ico-airConditioning\" title=\"Klimaanlage\">\n              <span itemprop=\"amenityFeature\">Klimaanlage<\/span>\n            <\/li>\n                      <li class=\"ico-wifi\" title=\"Wifi\">\n              <span itemprop=\"amenityFeature\">Wifi<\/span>\n            <\/li>\n                          <li class=\"ico-guests\" title=\"F\u00fcr 4+1   G\u00e4ste in Inca.\">\n          <span itemprop=\"occupancy\">4+1  <\/span>\n        <\/li>\n    <\/ul>\n            <span class=\"price\">Ab 95\u20ac \/ Nacht<\/span>\n                <a itemprop=\"url\" class=\"anchor\" href=\"https:\/\/www.vacalia.com\/de\/ferienhaus-son-vivot-n-5-duplex-apto-adults-only-inca-h18957\" aria-label=\"Son vivot - n\u00ba5 d\u00faplex apto - adults only\"><\/a>\n<\/div><\/div>\n","protected":false},"excerpt":{"rendered":"<p>Entdecken Sie 2 unserer herrlichen Ferienh\u00e4user in Alc\u00fadia. Dieser bezaubernde Urlaubsort im Nordwesten Mallorcas hat viel zu bieten: Strand, Berge, Gastronomie und Sehensw\u00fcrdigkeiten.<\/p>\n","protected":false},"author":2,"featured_media":3531,"comment_status":"closed","ping_status":"open","sticky":false,"template":"","format":"standard","meta":{"_monsterinsights_skip_tracking":false,"_monsterinsights_sitenote_active":false,"_monsterinsights_sitenote_note":"","_monsterinsights_sitenote_category":0,"footnotes":""},"categories":[40],"tags":[],"class_list":["post-3457","post","type-post","status-publish","format-standard","has-post-thumbnail","hentry","category-allgemein"],"_links":{"self":[{"href":"https:\/\/www.vacalia.com\/blog\/wp-json\/wp\/v2\/posts\/3457"}],"collection":[{"href":"https:\/\/www.vacalia.com\/blog\/wp-json\/wp\/v2\/posts"}],"about":[{"href":"https:\/\/www.vacalia.com\/blog\/wp-json\/wp\/v2\/types\/post"}],"author":[{"embeddable":true,"href":"https:\/\/www.vacalia.com\/blog\/wp-json\/wp\/v2\/users\/2"}],"replies":[{"embeddable":true,"href":"https:\/\/www.vacalia.com\/blog\/wp-json\/wp\/v2\/comments?post=3457"}],"version-history":[{"count":4,"href":"https:\/\/www.vacalia.com\/blog\/wp-json\/wp\/v2\/posts\/3457\/revisions"}],"predecessor-version":[{"id":4962,"href":"https:\/\/www.vacalia.com\/blog\/wp-json\/wp\/v2\/posts\/3457\/revisions\/4962"}],"wp:featuredmedia":[{"embeddable":true,"href":"https:\/\/www.vacalia.com\/blog\/wp-json\/wp\/v2\/media\/3531"}],"wp:attachment":[{"href":"https:\/\/www.vacalia.com\/blog\/wp-json\/wp\/v2\/media?parent=3457"}],"wp:term":[{"taxonomy":"category","embeddable":true,"href":"https:\/\/www.vacalia.com\/blog\/wp-json\/wp\/v2\/categories?post=3457"},{"taxonomy":"post_tag","embeddable":true,"href":"https:\/\/www.vacalia.com\/blog\/wp-json\/wp\/v2\/tags?post=3457"}],"curies":[{"name":"wp","href":"https:\/\/api.w.org\/{rel}","templated":true}]}}