{"id":3537,"date":"2020-02-24T10:42:23","date_gmt":"2020-02-24T09:42:23","guid":{"rendered":"https:\/\/www.vacalia.com\/blog\/?p=3537"},"modified":"2024-02-13T16:28:28","modified_gmt":"2024-02-13T15:28:28","slug":"denominaciones-de-origen-de-valencia-calidad-y-sabor","status":"publish","type":"post","link":"https:\/\/www.vacalia.com\/blog\/es\/denominaciones-de-origen-de-valencia-calidad-y-sabor\/","title":{"rendered":"Denominaciones de Origen de Valencia: calidad y sabor"},"content":{"rendered":"\n<p> Que la Comunidad Valenciana es todo un <strong>para\u00edso gastron\u00f3mico<\/strong>, no es ning\u00fan secreto. El clima de la regi\u00f3n es \u00f3ptimo para el cultivo de algunos de los ingredientes indispensables en la gastronom\u00eda levantina como los cereales, los olivos y los c\u00edtricos. En consecuencia, las <strong>denominaciones de origen de Valencia<\/strong> son un ejemplo de la riqueza de su gastronom\u00eda y la calidad incuestionable de sus productos.<\/p>\n\n\n\n<p>La <strong>gastronom\u00eda valenciana<\/strong>, que incorpora ingredientes naturales de proximidad, es un ejemplo de los beneficios de la dieta mediterr\u00e1nea. Cereales, frutas y verduras son los principales componentes de este patr\u00f3n alimenticio tan saludable como delicioso. Por ello, <strong>en la Comunidad Valenciana existen distintas denominaciones de origen<\/strong> con el objetivo de respaldar las producciones locales al introducir una serie de par\u00e1metros que garantizan su calidad. <\/p>\n\n\n\n<h2 class=\"wp-block-heading\">Denominaciones de origen de los mejores vinos valencianos<\/h2>\n\n\n\n<p>Espa\u00f1a cuenta con el 13% de la superficie de cultivo dedicada\na la producci\u00f3n vin\u00edcola mundial. Las bodegas nacionales facturan m\u00e1s de 7000\nmillones de euros al a\u00f1o, lo que supone un 1% del total de PIB nacional.\nAdem\u00e1s, <strong>el vino forma parte de nuestra\nsociedad y nuestra cultura<\/strong> y su producci\u00f3n es fuente de empleo y riqueza en\nmuchas regiones espa\u00f1olas.<\/p>\n\n\n\n<p>Teniendo en cuenta estos datos, no parece extra\u00f1o que la producci\u00f3n de vino sea una de las <strong>actividades agr\u00edcolas protegidas<\/strong> dentro de nuestro territorio en el que 14 de las Comunidades Aut\u00f3nomas cuentan con varias zonas protegidas dedicadas a la explotaci\u00f3n vin\u00edcola. En la Comunidad Valenciana, existen tres denominaciones de origen que certifican la calidad de unos caldos con esencia mediterr\u00e1nea. <\/p>\n\n\n\n<figure class=\"wp-block-image\"><img fetchpriority=\"high\" decoding=\"async\" width=\"1024\" height=\"678\" src=\"https:\/\/www.vacalia.com\/blog\/wp-content\/uploads\/2020\/01\/vi\u00f1as-valencia-1024x678.gif\" alt=\"El vino es una de las Denominaciones de Origen de Valencia \" class=\"wp-image-3542\" srcset=\"https:\/\/www.vacalia.com\/blog\/wp-content\/uploads\/2020\/01\/vi\u00f1as-valencia-1024x678.gif 1024w, https:\/\/www.vacalia.com\/blog\/wp-content\/uploads\/2020\/01\/vi\u00f1as-valencia-300x199.gif 300w, https:\/\/www.vacalia.com\/blog\/wp-content\/uploads\/2020\/01\/vi\u00f1as-valencia-768x509.gif 768w\" sizes=\"(max-width: 1024px) 100vw, 1024px\" \/><figcaption class=\"wp-element-caption\">El vino es una de las Denominaciones de Origen de Valencia <\/figcaption><\/figure>\n\n\n\n<h3 class=\"wp-block-heading\">Denominaci\u00f3n de Origen de Alicante<\/h3>\n\n\n\n<p>El clima templado y la especial composici\u00f3n de los suelos de la regi\u00f3n alicantina son propicios para el crecimiento de uvas de las variedades <strong>Moscatel de Alejandr\u00eda<\/strong>, <strong>Monastrell<\/strong> y <strong>Garnacha<\/strong>. El resultado: una variedad de vinos tintos, blancos, rosados y dulces perfectos para el maridaje con los <a rel=\"noreferrer noopener\" aria-label=\"platos tradicionales de la gastronom\u00eda de Alicante (abre en una nueva pesta\u00f1a)\" href=\"https:\/\/www.vacalia.com\/blog\/es\/platos-cuchara-cocina-tradicional-alicante\/\" target=\"_blank\">platos tradicionales de la gastronom\u00eda de Alicante<\/a><a>.<\/a><\/p>\n\n\n\n<h3 class=\"wp-block-heading\">Denominaci\u00f3n de Origen de Utiel- Requena<\/h3>\n\n\n\n<p>Esta denominaci\u00f3n re\u00fane a 9 municipios del oeste de la <strong>provincia de Valencia<\/strong>, donde la producci\u00f3n vin\u00edcola est\u00e1 protagonizada por los <strong>vinos tintos<\/strong> con un 87% de los cultivos dedicados a variedades de uvas tintas, concretamente <strong>Bobal<\/strong> y <strong>Tempranilla<\/strong>.&nbsp; Adem\u00e1s, la Denominaci\u00f3n de Origen Utiel-Requena pone a disposici\u00f3n de los visitantes distintas <a href=\"https:\/\/www.rutavino.com\/\" target=\"_blank\" rel=\"noreferrer noopener\" aria-label=\" (abre en una nueva pesta\u00f1a)\">Rutas del Vino<\/a> para conocer sus municipios y bodegas. \u00a1Toda una experiencia para los sentidos!<\/p>\n\n\n\n<h3 class=\"wp-block-heading\">Denominaci\u00f3n de Origen de Valencia<\/h3>\n\n\n\n<p>13.000 hect\u00e1reas de vi\u00f1edos y 93 bodegas se agrupan bajo esta demarcaci\u00f3n territorial que se extiende en cuatro subzonas: Alto Turia, Valentino, Clariano y Moscatel. Se trata <strong>de la denominaci\u00f3n de origen de Valencia con m\u00e1s variedades de uvas<\/strong> al contar con 7 clases de uvas tintas y 6 de uvas blancas que se emplean para elaborar unos vinos de reconocido valor enol\u00f3gico.<\/p>\n\n\n\n<h2 class=\"wp-block-heading\">La denominaci\u00f3n de origen de valencia por excelencia: el arroz<\/h2>\n\n\n\n<p>\u00bfHay algo m\u00e1s representativo de la gastronom\u00eda valenciana\nque el arroz? Los levantinos son expertos en aprovechar todo el potencial de\neste cereal en la cocina, al que acompa\u00f1an con mucho \u00e9xito de todo tipo de\npescados, mariscos, carnes o verduras. Pero la <strong>importancia del arroz en Valencia<\/strong> m\u00e1s all\u00e1 de los fogones: el\ncultivo arrocero es una de las principales actividades agr\u00edcolas de la regi\u00f3n. <\/p>\n\n\n\n<p>La introducci\u00f3n del <strong>cultivo de arroz<\/strong> en tierras valencianas se atribuye a los \u00e1rabes en el Siglo VIII, con mayor arraigo en las <strong>comarcas de Seuca<\/strong> y de <strong>la Albufera<\/strong> debido a sus caracter\u00edsticas ambientales: terrenos planos, propensos al encharcamiento y con un alto nivel de salinidad. De esta manera, gracias al perfeccionamiento de unos conocimientos con mucha historia, se ha contribuido al aprovechamiento de unas tierras en las que otro tipo de cultivo ser\u00eda inviable. <\/p>\n\n\n\n<figure class=\"wp-block-image\"><img decoding=\"async\" width=\"1024\" height=\"678\" src=\"https:\/\/www.vacalia.com\/blog\/wp-content\/uploads\/2020\/01\/arrozales-valencia-1024x678.gif\" alt=\"Arrozales de la Denominaci\u00f3n de Origen de Valencia\" class=\"wp-image-3545\" srcset=\"https:\/\/www.vacalia.com\/blog\/wp-content\/uploads\/2020\/01\/arrozales-valencia-1024x678.gif 1024w, https:\/\/www.vacalia.com\/blog\/wp-content\/uploads\/2020\/01\/arrozales-valencia-300x199.gif 300w, https:\/\/www.vacalia.com\/blog\/wp-content\/uploads\/2020\/01\/arrozales-valencia-768x509.gif 768w\" sizes=\"(max-width: 1024px) 100vw, 1024px\" \/><figcaption class=\"wp-element-caption\">Arrozales de la Denominaci\u00f3n de Origen de Valencia<\/figcaption><\/figure>\n\n\n\n<p>Las variedades que se cultivan bajo el sello de la <strong>Denominaci\u00f3n de Origen Arroz de Valencia<\/strong> son Senia, Bah\u00eda, Bomba, J. Sendra, Montsianell, Gleva, Sar\u00e7et y Albufera y se comercializan, a su vez, de dos formas distintas: arroz blanco e integral.<\/p>\n\n\n\n<h2 class=\"wp-block-heading\">Denominaciones de Origen de la\nchufa valenciana<\/h2>\n\n\n\n<p>Entre las bebidas valencianas m\u00e1s populares&nbsp;sin duda la <strong>horchata<\/strong> ocupa un lugar de excepci\u00f3n. Se trata de una <strong>bebida dulce y refrescante de color blanco<\/strong> cuyo principal ingrediente es la <strong>chufa<\/strong>, un peque\u00f1o tub\u00e9rculo t\u00edpico de la huerta valenciana. <\/p>\n\n\n\n<p>Cuenta la leyenda que el nombre de esta bebida viene de la\nexpresi\u00f3n <em>\u00a1Aixo no es llet, aixo es or\nxata! <\/em>(\u00a1esto no es leche, esto es oro, guapa!) que pronunci\u00f3 el Rey Jaime I\nde Arag\u00f3n cuando una joven le dio a probar tan ic\u00f3nica bebida. Sea como fuere, <strong>la horchata es uno de los alimentos\nindispensables de la gastronom\u00eda valenciana<\/strong>.<\/p>\n\n\n\n<p>Por su parte, <strong>la\nchufa<\/strong>, considerada como un superalimento, cuenta con innumerables <strong>beneficios para la salud<\/strong> gracias a sus\naltos niveles de minerales como el f\u00f3sforo, el potasio y el hierro, as\u00ed como\nprote\u00ednas y grasas beneficiosas para el organismo. El consumo de horchata de\nchufa est\u00e1 indicada para combatir la hipertensi\u00f3n, el estre\u00f1imiento, ciertas\npatolog\u00edas renales y el colesterol.<\/p>\n\n\n\n<figure class=\"wp-block-image\"><img decoding=\"async\" width=\"1024\" height=\"678\" src=\"https:\/\/www.vacalia.com\/blog\/wp-content\/uploads\/2020\/01\/chufas-valencia-1024x678.gif\" alt=\"Las chufas,una de las denominaciones de origen de valencia \" class=\"wp-image-3546\" srcset=\"https:\/\/www.vacalia.com\/blog\/wp-content\/uploads\/2020\/01\/chufas-valencia-1024x678.gif 1024w, https:\/\/www.vacalia.com\/blog\/wp-content\/uploads\/2020\/01\/chufas-valencia-300x199.gif 300w, https:\/\/www.vacalia.com\/blog\/wp-content\/uploads\/2020\/01\/chufas-valencia-768x509.gif 768w\" sizes=\"(max-width: 1024px) 100vw, 1024px\" \/><figcaption class=\"wp-element-caption\">La chufa, producto t\u00edpicamente valenciano<\/figcaption><\/figure>\n\n\n\n<h2 class=\"wp-block-heading\">Gastronom\u00eda con denominaci\u00f3n de origen valenciana<\/h2>\n\n\n\n<p>La gastronom\u00eda valenciana cuenta con un amplio reconocimiento internacional debido, en gran medida, a la calidad de los ingredientes con los que se elaboran sus platos t\u00edpicos. El ben\u00e9volo clima mediterr\u00e1neo y el cuidado experto de los agricultores valencianos son los responsables del \u00e9xito en el cultivo de los productos m\u00e1s exquisitos. <\/p>\n\n\n\n<p>Por eso, la<strong> gastronom\u00eda valenciana<\/strong> se ha convertido en todo un reclamo tur\u00edstico para los pueblos ciudades de la regi\u00f3n. Si para ti descanso y buen comer son inseparables, es el momento de empezar a planear tus pr\u00f3ximas <strong>vacaciones en la Costa Blanca<\/strong> para disfrutar de sus productos con Denominaci\u00f3n de Origen tanto como de sus playas y su patrimonio cultural. En <strong>Vacalia<\/strong> encontrar\u00e1s los <strong>alojamientos vacacionales en Alicante y Valencia<\/strong> que mejor se adaptan a tus necesidades. \u00a1Encuentra el tuyo!<\/p>\n\n\n<div class=\"bannerBlog\"><div class=\"new-card-houses\">\n    <div class=\"likeOut likeDivOut\" style=\"display:none\">\n        <a data-id=\"960\" class=\"likeOut_button_red likeBtnFav\"\n            aria-label=\"Megusta Vacalia\"><\/a>\n    <\/div>\n    <figure>\n        <img loading=\"lazy\" decoding=\"async\" \n            loading=\"lazy\" width=\"301\" height=\"200\"\n            src=\"\/\/media.vacalia.com\/photo\/reformatwebpfolder\/350\/200\/960\/thumb-middle\/960_6580336c515c210e62fef5cf6f092cc5.webp?v=21092023\"\n            alt=\"El balc\u00f3n de la safor - llumicel - Alquiler vacacional en Ador\"\/>\n                                                                        <div class=\"circleDiscount\">-5%<\/div>\n                        <\/figure>\n    <p itemprop=\"address\"><i class=\"ico-marker\"><\/i>Ador, Valencia<\/p>\n    <h3 itemprop=\"name\">El balc\u00f3n de la safor - llumicel<\/h3>\n    <ul class=\"icon_list inline_list\">\n                              <li class=\"ico-pool\" title=\"Piscina\">\n              <span itemprop=\"amenityFeature\">Piscina<\/span>\n            <\/li>\n                      <li class=\"ico-wifi\" title=\"Wifi\">\n              <span itemprop=\"amenityFeature\">Wifi<\/span>\n            <\/li>\n                      <li class=\"ico-pets\" title=\"Mascotas\">\n              <span itemprop=\"amenityFeature\">Mascotas<\/span>\n            <\/li>\n                          <li class=\"ico-guests\" title=\"Para 8+2   hu\u00e9spedes en Ador.\">\n          <span itemprop=\"occupancy\">8+2  <\/span>\n        <\/li>\n    <\/ul>\n            <span class=\"price\">Desde 131\u20ac \/ noche<\/span>\n                <a itemprop=\"url\" class=\"anchor\" href=\"https:\/\/www.vacalia.com\/es\/villa-el-balcon-de-la-safor-llumicel-ador-h15635\" aria-label=\"El balc\u00f3n de la safor - llumicel\"><\/a>\n<\/div><div class=\"new-card-houses\">\n    <div class=\"likeOut likeDivOut\" style=\"display:none\">\n        <a data-id=\"959\" class=\"likeOut_button_red likeBtnFav\"\n            aria-label=\"Megusta Vacalia\"><\/a>\n    <\/div>\n    <figure>\n        <img loading=\"lazy\" decoding=\"async\" \n            loading=\"lazy\" width=\"301\" height=\"200\"\n            src=\"\/\/media.vacalia.com\/photo\/reformatwebpfolder\/350\/200\/959\/thumb-middle\/959_b7952ea144f26f13a46ff9d72e6705f7.webp?v=21092023\"\n            alt=\"El balc\u00f3n de la safor - pedraviva - Alquiler vacacional en Ador\"\/>\n                                                                        <div class=\"circleDiscount\">-4%<\/div>\n                        <\/figure>\n    <p itemprop=\"address\"><i class=\"ico-marker\"><\/i>Ador, Valencia<\/p>\n    <h3 itemprop=\"name\">El balc\u00f3n de la safor - pedraviva<\/h3>\n    <ul class=\"icon_list inline_list\">\n                              <li class=\"ico-pool\" title=\"Piscina\">\n              <span itemprop=\"amenityFeature\">Piscina<\/span>\n            <\/li>\n                      <li class=\"ico-airConditioning\" title=\"Aire Acondicionado\">\n              <span itemprop=\"amenityFeature\">Aire Acondicionado<\/span>\n            <\/li>\n                      <li class=\"ico-wifi\" title=\"Wifi\">\n              <span itemprop=\"amenityFeature\">Wifi<\/span>\n            <\/li>\n                      <li class=\"ico-pets\" title=\"Mascotas\">\n              <span itemprop=\"amenityFeature\">Mascotas<\/span>\n            <\/li>\n                          <li class=\"ico-guests\" title=\"Para 6+2   hu\u00e9spedes en Ador.\">\n          <span itemprop=\"occupancy\">6+2  <\/span>\n        <\/li>\n    <\/ul>\n            <span class=\"price\">Desde 102\u20ac \/ noche<\/span>\n                <a itemprop=\"url\" class=\"anchor\" href=\"https:\/\/www.vacalia.com\/es\/villa-el-balcon-de-la-safor-pedraviva-ador-h15632\" aria-label=\"El balc\u00f3n de la safor - pedraviva\"><\/a>\n<\/div><\/div>\n","protected":false},"excerpt":{"rendered":"<p>El clima mediterr\u00e1neo es \u00f3ptimo para el cultivo de algunos de los ingredientes de la gastronom\u00eda levantina. Las denominaciones de origen de Valencia son un ejemplo de la riqueza de su gastronom\u00eda y la calidad de sus productos.<\/p>\n","protected":false},"author":2,"featured_media":3547,"comment_status":"closed","ping_status":"open","sticky":false,"template":"","format":"standard","meta":{"_monsterinsights_skip_tracking":false,"_monsterinsights_sitenote_active":false,"_monsterinsights_sitenote_note":"","_monsterinsights_sitenote_category":0,"footnotes":""},"categories":[1],"tags":[],"class_list":["post-3537","post","type-post","status-publish","format-standard","has-post-thumbnail","hentry","category-general-es"],"_links":{"self":[{"href":"https:\/\/www.vacalia.com\/blog\/wp-json\/wp\/v2\/posts\/3537"}],"collection":[{"href":"https:\/\/www.vacalia.com\/blog\/wp-json\/wp\/v2\/posts"}],"about":[{"href":"https:\/\/www.vacalia.com\/blog\/wp-json\/wp\/v2\/types\/post"}],"author":[{"embeddable":true,"href":"https:\/\/www.vacalia.com\/blog\/wp-json\/wp\/v2\/users\/2"}],"replies":[{"embeddable":true,"href":"https:\/\/www.vacalia.com\/blog\/wp-json\/wp\/v2\/comments?post=3537"}],"version-history":[{"count":3,"href":"https:\/\/www.vacalia.com\/blog\/wp-json\/wp\/v2\/posts\/3537\/revisions"}],"predecessor-version":[{"id":4707,"href":"https:\/\/www.vacalia.com\/blog\/wp-json\/wp\/v2\/posts\/3537\/revisions\/4707"}],"wp:featuredmedia":[{"embeddable":true,"href":"https:\/\/www.vacalia.com\/blog\/wp-json\/wp\/v2\/media\/3547"}],"wp:attachment":[{"href":"https:\/\/www.vacalia.com\/blog\/wp-json\/wp\/v2\/media?parent=3537"}],"wp:term":[{"taxonomy":"category","embeddable":true,"href":"https:\/\/www.vacalia.com\/blog\/wp-json\/wp\/v2\/categories?post=3537"},{"taxonomy":"post_tag","embeddable":true,"href":"https:\/\/www.vacalia.com\/blog\/wp-json\/wp\/v2\/tags?post=3537"}],"curies":[{"name":"wp","href":"https:\/\/api.w.org\/{rel}","templated":true}]}}