{"id":3643,"date":"2022-03-17T10:30:00","date_gmt":"2022-03-17T09:30:00","guid":{"rendered":"https:\/\/www.vacalia.com\/blog\/?p=3643"},"modified":"2024-08-29T16:35:41","modified_gmt":"2024-08-29T14:35:41","slug":"planes-semana-santa-mallorca","status":"publish","type":"post","link":"https:\/\/www.vacalia.com\/blog\/es\/planes-semana-santa-mallorca\/","title":{"rendered":"Semana Santa en Mallorca: los mejores planes para tus vacaciones"},"content":{"rendered":"\n<p>Si est\u00e1s planificando pasar tus <strong>vacaciones de Semana Santa en Mallorca<\/strong>, enhorabuena, porque es un destino perfecto para disfrutar en familia, en pareja o con amistades.  <\/p>\n\n\n\n<p>En Vacalia encontrar\u00e1s <strong><a href=\"https:\/\/www.vacalia.com\/es\">casas de alquiler vacacional en Mallorca<\/a><\/strong> que se adaptan perfectamente a lo que est\u00e9s buscando: <\/p>\n\n\n\n<ul class=\"wp-block-list\">\n<li>tranquilas casas de vacaciones<strong> <a href=\"https:\/\/www.vacalia.com\/es\/casas-vacacionales-junto-mar\">junto al mar<\/a><\/strong><\/li>\n\n\n\n<li>casas de alquiler vacacional para <strong><a href=\"https:\/\/www.vacalia.com\/es\/Casas-Vacacionales-en-Mallorca-para-familias\">familias de todos los tama\u00f1os<\/a><\/strong><\/li>\n\n\n\n<li>villas de alquiler ideales para los amantes del <strong><a href=\"https:\/\/www.vacalia.com\/es\/Casas-Vacacionales-para-ciclistas-en-Mallorca\">ciclismo en Mallorca<\/a><\/strong><\/li>\n\n\n\n<li>casas <strong><a href=\"https:\/\/www.vacalia.com\/es\/casas-vacacionales-en-mallorca-ecologicas\">ecol\u00f3gicas<\/a><\/strong> para unas <strong>vacaciones sostenibles<\/strong> en la isla<\/li>\n<\/ul>\n\n\n\n<h3 class=\"wp-block-heading\">\u00bfPor qu\u00e9 elegir Mallorca para tus vacaciones de Semana Santa?<\/h3>\n\n\n\n<p>Pero, si a\u00fan no tienes claro tu destino, aqu\u00ed van unas sugerencias que seguro que te van a seducir:<\/p>\n\n\n\n<p>En Mallorca tienes m\u00e1s de 3.600 km2 que esconden verdaderos <strong>para\u00edsos naturales<\/strong>, una <strong>gran riqueza cultural<\/strong> y una <strong>variada oferta de ocio<\/strong> para toda la familia.<\/p>\n\n\n\n<p>El clima suave de la isla es perfecto para disfrutar de las mejores <strong>actividades al aire libre<\/strong>. <\/p>\n\n\n\n<p>Adem\u00e1s, los amantes de la naturaleza pueden optar por sus variadas rutas para practicar senderismo o ciclismo, o para disfrutar de la belleza del Mediterr\u00e1neo practicando deportes n\u00e1uticos.<\/p>\n\n\n\n<p>Si prefieres <strong>planes culturales<\/strong> y disfrutas recorriendo todos los rincones de los pueblos y ciudades que visitas, Mallorca es tambi\u00e9n tu destino ideal gracias a sus <a href=\"https:\/\/www.vacalia.com\/blog\/es\/pueblos-bonitos-mallorca\/\"><strong>pueblos con encanto<\/strong><\/a>, sus majestuosos monumentos o sus modernos museos y galer\u00edas de arte.<\/p>\n\n\n<div class=\"wp-block-image\">\n<figure class=\"aligncenter size-large\"><img fetchpriority=\"high\" decoding=\"async\" width=\"1024\" height=\"678\" src=\"https:\/\/www.vacalia.com\/blog\/wp-content\/uploads\/2020\/02\/excursiones-mallorca.jpg\" alt=\"Excursiones para Semana Santa en Mallorca\" class=\"wp-image-3644\" srcset=\"https:\/\/www.vacalia.com\/blog\/wp-content\/uploads\/2020\/02\/excursiones-mallorca.jpg 1024w, https:\/\/www.vacalia.com\/blog\/wp-content\/uploads\/2020\/02\/excursiones-mallorca-300x199.jpg 300w, https:\/\/www.vacalia.com\/blog\/wp-content\/uploads\/2020\/02\/excursiones-mallorca-768x509.jpg 768w\" sizes=\"(max-width: 1024px) 100vw, 1024px\" \/><figcaption class=\"wp-element-caption\">Una ruta por los preciosos pueblos de Mallorca<\/figcaption><\/figure><\/div>\n\n\n<h3 class=\"wp-block-heading\">Actividades al aire libre en Mallorca<\/h3>\n\n\n\n<p>La Semana Santa en Mallorca es el momento perfecto para <strong>descubrir su naturaleza<\/strong> de una manera diferente. La morfolog\u00eda de la isla invita a lanzarse a la aventura y explorar unos entornos naturales. <\/p>\n\n\n\n<p>Lo dicho: la oferta de <strong>planes al aire<\/strong> libre en Mallorca es tan variada, que seguro que encuentras la actividad perfecta para toda la familia. <\/p>\n\n\n\n<h3 class=\"wp-block-heading\">Rutas de senderismo en Mallorca<\/h3>\n\n\n\n<p>La <strong>Sierra de Tramontana<\/strong> es el escenario id\u00f3neo para planear una excursi\u00f3n de un d\u00eda. Existen muchas posibilidades distintas en funci\u00f3n de la dificultad y la duraci\u00f3n de las rutas. &nbsp;A trav\u00e9s de los senderos que recorren la isla es posible descubrir los distintos <strong>puntos de inter\u00e9s de Mallorca<\/strong>: playas y calas, pueblos de interior, cuevas, paisajes de monta\u00f1a o incluso restos arqueol\u00f3gicos. <\/p>\n\n\n\n<p>Como siempre te recomendamos, no olvides tomar las <strong>precauciones b\u00e1sicas a la hora de preparar una excursi\u00f3n<\/strong>, especialmente si es con ni\u00f1os. Equipa vuestras mochilas con crema solar, agua y comida y no olvides contar con calzado c\u00f3modo y un gorro o sobrero. <\/p>\n\n\n\n<h3 class=\"wp-block-heading\">Excursiones en barco<\/h3>\n\n\n\n<p>El contorno de la isla est\u00e1 dibujado por algunas de las <strong>calas y playas m\u00e1s hermosas del Mediterr\u00e1neo<\/strong>. \u00bfY qu\u00e9 mejor manera de descubrirlas que recorriendo sus aguas turquesas? <\/p>\n\n\n\n<p>Eso s\u00ed, las <strong>excursiones en barco<\/strong> son una de las actividades m\u00e1s populares de Mallorca gracias a la libertad y la tranquilad que este medio de transporte ofrece. <\/p>\n\n\n\n<p>Adem\u00e1s, navegar alrededor de la isla permite <strong>acceder a algunos de los rincones m\u00e1s desconocidos de su costa<\/strong>. Podr\u00e1s elegir entre un gran n\u00famero de empresas que ofrecen sus servicios de alquiler de embarcaciones con o sin tripulaci\u00f3n.<\/p>\n\n\n\n<h3 class=\"wp-block-heading\">Planes de aventura<\/h3>\n\n\n\n<p>Si disfrut\u00e1is derrochando adrenalina, tambi\u00e9n encontrar\u00e9is un plan perfecto para las <strong>vacaciones de Semana Santa en Mallorca<\/strong>. Y es que, el interior de la isla esconde algunos tesoros naturales desconocidos para la mayor\u00eda.<\/p>\n\n\n\n<ul class=\"wp-block-list\">\n<li><strong>Ruta en veh\u00edculos todoterreno<\/strong>:<\/li>\n<\/ul>\n\n\n\n<p>Un tour en <em>boogie<\/em>, <em>quad<\/em> o <em>jeep<\/em> por las <strong>carreteras y caminos de Mallorca<\/strong> conquistar\u00e1 a los seguidores del motor que elijan la isla como destino vacacional. En este sentido, la seguridad es clave, por lo que para disfrutar de este tipo de actividades, las empresas locales ofrecen paquetes con todas las garant\u00edas y protecciones.<\/p>\n\n\n\n<ul class=\"wp-block-list\">\n<li><strong>Barranquismo, escalada y espeleolog\u00eda:<\/strong><\/li>\n<\/ul>\n\n\n\n<p>Que la <strong>naturaleza de Mallorca<\/strong> es un verdadero espect\u00e1culo, ya no es ning\u00fan misterio para nadie. Las gargantas, cascadas y grutas que llenan los paisajes mallorquines son el escenario perfecto para enfundarse el neopreno y lanzarse a probar sus maravillas desde el terreno. <\/p>\n\n\n\n<p>Si lo que os gusta es la aventura, la isla ofrece un cat\u00e1logo de <strong>actividades para experimentar la naturaleza<\/strong>. Puedes elegir entre deslizarte por los toboganes naturales de los r\u00edos, adentrarte en las cuevas y grutas como un aut\u00e9ntico espele\u00f3logo o animarte a escalar paredes rocosas para alcanzar una cima. <\/p>\n\n\n<div class=\"wp-block-image\">\n<figure class=\"aligncenter size-large\"><img decoding=\"async\" width=\"1024\" height=\"678\" src=\"https:\/\/www.vacalia.com\/blog\/wp-content\/uploads\/2020\/02\/escalada-mallorca.jpg\" alt=\"Escalada en Mallorca\" class=\"wp-image-3645\" srcset=\"https:\/\/www.vacalia.com\/blog\/wp-content\/uploads\/2020\/02\/escalada-mallorca.jpg 1024w, https:\/\/www.vacalia.com\/blog\/wp-content\/uploads\/2020\/02\/escalada-mallorca-300x199.jpg 300w, https:\/\/www.vacalia.com\/blog\/wp-content\/uploads\/2020\/02\/escalada-mallorca-768x509.jpg 768w\" sizes=\"(max-width: 1024px) 100vw, 1024px\" \/><figcaption class=\"wp-element-caption\">Escalada en Mallorca<\/figcaption><\/figure><\/div>\n\n\n<h3 class=\"wp-block-heading\">Playas y calas<\/h3>\n\n\n\n<p>A priori, pasar un d\u00eda de playa en una isla, parece un plan perfecto. Pocos lugares cuentan con la variedad de Mallorca y sus m\u00e1s de <strong>340 playas<\/strong>. Durante la Semana Santa en Mallorca las temperaturas rondan los 20 grados, una temperatura muy agradable para disfrutar de sus espectaculares atardeceres mediterr\u00e1neos. <\/p>\n\n\n\n<p>La <strong>calidad del agua y los servicios de las playas de Mallorca<\/strong>, hace que las banderas azules abunden en ellas. Lo m\u00e1s recomendable es <a href=\"https:\/\/www.banderaazul.org\/\" target=\"_blank\" rel=\"noopener\">comprobar qu\u00e9 playas<\/a> cuentan con el distintivo que garantiza el alto nivel del entorno mar\u00edtimo en la isla.<\/p>\n\n\n\n<h3 class=\"wp-block-heading\">Planes culturales para las vacaciones de Semana Santa en Mallorca<\/h3>\n\n\n\n<p>No cabe duda de que nuestra isla es mucho m\u00e1s que sol y playas. Si est\u00e1s planeando unas vacaciones en Mallorca, no puedes perderte las mejores <strong>actividades culturales<\/strong>. Puedes decantarte por una ruta por los pueblos m\u00e1s bonitos de Mallorca, perderte en sus t\u00edpicos mercados callejeros o disfrutar de un espect\u00e1culo en directo.<\/p>\n\n\n\n<h3 class=\"wp-block-heading\">Monumentos de Mallorca<\/h3>\n\n\n\n<p>El <strong>patrimonio hist\u00f3rico insular<\/strong> es tan abundante como variado. Las distintas culturas mediterr\u00e1neas han dejado su huella en las construcciones m\u00e1s representativas mallorquinas. Algunos de los monumentos m\u00e1s relevantes de Mallorca son:<\/p>\n\n\n\n<ul class=\"wp-block-list\">\n<li>Catedral de Palma<\/li>\n\n\n\n<li>Castell de Bellver<\/li>\n\n\n\n<li>La Cartuja de Valldemossa<\/li>\n\n\n\n<li>Monasterio de Lluc<\/li>\n<\/ul>\n\n\n\n<h3 class=\"wp-block-heading\">Coves del Drach<\/h3>\n\n\n\n<p>Una visita a esta maravilla excavada de forma natural en las rocas supone un verdadero descubrimiento para los sentidos. Adem\u00e1s de su gran <strong>valor espeleol\u00f3gico y natural,<\/strong> en el interior de la cueva se realizan distintas actividades para un plan perfecto en familia. <\/p>\n\n\n\n<p>Se puede realizar un recorrido de en torno a una hora para descubrir la morfolog\u00eda de la cueva. Adem\u00e1s, en su largo interior se puede disfrutar de un agradable <strong>paseo en barca<\/strong>. Entre las instalaciones de la cueva destaca un anfiteatro desde el que se puede escuchar de un concierto de m\u00fasica cl\u00e1sica de unos 10 minutos.<\/p>\n\n\n<div class=\"wp-block-image\">\n<figure class=\"aligncenter size-large\"><img decoding=\"async\" width=\"1024\" height=\"678\" src=\"https:\/\/www.vacalia.com\/blog\/wp-content\/uploads\/2020\/02\/cuevas-drach.jpg\" alt=\"Cuevas del Drach\" class=\"wp-image-3646\" srcset=\"https:\/\/www.vacalia.com\/blog\/wp-content\/uploads\/2020\/02\/cuevas-drach.jpg 1024w, https:\/\/www.vacalia.com\/blog\/wp-content\/uploads\/2020\/02\/cuevas-drach-300x199.jpg 300w, https:\/\/www.vacalia.com\/blog\/wp-content\/uploads\/2020\/02\/cuevas-drach-768x509.jpg 768w\" sizes=\"(max-width: 1024px) 100vw, 1024px\" \/><figcaption class=\"wp-element-caption\">Visita obligada: las Coves del Drach<\/figcaption><\/figure><\/div>\n\n\n<h3 class=\"wp-block-heading\">Mercados de Mallorca<\/h3>\n\n\n\n<p>Con una frecuencia semanal, los <strong>mercados callejeros<\/strong> se celebran a lo largo y ancho de toda la isla, llenando de color las calles y plazas de las encantadoras poblaciones mallorquinas. <\/p>\n\n\n\n<h3 class=\"wp-block-heading\">Los mejores alojamientos para Semana Santa en Mallorca<\/h3>\n\n\n\n<p>En <strong>Vacalia<\/strong> puedes encontrar la mejor variedad de <strong>alquileres vacacionales en Mallorca<\/strong>: casas de campo, apartamentos en la playa o lujosas villas. Entre nuestras propuestas, encontrar\u00e1s la opci\u00f3n que mejor se adapte a tus vacaciones.<\/p>\n\n\n<div class=\"bannerBlog\"><div class=\"new-card-houses\">\n    <div class=\"likeOut likeDivOut\" style=\"display:none\">\n        <a data-id=\"3942\" class=\"likeOut_button_red likeBtnFav\"\n            aria-label=\"Megusta Vacalia\"><\/a>\n    <\/div>\n    <figure>\n        <img loading=\"lazy\" decoding=\"async\" \n            loading=\"lazy\" width=\"301\" height=\"200\"\n            src=\"\/\/media.vacalia.com\/photo\/reformatwebpfolder\/350\/200\/3942\/thumb-middle\/3942_ae542e6163a7a5af7ad17367dda7a2e2.webp?v=21092023\"\n            alt=\"Ca na francisca - Alquiler vacacional en Lloseta\"\/>\n                                                                        <div class=\"circleDiscount\">-30%<\/div>\n                        <\/figure>\n    <p itemprop=\"address\"><i class=\"ico-marker\"><\/i>Lloseta, Mallorca<\/p>\n    <h3 itemprop=\"name\">Ca na francisca<\/h3>\n    <ul class=\"icon_list inline_list\">\n                              <li class=\"ico-pool\" title=\"Piscina\">\n              <span itemprop=\"amenityFeature\">Piscina<\/span>\n            <\/li>\n                      <li class=\"ico-airConditioning\" title=\"Aire Acondicionado\">\n              <span itemprop=\"amenityFeature\">Aire Acondicionado<\/span>\n            <\/li>\n                      <li class=\"ico-wifi\" title=\"Wifi\">\n              <span itemprop=\"amenityFeature\">Wifi<\/span>\n            <\/li>\n                          <li class=\"ico-guests\" title=\"Para 3 hu\u00e9spedes en Lloseta.\">\n          <span itemprop=\"occupancy\">3<\/span>\n        <\/li>\n    <\/ul>\n            <span class=\"price\">Desde 105\u20ac \/ noche<\/span>\n                <a itemprop=\"url\" class=\"anchor\" href=\"https:\/\/www.vacalia.com\/es\/villa-ca-na-francisca-lloseta-h25527\" aria-label=\"Ca na francisca\"><\/a>\n<\/div><div class=\"new-card-houses\">\n    <div class=\"likeOut likeDivOut\" style=\"display:none\">\n        <a data-id=\"3504\" class=\"likeOut_button_red likeBtnFav\"\n            aria-label=\"Megusta Vacalia\"><\/a>\n    <\/div>\n    <figure>\n        <img loading=\"lazy\" decoding=\"async\" \n            loading=\"lazy\" width=\"301\" height=\"200\"\n            src=\"\/\/media.vacalia.com\/photo\/reformatwebpfolder\/350\/200\/3504\/thumb-middle\/3504_daabe4bcc66ac78bc78d217d05be1bd0.webp?v=21092023\"\n            alt=\"Ca na xisca 1 - Alquiler vacacional en Can Picafort\"\/>\n                                                                        <div class=\"circleDiscount\">-2%<\/div>\n                        <\/figure>\n    <p itemprop=\"address\"><i class=\"ico-marker\"><\/i>Can Picafort, Mallorca<\/p>\n    <h3 itemprop=\"name\">Ca na xisca 1<\/h3>\n    <ul class=\"icon_list inline_list\">\n                              <li class=\"ico-airConditioning\" title=\"Aire Acondicionado\">\n              <span itemprop=\"amenityFeature\">Aire Acondicionado<\/span>\n            <\/li>\n                      <li class=\"ico-wifi\" title=\"Wifi\">\n              <span itemprop=\"amenityFeature\">Wifi<\/span>\n            <\/li>\n                          <li class=\"ico-guests\" title=\"Para 4 hu\u00e9spedes en Can Picafort.\">\n          <span itemprop=\"occupancy\">4<\/span>\n        <\/li>\n    <\/ul>\n            <span class=\"price\">Desde 121\u20ac \/ noche<\/span>\n                <a itemprop=\"url\" class=\"anchor\" href=\"https:\/\/www.vacalia.com\/es\/apartamento-ca-na-xisca-1-santa-margalida-h23997\" aria-label=\"Ca na xisca 1\"><\/a>\n<\/div><\/div>\n","protected":false},"excerpt":{"rendered":"<p>Mallorca esconde verdaderos para\u00edsos naturales, una gran riqueza cultural y una variada oferta de ocio para toda la familia. Es el momento de organizar tus pr\u00f3ximas vacaciones de Semana Santa en Mallorca para no perderte nada.<\/p>\n","protected":false},"author":2,"featured_media":3777,"comment_status":"closed","ping_status":"open","sticky":false,"template":"","format":"standard","meta":{"_monsterinsights_skip_tracking":false,"_monsterinsights_sitenote_active":false,"_monsterinsights_sitenote_note":"","_monsterinsights_sitenote_category":0,"footnotes":""},"categories":[373,436,1,412],"tags":[],"class_list":["post-3643","post","type-post","status-publish","format-standard","has-post-thumbnail","hentry","category-mallorca-es","category-que-hacer-en-mallorca","category-general-es","category-guias-de-mallorca"],"_links":{"self":[{"href":"https:\/\/www.vacalia.com\/blog\/wp-json\/wp\/v2\/posts\/3643"}],"collection":[{"href":"https:\/\/www.vacalia.com\/blog\/wp-json\/wp\/v2\/posts"}],"about":[{"href":"https:\/\/www.vacalia.com\/blog\/wp-json\/wp\/v2\/types\/post"}],"author":[{"embeddable":true,"href":"https:\/\/www.vacalia.com\/blog\/wp-json\/wp\/v2\/users\/2"}],"replies":[{"embeddable":true,"href":"https:\/\/www.vacalia.com\/blog\/wp-json\/wp\/v2\/comments?post=3643"}],"version-history":[{"count":6,"href":"https:\/\/www.vacalia.com\/blog\/wp-json\/wp\/v2\/posts\/3643\/revisions"}],"predecessor-version":[{"id":6373,"href":"https:\/\/www.vacalia.com\/blog\/wp-json\/wp\/v2\/posts\/3643\/revisions\/6373"}],"wp:featuredmedia":[{"embeddable":true,"href":"https:\/\/www.vacalia.com\/blog\/wp-json\/wp\/v2\/media\/3777"}],"wp:attachment":[{"href":"https:\/\/www.vacalia.com\/blog\/wp-json\/wp\/v2\/media?parent=3643"}],"wp:term":[{"taxonomy":"category","embeddable":true,"href":"https:\/\/www.vacalia.com\/blog\/wp-json\/wp\/v2\/categories?post=3643"},{"taxonomy":"post_tag","embeddable":true,"href":"https:\/\/www.vacalia.com\/blog\/wp-json\/wp\/v2\/tags?post=3643"}],"curies":[{"name":"wp","href":"https:\/\/api.w.org\/{rel}","templated":true}]}}