{"id":3650,"date":"2020-03-12T10:23:00","date_gmt":"2020-03-12T09:23:00","guid":{"rendered":"https:\/\/www.vacalia.com\/blog\/?p=3650"},"modified":"2024-02-13T16:25:55","modified_gmt":"2024-02-13T15:25:55","slug":"tradiciones-semana-santa-alicante-valencia","status":"publish","type":"post","link":"https:\/\/www.vacalia.com\/blog\/es\/tradiciones-semana-santa-alicante-valencia\/","title":{"rendered":"Tradiciones de Semana Santa en Valencia y Alicante"},"content":{"rendered":"\n<p>Tenemos muy buena noticias para ti: l<strong>as vacaciones est\u00e1n a la vuelta de la esquina<\/strong>. Puede que las veas muy lejos todav\u00eda, pero te recomendamos que no dejes pasar la oportunidad de <strong>planificar tus vacaciones con tiempo<\/strong>. As\u00ed conseguir\u00e1s los mejore precios <a href=\"https:\/\/www.vacalia.com\/blog\/es\/alquileres-vacacionales-provincia-alicante-valencia\/\">en alquileres vacacionales<\/a> y podr\u00e1s anticiparte preparando <a href=\"https:\/\/www.vacalia.com\/blog\/es\/vacaciones-costa-blanca-todo-el-ano\/\">los mejores planes en la Costa Blanca<\/a>. Hoy te contamos las tradiciones de Semana Santa de Alicante y Valencia que no te puedes perder en tus pr\u00f3ximas vacaciones.<\/p>\n\n\n\n<h2 class=\"wp-block-heading\">Tradiciones de Semana Santa en Valencia<\/h2>\n\n\n\n<h3 class=\"wp-block-heading\">Semana Santa Marinera de Valencia<\/h3>\n\n\n\n<p>Durante quince d\u00edas la capital valenciana acoge los actos de celebraci\u00f3n de su particular Semana Santa, que representa la \u00edntima relaci\u00f3n que la ciudad guarda con el mar y reinterpreta los ritos t\u00edpicos de la pasi\u00f3n desde la fusi\u00f3n del sentimiento religioso con el ambiente festivo mediterr\u00e1neo.<\/p>\n\n\n\n<figure class=\"wp-block-image size-large\"><img fetchpriority=\"high\" decoding=\"async\" width=\"1024\" height=\"678\" src=\"https:\/\/www.vacalia.com\/blog\/wp-content\/uploads\/2020\/02\/tradiciones-semana-santa.jpg\" alt=\"Tradiciones de Semana Santa en Valencia\" class=\"wp-image-3651\" srcset=\"https:\/\/www.vacalia.com\/blog\/wp-content\/uploads\/2020\/02\/tradiciones-semana-santa.jpg 1024w, https:\/\/www.vacalia.com\/blog\/wp-content\/uploads\/2020\/02\/tradiciones-semana-santa-300x199.jpg 300w, https:\/\/www.vacalia.com\/blog\/wp-content\/uploads\/2020\/02\/tradiciones-semana-santa-768x509.jpg 768w\" sizes=\"(max-width: 1024px) 100vw, 1024px\" \/><figcaption class=\"wp-element-caption\">Procesi\u00f3n de Semana Santa en Valencia<\/figcaption><\/figure>\n\n\n\n<h3 class=\"wp-block-heading\">La <em>trenc\u00e1 dels perols<\/em> de Valencia<\/h3>\n\n\n\n<p>Las <strong>tradiciones de Semana Santa<\/strong> puramente valencianas miran al mar. Las procesiones t\u00edpicas de estas fechas, en las que los vecinos participan de forma activa con trajes cuidados hasta el \u00faltimo detalle, se fusionan con la pirotecnia para celebrar la alegr\u00eda de la Resurrecci\u00f3n. <\/p>\n\n\n\n<p>Uno de los momentos m\u00e1s llamativo para los visitantes es la tradici\u00f3n conocida como <strong>la <em>Trenc\u00e1 dels perols<\/em><\/strong>, celebrada todos los S\u00e1bados de Gloria. A las 12 de la madrugada, los vecinos arrojan cazuelas y pucheros de barro viejos desde las ventanas y balcones simbolizando la ruptura con lo viejo para dejar paso a lo nuevo, la vida.<\/p>\n\n\n\n<h3 class=\"wp-block-heading\">Lunes de Pascua<\/h3>\n\n\n\n<p>Se celebra tras el domingo de Resurrecci\u00f3n y es <strong>festivo en toda la Comunidad Valenciana<\/strong>. Lo m\u00e1s importante de esta festividad es juntarse con los seres queridos y disfrutar de una jornada de diversi\u00f3n al aire libre.<\/p>\n\n\n\n<p>La tradici\u00f3n manda que las familias se re\u00fanan en los jardines del r\u00edo o en la playa para <strong>hacer volar sus cometas y comer la mona t\u00edpica<\/strong>, que tiene que ser regalada por los padrinos. Se trata de una torta dulce que simboliza que las privaciones de cuaresma han finalizado. <\/p>\n\n\n\n<figure class=\"wp-block-image size-large\"><img decoding=\"async\" width=\"1024\" height=\"678\" src=\"https:\/\/www.vacalia.com\/blog\/wp-content\/uploads\/2020\/02\/mona-pascua.jpg\" alt=\"Mona de pascua\" class=\"wp-image-3652\" srcset=\"https:\/\/www.vacalia.com\/blog\/wp-content\/uploads\/2020\/02\/mona-pascua.jpg 1024w, https:\/\/www.vacalia.com\/blog\/wp-content\/uploads\/2020\/02\/mona-pascua-300x199.jpg 300w, https:\/\/www.vacalia.com\/blog\/wp-content\/uploads\/2020\/02\/mona-pascua-768x509.jpg 768w\" sizes=\"(max-width: 1024px) 100vw, 1024px\" \/><figcaption class=\"wp-element-caption\">Mona de pascua<\/figcaption><\/figure>\n\n\n\n<h2 class=\"wp-block-heading\">Tradiciones de Semana Santa en Alicante<\/h2>\n\n\n\n<p>Las procesiones que caracterizan la Semana Santa en Espa\u00f1a tambi\u00e9n son las protagonistas absolutas en Alicante. Las im\u00e1genes salen de las iglesias y llenan de arte e historia las calles de la localidad levantina. Aunque se trata de celebraciones de car\u00e1cter religioso, su <strong>valor patrimonial<\/strong> les confiere gran inter\u00e9s tur\u00edstico para los visitantes de la ciudad.<\/p>\n\n\n\n<h3 class=\"wp-block-heading\">La Trenc\u00e1 del gui\u00f3 en Elche<\/h3>\n\n\n\n<p>Elche es una de las localidades m\u00e1s interesantes de la provincia de Alicante. Sus <a href=\"https:\/\/www.vacalia.com\/blog\/es\/que-ver-en-elche-la-ciudad-de-los-3-patrimonios-de-la-humanidad\/\" target=\"_blank\" rel=\"noreferrer noopener\" aria-label=\"tres reconocimientos como Patrimonio de la Humanidad (se abre en una nueva pesta\u00f1a)\">tres reconocimientos como Patrimonio de la Humanidad<\/a> la convierten en un destino id\u00f3neo para los amantes de la cultura y el arte. <\/p>\n\n\n\n<p>Dentro de las tradiciones de Semana Santa de la ciudad ilicitana destaca la celebraci\u00f3n <strong>La <em>Trenc\u00e1 del gui\u00f3<\/em><\/strong> en la noche del Viernes Santo. Se trata de un acto solemne en el que un vecino del pueblo, portador de un gran cresp\u00f3n negro, quiebra el asta que lo sujeta con un movimiento entrecortado. Tradicionalmente se interpreta que una buena rotura del asta o guion es un buen presagio para la ciudad.<\/p>\n\n\n\n<h2 class=\"wp-block-heading\">La Costa Blanca, el destino ideal para tus vacaciones de Semana Santa<\/h2>\n\n\n\n<p>Las provincias de Alicante y Valencia esconden una amplia variedad de tesoros culturales como demuestran sus tradiciones de Semana Santa. Por eso, adem\u00e1s de visitar sus playas y de disfrutar de su sabrosa gastronom\u00eda, hay mucho que hacer. <\/p>\n\n\n\n<p>En <strong>Vacalia<\/strong>\ncontamos con la mejor selecci\u00f3n de <strong>alojamientos\nvacacionales<\/strong> para que encuentres el que mejor se ajusta a tus necesidades: <a href=\"https:\/\/www.vacalia.com\/blog\/es\/casas-con-piscina-privada-en-alquiler-para-tus-vacaciones-de-semana-santa\/\">casas\ncon piscina privada<\/a>, apartamentos para una <a href=\"https:\/\/www.vacalia.com\/blog\/es\/casas-vacacionales-escapada-romantica-costa-blanca\/\">escapada\nrom\u00e1ntica<\/a> o <a href=\"https:\/\/www.vacalia.com\/blog\/es\/casas-alquiler-vacacional-valencia-semana-santa\/\">villas\nen el campo<\/a> para disfrutar de la naturaleza.<\/p>\n\n\n<div class=\"bannerBlog\"><div class=\"new-card-houses\">\n    <div class=\"likeOut likeDivOut\" style=\"display:none\">\n        <a data-id=\"2837\" class=\"likeOut_button_red likeBtnFav\"\n            aria-label=\"Megusta Vacalia\"><\/a>\n    <\/div>\n    <figure>\n        <img loading=\"lazy\" decoding=\"async\" \n            loading=\"lazy\" width=\"301\" height=\"200\"\n            src=\"\/\/media.vacalia.com\/photo\/reformatwebpfolder\/350\/200\/2837\/thumb-middle\/2837_a5029b586275288353e119c208bf09d4.webp?v=21092023\"\n            alt=\"Gladiolo - Alquiler vacacional en X\u00e0bia\/J\u00e1vea\"\/>\n                                                                        <div class=\"circleDiscount\">-11%<\/div>\n                        <\/figure>\n    <p itemprop=\"address\"><i class=\"ico-marker\"><\/i>X\u00e0bia\/J\u00e1vea, Alicante<\/p>\n    <h3 itemprop=\"name\">Gladiolo<\/h3>\n    <ul class=\"icon_list inline_list\">\n                              <li class=\"ico-pool\" title=\"Piscina\">\n              <span itemprop=\"amenityFeature\">Piscina<\/span>\n            <\/li>\n                      <li class=\"ico-airConditioning\" title=\"Aire Acondicionado\">\n              <span itemprop=\"amenityFeature\">Aire Acondicionado<\/span>\n            <\/li>\n                      <li class=\"ico-wifi\" title=\"Wifi\">\n              <span itemprop=\"amenityFeature\">Wifi<\/span>\n            <\/li>\n                          <li class=\"ico-guests\" title=\"Para 6 hu\u00e9spedes en X\u00e0bia\/j\u00e1vea.\">\n          <span itemprop=\"occupancy\">6<\/span>\n        <\/li>\n    <\/ul>\n            <span class=\"price\">Desde 101\u20ac \/ noche<\/span>\n                <a itemprop=\"url\" class=\"anchor\" href=\"https:\/\/www.vacalia.com\/es\/villa-gladiolo-xabia-javea-h19643\" aria-label=\"Gladiolo\"><\/a>\n<\/div><div class=\"new-card-houses\">\n    <div class=\"likeOut likeDivOut\" style=\"display:none\">\n        <a data-id=\"3259\" class=\"likeOut_button_red likeBtnFav\"\n            aria-label=\"Megusta Vacalia\"><\/a>\n    <\/div>\n    <figure>\n        <img loading=\"lazy\" decoding=\"async\" \n            loading=\"lazy\" width=\"301\" height=\"200\"\n            src=\"\/\/media.vacalia.com\/photo\/reformatwebpfolder\/350\/200\/3259\/thumb-middle\/3259_c04f4bc50d7feb05cd12832d2286b9b6.webp?v=21092023\"\n            alt=\"Casa lea - Alquiler vacacional en Alcalal\u00ed\"\/>\n                                                                        <div class=\"circleDiscount\">-2%<\/div>\n                        <\/figure>\n    <p itemprop=\"address\"><i class=\"ico-marker\"><\/i>Alcalal\u00ed, Alicante<\/p>\n    <h3 itemprop=\"name\">Casa lea<\/h3>\n    <ul class=\"icon_list inline_list\">\n                              <li class=\"ico-pool\" title=\"Piscina\">\n              <span itemprop=\"amenityFeature\">Piscina<\/span>\n            <\/li>\n                      <li class=\"ico-airConditioning\" title=\"Aire Acondicionado\">\n              <span itemprop=\"amenityFeature\">Aire Acondicionado<\/span>\n            <\/li>\n                      <li class=\"ico-wifi\" title=\"Wifi\">\n              <span itemprop=\"amenityFeature\">Wifi<\/span>\n            <\/li>\n                      <li class=\"ico-pets\" title=\"Mascotas\">\n              <span itemprop=\"amenityFeature\">Mascotas<\/span>\n            <\/li>\n                          <li class=\"ico-guests\" title=\"Para 5 hu\u00e9spedes en Alcalal\u00ed.\">\n          <span itemprop=\"occupancy\">5<\/span>\n        <\/li>\n    <\/ul>\n            <span class=\"price\">Desde 209\u20ac \/ noche<\/span>\n                <a itemprop=\"url\" class=\"anchor\" href=\"https:\/\/www.vacalia.com\/es\/villa-casa-lea-alcalali-h23050\" aria-label=\"Casa lea\"><\/a>\n<\/div><\/div>\n","protected":false},"excerpt":{"rendered":"<p>Tenemos muy buena noticias para ti: las vacaciones est\u00e1n a la vuelta de la esquina. Puede que las veas muy lejos todav\u00eda, pero te recomendamos que no dejes pasar la oportunidad de planificar tus vacaciones con tiempo. <\/p>\n","protected":false},"author":2,"featured_media":3653,"comment_status":"closed","ping_status":"open","sticky":false,"template":"","format":"standard","meta":{"_monsterinsights_skip_tracking":false,"_monsterinsights_sitenote_active":false,"_monsterinsights_sitenote_note":"","_monsterinsights_sitenote_category":0,"footnotes":""},"categories":[1],"tags":[],"class_list":["post-3650","post","type-post","status-publish","format-standard","has-post-thumbnail","hentry","category-general-es"],"_links":{"self":[{"href":"https:\/\/www.vacalia.com\/blog\/wp-json\/wp\/v2\/posts\/3650"}],"collection":[{"href":"https:\/\/www.vacalia.com\/blog\/wp-json\/wp\/v2\/posts"}],"about":[{"href":"https:\/\/www.vacalia.com\/blog\/wp-json\/wp\/v2\/types\/post"}],"author":[{"embeddable":true,"href":"https:\/\/www.vacalia.com\/blog\/wp-json\/wp\/v2\/users\/2"}],"replies":[{"embeddable":true,"href":"https:\/\/www.vacalia.com\/blog\/wp-json\/wp\/v2\/comments?post=3650"}],"version-history":[{"count":2,"href":"https:\/\/www.vacalia.com\/blog\/wp-json\/wp\/v2\/posts\/3650\/revisions"}],"predecessor-version":[{"id":4703,"href":"https:\/\/www.vacalia.com\/blog\/wp-json\/wp\/v2\/posts\/3650\/revisions\/4703"}],"wp:featuredmedia":[{"embeddable":true,"href":"https:\/\/www.vacalia.com\/blog\/wp-json\/wp\/v2\/media\/3653"}],"wp:attachment":[{"href":"https:\/\/www.vacalia.com\/blog\/wp-json\/wp\/v2\/media?parent=3650"}],"wp:term":[{"taxonomy":"category","embeddable":true,"href":"https:\/\/www.vacalia.com\/blog\/wp-json\/wp\/v2\/categories?post=3650"},{"taxonomy":"post_tag","embeddable":true,"href":"https:\/\/www.vacalia.com\/blog\/wp-json\/wp\/v2\/tags?post=3650"}],"curies":[{"name":"wp","href":"https:\/\/api.w.org\/{rel}","templated":true}]}}