{"id":3660,"date":"2020-03-26T10:00:00","date_gmt":"2020-03-26T09:00:00","guid":{"rendered":"https:\/\/www.vacalia.com\/blog\/?p=3660"},"modified":"2024-02-14T15:30:21","modified_gmt":"2024-02-14T14:30:21","slug":"fincas-mallorca-8-personen","status":"publish","type":"post","link":"https:\/\/www.vacalia.com\/blog\/fincas-mallorca-8-personen\/","title":{"rendered":"Sch\u00f6ne Fincas auf Mallorca f\u00fcr 8 Personen"},"content":{"rendered":"\n<p>Sie haben eine <strong>gro\u00dfe Familie<\/strong> oder fahren gerne mit <strong>vielen Freunden<\/strong> in den Urlaub? Eine <strong>Finca auf Mallorca f\u00fcr 8 Personen<\/strong> bietet gen\u00fcgend Platz, um die ganze Truppe gem\u00fctlich unterzubringen. So k\u00f6nnen Sie Ihren <strong>n\u00e4chsten Urlaub mit all Ihren Liebsten in vollen Z\u00fcgen genie\u00dfen<\/strong>. Hier stellen wir Ihnen zwei unserer vielen Ferienh\u00e4user f\u00fcr gr\u00f6\u00dfere Gruppen vor.<\/p>\n\n\n\n<h2 class=\"wp-block-heading\">Unsere Villa \u201eCan Bolei\u201d in Sant Elm auf Mallorca<\/h2>\n\n\n\n<p>Diese <a href=\"https:\/\/www.vacalia.com\/de\/villa-mieten-can-bolei-andratx-h18750\">einzigartige Finca mit ihrem gro\u00dfen privaten Grundst\u00fcck<\/a> ist 1,5km vom <strong>kleinen beschaulichen Ort Sant Elm<\/strong> entfernt. Dieser liegt direkt an der <strong>Westk\u00fcste Mallorcas<\/strong> und bietet einen <strong>sch\u00f6nen Sandstrand, nette Restaurants und einen Supermarkt<\/strong>. Au\u00dferdem kann man von hier aus direkt auf das <strong>ber\u00fchmte Inselchen Sa Dragonera<\/strong>, das ein Naturschutzgebiet ist, \u00fcbersetzen oder in die Berge fahren.<\/p>\n\n\n\n<figure class=\"wp-block-image size-large\"><img fetchpriority=\"high\" decoding=\"async\" width=\"1024\" height=\"678\" src=\"https:\/\/www.vacalia.com\/blog\/wp-content\/uploads\/2020\/02\/casa-8-personas-1.jpg\" alt=\"Von der Terrasse der Finca \u201eCan Bolei\u201c auf Mallorca hat man einen herrlichen Ausblick auf den wundersch\u00f6nen gro\u00dfen Garten\" class=\"wp-image-3661\" srcset=\"https:\/\/www.vacalia.com\/blog\/wp-content\/uploads\/2020\/02\/casa-8-personas-1.jpg 1024w, https:\/\/www.vacalia.com\/blog\/wp-content\/uploads\/2020\/02\/casa-8-personas-1-300x199.jpg 300w, https:\/\/www.vacalia.com\/blog\/wp-content\/uploads\/2020\/02\/casa-8-personas-1-768x509.jpg 768w\" sizes=\"(max-width: 1024px) 100vw, 1024px\" \/><figcaption class=\"wp-element-caption\">Von der Terrasse der Finca \u201eCan Bolei\u201c auf Mallorca hat man einen herrlichen Ausblick auf den wundersch\u00f6nen gro\u00dfen Garten.<\/figcaption><\/figure>\n\n\n\n<p> Diese Finca auf Mallorca f\u00fcr 8 Personen verf\u00fcgt \u00fcber einen <strong>weitl\u00e4ufigen und \u00fcppigen Garten<\/strong> mit einem Brunnen gr\u00fcnen Wiesen und mediterranen Zypressen. Das Grundst\u00fcck liegt an einem Hang und bietet daher <strong>wundersch\u00f6ne Aussichten<\/strong> auf den umliegenden Wald. Genie\u00dfen Sie diesen traumhaften Blick von der <strong>weitl\u00e4ufigen Terrasse<\/strong> aus, auf der Sie im Schatten der B\u00e4ume Ihr Fr\u00fchst\u00fcck genie\u00dfen oder einfach <strong>am Pool relaxen<\/strong> k\u00f6nnen.<\/p>\n\n\n\n<figure class=\"wp-block-image size-large\"><img decoding=\"async\" width=\"1024\" height=\"678\" src=\"https:\/\/www.vacalia.com\/blog\/wp-content\/uploads\/2020\/02\/casa-8-personas-2.jpg\" alt=\"Das gem\u00fctliche Wohnzimmer der Villa \u201eCan Bolei\u201c ist im mallorquinischen Stil gehalten\" class=\"wp-image-3662\" srcset=\"https:\/\/www.vacalia.com\/blog\/wp-content\/uploads\/2020\/02\/casa-8-personas-2.jpg 1024w, https:\/\/www.vacalia.com\/blog\/wp-content\/uploads\/2020\/02\/casa-8-personas-2-300x199.jpg 300w, https:\/\/www.vacalia.com\/blog\/wp-content\/uploads\/2020\/02\/casa-8-personas-2-768x509.jpg 768w\" sizes=\"(max-width: 1024px) 100vw, 1024px\" \/><figcaption class=\"wp-element-caption\"> Das gem\u00fctliche Wohnzimmer der Villa \u201eCan Bolei\u201c ist im mallorquinischen Stil gehalten.<br><\/figcaption><\/figure>\n\n\n\n<p>Drei der <strong>vier Schlafzimmer<\/strong> befinden sich im <strong>Haupthaus der Finca<\/strong>, deren Wohnfl\u00e4che auf zwei Etagen aufgeteilt ist. Im Erdgeschoss finden Sie den <strong>gem\u00fctlichen Wohn- und Essbereich mit Holzofen<\/strong>, eine <strong>voll ausgestattete K\u00fcche<\/strong> und eins der Schlafzimmer mit Doppelbett. \u00dcber die Treppe gelangen Sie ins Obergeschoss, wo sich die beiden anderen Schlafzimmer, das erste mit Doppelbett und En-Suite Bad und das andere mit zwei Einzelbetten, sowie das Gemeinschaftsbad befinden. Das vierte Schlafzimmer liegt im <strong>Anbau und hat einen separaten Eingang<\/strong>. Zum Anbau geh\u00f6ren ein eigenes Badezimmer, ein Schlafzimmer mit Doppelbett und ein Holzofen.<\/p>\n\n\n\n<h2 class=\"wp-block-heading\">Unsere Finca \u201eVilla Gloria\u201d in Cala Pi auf Mallorca<\/h2>\n\n\n\n<p>Diese <a href=\"https:\/\/www.vacalia.com\/de\/villa-mieten-villa-gloria-llucmajor-h18312\">herrliche Villa f\u00fcr 8 Personen<\/a> liegt direkt an der <strong>idyllischen Bucht Cala Pi<\/strong> im S\u00fcden Mallorcas. Die kleine Bucht bietet einen <strong>sch\u00f6nen Sandstrand<\/strong> und der Ort selbst hat <strong>leckere Restaurants und Bars<\/strong>. Des Weiteren, kann man in dieser Gegend wundersch\u00f6ne K\u00fcstenwanderungen unternehmen.<\/p>\n\n\n\n<figure class=\"wp-block-image size-large\"><img decoding=\"async\" width=\"1024\" height=\"678\" src=\"https:\/\/www.vacalia.com\/blog\/wp-content\/uploads\/2020\/02\/casa-8-personas-3.jpg\" alt=\"Dank der \u00dcberdachung bleibt die gro\u00dfe Terrasse der Finca \u201eVilla Gloria\u201c auf Mallorca auch im Sommer sch\u00f6n k\u00fchl\" class=\"wp-image-3663\" srcset=\"https:\/\/www.vacalia.com\/blog\/wp-content\/uploads\/2020\/02\/casa-8-personas-3.jpg 1024w, https:\/\/www.vacalia.com\/blog\/wp-content\/uploads\/2020\/02\/casa-8-personas-3-300x199.jpg 300w, https:\/\/www.vacalia.com\/blog\/wp-content\/uploads\/2020\/02\/casa-8-personas-3-768x509.jpg 768w\" sizes=\"(max-width: 1024px) 100vw, 1024px\" \/><figcaption class=\"wp-element-caption\">Dank der \u00dcberdachung bleibt die gro\u00dfe Terrasse der Finca \u201eVilla Gloria\u201c auf Mallorca auch im Sommer sch\u00f6n k\u00fchl.<\/figcaption><\/figure>\n\n\n\n<p> Das Highlight dieser Villa ist die <strong>gro\u00dfe \u00fcberdachte Terrasse<\/strong>, die vor allem an den hei\u00dfen Sommertagen herrlich zum Verweilen einl\u00e4dt. Hier k\u00f6nnen Sie auf den <strong>gem\u00fctlichen Sofas<\/strong> etwas Ruhe finden, mit der ganzen Familie am langen Tisch essen und spielen oder etwas K\u00f6stliches auf dem <strong>Grill<\/strong> zaubern. Au\u00dferdem haben Sie einen sch\u00f6nen Blick auf den <strong>privaten Au\u00dfenbereich<\/strong> mit dem <strong>6m langen Pool<\/strong>.<\/p>\n\n\n\n<figure class=\"wp-block-image size-large\"><img loading=\"lazy\" decoding=\"async\" width=\"1024\" height=\"678\" src=\"https:\/\/www.vacalia.com\/blog\/wp-content\/uploads\/2020\/02\/casa-8-personas-4.jpg\" alt=\"Der freundliche Wohn- und Essbereich des Ferienhauses \u201eVilla Gloria\u201c auf Mallorca bietet einen Kamin f\u00fcr k\u00fchlere Abende\" class=\"wp-image-3664\" srcset=\"https:\/\/www.vacalia.com\/blog\/wp-content\/uploads\/2020\/02\/casa-8-personas-4.jpg 1024w, https:\/\/www.vacalia.com\/blog\/wp-content\/uploads\/2020\/02\/casa-8-personas-4-300x199.jpg 300w, https:\/\/www.vacalia.com\/blog\/wp-content\/uploads\/2020\/02\/casa-8-personas-4-768x509.jpg 768w\" sizes=\"(max-width: 1024px) 100vw, 1024px\" \/><figcaption class=\"wp-element-caption\">Der freundliche Wohn- und Essbereich des Ferienhauses \u201eVilla Gloria\u201c auf Mallorca bietet einen Kamin f\u00fcr k\u00fchlere Abende.<\/figcaption><\/figure>\n\n\n\n<p>Die <strong>Finca ist komplett renoviert<\/strong> und modern und freundlich eingerichtet. Der helle Wohn- und Essbereich bietet eine gem\u00fctliche <strong>Sofaecke mit Kamin<\/strong> und einen langen Esstisch, an dem die ganze Familie Platz findet. Die <strong>gro\u00dfz\u00fcgige K\u00fcche<\/strong> ist mit allen ben\u00f6tigten Utensilien ausgestattet und hat einen direkten Zugang zur Terrasse, so k\u00f6nnen Sie ganz ohne Probleme das Essen auf der Terrasse servieren. Im Obergeschoss befinden sich die <strong>vier Schlafzimmer <\/strong>und ein Badezimmer. Das <strong>Hauptschlafzimmer hat zu dem ein Ankleidezimmer und En-Suite Bad<\/strong>.<\/p>\n\n\n\n<h2 class=\"wp-block-heading\">Viele weitere Fincas auf Mallorca f\u00fcr 8 Personen<\/h2>\n\n\n\n<p>Bei Vacalia finden Sie immer die <strong>idealen Ferienh\u00e4user und Fincas<\/strong> f\u00fcr Ihren n\u00e4chsten Urlaub auf Mallorca. Egal ob Sie <strong>mit der<\/strong> <strong>ganzen Familie unterwegs<\/strong> sind oder <strong>einen Urlaub mit Freunden planen<\/strong>, wir bieten Fincas auf Mallorca f\u00fcr 8 Personen oder sogar gr\u00f6\u00dfere Gruppen, in denen alle ihren eigenen Platz haben.<\/p>\n\n\n<div class=\"bannerBlog\"><div class=\"new-card-houses\">\n    <div class=\"likeOut likeDivOut\" style=\"display:none\">\n        <a data-id=\"5017\" class=\"likeOut_button_red likeBtnFav\"\n            aria-label=\"Megusta Vacalia\"><\/a>\n    <\/div>\n    <figure>\n        <img loading=\"lazy\" decoding=\"async\" \n            loading=\"lazy\" width=\"301\" height=\"200\"\n            src=\"\/\/media.vacalia.com\/photo\/reformatwebpfolder\/350\/200\/5017\/thumb-middle\/5017_7b337684c0c62c751d945f3bb05c64cd.webp?v=21092023\"\n            alt=\"Gossalba - Ferienhaus auf Sant Joan\"\/>\n                                                                        <div class=\"circleDiscount\">-8%<\/div>\n                        <\/figure>\n    <p itemprop=\"address\"><i class=\"ico-marker\"><\/i>Sant Joan, Mallorca<\/p>\n    <h3 itemprop=\"name\">Gossalba<\/h3>\n    <ul class=\"icon_list inline_list\">\n                              <li class=\"ico-pool\" title=\"Pool\">\n              <span itemprop=\"amenityFeature\">Pool<\/span>\n            <\/li>\n                      <li class=\"ico-airConditioning\" title=\"Klimaanlage\">\n              <span itemprop=\"amenityFeature\">Klimaanlage<\/span>\n            <\/li>\n                      <li class=\"ico-wifi\" title=\"Wifi\">\n              <span itemprop=\"amenityFeature\">Wifi<\/span>\n            <\/li>\n                          <li class=\"ico-guests\" title=\"F\u00fcr 2 G\u00e4ste in Sant Joan.\">\n          <span itemprop=\"occupancy\">2<\/span>\n        <\/li>\n    <\/ul>\n            <span class=\"price\">Ab 118\u20ac \/ Nacht<\/span>\n                <a itemprop=\"url\" class=\"anchor\" href=\"https:\/\/www.vacalia.com\/de\/hotelzimmer-gossalba-sant-joan-h29341\" aria-label=\"Gossalba\"><\/a>\n<\/div><div class=\"new-card-houses\">\n    <div class=\"likeOut likeDivOut\" style=\"display:none\">\n        <a data-id=\"1763\" class=\"likeOut_button_red likeBtnFav\"\n            aria-label=\"Megusta Vacalia\"><\/a>\n    <\/div>\n    <figure>\n        <img loading=\"lazy\" decoding=\"async\" \n            loading=\"lazy\" width=\"301\" height=\"200\"\n            src=\"\/\/media.vacalia.com\/photo\/reformatwebpfolder\/350\/200\/1763\/thumb-middle\/1763_66873c0c2e6ddede903233b2c837eb50.webp?v=21092023\"\n            alt=\"Salzes 4 - Ferienhaus auf Port d&#039;Alc\u00fadia\"\/>\n                                                                        <div class=\"circleDiscount\">-10%<\/div>\n                        <\/figure>\n    <p itemprop=\"address\"><i class=\"ico-marker\"><\/i>Port d&#039;Alc\u00fadia, Mallorca<\/p>\n    <h3 itemprop=\"name\">Salzes 4<\/h3>\n    <ul class=\"icon_list inline_list\">\n                              <li class=\"ico-airConditioning\" title=\"Klimaanlage\">\n              <span itemprop=\"amenityFeature\">Klimaanlage<\/span>\n            <\/li>\n                      <li class=\"ico-wifi\" title=\"Wifi\">\n              <span itemprop=\"amenityFeature\">Wifi<\/span>\n            <\/li>\n                      <li class=\"ico-views\" title=\"Ausblick\">\n              <span itemprop=\"amenityFeature\">Ausblick<\/span>\n            <\/li>\n                          <li class=\"ico-guests\" title=\"F\u00fcr 4+1   G\u00e4ste in Port D&#039;alc\u00fadia.\">\n          <span itemprop=\"occupancy\">4+1  <\/span>\n        <\/li>\n    <\/ul>\n            <span class=\"price\">Ab 170\u20ac \/ Nacht<\/span>\n                <a itemprop=\"url\" class=\"anchor\" href=\"https:\/\/www.vacalia.com\/de\/ferienhaus-salzes-4-alcudia-h18609\" aria-label=\"Salzes 4\"><\/a>\n<\/div><\/div>\n","protected":false},"excerpt":{"rendered":"<p>Sie haben eine gro\u00dfe Familie oder fahren gerne mit vielen Freunden in den Urlaub?  Wir bieten ideale Fincas auf Mallorca f\u00fcr 8 Personen, damit Sie Ihren n\u00e4chsten Urlaub in vollen Z\u00fcgen genie\u00dfen k\u00f6nnen.<\/p>\n","protected":false},"author":2,"featured_media":3665,"comment_status":"closed","ping_status":"open","sticky":false,"template":"","format":"standard","meta":{"_monsterinsights_skip_tracking":false,"_monsterinsights_sitenote_active":false,"_monsterinsights_sitenote_note":"","_monsterinsights_sitenote_category":0,"footnotes":""},"categories":[40],"tags":[],"class_list":["post-3660","post","type-post","status-publish","format-standard","has-post-thumbnail","hentry","category-allgemein"],"_links":{"self":[{"href":"https:\/\/www.vacalia.com\/blog\/wp-json\/wp\/v2\/posts\/3660"}],"collection":[{"href":"https:\/\/www.vacalia.com\/blog\/wp-json\/wp\/v2\/posts"}],"about":[{"href":"https:\/\/www.vacalia.com\/blog\/wp-json\/wp\/v2\/types\/post"}],"author":[{"embeddable":true,"href":"https:\/\/www.vacalia.com\/blog\/wp-json\/wp\/v2\/users\/2"}],"replies":[{"embeddable":true,"href":"https:\/\/www.vacalia.com\/blog\/wp-json\/wp\/v2\/comments?post=3660"}],"version-history":[{"count":2,"href":"https:\/\/www.vacalia.com\/blog\/wp-json\/wp\/v2\/posts\/3660\/revisions"}],"predecessor-version":[{"id":4972,"href":"https:\/\/www.vacalia.com\/blog\/wp-json\/wp\/v2\/posts\/3660\/revisions\/4972"}],"wp:featuredmedia":[{"embeddable":true,"href":"https:\/\/www.vacalia.com\/blog\/wp-json\/wp\/v2\/media\/3665"}],"wp:attachment":[{"href":"https:\/\/www.vacalia.com\/blog\/wp-json\/wp\/v2\/media?parent=3660"}],"wp:term":[{"taxonomy":"category","embeddable":true,"href":"https:\/\/www.vacalia.com\/blog\/wp-json\/wp\/v2\/categories?post=3660"},{"taxonomy":"post_tag","embeddable":true,"href":"https:\/\/www.vacalia.com\/blog\/wp-json\/wp\/v2\/tags?post=3660"}],"curies":[{"name":"wp","href":"https:\/\/api.w.org\/{rel}","templated":true}]}}