{"id":3699,"date":"2020-03-05T10:00:00","date_gmt":"2020-03-05T09:00:00","guid":{"rendered":"https:\/\/www.vacalia.com\/blog\/?p=3699"},"modified":"2023-09-18T16:08:10","modified_gmt":"2023-09-18T14:08:10","slug":"schoenste-maerkte-mallorca","status":"publish","type":"post","link":"https:\/\/www.vacalia.com\/blog\/schoenste-maerkte-mallorca\/","title":{"rendered":"Die 8 sch\u00f6nsten M\u00e4rkte auf Mallorca"},"content":{"rendered":"\n<p>Die <strong>M\u00e4rkte auf Mallorca<\/strong> haben eine lange Tradition und sind der ideale Ort, um <strong>originale mallorquinische Produkte<\/strong> und <a href=\"https:\/\/www.vacalia.com\/blog\/souvenirs-malloca\/\">sch\u00f6ne Souvenirs<\/a> zu kaufen. Als Tourist lieben wir es, neben unserem Strandurlaub auch einige Eink\u00e4ufe zu erledigen. Aber nicht wie gewohnt in einem Einkaufszentrum, sondern ideal ist es <strong>M\u00e4rkte im Freien<\/strong> besuchen zu k\u00f6nnen. Es gibt nichts Besseres als gem\u00fctlich und entspannt durch die Stra\u00dfen zu schlendern und sich an den vielen St\u00e4nden umschauen zu k\u00f6nnen.<\/p>\n\n\n\n<figure class=\"wp-block-image size-large\"><img fetchpriority=\"high\" decoding=\"async\" width=\"1024\" height=\"678\" src=\"https:\/\/www.vacalia.com\/blog\/wp-content\/uploads\/2020\/02\/Vacalia_Foto-2_Mercados-Mallorca.jpg\" alt=\"Feiner K\u00e4se ist eines der Produkte, die Sie auf einem Markt auf Mallorca finden\" class=\"wp-image-3700\" srcset=\"https:\/\/www.vacalia.com\/blog\/wp-content\/uploads\/2020\/02\/Vacalia_Foto-2_Mercados-Mallorca.jpg 1024w, https:\/\/www.vacalia.com\/blog\/wp-content\/uploads\/2020\/02\/Vacalia_Foto-2_Mercados-Mallorca-300x199.jpg 300w, https:\/\/www.vacalia.com\/blog\/wp-content\/uploads\/2020\/02\/Vacalia_Foto-2_Mercados-Mallorca-768x509.jpg 768w\" sizes=\"(max-width: 1024px) 100vw, 1024px\" \/><figcaption class=\"wp-element-caption\">Feiner K\u00e4se ist eines der Produkte, die Sie auf einem Markt auf Mallorca finden.<\/figcaption><\/figure>\n\n\n\n<h2 class=\"wp-block-heading\">Der Mercat del Olivar<\/h2>\n\n\n\n<p>Der Mercat de l&#8217;Olivar ist <strong>Palmas<\/strong> wichtigster Lebensmittelmarkt und befindet sich im Zentrum der historischen Innenstadt Palmas. Die \u00d6ffnungszeiten sind <strong>montags bis samstags, von 7:00 Uhr \u2013 14:30 Uhr<\/strong>. Er besteht aus etwa 115 St\u00e4nden mit <strong>Produkten aller Art: Fisch und Meeresfr\u00fcchte, Wurstwaren, Oliven, Wein, Gew\u00fcrze, Obst, Geb\u00e4ck und Backwaren, K\u00fcchenutensilien, Pflanzen usw<\/strong>. Dieses breite Angebot zieht sowohl die Einheimischen als auch die neugierigen Touristen an. Neben den klassischen St\u00e4nden w\u00e4chst kontinuierlich eine neue Generation von H\u00e4ndlern heran, die an Ihren St\u00e4nden <strong>Getr\u00e4nke und anbieten<\/strong>, wie in einer kleinen Bar. Hier finden Sie sogar eine Sushi-Bar. Leckere H\u00e4ppchen f\u00fcr eine kleine Verst\u00e4rkung sind immer willkommen.<\/p>\n\n\n\n<h2 class=\"wp-block-heading\">Mercado de Art\u00e0<\/h2>\n\n\n\n<p>Dieser kleine Markt auf Mallorca in der Gemeinde <strong>Art\u00e0<\/strong> findet jeden <strong>Dienstagvormittag von 9:00 Uhr bis 14:00 Uhr<\/strong> statt. Der Markt liegt in der Fu\u00dfg\u00e4ngerzone Ciutat, auf der Plaza del Conqueridor und in einigen angrenzenden Stra\u00dfen und ist perfekt zum Einkaufen, Bummeln und St\u00f6bern. Sie finden viele St\u00e4nde mit <strong>handgefertigten Gegenst\u00e4nden<\/strong>, wie z. B. Schmuck oder Dekorationsgegenst\u00e4nde. Auch <strong>Kleidung und Pflanzen<\/strong> werden Sie hier finden k\u00f6nnen. Im \u00fcberdachten Teil des Marktes befinden sich die traditionellsten St\u00e4nde mit Gem\u00fcse, handgefertigtem Brot, Oliven, Fleisch und Fisch.<\/p>\n\n\n<div class=\"bannerBlog\"><div class=\"new-card-houses\">\n    <div class=\"likeOut likeDivOut\" style=\"display:none\">\n        <a data-id=\"3156\" class=\"likeOut_button_red likeBtnFav\"\n            aria-label=\"Megusta Vacalia\"><\/a>\n    <\/div>\n    <figure>\n        <img loading=\"lazy\" decoding=\"async\" \n            loading=\"lazy\" width=\"301\" height=\"200\"\n            src=\"\/\/media.vacalia.com\/photo\/reformatwebpfolder\/350\/200\/3156\/thumb-middle\/3156_deecc8ad639b53bee9ffb20c0858d73d.webp?v=21092023\"\n            alt=\"Bellpuig 4 - Ferienhaus auf Art\u00e0\"\/>\n                                                                        <div class=\"circleDiscount\">-5%<\/div>\n                        <\/figure>\n    <p itemprop=\"address\"><i class=\"ico-marker\"><\/i>Art\u00e0, Mallorca<\/p>\n    <h3 itemprop=\"name\">Bellpuig 4<\/h3>\n    <ul class=\"icon_list inline_list\">\n                              <li class=\"ico-pool\" title=\"Pool\">\n              <span itemprop=\"amenityFeature\">Pool<\/span>\n            <\/li>\n                      <li class=\"ico-wifi\" title=\"Wifi\">\n              <span itemprop=\"amenityFeature\">Wifi<\/span>\n            <\/li>\n                          <li class=\"ico-guests\" title=\"F\u00fcr 4 G\u00e4ste in Art\u00e0.\">\n          <span itemprop=\"occupancy\">4<\/span>\n        <\/li>\n    <\/ul>\n            <span class=\"price\">Ab 206\u20ac \/ Nacht<\/span>\n                <a itemprop=\"url\" class=\"anchor\" href=\"https:\/\/www.vacalia.com\/de\/villa-bellpuig-4-arta-h20598\" aria-label=\"Bellpuig 4\"><\/a>\n<\/div><div class=\"new-card-houses\">\n    <div class=\"likeOut likeDivOut\" style=\"display:none\">\n        <a data-id=\"5559\" class=\"likeOut_button_red likeBtnFav\"\n            aria-label=\"Megusta Vacalia\"><\/a>\n    <\/div>\n    <figure>\n        <img loading=\"lazy\" decoding=\"async\" \n            loading=\"lazy\" width=\"301\" height=\"200\"\n            src=\"\/\/media.vacalia.com\/photo\/reformatwebpfolder\/350\/200\/5559\/thumb-middle\/5559_b763a12d40fc61a666ad864704294353.webp?v=21092023\"\n            alt=\"Brisa marina - Ferienhaus auf Col\u00f2nia de Sant Pere\"\/>\n                                                                        <div class=\"circleDiscount\">-30%<\/div>\n                        <\/figure>\n    <p itemprop=\"address\"><i class=\"ico-marker\"><\/i>Col\u00f2nia de Sant Pere, Mallorca<\/p>\n    <h3 itemprop=\"name\">Brisa marina<\/h3>\n    <ul class=\"icon_list inline_list\">\n                              <li class=\"ico-airConditioning\" title=\"Klimaanlage\">\n              <span itemprop=\"amenityFeature\">Klimaanlage<\/span>\n            <\/li>\n                      <li class=\"ico-wifi\" title=\"Wifi\">\n              <span itemprop=\"amenityFeature\">Wifi<\/span>\n            <\/li>\n                      <li class=\"ico-views\" title=\"Ausblick\">\n              <span itemprop=\"amenityFeature\">Ausblick<\/span>\n            <\/li>\n                          <li class=\"ico-guests\" title=\"F\u00fcr 4 G\u00e4ste in Col\u00f2nia De Sant Pere.\">\n          <span itemprop=\"occupancy\">4<\/span>\n        <\/li>\n    <\/ul>\n            <span class=\"price\">Ab 91\u20ac \/ Nacht<\/span>\n                <a itemprop=\"url\" class=\"anchor\" href=\"https:\/\/www.vacalia.com\/de\/apartment-brisa-marina-arta-h31578\" aria-label=\"Brisa marina\"><\/a>\n<\/div><\/div>\n\n\n\n<h2 class=\"wp-block-heading\">Mercado de Sineu<\/h2>\n\n\n\n<p>Jeden <strong>Mittwoch von 8:00 bis 13:30<\/strong> Uhr l\u00e4dt die Stadt <strong>Sineu<\/strong> zum Wochenmarkt ein, zu dem Hunderte von Touristen aus der ganzen Insel auf den Marktplatz str\u00f6men. Der <strong>traditionelle Wochenmarkt<\/strong>, bei dem <strong>Bauern<\/strong> an ihren St\u00e4nden regionale und <strong>Bio-Produkte anbieten<\/strong>, ist eine gro\u00dfe Attraktion f\u00fcr Einheimische und Touristen. Die St\u00e4nde werden mit einer bunten Vielfalt aus z. B. <strong>Melonen, Tomaten, Auberginen, Paprikas und Zitrusfr\u00fcchten<\/strong> best\u00fcckt, w\u00e4hrend vom Standdach Zwiebel- und Knoblauchstr\u00e4nge herabh\u00e4ngen. Das Gem\u00fcse auf dem Markt wird zu g\u00fcnstigen Preisen angeboten. Im Zentrum des Marktes stehen auch <strong>Ziegen, Schafe und Gefl\u00fcgel zum Verkauf<\/strong>. Au\u00dferdem werden in einem <strong>separaten Bereich des Marktes T-Shirts, Souvenirs, handbemalte Keramik und Haushaltstextilien <\/strong>angeboten. In einer sch\u00f6nen Atmosph\u00e4re finden Sie auf diesem Markt auf Mallorca alles was Ihr Herz begehrt.<\/p>\n\n\n\n<figure class=\"wp-block-image size-large\"><img decoding=\"async\" width=\"1024\" height=\"678\" src=\"https:\/\/www.vacalia.com\/blog\/wp-content\/uploads\/2020\/02\/Vacalia_Foto-1_Mercados-Mallorca.jpg\" alt=\"Salz aus Mallorca an einem Marktstand in Sineu\" class=\"wp-image-3701\" srcset=\"https:\/\/www.vacalia.com\/blog\/wp-content\/uploads\/2020\/02\/Vacalia_Foto-1_Mercados-Mallorca.jpg 1024w, https:\/\/www.vacalia.com\/blog\/wp-content\/uploads\/2020\/02\/Vacalia_Foto-1_Mercados-Mallorca-300x199.jpg 300w, https:\/\/www.vacalia.com\/blog\/wp-content\/uploads\/2020\/02\/Vacalia_Foto-1_Mercados-Mallorca-768x509.jpg 768w\" sizes=\"(max-width: 1024px) 100vw, 1024px\" \/><figcaption class=\"wp-element-caption\">Salz aus Mallorca an einem Marktstand in Sineu.<\/figcaption><\/figure>\n\n\n<div class=\"bannerBlog\"><div class=\"new-card-houses\">\n    <div class=\"likeOut likeDivOut\" style=\"display:none\">\n        <a data-id=\"5188\" class=\"likeOut_button_red likeBtnFav\"\n            aria-label=\"Megusta Vacalia\"><\/a>\n    <\/div>\n    <figure>\n        <img loading=\"lazy\" decoding=\"async\" \n            loading=\"lazy\" width=\"301\" height=\"200\"\n            src=\"\/\/media.vacalia.com\/photo\/reformatwebpfolder\/350\/200\/5188\/thumb-middle\/5188_9b6cd7e6e12b32d94b55962a733b72c3.webp?v=21092023\"\n            alt=\"Cas catal\u00e0 - Ferienhaus auf Sineu\"\/>\n                                                                        <div class=\"circleDiscount\">-20%<\/div>\n                        <\/figure>\n    <p itemprop=\"address\"><i class=\"ico-marker\"><\/i>Sineu, Mallorca<\/p>\n    <h3 itemprop=\"name\">Cas catal\u00e0<\/h3>\n    <ul class=\"icon_list inline_list\">\n                              <li class=\"ico-pool\" title=\"Pool\">\n              <span itemprop=\"amenityFeature\">Pool<\/span>\n            <\/li>\n                      <li class=\"ico-airConditioning\" title=\"Klimaanlage\">\n              <span itemprop=\"amenityFeature\">Klimaanlage<\/span>\n            <\/li>\n                      <li class=\"ico-wifi\" title=\"Wifi\">\n              <span itemprop=\"amenityFeature\">Wifi<\/span>\n            <\/li>\n                          <li class=\"ico-guests\" title=\"F\u00fcr 2 G\u00e4ste in Sineu.\">\n          <span itemprop=\"occupancy\">2<\/span>\n        <\/li>\n    <\/ul>\n            <span class=\"price\">Ab 82\u20ac \/ Nacht<\/span>\n                <a itemprop=\"url\" class=\"anchor\" href=\"https:\/\/www.vacalia.com\/de\/hotelzimmer-cas-catala-sineu-h31427\" aria-label=\"Cas catal\u00e0\"><\/a>\n<\/div><div class=\"new-card-houses\">\n    <div class=\"likeOut likeDivOut\" style=\"display:none\">\n        <a data-id=\"3330\" class=\"likeOut_button_red likeBtnFav\"\n            aria-label=\"Megusta Vacalia\"><\/a>\n    <\/div>\n    <figure>\n        <img loading=\"lazy\" decoding=\"async\" \n            loading=\"lazy\" width=\"301\" height=\"200\"\n            src=\"\/\/media.vacalia.com\/photo\/reformatwebpfolder\/350\/200\/3330\/thumb-middle\/3330_029735bc1d7af0277ce314ce2b3e19a5.webp?v=21092023\"\n            alt=\"Es cocons - Ferienhaus auf Sineu\"\/>\n                                                                        <div class=\"circleDiscount\">-7%<\/div>\n                        <\/figure>\n    <p itemprop=\"address\"><i class=\"ico-marker\"><\/i>Sineu, Mallorca<\/p>\n    <h3 itemprop=\"name\">Es cocons<\/h3>\n    <ul class=\"icon_list inline_list\">\n                              <li class=\"ico-pool\" title=\"Pool\">\n              <span itemprop=\"amenityFeature\">Pool<\/span>\n            <\/li>\n                      <li class=\"ico-airConditioning\" title=\"Klimaanlage\">\n              <span itemprop=\"amenityFeature\">Klimaanlage<\/span>\n            <\/li>\n                      <li class=\"ico-wifi\" title=\"Wifi\">\n              <span itemprop=\"amenityFeature\">Wifi<\/span>\n            <\/li>\n                          <li class=\"ico-guests\" title=\"F\u00fcr 6 G\u00e4ste in Sineu.\">\n          <span itemprop=\"occupancy\">6<\/span>\n        <\/li>\n    <\/ul>\n            <span class=\"price\">Ab 186\u20ac \/ Nacht<\/span>\n                <a itemprop=\"url\" class=\"anchor\" href=\"https:\/\/www.vacalia.com\/de\/villa-es-cocons-sineu-h23355\" aria-label=\"Es cocons\"><\/a>\n<\/div><\/div>\n\n\n\n<h2 class=\"wp-block-heading\">Mercado Andratx<\/h2>\n\n\n\n<p><strong>Mittwochs von 8:00 bis 14:00 Uhr<\/strong> sind die Stra\u00dfen von <strong>Andratx<\/strong> mit St\u00e4nden gef\u00fcllt, die alle typischen Produkte anbieten, die man auf einem Markt auf Mallorca erwarten w\u00fcrde. Der Markt ist gro\u00df und der Marktplatz befindet sich direkt unter der Kirche. Sobald Sie den Markt betreten, werden Sie feststellen, dass <strong>die St\u00e4nde nach Produktbereichen organisiert sind.<\/strong> Eine der Stra\u00dfen ist voller frischem Obst und Gem\u00fcse und wenn Sie die n\u00e4chste Ecke oder Stra\u00dfe betreten, gibt es Kleidung und Schmuck und so weiter. Die zum Verkauf stehenden Produkte reichen von <strong>Blumen, Obst, Gem\u00fcse, Oliven, Brot, K\u00e4se, Fleisch und Fisch bis zu Lederwaren, Schuhen, Kleidung und Souvenirs.<\/strong> Entlang der Stra\u00dfen gibt es <strong>mehrere Caf\u00e9s und Restaurants<\/strong>, damit Sie an diesem Markttag auch eine Pause machen und das Leben auf der Stra\u00dfe genie\u00dfen k\u00f6nnen. Falls Sie mit dem Auto anreisen, <strong>gibt es mehrere Parkpl\u00e4tze<\/strong> in den Seitenstra\u00dfen, der N\u00e4he des Rathauses und der \u00f6rtlichen Polizeistation.<\/p>\n\n\n<div class=\"bannerBlog\"><div class=\"new-card-houses\">\n    <div class=\"likeOut likeDivOut\" style=\"display:none\">\n        <a data-id=\"2168\" class=\"likeOut_button_red likeBtnFav\"\n            aria-label=\"Megusta Vacalia\"><\/a>\n    <\/div>\n    <figure>\n        <img loading=\"lazy\" decoding=\"async\" \n            loading=\"lazy\" width=\"301\" height=\"200\"\n            src=\"\/\/media.vacalia.com\/photo\/reformatwebpfolder\/350\/200\/2168\/thumb-middle\/2168_ca675379a5eb47ed0e78c410570f49b0.webp?v=21092023\"\n            alt=\"Quinze germans - Ferienhaus auf Port d&#039;Andratx\"\/>\n                                                                        <div class=\"circleDiscount\">-10%<\/div>\n                        <\/figure>\n    <p itemprop=\"address\"><i class=\"ico-marker\"><\/i>Port d&#039;Andratx, Mallorca<\/p>\n    <h3 itemprop=\"name\">Quinze germans<\/h3>\n    <ul class=\"icon_list inline_list\">\n                              <li class=\"ico-airConditioning\" title=\"Klimaanlage\">\n              <span itemprop=\"amenityFeature\">Klimaanlage<\/span>\n            <\/li>\n                      <li class=\"ico-wifi\" title=\"Wifi\">\n              <span itemprop=\"amenityFeature\">Wifi<\/span>\n            <\/li>\n                          <li class=\"ico-guests\" title=\"F\u00fcr 4 G\u00e4ste in Port D&#039;andratx.\">\n          <span itemprop=\"occupancy\">4<\/span>\n        <\/li>\n    <\/ul>\n            <span class=\"price\">Ab 150\u20ac \/ Nacht<\/span>\n                <a itemprop=\"url\" class=\"anchor\" href=\"https:\/\/www.vacalia.com\/de\/ferienhaus-quinze-germans-andratx-h17631\" aria-label=\"Quinze germans\"><\/a>\n<\/div><div class=\"new-card-houses\">\n    <div class=\"likeOut likeDivOut\" style=\"display:none\">\n        <a data-id=\"3518\" class=\"likeOut_button_red likeBtnFav\"\n            aria-label=\"Megusta Vacalia\"><\/a>\n    <\/div>\n    <figure>\n        <img loading=\"lazy\" decoding=\"async\" \n            loading=\"lazy\" width=\"301\" height=\"200\"\n            src=\"\/\/media.vacalia.com\/photo\/reformatwebpfolder\/350\/200\/3518\/thumb-middle\/3518_9fe2988c0b3781325f8aef58092fcc34.webp?v=21092023\"\n            alt=\"Can pe\u00f1es - Ferienhaus auf Andratx\"\/>\n                                                                    <\/figure>\n    <p itemprop=\"address\"><i class=\"ico-marker\"><\/i>Andratx, Mallorca<\/p>\n    <h3 itemprop=\"name\">Can pe\u00f1es<\/h3>\n    <ul class=\"icon_list inline_list\">\n                              <li class=\"ico-pool\" title=\"Pool\">\n              <span itemprop=\"amenityFeature\">Pool<\/span>\n            <\/li>\n                      <li class=\"ico-wifi\" title=\"Wifi\">\n              <span itemprop=\"amenityFeature\">Wifi<\/span>\n            <\/li>\n                          <li class=\"ico-guests\" title=\"F\u00fcr 4 G\u00e4ste in Andratx.\">\n          <span itemprop=\"occupancy\">4<\/span>\n        <\/li>\n    <\/ul>\n            <span class=\"price\">Ab 143\u20ac \/ Nacht<\/span>\n                <a itemprop=\"url\" class=\"anchor\" href=\"https:\/\/www.vacalia.com\/de\/ferienhaus-can-penes-andratx-h24103\" aria-label=\"Can pe\u00f1es\"><\/a>\n<\/div><\/div>\n\n\n\n<h2 class=\"wp-block-heading\">Mercado Inca<\/h2>\n\n\n\n<p><strong>Jeden Donnerstag<\/strong> von 8:00 bis 14:00 Uhr findet unter freiem Himmel der ber\u00fchmte Inca-Markt statt, der gr\u00f6\u00dfte Markt auf Mallorca. Er breitet sich fast \u00fcber die gesamte Stadt aus, <strong>vom Bahnhof bis zur Plaza Mallorca<\/strong> und besteht derzeit aus \u00fcber <strong>246 St\u00e4nden<\/strong>. In einer sehr harmonischen und famili\u00e4ren Atmosph\u00e4re bieten zahlreiche H\u00e4ndler aus der ganzen Insel alles was Sie brauchen an, von <strong>Grundnahrungsmitteln<\/strong> bis hin zu im Moment angesagten Lebensmitteln. Hier finden Sie St\u00e4nde mit allerlei <strong>Kleidung, Accessoires und Schuhen, K\u00fcchenger\u00e4ten, Haushaltsartikeln, kleinen Werkzeugen, Blumen, N\u00fcssen und S\u00fc\u00dfigkeiten, Wurstwaren, K\u00e4sen und Weinen<\/strong> f\u00fcr einen exquisiten Gaumen. Besuchen Sie den beliebten Inca-Markt vom Anfang bis zum Ende, um sich nichts entgehen zu lassen.<\/p>\n\n\n\n<h2 class=\"wp-block-heading\">Mercado C\u00b4an Picafort<\/h2>\n\n\n\n<p>Der Markt von <strong>C\u2019an Picafort<\/strong> befindet sich in der Gegend von Son Baulo und findet jeden <strong>Freitag von 9.00 bis 14.00 Uhr<\/strong> statt. Er beginnt am Rathaus und geht bis zum Strand von Son Baulo. Es gibt <strong>viele Bars und Restaurants<\/strong> in der Gegend, in denen Sie einen Zwischenstopp machen k\u00f6nnen um etwas zu trinken oder auch zu essen. Dieser Markt auf Mallorca ist ziemlich lang und es dauert mindestens eine halbe Stunde, um Ihn vollst\u00e4ndig zu durchlaufen. Ein gro\u00dfes Sortiment anfrischen Produkten, wie<strong> Obst und Gem\u00fcse<\/strong>, und <strong>typische mallorquinische Wurstwaren, wie Sobrassada, K\u00e4se und Oliven<\/strong> sind hier aufzufinden. Sie k\u00f6nnen auch <strong>handgefertigte Keramikunikate und traditionelle Weidenk\u00f6rbe<\/strong> kaufen. Am Ende des Markts angelangt finden Sie St\u00e4nde mit einer gro\u00dfen Auswahl an Kleidung.<\/p>\n\n\n<div class=\"bannerBlog\"><div class=\"new-card-houses\">\n    <div class=\"likeOut likeDivOut\" style=\"display:none\">\n        <a data-id=\"4671\" class=\"likeOut_button_red likeBtnFav\"\n            aria-label=\"Megusta Vacalia\"><\/a>\n    <\/div>\n    <figure>\n        <img loading=\"lazy\" decoding=\"async\" \n            loading=\"lazy\" width=\"301\" height=\"200\"\n            src=\"\/\/media.vacalia.com\/photo\/reformatwebpfolder\/350\/200\/4671\/thumb-middle\/4671_ba62a093202de5f97b3be34acf6fc5e1.webp?v=21092023\"\n            alt=\"Joan - Ferienhaus auf Can Picafort\"\/>\n                                                                        <div class=\"circleDiscount\">-11%<\/div>\n                        <\/figure>\n    <p itemprop=\"address\"><i class=\"ico-marker\"><\/i>Can Picafort, Mallorca<\/p>\n    <h3 itemprop=\"name\">Joan<\/h3>\n    <ul class=\"icon_list inline_list\">\n                              <li class=\"ico-airConditioning\" title=\"Klimaanlage\">\n              <span itemprop=\"amenityFeature\">Klimaanlage<\/span>\n            <\/li>\n                      <li class=\"ico-wifi\" title=\"Wifi\">\n              <span itemprop=\"amenityFeature\">Wifi<\/span>\n            <\/li>\n                      <li class=\"ico-views\" title=\"Ausblick\">\n              <span itemprop=\"amenityFeature\">Ausblick<\/span>\n            <\/li>\n                          <li class=\"ico-guests\" title=\"F\u00fcr 6 G\u00e4ste in Can Picafort.\">\n          <span itemprop=\"occupancy\">6<\/span>\n        <\/li>\n    <\/ul>\n            <span class=\"price\">Ab 226\u20ac \/ Nacht<\/span>\n                <a itemprop=\"url\" class=\"anchor\" href=\"https:\/\/www.vacalia.com\/de\/ferienhaus-joan-santa-margalida-h27158\" aria-label=\"Joan\"><\/a>\n<\/div><div class=\"new-card-houses\">\n    <div class=\"likeOut likeDivOut\" style=\"display:none\">\n        <a data-id=\"4672\" class=\"likeOut_button_red likeBtnFav\"\n            aria-label=\"Megusta Vacalia\"><\/a>\n    <\/div>\n    <figure>\n        <img loading=\"lazy\" decoding=\"async\" \n            loading=\"lazy\" width=\"301\" height=\"200\"\n            src=\"\/\/media.vacalia.com\/photo\/reformatwebpfolder\/350\/200\/4672\/thumb-middle\/4672_5b967479fa8ca667695d89bb440cd275.webp?v=21092023\"\n            alt=\"Antonia - Ferienhaus auf Can Picafort\"\/>\n                                                                        <div class=\"circleDiscount\">-11%<\/div>\n                        <\/figure>\n    <p itemprop=\"address\"><i class=\"ico-marker\"><\/i>Can Picafort, Mallorca<\/p>\n    <h3 itemprop=\"name\">Antonia<\/h3>\n    <ul class=\"icon_list inline_list\">\n                              <li class=\"ico-airConditioning\" title=\"Klimaanlage\">\n              <span itemprop=\"amenityFeature\">Klimaanlage<\/span>\n            <\/li>\n                      <li class=\"ico-wifi\" title=\"Wifi\">\n              <span itemprop=\"amenityFeature\">Wifi<\/span>\n            <\/li>\n                      <li class=\"ico-views\" title=\"Ausblick\">\n              <span itemprop=\"amenityFeature\">Ausblick<\/span>\n            <\/li>\n                          <li class=\"ico-guests\" title=\"F\u00fcr 6 G\u00e4ste in Can Picafort.\">\n          <span itemprop=\"occupancy\">6<\/span>\n        <\/li>\n    <\/ul>\n            <span class=\"price\">Ab 226\u20ac \/ Nacht<\/span>\n                <a itemprop=\"url\" class=\"anchor\" href=\"https:\/\/www.vacalia.com\/de\/ferienhaus-antonia-santa-margalida-h27154\" aria-label=\"Antonia\"><\/a>\n<\/div><\/div>\n\n\n\n<h2 class=\"wp-block-heading\">Mercado de Santa Maria del Cam\u00ed<\/h2>\n\n\n\n<p>Etwa 10 Minuten mit dem Auto von Palma de Mallorca entfernt liegt <strong>Santa Maria del Cam\u00ed<\/strong>, wo jeden <strong>Sonntag von 9:00 bis 14:00<\/strong> Uhr <strong>einer der beliebtesten M\u00e4rkte auf Mallorca<\/strong> organisiert wird. Dieser Markt findet in der <strong>zentralen Pla\u00e7a Nova<\/strong> statt. Sie werden von allem etwas finden, von St\u00e4nden mit <strong>Lebensmitteln, wie W\u00fcrsten oder Gem\u00fcse, bis hin zu typischen lokalen Tonwaren<\/strong>. Das Bemerkenswerteste ist jedoch der <strong>Bio-Markt<\/strong>, der sich im Inneren des Marktes von Santa Maria del Cam\u00ed befindet. Die Verk\u00e4ufer bieten Ihre <strong>Produkte aus biologischem Anbau<\/strong> an, wie z. B. <strong>Brot, Wein, Marmelade oder K\u00e4se<\/strong> &#8211; und alle mit Bio-Zertifizierung.<\/p>\n\n\n\n<h2 class=\"wp-block-heading\">Mercado Alc\u00fadia<\/h2>\n\n\n\n<p>Der Markt in <a href=\"https:\/\/www.vacalia.com\/blog\/was-man-in-alcudia-und-umgebung-unternehmen-kann\/\"><strong>Alc\u00fadia<\/strong><\/a> ist einer der <strong>wichtigsten und einzigartigsten auf Mallorca<\/strong>, da er neben den Mauern und rund um die alte r\u00f6mische Stadt Pol-l\u00e8ntia (Pollentia) stattfindet. Seine mehr als <strong>400 St\u00e4nde<\/strong> erstrecken sich \u00fcber das gesamte historische Zentrum der Stadt Alc\u00fadia. Die St\u00e4nde bieten allerlei Sachen an, unter anderem <strong>handgemachte Artikel, wie z. B. Seifen, Schmuck und Lederartikel. <\/strong>Auch der Verkauf von <strong>Obst und Gem\u00fcse<\/strong> sowie <strong>Geb\u00e4ck und S\u00fc\u00dfigkeiten<\/strong> darf hier nicht fehlen. Es gibt <strong>viele Restaurants und Caf\u00e9s<\/strong> in der Stadt, in denen man einen Snack oder ein komplettes Men\u00fc genie\u00dfen kann. Der Markt findet jeden <strong>Dienstag und Sonntag von 8 bis 13.30 Uhr<\/strong> statt.<\/p>\n\n\n\n<figure class=\"wp-block-image size-large\"><img decoding=\"async\" width=\"1024\" height=\"678\" src=\"https:\/\/www.vacalia.com\/blog\/wp-content\/uploads\/2020\/02\/Vacalia_Foto-3_Mercados-Mallorca.jpg\" alt=\"Der Mercado Alc\u00fadia bietet viel an Lederwaren\" class=\"wp-image-3702\" srcset=\"https:\/\/www.vacalia.com\/blog\/wp-content\/uploads\/2020\/02\/Vacalia_Foto-3_Mercados-Mallorca.jpg 1024w, https:\/\/www.vacalia.com\/blog\/wp-content\/uploads\/2020\/02\/Vacalia_Foto-3_Mercados-Mallorca-300x199.jpg 300w, https:\/\/www.vacalia.com\/blog\/wp-content\/uploads\/2020\/02\/Vacalia_Foto-3_Mercados-Mallorca-768x509.jpg 768w\" sizes=\"(max-width: 1024px) 100vw, 1024px\" \/><figcaption class=\"wp-element-caption\">Der Mercado Alc\u00fadia bietet viel an Lederwaren.<\/figcaption><\/figure>\n\n\n\n<p>Befinden Sie sich gerade auf dieser sch\u00f6nen Baleareninsel? Dann nutzen Sie die Gelegenheit, um einen dieser M\u00e4rkte auf Mallorca zu besuchen. <strong>Fast jede Stadt hat einen Wochenmarkt,<\/strong> der jeweils an einem anderen Wochentag stattfindet. Das bedeutet, dass Sie mehr als eine Gelegenheit haben werden, verschiede M\u00e4rkte zu besuchen. Es lohnt sich! Und wenn Sie noch in der Vorbereitung Ihres n\u00e4chsten Mallorcaurlaubs sind, dann <strong>planen Sie einen Ausflug auf einen Markt.<\/strong> Besuchen Sie unsere Website bei Ihrer Suche nach einer Unterkunft f\u00fcr Ihren n\u00e4chsten <strong>Urlaub auf Mallorca<\/strong> und entdecken Sie die <strong>unglaublichen Ferienh\u00e4user von Vacalia<\/strong>. <\/p>\n\n\n<div class=\"bannerBlog\"><div class=\"new-card-houses\">\n    <div class=\"likeOut likeDivOut\" style=\"display:none\">\n        <a data-id=\"2947\" class=\"likeOut_button_red likeBtnFav\"\n            aria-label=\"Megusta Vacalia\"><\/a>\n    <\/div>\n    <figure>\n        <img loading=\"lazy\" decoding=\"async\" \n            loading=\"lazy\" width=\"301\" height=\"200\"\n            src=\"\/\/media.vacalia.com\/photo\/reformatwebpfolder\/350\/200\/2947\/thumb-middle\/2947_8ca1fef24864421011b7802d285cb521.webp?v=21092023\"\n            alt=\"Villa can torrens - Ferienhaus auf Port d&#039;Alc\u00fadia\"\/>\n                                                                        <div class=\"circleDiscount\">-4%<\/div>\n                        <\/figure>\n    <p itemprop=\"address\"><i class=\"ico-marker\"><\/i>Port d&#039;Alc\u00fadia, Mallorca<\/p>\n    <h3 itemprop=\"name\">Villa can torrens<\/h3>\n    <ul class=\"icon_list inline_list\">\n                              <li class=\"ico-pool\" title=\"Pool\">\n              <span itemprop=\"amenityFeature\">Pool<\/span>\n            <\/li>\n                      <li class=\"ico-airConditioning\" title=\"Klimaanlage\">\n              <span itemprop=\"amenityFeature\">Klimaanlage<\/span>\n            <\/li>\n                      <li class=\"ico-wifi\" title=\"Wifi\">\n              <span itemprop=\"amenityFeature\">Wifi<\/span>\n            <\/li>\n                      <li class=\"ico-views\" title=\"Ausblick\">\n              <span itemprop=\"amenityFeature\">Ausblick<\/span>\n            <\/li>\n                          <li class=\"ico-guests\" title=\"F\u00fcr 10 G\u00e4ste in Port D&#039;alc\u00fadia.\">\n          <span itemprop=\"occupancy\">10<\/span>\n        <\/li>\n    <\/ul>\n            <span class=\"price\">Ab 725\u20ac \/ Nacht<\/span>\n                <a itemprop=\"url\" class=\"anchor\" href=\"https:\/\/www.vacalia.com\/de\/villa-villa-can-torrens-alcudia-h20001\" aria-label=\"Villa can torrens\"><\/a>\n<\/div><div class=\"new-card-houses\">\n    <div class=\"likeOut likeDivOut\" style=\"display:none\">\n        <a data-id=\"1758\" class=\"likeOut_button_red likeBtnFav\"\n            aria-label=\"Megusta Vacalia\"><\/a>\n    <\/div>\n    <figure>\n        <img loading=\"lazy\" decoding=\"async\" \n            loading=\"lazy\" width=\"301\" height=\"200\"\n            src=\"\/\/media.vacalia.com\/photo\/reformatwebpfolder\/350\/200\/1758\/thumb-middle\/1758_573a24dfcfd06cb5efb4c2ef271124ec.webp?v=21092023\"\n            alt=\"Sun of the bay 1 (b3 - a1) - Ferienhaus auf Port d&#039;Alc\u00fadia\"\/>\n                                                                        <div class=\"circleDiscount\">-9%<\/div>\n                        <\/figure>\n    <p itemprop=\"address\"><i class=\"ico-marker\"><\/i>Port d&#039;Alc\u00fadia, Mallorca<\/p>\n    <h3 itemprop=\"name\">Sun of the bay 1 (b3 - a1)<\/h3>\n    <ul class=\"icon_list inline_list\">\n                              <li class=\"ico-airConditioning\" title=\"Klimaanlage\">\n              <span itemprop=\"amenityFeature\">Klimaanlage<\/span>\n            <\/li>\n                      <li class=\"ico-wifi\" title=\"Wifi\">\n              <span itemprop=\"amenityFeature\">Wifi<\/span>\n            <\/li>\n                      <li class=\"ico-views\" title=\"Ausblick\">\n              <span itemprop=\"amenityFeature\">Ausblick<\/span>\n            <\/li>\n                          <li class=\"ico-guests\" title=\"F\u00fcr 4 G\u00e4ste in Port D&#039;alc\u00fadia.\">\n          <span itemprop=\"occupancy\">4<\/span>\n        <\/li>\n    <\/ul>\n            <span class=\"price\">Ab 200\u20ac \/ Nacht<\/span>\n                <a itemprop=\"url\" class=\"anchor\" href=\"https:\/\/www.vacalia.com\/de\/apartment-sun-of-the-bay-1-b3-a1-alcudia-h20220\" aria-label=\"Sun of the bay 1 (b3 - a1)\"><\/a>\n<\/div><\/div>\n","protected":false},"excerpt":{"rendered":"<p>Verpassen Sie w\u00e4hrend Ihres Urlaubes nicht die sch\u00f6nen traditionellen M\u00e4rkte auf Mallorca. Mischen Sie sich unter die Einheimischen und genie\u00dfen Sie die tolle und entspannte Atmosph\u00e4re.<\/p>\n","protected":false},"author":2,"featured_media":3704,"comment_status":"closed","ping_status":"open","sticky":false,"template":"","format":"standard","meta":{"_monsterinsights_skip_tracking":false,"_monsterinsights_sitenote_active":false,"_monsterinsights_sitenote_note":"","_monsterinsights_sitenote_category":0,"footnotes":""},"categories":[40],"tags":[],"class_list":["post-3699","post","type-post","status-publish","format-standard","has-post-thumbnail","hentry","category-allgemein"],"_links":{"self":[{"href":"https:\/\/www.vacalia.com\/blog\/wp-json\/wp\/v2\/posts\/3699"}],"collection":[{"href":"https:\/\/www.vacalia.com\/blog\/wp-json\/wp\/v2\/posts"}],"about":[{"href":"https:\/\/www.vacalia.com\/blog\/wp-json\/wp\/v2\/types\/post"}],"author":[{"embeddable":true,"href":"https:\/\/www.vacalia.com\/blog\/wp-json\/wp\/v2\/users\/2"}],"replies":[{"embeddable":true,"href":"https:\/\/www.vacalia.com\/blog\/wp-json\/wp\/v2\/comments?post=3699"}],"version-history":[{"count":4,"href":"https:\/\/www.vacalia.com\/blog\/wp-json\/wp\/v2\/posts\/3699\/revisions"}],"predecessor-version":[{"id":4454,"href":"https:\/\/www.vacalia.com\/blog\/wp-json\/wp\/v2\/posts\/3699\/revisions\/4454"}],"wp:featuredmedia":[{"embeddable":true,"href":"https:\/\/www.vacalia.com\/blog\/wp-json\/wp\/v2\/media\/3704"}],"wp:attachment":[{"href":"https:\/\/www.vacalia.com\/blog\/wp-json\/wp\/v2\/media?parent=3699"}],"wp:term":[{"taxonomy":"category","embeddable":true,"href":"https:\/\/www.vacalia.com\/blog\/wp-json\/wp\/v2\/categories?post=3699"},{"taxonomy":"post_tag","embeddable":true,"href":"https:\/\/www.vacalia.com\/blog\/wp-json\/wp\/v2\/tags?post=3699"}],"curies":[{"name":"wp","href":"https:\/\/api.w.org\/{rel}","templated":true}]}}