{"id":3706,"date":"2020-03-24T10:00:00","date_gmt":"2020-03-24T09:00:00","guid":{"rendered":"https:\/\/www.vacalia.com\/blog\/?p=3706"},"modified":"2024-02-14T15:30:04","modified_gmt":"2024-02-14T14:30:04","slug":"osterprozessionen-mallorca","status":"publish","type":"post","link":"https:\/\/www.vacalia.com\/blog\/osterprozessionen-mallorca\/","title":{"rendered":"Osterprozessionen auf Mallorca"},"content":{"rendered":"\n<p>Mallorca ist das ganze Jahr \u00fcber ein sch\u00f6nes Urlaubsziel. Jedoch ist die <strong>Osterzeit eine ganz besonders interessante Epoche im Jahr<\/strong>. Neben dem sch\u00f6nen fr\u00fchlingshaften Wetter, umh\u00fcllt die Karwoche, also die Woche vor Ostern, eine ganz <strong>besondere Atmosph\u00e4re<\/strong>. Die sogenannte \u201e<strong>Semana Santa<\/strong>\u201c, zu Deutsch \u201eheilige Woche\u201c, ist das h\u00f6chste christliche Fest in Spanien und wird dem geb\u00fchrend auch ausgiebig gefeiert. Anders als in Deutschland bringt der Osterhase hier keine bunten Eier, sondern es gibt verschiedene <strong>Osterprozessionen und Schauspiele rund um das Leiden Christi <\/strong>vor seinem Tod. Dies h\u00f6rt sich vielleicht ein wenig morbide an, jedoch haben die <strong>tragenden Umz\u00fcge etwas Mystisches<\/strong> und sind auf jeden Fall einen Besuch wert \u2013 auch wenn sie Ostern auf Mallorca mit Kindern verbringen.<\/p>\n\n\n\n<figure class=\"wp-block-image size-large\"><img fetchpriority=\"high\" decoding=\"async\" width=\"1024\" height=\"678\" src=\"https:\/\/www.vacalia.com\/blog\/wp-content\/uploads\/2020\/02\/prozessionen-4.jpg\" alt=\"Die Osterprozessionen auf Mallorca tauchen die Stra\u00dfen in eine and\u00e4chtige Stimmung\" class=\"wp-image-3707\" srcset=\"https:\/\/www.vacalia.com\/blog\/wp-content\/uploads\/2020\/02\/prozessionen-4.jpg 1024w, https:\/\/www.vacalia.com\/blog\/wp-content\/uploads\/2020\/02\/prozessionen-4-300x199.jpg 300w, https:\/\/www.vacalia.com\/blog\/wp-content\/uploads\/2020\/02\/prozessionen-4-768x509.jpg 768w\" sizes=\"(max-width: 1024px) 100vw, 1024px\" \/><figcaption class=\"wp-element-caption\">Die Osterprozessionen auf Mallorca tauchen die Stra\u00dfen in eine and\u00e4chtige Stimmung.<\/figcaption><\/figure>\n\n\n\n<h2 class=\"wp-block-heading\">Geschichte und Traditionen der Osterprozessionen auf Mallorca<\/h2>\n\n\n\n<p>Die Osterprozessionen auf Mallorca \u2013 und in ganz Spanien \u2013 haben eine lange Tradition. Auf der Baleareninsel wird jedoch darauf geachtet, dass <strong>die Osterprozessionen nach Inseltradition stumm verlaufen oder nur mit Trommeln und Blasinstrumenten begleitet werden<\/strong>. Hier wird man anders als in Andalusien die lauten Klageges\u00e4nge vermissen.<\/p>\n\n\n\n<h3 class=\"wp-block-heading\">Die <strong>Cofrad\u00edas <\/strong>organisieren die Osterprozessionen auf Mallorca<\/h3>\n\n\n\n<p>Die <strong>Cofrad\u00edas sind Bruderschaften<\/strong>, die sich um die Organisation der Osterprozessionen k\u00fcmmern. Sie <strong>pflegen die Heiligenstatuen<\/strong> und tragen diese w\u00e4hrend der Umz\u00fcge durch die Stra\u00dfen. Allein in Mallorcas Hauptstadt gibt es <strong>33 verschiedene Bruderschaften<\/strong>, die in den Tagen der Karwoche in immer wechselnden Reihenfolgen und Zusammensetzungen in verschiedenen Kirchen losziehen. Die verschiedenen Cofrad\u00edas k\u00f6nnen Sie an den unterschiedlichen Gew\u00e4ndern erkennen. Viele von ihnen k\u00f6nnen auf eine <strong>lange Tradition <\/strong>zur\u00fcckblicken. Die <strong>\u00e4lteste Bruderschaft Mallorcas<\/strong> wurde bereits <strong>1902<\/strong> gegr\u00fcndet. Auch im katholischen Spanien fehlt es der Kirche oft an Nachwuchs, anders aber bei den Cofrad\u00edas. Bei den Prozessionen sind viele Kinder dabei. Sie tragen noch keine Kapuzen und helfen im Voraus mit den Vorbereitungen, wie dem Schm\u00fccken der Heiligenstatuen, der so genannten <strong>Pasos.<\/strong><\/p>\n\n\n\n<figure class=\"wp-block-image size-large\"><img decoding=\"async\" width=\"1024\" height=\"678\" src=\"https:\/\/www.vacalia.com\/blog\/wp-content\/uploads\/2020\/02\/prozessionen-2.jpg\" alt=\"Die Gew\u00e4nder der Osterprozessionen auf Mallorca haben eine lange Tradition\" class=\"wp-image-3708\" srcset=\"https:\/\/www.vacalia.com\/blog\/wp-content\/uploads\/2020\/02\/prozessionen-2.jpg 1024w, https:\/\/www.vacalia.com\/blog\/wp-content\/uploads\/2020\/02\/prozessionen-2-300x199.jpg 300w, https:\/\/www.vacalia.com\/blog\/wp-content\/uploads\/2020\/02\/prozessionen-2-768x509.jpg 768w\" sizes=\"(max-width: 1024px) 100vw, 1024px\" \/><figcaption class=\"wp-element-caption\">Die Gew\u00e4nder der Osterprozessionen auf Mallorca haben eine lange Tradition.<\/figcaption><\/figure>\n\n\n\n<h3 class=\"wp-block-heading\"><strong>Gew\u00e4nder<\/strong> der Teilnehmer der Osterprozessionen auf Mallorca<\/h3>\n\n\n\n<p>Die von den B\u00fc\u00dfern getragenen Gew\u00e4nder sind eines der Details, das bei vielen Touristen die meiste Aufmerksamkeit erregt. Teilnehmer der verschiedenen Bruderschaften tragen <strong>lange Kutten und spitze Kapuzen (die Capirote),<\/strong> die das ganze Gesicht bedecken und nur mit zwei Augenschlitzen ausgestatten sind. Die verbl\u00fcffende \u00c4hnlichkeit zu den Gew\u00e4ndern des Ku-Klux-Klan bringt viele Zugereiste ins Staunen. Jedoch ist dies nicht der Fall! Die Kost\u00fcme stammen aus dem <strong>15. Jahrhundert<\/strong>, als zu Zeiten der spanischen Inquisition die Ketzer mit solchen Kapuzen durch die Stra\u00dfen gef\u00fchrt wurden. So bleiben die B\u00fc\u00dfer und S\u00fcndiger unerkannt. <\/p>\n\n\n\n<p><strong>Jede Bruderschaft hat ihre eigene Farbkombination<\/strong>. Manche tragen komplett wei\u00dfe Gew\u00e4nder, manche haben farbige Kapuzen und andere wei\u00dfe Kapuzen \u00fcber schwarzen Gew\u00e4ndern. Au\u00dferdem kommen noch Handschuhe, Tragegurte und Kapuzenpolsterungen hinzu, sodass man am Ende f\u00fcr das ganze B\u00fc\u00dfergewand auf einen stolzen Preis kommen kann. Andere gehen noch einen Schritt weiter und laufen <strong>barfu\u00df und mit schweren Ketten an den Kn\u00f6cheln<\/strong> durch die Stra\u00dfen.<\/p>\n\n\n\n<h3 class=\"wp-block-heading\">Die <strong>Pasos<\/strong> werden w\u00e4hrend der Osterprozessionen auf Mallorca durch die Stra\u00dfen getragen.<\/h3>\n\n\n\n<p>Die so genannten <strong>Pasos sind sie Heiligenstatuen<\/strong>, die auf <strong>geschm\u00fcckten Wagen<\/strong> w\u00e4hrend den Osterprozessionen auf Mallorca durch die Stra\u00dfen getragen werden. Dies ist im Generellen keine leichte Aufgabe und erfordert viel Vorbereitung, Pflege und auch k\u00f6rperliche Anstrengung, denn <strong>viele Pasos werden gemeinsam auf den Schultern mehrerer Teilnehmer einer Bruderschaft getragen<\/strong>. Dazu brauchen sie \u00dcbung und Durchhalteverm\u00f6gen, da einige Pasos unwahrscheinlich schwer sind und im <strong>Gleichschritt<\/strong> getragen werden m\u00fcssen, damit nichts wackeln und umfallen kann. In den Tagen vor den Umz\u00fcgen werden die Heiligenfiguren abgestaubt, die Kleidung Marias wird aufgeb\u00fcgelt und die vergoldeten Wagen werden poliert und mit Blumenschmuck und Kerzen versehen.<\/p>\n\n\n\n<figure class=\"wp-block-image size-large\"><img decoding=\"async\" width=\"1024\" height=\"678\" src=\"https:\/\/www.vacalia.com\/blog\/wp-content\/uploads\/2020\/02\/prozessionen-1.jpg\" alt=\"Viele Osterprozessionen auf Mallorca werden sogar im Fernsehen \u00fcbertragen\" class=\"wp-image-3709\" srcset=\"https:\/\/www.vacalia.com\/blog\/wp-content\/uploads\/2020\/02\/prozessionen-1.jpg 1024w, https:\/\/www.vacalia.com\/blog\/wp-content\/uploads\/2020\/02\/prozessionen-1-300x199.jpg 300w, https:\/\/www.vacalia.com\/blog\/wp-content\/uploads\/2020\/02\/prozessionen-1-768x509.jpg 768w\" sizes=\"(max-width: 1024px) 100vw, 1024px\" \/><figcaption class=\"wp-element-caption\">Viele Osterprozessionen auf Mallorca werden sogar im Fernsehen \u00fcbertragen.<\/figcaption><\/figure>\n\n\n\n<h2 class=\"wp-block-heading\">Die wichtigsten Termine und Osterprozessionen auf Mallorca<\/h2>\n\n\n\n<p>Neben den Osterprozessionen gibt es noch weitere Traditionen, die Sie nicht in der Karwoche verpassen sollten. Wie es von einem <strong>katholischen Fest<\/strong> zu erwarten ist, finden die ganze Woche zahlreiche <strong>Messen und Gottesdienste<\/strong> statt. Der ber\u00fchmteste Gottesdienst ist die <strong>Ostersonntagsmesse in der Kathedrale in Palma<\/strong>, an der auch die <strong>spanische K\u00f6nigsfamilie<\/strong> traditionsgem\u00e4\u00df teilnimmt.<\/p>\n\n\n\n<p>Des Weiteren, wird in vielen Gemeinden die <strong>Passionsgeschichte Christi<\/strong> mit Schauspielern nachgestellt. Dies kann manch einmal sehr realistisch mit viel Blut geschehen, erkundigen Sie sich also vorher, wenn Sie mit kleinen Kindern unterwegs sind.<\/p>\n\n\n\n<p>Die gr\u00f6\u00dften und wichtigsten Schauspiele und Umz\u00fcge finden in der Hauptstadt der Insel statt, jedoch gibt es einige weitere Orte, die sich lohnen in der Osterzeit besucht zu werden. Hier geben Wir Ihnen einen kleinen <strong>\u00dcberblick \u00fcber die sch\u00f6nsten und wichtigsten Traditionen und Osterprozessionen auf Mallorca<\/strong>.<\/p>\n\n\n\n<h3 class=\"wp-block-heading\">Die Osterprozessionen auf Mallorca am <strong>Gr\u00fcndonnerstag<\/strong><\/h3>\n\n\n\n<p>Einer der bekanntesten und meist besuchten Umz\u00fcge der Insel findet nat\u00fcrlich in der Hauptstadt der Insel <strong>Palma de Mallorca<\/strong> statt. An der \u201e<strong>Prozession vom heiligen Blut Christus<\/strong>\u201c nehmen alle Bruderschaften der Stadt teil und dem entsprechend lange dauert sie auch. So tragen sie die <strong>meist verehrte Figur der Insel \u201eCristo de la Sang\u201c<\/strong> w\u00e4hrend mehrerer Stunden durch die Stra\u00dfen der Altstadt, bis sie <strong>schlussendlich in der Kathedrale einziehen<\/strong>.<\/p>\n\n\n\n<h3 class=\"wp-block-heading\">Die Osterprozessionen auf Mallorca am <strong>Karfreitag<\/strong><\/h3>\n\n\n\n<p>Neben den Prozessionen finden am Karfreitag auch die sogenannten \u201e<strong>Kreuzabnahmen<\/strong>\u201c (Devallament) statt. Die beeindruckenste Kreuzabnahmen kann man in <strong>Polenca<\/strong> bewundern. Hier wird die <strong>Christusfigur in der Kirche auf dem Kavalierberg vom Kreuz genommen<\/strong> und die 365 Stufen hinunter in die Kirche des Orts getragen. Die Treppe ist ges\u00e4umt von Teilnehmern der Bruderschaften. Das ganze Specktakel wird <strong>schweigend und im Fackelschein<\/strong> vollzogen.<\/p>\n\n\n\n<figure class=\"wp-block-image size-large\"><img loading=\"lazy\" decoding=\"async\" width=\"1024\" height=\"678\" src=\"https:\/\/www.vacalia.com\/blog\/wp-content\/uploads\/2020\/02\/prozessionen-3.jpg\" alt=\"Die Prozession \u201eCrist de Santa Creu\u201c in Palma de Mallorca findet nach Sonnenuntergang statt\" class=\"wp-image-3710\" srcset=\"https:\/\/www.vacalia.com\/blog\/wp-content\/uploads\/2020\/02\/prozessionen-3.jpg 1024w, https:\/\/www.vacalia.com\/blog\/wp-content\/uploads\/2020\/02\/prozessionen-3-300x199.jpg 300w, https:\/\/www.vacalia.com\/blog\/wp-content\/uploads\/2020\/02\/prozessionen-3-768x509.jpg 768w\" sizes=\"(max-width: 1024px) 100vw, 1024px\" \/><figcaption class=\"wp-element-caption\">Die Prozession \u201eCrist de Santa Creu\u201c in Palma de Mallorca findet nach Sonnenuntergang statt.<\/figcaption><\/figure>\n\n\n\n<h3 class=\"wp-block-heading\">Die Osterprozessionen auf Mallorca am <strong>Ostersonntag<\/strong><\/h3>\n\n\n\n<p>Osterprozessionen enden traditionsgem\u00e4\u00df am <strong>Morgen des Ostersonntags<\/strong> noch vor der Ostermesse mit der \u201e<strong>L\u2019Encontre<\/strong>\u201c (\u201eBegegnung\u201c). Diese Prozession wird <strong>in vielen Gemeinden<\/strong> der Insel durchgef\u00fchrt. Es handelt sich dabei genau genommen um <strong>zwei Prozessionen<\/strong>, eine mit der Marienfigur und die andere mit der Jesus-Figur, die aufeinandertreffen und so die <strong>Begegnung zwischen Maria und ihrem auferstandenen Sohn symbolisieren<\/strong>. Es ist eine sch\u00f6ne Art den Ostersonntag zu beginnen und danach entweder eine Messe zu besuchen oder mit der ganzen Familie ein Festmahl zu genie\u00dfen.<\/p>\n\n\n\n<h2 class=\"wp-block-heading\">Die sch\u00f6nsten Ferienh\u00e4user, um die Osterprozessionen auf Mallorca zu besuchen<\/h2>\n\n\n\n<p>Mit Vacalia finden Sie ohne Probleme das <strong>perfekte Ferienhaus f\u00fcr Ihren n\u00e4chsten Mallorcaurlaub<\/strong>. Ganz nach Ihrem Geschmack k\u00f6nnen Sie sich f\u00fcr eine wundersch\u00f6ne Stadtvilla im Herzen von Palma de Mallorca entscheiden, von der aus Sie keine Osterprozession verpassen werden. Oder w\u00e4hlen Sie eine sch\u00f6ne Finca mit einer herrlichen Aussicht \u00fcber die gr\u00fcne und bl\u00fchende Fr\u00fchlingslandschaft der Insel und nutzen Sie Ihre <a href=\"https:\/\/www.vacalia.com\/blog\/ostern-auf-mallorca\/\" target=\"_blank\" rel=\"noreferrer noopener\" aria-label=\"Osterferien  (se abre en una nueva pesta\u00f1a)\">Osterferien <\/a>zum Erholen und f\u00fcr einzelne Tagesausfl\u00fcge, um die Ostertraditionen Mallorcas kennenzulernen. Egal welche Art von Unterkunft Sie bevorzugen, wir bieten die idealen <strong>Ferienh\u00e4user auf Mallorca zu Ostern<\/strong>.<\/p>\n\n\n<div class=\"bannerBlog\"><div class=\"new-card-houses\">\n    <div class=\"likeOut likeDivOut\" style=\"display:none\">\n        <a data-id=\"2168\" class=\"likeOut_button_red likeBtnFav\"\n            aria-label=\"Megusta Vacalia\"><\/a>\n    <\/div>\n    <figure>\n        <img loading=\"lazy\" decoding=\"async\" \n            loading=\"lazy\" width=\"301\" height=\"200\"\n            src=\"\/\/media.vacalia.com\/photo\/reformatwebpfolder\/350\/200\/2168\/thumb-middle\/2168_ca675379a5eb47ed0e78c410570f49b0.webp?v=21092023\"\n            alt=\"Quinze germans - Ferienhaus auf Port d&#039;Andratx\"\/>\n                                                                        <div class=\"circleDiscount\">-10%<\/div>\n                        <\/figure>\n    <p itemprop=\"address\"><i class=\"ico-marker\"><\/i>Port d&#039;Andratx, Mallorca<\/p>\n    <h3 itemprop=\"name\">Quinze germans<\/h3>\n    <ul class=\"icon_list inline_list\">\n                              <li class=\"ico-airConditioning\" title=\"Klimaanlage\">\n              <span itemprop=\"amenityFeature\">Klimaanlage<\/span>\n            <\/li>\n                      <li class=\"ico-wifi\" title=\"Wifi\">\n              <span itemprop=\"amenityFeature\">Wifi<\/span>\n            <\/li>\n                          <li class=\"ico-guests\" title=\"F\u00fcr 4 G\u00e4ste in Port D&#039;andratx.\">\n          <span itemprop=\"occupancy\">4<\/span>\n        <\/li>\n    <\/ul>\n            <span class=\"price\">Ab 150\u20ac \/ Nacht<\/span>\n                <a itemprop=\"url\" class=\"anchor\" href=\"https:\/\/www.vacalia.com\/de\/ferienhaus-quinze-germans-andratx-h17631\" aria-label=\"Quinze germans\"><\/a>\n<\/div><div class=\"new-card-houses\">\n    <div class=\"likeOut likeDivOut\" style=\"display:none\">\n        <a data-id=\"5041\" class=\"likeOut_button_red likeBtnFav\"\n            aria-label=\"Megusta Vacalia\"><\/a>\n    <\/div>\n    <figure>\n        <img loading=\"lazy\" decoding=\"async\" \n            loading=\"lazy\" width=\"301\" height=\"200\"\n            src=\"\/\/media.vacalia.com\/photo\/reformatwebpfolder\/350\/200\/5041\/thumb-middle\/5041_35a4de88b6788a78bc9e7ff83c238bb1.webp?v=21092023\"\n            alt=\"Finca kelly - Ferienhaus auf Art\u00e0\"\/>\n                                                                        <div class=\"circleDiscount\">-20%<\/div>\n                        <\/figure>\n    <p itemprop=\"address\"><i class=\"ico-marker\"><\/i>Art\u00e0, Mallorca<\/p>\n    <h3 itemprop=\"name\">Finca kelly<\/h3>\n    <ul class=\"icon_list inline_list\">\n                              <li class=\"ico-pool\" title=\"Pool\">\n              <span itemprop=\"amenityFeature\">Pool<\/span>\n            <\/li>\n                      <li class=\"ico-airConditioning\" title=\"Klimaanlage\">\n              <span itemprop=\"amenityFeature\">Klimaanlage<\/span>\n            <\/li>\n                      <li class=\"ico-wifi\" title=\"Wifi\">\n              <span itemprop=\"amenityFeature\">Wifi<\/span>\n            <\/li>\n                          <li class=\"ico-guests\" title=\"F\u00fcr 8 G\u00e4ste in Art\u00e0.\">\n          <span itemprop=\"occupancy\">8<\/span>\n        <\/li>\n    <\/ul>\n            <span class=\"price\">Ab 236\u20ac \/ Nacht<\/span>\n                <a itemprop=\"url\" class=\"anchor\" href=\"https:\/\/www.vacalia.com\/de\/villa-finca-kelly-arta-h29526\" aria-label=\"Finca kelly\"><\/a>\n<\/div><\/div>\n","protected":false},"excerpt":{"rendered":"<p>Lernen Sie alles \u00fcber die Geschichte, Gew\u00e4nder und Abl\u00e4ufe der Osterprozessionen auf Mallorca. Eine der ber\u00fchmtesten Traditionen der Karwoche in Spanien, die einen Besuch mehr als wert ist.<\/p>\n","protected":false},"author":2,"featured_media":3712,"comment_status":"closed","ping_status":"open","sticky":false,"template":"","format":"standard","meta":{"_monsterinsights_skip_tracking":false,"_monsterinsights_sitenote_active":false,"_monsterinsights_sitenote_note":"","_monsterinsights_sitenote_category":0,"footnotes":""},"categories":[40],"tags":[],"class_list":["post-3706","post","type-post","status-publish","format-standard","has-post-thumbnail","hentry","category-allgemein"],"_links":{"self":[{"href":"https:\/\/www.vacalia.com\/blog\/wp-json\/wp\/v2\/posts\/3706"}],"collection":[{"href":"https:\/\/www.vacalia.com\/blog\/wp-json\/wp\/v2\/posts"}],"about":[{"href":"https:\/\/www.vacalia.com\/blog\/wp-json\/wp\/v2\/types\/post"}],"author":[{"embeddable":true,"href":"https:\/\/www.vacalia.com\/blog\/wp-json\/wp\/v2\/users\/2"}],"replies":[{"embeddable":true,"href":"https:\/\/www.vacalia.com\/blog\/wp-json\/wp\/v2\/comments?post=3706"}],"version-history":[{"count":6,"href":"https:\/\/www.vacalia.com\/blog\/wp-json\/wp\/v2\/posts\/3706\/revisions"}],"predecessor-version":[{"id":4971,"href":"https:\/\/www.vacalia.com\/blog\/wp-json\/wp\/v2\/posts\/3706\/revisions\/4971"}],"wp:featuredmedia":[{"embeddable":true,"href":"https:\/\/www.vacalia.com\/blog\/wp-json\/wp\/v2\/media\/3712"}],"wp:attachment":[{"href":"https:\/\/www.vacalia.com\/blog\/wp-json\/wp\/v2\/media?parent=3706"}],"wp:term":[{"taxonomy":"category","embeddable":true,"href":"https:\/\/www.vacalia.com\/blog\/wp-json\/wp\/v2\/categories?post=3706"},{"taxonomy":"post_tag","embeddable":true,"href":"https:\/\/www.vacalia.com\/blog\/wp-json\/wp\/v2\/tags?post=3706"}],"curies":[{"name":"wp","href":"https:\/\/api.w.org\/{rel}","templated":true}]}}