{"id":379,"date":"2017-08-02T11:44:26","date_gmt":"2017-08-02T11:44:26","guid":{"rendered":"https:\/\/www.vacalia.com\/blog\/?p=379"},"modified":"2024-02-14T12:12:29","modified_gmt":"2024-02-14T11:12:29","slug":"das-wetter-auf-mallorca","status":"publish","type":"post","link":"https:\/\/www.vacalia.com\/blog\/das-wetter-auf-mallorca\/","title":{"rendered":"Das Wetter auf Mallorca und wie man einen hei\u00dfen Sommer \u00fcberlebt"},"content":{"rendered":"<p style=\"text-align: justify;\">Wie wird das <strong>Wetter auf Mallorca<\/strong> ist die gro\u00dfe Frage bevor man auf Urlaub f\u00e4hrt. Was soll oder soll nicht in den Koffer rein, wie kann man sich optimal vor der Sonne sch\u00fctzen und einen l\u00e4stigen Sonnenbrand vermeiden\u2026Das sind nur einige wenige Fragen die wir uns oft stellen. Hier findest Du Antworten!<\/p>\n<p style=\"text-align: justify;\"><a href=\"https:\/\/www.vacalia.com\"><img fetchpriority=\"high\" decoding=\"async\" class=\"alignnone wp-image-381 size-full\" src=\"https:\/\/www.vacalia.com\/blog\/wp-content\/uploads\/2017\/08\/Dise\u00f1o-sin-t\u00edtulo-1-1.png\" alt=\"Wetter auf Mallorca\" width=\"940\" height=\"500\" srcset=\"https:\/\/www.vacalia.com\/blog\/wp-content\/uploads\/2017\/08\/Dise\u00f1o-sin-t\u00edtulo-1-1.png 940w, https:\/\/www.vacalia.com\/blog\/wp-content\/uploads\/2017\/08\/Dise\u00f1o-sin-t\u00edtulo-1-1-300x160.png 300w, https:\/\/www.vacalia.com\/blog\/wp-content\/uploads\/2017\/08\/Dise\u00f1o-sin-t\u00edtulo-1-1-768x409.png 768w\" sizes=\"(max-width: 940px) 100vw, 940px\" \/><\/a><\/p>\n<p style=\"text-align: justify;\"><!--more--><\/p>\n<h2 class=\"post-item__subtitle\" style=\"text-align: justify;\">Was k\u00f6nnen wir vom Wetter auf Mallorca im August erwarten?<\/h2>\n<p style=\"text-align: justify;\">Die letzten Wochen waren von einer <strong>intensiven Hitzewelle gepr\u00e4gt<\/strong>, begleitet von Temperaturen zwischen 30 und 40 Grad, feuchter Luft und deshalb auch mehr Moskitos am Strand.<\/p>\n<p style=\"text-align: justify;\">Die Mallorquiner sind solche Temperaturen auf ihrer sch\u00f6nen Insel gewohnt &#8211; wir verstehen jedoch, dass eine Temperatur von 38 Grad mit 70% Luftfeuchtigkeit f\u00fcr unsere Besucher nicht immer angenehm ist. Man braucht sich jedoch deshalb keine Sorgen zu machen, denn es gibt nichts, was man nicht mit einem ausgiebigen Bad im Meer regeln kann!<\/p>\n<h3 class=\"post-item__subtitle\" style=\"text-align: justify;\">Was empfehlen wir?<\/h3>\n<ol style=\"text-align: justify;\">\n<li><strong>In der Regel ist die Wetterlage auf Mallorca relativ stabil.<\/strong> Es ist wahr, dass es in manchen Jahren an einem oder zwei Tagen im August geregnet hat (diese meist kurzen Regeng\u00fcsse sind normal), aber f\u00fcr gew\u00f6hnlich regnet es im Sommer nicht. Hier hei\u00dft es also Sonnenschirm, Sonnencreme und K\u00fchlbox einpacken und ab in die Sonne!<\/li>\n<li><strong>Sonnenschutz.<\/strong> Man kann es gar nicht oft genug sagen: Die gute alte Sonnencreme ist eines der wichtigsten Dinge, die man braucht &#8211; nicht nur, um nicht rot wie ein Krebs zu enden, sondern vor allem, um die Haut zu sch\u00fctzen. Damit man sich in Ruhe am Strand entspannen und sich am Ende des Urlaubs einer zarten Sommerbr\u00e4une erfreuen kann reicht es, sich alle 2 Stunden 10 Minuten Zeit zum eincremen zu nehmen.<\/li>\n<li><strong>Wasser ist Leben.<\/strong> Auch wenn man keinen Durst versp\u00fcrt, braucht der K\u00f6rper dennoch viel Wasser, um zu funktionieren. Man sollte auf jeden Fall regelm\u00e4\u00dfig zur Wasserflasche greifen, um eine Austrocknung des K\u00f6rpers zu vermeiden und den Sommer auf Mallorca in vollen Z\u00fcgen zu genie\u00dfen.<\/li>\n<li><strong>Kein Sonnenbaden zwischen 12:00h und 16:00h.<\/strong> Vor allem nach dem Essen sollte man sich ein schattiges Pl\u00e4tzchen suchen und die pralle Sonne meiden. W\u00e4hrend der Mittagsstunden ist die Sonneneinstrahlung und somit die Gefahr von Sonnenbr\u00e4nden am h\u00f6chsten.<\/li>\n<li><strong>Ab in den Pool.<\/strong> Schwimmen macht nicht nur Spa\u00df sondern sorgt auch f\u00fcr wohltuende Abk\u00fchlung. Wenn man auch noch eine unserer Fincas mit Pool gemietet hat, ist man auf jeden Fall auf der sicheren Seite und genie\u00dft das hei\u00dfe Inselwetter im k\u00fchlen Nass!<\/li>\n<\/ol>\n<p style=\"text-align: justify;\"><a href=\"https:\/\/www.vacalia.com\"><img decoding=\"async\" class=\"alignnone size-large wp-image-382\" src=\"https:\/\/www.vacalia.com\/blog\/wp-content\/uploads\/2017\/08\/water-glass-heat-drink-161425-1-1024x717.jpeg\" alt=\"Wetter auf Mallorca\" width=\"1024\" height=\"717\" srcset=\"https:\/\/www.vacalia.com\/blog\/wp-content\/uploads\/2017\/08\/water-glass-heat-drink-161425-1-1024x717.jpeg 1024w, https:\/\/www.vacalia.com\/blog\/wp-content\/uploads\/2017\/08\/water-glass-heat-drink-161425-1-300x210.jpeg 300w, https:\/\/www.vacalia.com\/blog\/wp-content\/uploads\/2017\/08\/water-glass-heat-drink-161425-1-768x538.jpeg 768w, https:\/\/www.vacalia.com\/blog\/wp-content\/uploads\/2017\/08\/water-glass-heat-drink-161425-1-1050x735.jpeg 1050w, https:\/\/www.vacalia.com\/blog\/wp-content\/uploads\/2017\/08\/water-glass-heat-drink-161425-1.jpeg 1280w\" sizes=\"(max-width: 1024px) 100vw, 1024px\" \/><\/a><\/p>\n<h2 class=\"post-item__subtitle\" style=\"text-align: justify;\">Was tun wenn das Wetter auf Mallorca nicht mitspielt?<\/h2>\n<p style=\"text-align: justify;\">Mallorca steht f\u00fcr Abwechslung und Vielf\u00e4ltigkeit. Die Insel bietet das ganze Jahr \u00fcber viele Freizeitm\u00f6glichkeiten, die man je nach Wetterlage unternehmen kann, egal ob es hei\u00df oder kalt ist oder sogar schneit. Hier findet man ein paar Tipps von uns f\u00fcr hei\u00dfe Tage:<\/p>\n<ol style=\"text-align: justify;\">\n<li><strong>Museen.<\/strong> Wir wissen, dass Kunst in aller Munde ist &#8211; warum also nicht einen Besuch einer unserer Museen einplanen? Die wichtigsten auf der Insel sind das Baluard oder das Joan Mir\u00f3 Museum &#8211; aber es gibt viele mehr!<\/li>\n<li><strong>Bergluft schnuppern.<\/strong> Eine sch\u00f6ne Idee ist auch ein Ausflug ins Tramuntanagebirge, die auf Mallorca Serra de Tramuntana genannt wird. Im Schatten der B\u00e4ume kann man relaxen und einen Tag mit der Familie verbringen.<\/li>\n<li><strong>Mallorcas Kultur und Religion entdecken.<\/strong> Mallorca hat eine unglaublich interessante Geschichte zu erz\u00e4hlen und jedes einzelne Dorf ist Teil davon. Wenn man durch die engen G\u00e4sschen spaziert, entdeckt man bestimmt einige interessante Geschichten.<\/li>\n<\/ol>\n<p style=\"text-align: justify;\"><a href=\"https:\/\/www.vacalia.com\"><img decoding=\"async\" class=\"alignnone size-full wp-image-383\" src=\"https:\/\/www.vacalia.com\/blog\/wp-content\/uploads\/2017\/08\/feet-317904_960_720-1.jpg\" alt=\"Wetter auf Mallorca\" width=\"960\" height=\"621\" srcset=\"https:\/\/www.vacalia.com\/blog\/wp-content\/uploads\/2017\/08\/feet-317904_960_720-1.jpg 960w, https:\/\/www.vacalia.com\/blog\/wp-content\/uploads\/2017\/08\/feet-317904_960_720-1-300x194.jpg 300w, https:\/\/www.vacalia.com\/blog\/wp-content\/uploads\/2017\/08\/feet-317904_960_720-1-768x497.jpg 768w\" sizes=\"(max-width: 960px) 100vw, 960px\" \/><\/a><\/p>\n<h3 class=\"post-item__subtitle\" style=\"text-align: justify;\">Tip f\u00fcr alle, die die Hitze Mallorcas nicht sch\u00e4tzen&#8230;<\/h3>\n<p style=\"text-align: justify;\">Wenn man Hitze vermeiden m\u00f6chte ist es das Beste, seinen Aufenthalt in den Monaten vor die Hochsaison zu legen. <strong>Mai oder Oktober<\/strong> sind perfekt f\u00fcr einen Besuch, da die Temperaturen zwischen 20 bis maximal 30 Grad liegen.<\/p>\n<p style=\"text-align: justify;\">Noch ein Pluspunkt ist, dass die Preise w\u00e4hrend der Vor- und Nachsaison g\u00fcnstiger sind &#8211; es sind also alles nur Vorteile!<strong> <a href=\"https:\/\/www.vacalia.com\">Bei uns findet man auch noch die passende<\/a><a href=\"https:\/\/www.vacalia.com\"> Unterkunft.<\/a><\/strong><\/p>\n\n<div class=\"bannerBlog\"><div class=\"new-card-houses\">\n    <div class=\"likeOut likeDivOut\" style=\"display:none\">\n        <a data-id=\"3832\" class=\"likeOut_button_red likeBtnFav\"\n            aria-label=\"Megusta Vacalia\"><\/a>\n    <\/div>\n    <figure>\n        <img loading=\"lazy\" decoding=\"async\" \n            loading=\"lazy\" width=\"301\" height=\"200\"\n            src=\"\/\/media.vacalia.com\/photo\/reformatwebpfolder\/350\/200\/3832\/thumb-middle\/3832_68f1a0abf0ed80967314e700e1a9d7db.webp?v=21092023\"\n            alt=\"Sa franquesa vella - Ferienhaus auf Vilafranca de Bonany\"\/>\n                                                                        <div class=\"circleDiscount\">-20%<\/div>\n                        <\/figure>\n    <p itemprop=\"address\"><i class=\"ico-marker\"><\/i>Vilafranca de Bonany, Mallorca<\/p>\n    <h3 itemprop=\"name\">Sa franquesa vella<\/h3>\n    <ul class=\"icon_list inline_list\">\n                              <li class=\"ico-pool\" title=\"Pool\">\n              <span itemprop=\"amenityFeature\">Pool<\/span>\n            <\/li>\n                      <li class=\"ico-airConditioning\" title=\"Klimaanlage\">\n              <span itemprop=\"amenityFeature\">Klimaanlage<\/span>\n            <\/li>\n                      <li class=\"ico-wifi\" title=\"Wifi\">\n              <span itemprop=\"amenityFeature\">Wifi<\/span>\n            <\/li>\n                          <li class=\"ico-guests\" title=\"F\u00fcr 4+1   G\u00e4ste in Vilafranca De Bonany.\">\n          <span itemprop=\"occupancy\">4+1  <\/span>\n        <\/li>\n    <\/ul>\n            <span class=\"price\">Ab 130\u20ac \/ Nacht<\/span>\n                <a itemprop=\"url\" class=\"anchor\" href=\"https:\/\/www.vacalia.com\/de\/landhotel-sa-franquesa-vella-vilafranca-de-bonany-h25134\" aria-label=\"Sa franquesa vella\"><\/a>\n<\/div><div class=\"new-card-houses\">\n    <div class=\"likeOut likeDivOut\" style=\"display:none\">\n        <a data-id=\"4456\" class=\"likeOut_button_red likeBtnFav\"\n            aria-label=\"Megusta Vacalia\"><\/a>\n    <\/div>\n    <figure>\n        <img loading=\"lazy\" decoding=\"async\" \n            loading=\"lazy\" width=\"301\" height=\"200\"\n            src=\"\/\/media.vacalia.com\/photo\/reformatwebpfolder\/350\/200\/4456\/thumb-middle\/4456_5dbee8fb1ea503e6081c01034d87b4bf.webp?v=21092023\"\n            alt=\"Ona 2 - Ferienhaus auf Cala d&#039;Or\"\/>\n                                                                        <div class=\"circleDiscount\">-8%<\/div>\n                        <\/figure>\n    <p itemprop=\"address\"><i class=\"ico-marker\"><\/i>Cala d&#039;Or, Mallorca<\/p>\n    <h3 itemprop=\"name\">Ona 2<\/h3>\n    <ul class=\"icon_list inline_list\">\n                              <li class=\"ico-pool\" title=\"Pool\">\n              <span itemprop=\"amenityFeature\">Pool<\/span>\n            <\/li>\n                      <li class=\"ico-airConditioning\" title=\"Klimaanlage\">\n              <span itemprop=\"amenityFeature\">Klimaanlage<\/span>\n            <\/li>\n                      <li class=\"ico-wifi\" title=\"Wifi\">\n              <span itemprop=\"amenityFeature\">Wifi<\/span>\n            <\/li>\n                          <li class=\"ico-guests\" title=\"F\u00fcr 4 G\u00e4ste in Cala D&#039;or.\">\n          <span itemprop=\"occupancy\">4<\/span>\n        <\/li>\n    <\/ul>\n            <span class=\"price\">Ab 108\u20ac \/ Nacht<\/span>\n                <a itemprop=\"url\" class=\"anchor\" href=\"https:\/\/www.vacalia.com\/de\/apartment-ona-2-santanyi-h26142\" aria-label=\"Ona 2\"><\/a>\n<\/div><\/div>\n","protected":false},"excerpt":{"rendered":"<p>Wie wird das Wetter auf Mallorca ist die gro\u00dfe Frage bevor man auf Urlaub f\u00e4hrt. Was soll oder soll nicht in den Koffer rein, wie kann man sich optimal vor&hellip;<\/p>\n","protected":false},"author":2,"featured_media":0,"comment_status":"closed","ping_status":"open","sticky":false,"template":"","format":"standard","meta":{"_monsterinsights_skip_tracking":false,"_monsterinsights_sitenote_active":false,"_monsterinsights_sitenote_note":"","_monsterinsights_sitenote_category":0,"footnotes":""},"categories":[40],"tags":[],"class_list":["post-379","post","type-post","status-publish","format-standard","hentry","category-allgemein"],"_links":{"self":[{"href":"https:\/\/www.vacalia.com\/blog\/wp-json\/wp\/v2\/posts\/379"}],"collection":[{"href":"https:\/\/www.vacalia.com\/blog\/wp-json\/wp\/v2\/posts"}],"about":[{"href":"https:\/\/www.vacalia.com\/blog\/wp-json\/wp\/v2\/types\/post"}],"author":[{"embeddable":true,"href":"https:\/\/www.vacalia.com\/blog\/wp-json\/wp\/v2\/users\/2"}],"replies":[{"embeddable":true,"href":"https:\/\/www.vacalia.com\/blog\/wp-json\/wp\/v2\/comments?post=379"}],"version-history":[{"count":3,"href":"https:\/\/www.vacalia.com\/blog\/wp-json\/wp\/v2\/posts\/379\/revisions"}],"predecessor-version":[{"id":4871,"href":"https:\/\/www.vacalia.com\/blog\/wp-json\/wp\/v2\/posts\/379\/revisions\/4871"}],"wp:attachment":[{"href":"https:\/\/www.vacalia.com\/blog\/wp-json\/wp\/v2\/media?parent=379"}],"wp:term":[{"taxonomy":"category","embeddable":true,"href":"https:\/\/www.vacalia.com\/blog\/wp-json\/wp\/v2\/categories?post=379"},{"taxonomy":"post_tag","embeddable":true,"href":"https:\/\/www.vacalia.com\/blog\/wp-json\/wp\/v2\/tags?post=379"}],"curies":[{"name":"wp","href":"https:\/\/api.w.org\/{rel}","templated":true}]}}