{"id":3809,"date":"2023-04-28T12:50:05","date_gmt":"2023-04-28T10:50:05","guid":{"rendered":"https:\/\/www.vacalia.com\/blog\/?p=3809"},"modified":"2024-08-29T15:54:44","modified_gmt":"2024-08-29T13:54:44","slug":"viajar-a-mallorca-en-ferry","status":"publish","type":"post","link":"https:\/\/www.vacalia.com\/blog\/es\/viajar-a-mallorca-en-ferry\/","title":{"rendered":"Viajar a Mallorca en ferry"},"content":{"rendered":"\n<p>Hoy queremos hablaros sobre viajar a <strong>Mallorca en ferry<\/strong>.&nbsp; Si est\u00e1is buscando una forma diferente de viajar a esta&nbsp; hermosa isla, \u00a1el ferry es una excelente opci\u00f3n!&nbsp;&nbsp;<\/p>\n\n\n\n<figure class=\"wp-block-gallery has-nested-images columns-default is-cropped wp-block-gallery-1 is-layout-flex wp-block-gallery-is-layout-flex\"><div class=\"wp-block-image\">\n<figure class=\"aligncenter size-large\"><img fetchpriority=\"high\" decoding=\"async\" width=\"670\" height=\"300\" data-id=\"3834\" src=\"https:\/\/www.vacalia.com\/blog\/wp-content\/uploads\/2023\/05\/viajar-en-ferry-a-mallorca-2.jpg\" alt=\"Viajar a Mallorca en ferry\" class=\"wp-image-3834\" srcset=\"https:\/\/www.vacalia.com\/blog\/wp-content\/uploads\/2023\/05\/viajar-en-ferry-a-mallorca-2.jpg 670w, https:\/\/www.vacalia.com\/blog\/wp-content\/uploads\/2023\/05\/viajar-en-ferry-a-mallorca-2-300x134.jpg 300w\" sizes=\"(max-width: 767px) 100vw, 670px\" \/><\/figure><\/div><\/figure>\n\n\n\n<p><\/p>\n\n\n\n<p>La gran ventaja de viajar a Mallorca en barco es la posibilidad&nbsp; de <strong>llevaros vuestro propio veh\u00edculo con el que puedes&nbsp; recorrer la isla con total libertad <\/strong>y as\u00ed visitar todos sus&nbsp; rincones a tu aire.&nbsp;<\/p>\n\n\n\n<h3 class=\"wp-block-heading has-text-light-color has-text-color\"><strong>Reservar los billetes&nbsp;&nbsp;<\/strong><\/h3>\n\n\n\n<p>Lo primero que debes hacer es reservar tus billetes de ferry&nbsp; on line o en una agencia de viajes. Las compa\u00f1\u00edas en las que&nbsp; puedes encontrar rutas son GNV, Balearia, Trasmed y Transmediterr\u00e1nea.&nbsp;<\/p>\n\n\n\n<p>Es posible viajar en ferry desde la Comunidad Valenciana&nbsp; o Catalu\u00f1a a Mallorca. Hay salidas desde Barcelona que te&nbsp; permiten llegar al puerto de Palma de Mallorca o al puerto&nbsp; de Alc\u00fadia. Tambi\u00e9n hay salidas desde Valencia y D\u00e9nia que&nbsp; solo llegan al puerto de Palma.&nbsp;&nbsp;<\/p>\n\n\n\n<p>Al reservar vuestros billetes, aseguraos de verificar los&nbsp; horarios y la duraci\u00f3n del viaje para planificar vuestro&nbsp; viaje de manera adecuada. Tambi\u00e9n <strong>es recomendable&nbsp; reservar con antelaci\u00f3n <\/strong>para obtener los mejores precios&nbsp; y disponibilidad.&nbsp;<\/p>\n\n\n\n<p>Es recomendable comparar precios y horarios para encontrar&nbsp; la mejor opci\u00f3n para ti.&nbsp;<\/p>\n\n\n\n<h3 class=\"wp-block-heading has-text-light-color has-text-color\"><strong>Llegar al puerto&nbsp;<\/strong><\/h3>\n\n\n\n<p>El puerto de Barcelona est\u00e1 ubicado en la zona de Drassanes,&nbsp; en el centro de la ciudad mientras que el de Valencia est\u00e1&nbsp; ubicado en la zona de la Marina Real Juan Carlos I. Puedes&nbsp; llegar en transporte p\u00fablico (metro, autob\u00fas, taxi) o en&nbsp; coche. Aseg\u00farate de llegar con suficiente tiempo antes de la&nbsp; salida del ferry para evitar imprevistos.&nbsp;<\/p>\n\n\n\n<h3 class=\"wp-block-heading has-text-light-color has-text-color\"><strong>Facturar el equipaje&nbsp;<\/strong><\/h3>\n\n\n\n<p>Una vez que llegues al puerto, deber\u00e1s facturar tu equipaje&nbsp; en el mostrador de la compa\u00f1\u00eda de ferry correspondiente.&nbsp; Aseg\u00farate de tener tus billetes y documentos de identidad&nbsp; a mano. Otra gran ventaja de viajar en ferry es que <strong>puedes&nbsp; viajar con tus mascotas <\/strong>y sentirte como en casa.&nbsp;<\/p>\n\n\n\n<h3 class=\"wp-block-heading has-text-light-color has-text-color\"><strong>Embarcar en el ferry&nbsp;<\/strong><\/h3>\n\n\n\n<p>Cuando llegue la hora de embarcar, sigue las instrucciones&nbsp; del personal del puerto y de la tripulaci\u00f3n del ferry. Si viajas&nbsp; en coche, deber\u00e1s seguir las indicaciones para aparcar en&nbsp; el lugar asignado, despu\u00e9s no podr\u00e1s regresar hasta que&nbsp; termine el viaje por medidas de seguridad por lo que coge&nbsp; todo lo que necesites durante el trayecto.&nbsp;<\/p>\n\n\n\n<p>Si viajais sin coche, podr\u00e9is acceder al ferry directamente.&nbsp;<\/p>\n\n\n\n<h3 class=\"wp-block-heading has-text-light-color has-text-color\"><strong>Disfrutar del viaje&nbsp;<\/strong><\/h3>\n\n\n\n<p>Desde el momento en que sub\u00e1is a bordo, sabr\u00e9is que hab\u00e9is&nbsp; tomado la decisi\u00f3n correcta. <strong>El ferry es un barco espacioso&nbsp; y c\u00f3modo<\/strong>, con muchas opciones para sentarse y relajarse&nbsp; durante el viaje.&nbsp;<\/p>\n\n\n\n<p>Una de las cosas que m\u00e1s os gustar\u00e1 ser\u00e1 la oportunidad de&nbsp; salir a cubierta y disfrutar de las vistas del Mediterr\u00e1neo. El&nbsp; sol brillando y el mar tranquilo har\u00e1n que el viaje sea a\u00fan&nbsp; m\u00e1s agradable. Tambi\u00e9n hay un bar a bordo donde podr\u00e9is tomar algo mientras disfrut\u00e1is del paisaje o planificar los&nbsp; lugares que quer\u00e9is visitar de la isla. Una opci\u00f3n a tener en&nbsp; cuenta es <strong>pasar la noche abordo del ferry para aprovechar&nbsp; el d\u00eda<\/strong>.&nbsp;<\/p>\n\n\n<div class=\"wp-block-image\">\n<figure class=\"aligncenter size-full\"><img decoding=\"async\" width=\"670\" height=\"300\" src=\"https:\/\/www.vacalia.com\/blog\/wp-content\/uploads\/2023\/05\/vistas-ferry-mallorca-2.jpg\" alt=\"Viajar a Mallorca en ferry\" class=\"wp-image-3835\" srcset=\"https:\/\/www.vacalia.com\/blog\/wp-content\/uploads\/2023\/05\/vistas-ferry-mallorca-2.jpg 670w, https:\/\/www.vacalia.com\/blog\/wp-content\/uploads\/2023\/05\/vistas-ferry-mallorca-2-300x134.jpg 300w\" sizes=\"(max-width: 767px) 100vw, 670px\" \/><\/figure><\/div>\n\n\n<h3 class=\"wp-block-heading has-text-light-color has-text-color\"><strong>Llegada en ferry al Puerto de Palma&nbsp;<\/strong><\/h3>\n\n\n\n<p>El viaje en ferry desde Barcelona a Mallorca dura&nbsp; aproximadamente 7 horas, mientras que desde Valencia&nbsp; dura de media 8 horas. Existe la posibilidad de coger un ferry&nbsp; m\u00e1s r\u00e1pido desde Denia que dura 5 horas aproximadamente.&nbsp;<\/p>\n\n\n\n<p>Despu\u00e9s de una traves\u00eda tranquila, llegar\u00e1s al puerto&nbsp; de Palma de Mallorca. Recoge tu equipaje en la zona&nbsp; correspondiente y sigue las indicaciones para salir del puerto&nbsp; y llegar a tu destino en la isla.&nbsp;<\/p>\n\n\n\n<p>Cuando llegu\u00e9is a Mallorca, estar\u00e9is emocionados por&nbsp; explorar la isla. Habr\u00e9is o\u00eddo hablar mucho sobre sus&nbsp; hermosas calas y no podr\u00e9is esperar para verlas todas por&nbsp; vosotros mismos.&nbsp;<\/p>\n\n\n\n<h3 class=\"wp-block-heading has-text-light-color has-text-color\"><strong>Recorrer Mallorca en coche&nbsp;<\/strong><\/h3>\n\n\n\n<p>La forma m\u00e1s flexible y emocionante de recorrer Mallorca sin&nbsp; duda es en coche. Mallorca es la mayor de las Islas Baleares&nbsp; y <strong>cuenta con muchas maravillas naturales incre\u00edbles<\/strong>,&nbsp; desde impresionantes playas hasta pintorescos miradores.&nbsp; Hay tantos lugares para visitar en la isla que podr\u00edais sentir&nbsp; un poco abrumados al planificar vuestro itinerario de road&nbsp; trip por la isla. Una cosa que te sorprender\u00e1 en el viaje es la&nbsp; rica y fant\u00e1stica gastronom\u00eda de Mallorca.&nbsp;<\/p>\n\n\n\n<p>Podr\u00e9is visitar todas las atracciones que tiene la isla, desde&nbsp; los lugares m\u00e1s famosos en Palma hasta los pueblos m\u00e1s&nbsp; peque\u00f1os con encanto como Fornalutx y Dei\u00e0. Visita&nbsp; obligada son algunas de sus playas m\u00e1s famosas, como Es&nbsp; Trenc y Cal\u00f3 des Moro, joyas de Mallorca que har\u00e1n que&nbsp; vuestro viaje sea a\u00fan m\u00e1s memorable.&nbsp;<\/p>\n\n\n\n<p>Al recorrer Mallorca en coche, tendr\u00e9is la libertad de&nbsp; explorar la isla a vuestro propio ritmo. Podr\u00e9is deteneros en&nbsp; cualquier lugar que os llame la atenci\u00f3n y pasar tanto tiempo&nbsp; como quer\u00e1is en cada lugar. Adem\u00e1s, al tener vuestro propio&nbsp; veh\u00edculo, podr\u00e9is llevar todo el equipaje que necesit\u00e9is sin&nbsp; preocuparos por sobrepasar los l\u00edmites de facturaci\u00f3n.&nbsp;<\/p>\n\n\n\n<h3 class=\"wp-block-heading has-text-light-color has-text-color\"><strong>Mallorca en ferry, una experiencia diferente&nbsp;<\/strong><\/h3>\n\n\n\n<p>En resumen, vuestra experiencia viajando en ferry ser\u00e1&nbsp; maravillosa. Resulta muy interesante si quieres viajar en&nbsp; familia o con un grupo de amigos.&nbsp;&nbsp;<\/p>\n\n\n\n<p>Ser\u00e1 una forma relajante y c\u00f3moda de llegar a la isla, y os&nbsp; permitir\u00e1 disfrutar del paisaje y el ambiente del Mediterr\u00e1neo.&nbsp; Si est\u00e1is planeando un viaje a Mallorca, definitivamente os&nbsp; <strong>recomendamos considerar el ferry como una opci\u00f3n<\/strong>.&nbsp;<\/p>\n\n\n\n<p>Espero que adem\u00e1s de escoger la casa de vacaciones perfecta&nbsp; en nuestra web, esta peque\u00f1a gu\u00eda para viajar a Mallorca en&nbsp; Ferry os sea de utilidad y que disfrut\u00e9is de vuestra estancia&nbsp; en la isla. \u00a1Hasta pronto!&nbsp;<\/p>\n\n\n<div class=\"wp-block-image\">\n<figure class=\"aligncenter size-full\"><img decoding=\"async\" width=\"670\" height=\"300\" src=\"https:\/\/www.vacalia.com\/blog\/wp-content\/uploads\/2023\/05\/ir-en-ferry-a-mallorca-2.jpg\" alt=\"Viajar a Mallorca en ferry\" class=\"wp-image-3836\" srcset=\"https:\/\/www.vacalia.com\/blog\/wp-content\/uploads\/2023\/05\/ir-en-ferry-a-mallorca-2.jpg 670w, https:\/\/www.vacalia.com\/blog\/wp-content\/uploads\/2023\/05\/ir-en-ferry-a-mallorca-2-300x134.jpg 300w\" sizes=\"(max-width: 767px) 100vw, 670px\" \/><\/figure><\/div>\n\n\n<p><a href=\"https:\/\/www.vacalia.com\/es\/alquiler-vacacional-mallorca\" target=\"_blank\" rel=\"noreferrer noopener\"><strong>Descubre las casas vacacionales en las que alojarte en Mallorca<\/strong><\/a><\/p>\n\n\n<div class=\"bannerBlog\"><div class=\"new-card-houses\">\n    <div class=\"likeOut likeDivOut\" style=\"display:none\">\n        <a data-id=\"2977\" class=\"likeOut_button_red likeBtnFav\"\n            aria-label=\"Megusta Vacalia\"><\/a>\n    <\/div>\n    <figure>\n        <img loading=\"lazy\" decoding=\"async\" \n            loading=\"lazy\" width=\"301\" height=\"200\"\n            src=\"\/\/media.vacalia.com\/photo\/reformatwebpfolder\/350\/200\/2977\/thumb-middle\/2977_ebfe9063beeabea187153f9469496c87.webp?v=21092023\"\n            alt=\"Es moli d&#039;en sion - Alquiler vacacional en Sa Pobla\"\/>\n                                                                        <div class=\"circleDiscount\">-11%<\/div>\n                        <\/figure>\n    <p itemprop=\"address\"><i class=\"ico-marker\"><\/i>Sa Pobla, Mallorca<\/p>\n    <h3 itemprop=\"name\">Es moli d&#039;en sion<\/h3>\n    <ul class=\"icon_list inline_list\">\n                              <li class=\"ico-pool\" title=\"Piscina\">\n              <span itemprop=\"amenityFeature\">Piscina<\/span>\n            <\/li>\n                      <li class=\"ico-airConditioning\" title=\"Aire Acondicionado\">\n              <span itemprop=\"amenityFeature\">Aire Acondicionado<\/span>\n            <\/li>\n                      <li class=\"ico-wifi\" title=\"Wifi\">\n              <span itemprop=\"amenityFeature\">Wifi<\/span>\n            <\/li>\n                          <li class=\"ico-guests\" title=\"Para 10 hu\u00e9spedes en Sa Pobla.\">\n          <span itemprop=\"occupancy\">10<\/span>\n        <\/li>\n    <\/ul>\n            <span class=\"price\">Desde 277\u20ac \/ noche<\/span>\n                <a itemprop=\"url\" class=\"anchor\" href=\"https:\/\/www.vacalia.com\/es\/villa-es-moli-den-sion-sa-pobla-h20063\" aria-label=\"Es moli d&#039;en sion\"><\/a>\n<\/div><div class=\"new-card-houses\">\n    <div class=\"likeOut likeDivOut\" style=\"display:none\">\n        <a data-id=\"2400\" class=\"likeOut_button_red likeBtnFav\"\n            aria-label=\"Megusta Vacalia\"><\/a>\n    <\/div>\n    <figure>\n        <img loading=\"lazy\" decoding=\"async\" \n            loading=\"lazy\" width=\"301\" height=\"200\"\n            src=\"\/\/media.vacalia.com\/photo\/reformatwebpfolder\/350\/200\/2400\/thumb-middle\/2400_68165b35a486f3ac1cdf1beef66234a5.webp?v=21092023\"\n            alt=\"Aubadellet (can randa) - Alquiler vacacional en Vilafranca de Bonany\"\/>\n                                                                        <div class=\"circleDiscount\">-11%<\/div>\n                        <\/figure>\n    <p itemprop=\"address\"><i class=\"ico-marker\"><\/i>Vilafranca de Bonany, Mallorca<\/p>\n    <h3 itemprop=\"name\">Aubadellet (can randa)<\/h3>\n    <ul class=\"icon_list inline_list\">\n                              <li class=\"ico-pool\" title=\"Piscina\">\n              <span itemprop=\"amenityFeature\">Piscina<\/span>\n            <\/li>\n                      <li class=\"ico-wifi\" title=\"Wifi\">\n              <span itemprop=\"amenityFeature\">Wifi<\/span>\n            <\/li>\n                          <li class=\"ico-guests\" title=\"Para 8 hu\u00e9spedes en Vilafranca De Bonany.\">\n          <span itemprop=\"occupancy\">8<\/span>\n        <\/li>\n    <\/ul>\n            <span class=\"price\">Desde 194\u20ac \/ noche<\/span>\n                <a itemprop=\"url\" class=\"anchor\" href=\"https:\/\/www.vacalia.com\/es\/villa-aubadellet-can-randa-vilafranca-de-bonany-h18176\" aria-label=\"Aubadellet (can randa)\"><\/a>\n<\/div><\/div>\n","protected":false},"excerpt":{"rendered":"<p>Hoy queremos hablaros sobre viajar a Mallorca en ferry.&nbsp; Si est\u00e1is buscando una forma diferente de viajar a esta&nbsp; hermosa isla, \u00a1el ferry es una excelente opci\u00f3n!&nbsp;&nbsp; La gran ventaja&hellip;<\/p>\n","protected":false},"author":1,"featured_media":3814,"comment_status":"closed","ping_status":"open","sticky":false,"template":"","format":"standard","meta":{"_monsterinsights_skip_tracking":false,"_monsterinsights_sitenote_active":false,"_monsterinsights_sitenote_note":"","_monsterinsights_sitenote_category":0,"footnotes":""},"categories":[373,1,412],"tags":[],"class_list":["post-3809","post","type-post","status-publish","format-standard","has-post-thumbnail","hentry","category-mallorca-es","category-general-es","category-guias-de-mallorca"],"_links":{"self":[{"href":"https:\/\/www.vacalia.com\/blog\/wp-json\/wp\/v2\/posts\/3809"}],"collection":[{"href":"https:\/\/www.vacalia.com\/blog\/wp-json\/wp\/v2\/posts"}],"about":[{"href":"https:\/\/www.vacalia.com\/blog\/wp-json\/wp\/v2\/types\/post"}],"author":[{"embeddable":true,"href":"https:\/\/www.vacalia.com\/blog\/wp-json\/wp\/v2\/users\/1"}],"replies":[{"embeddable":true,"href":"https:\/\/www.vacalia.com\/blog\/wp-json\/wp\/v2\/comments?post=3809"}],"version-history":[{"count":9,"href":"https:\/\/www.vacalia.com\/blog\/wp-json\/wp\/v2\/posts\/3809\/revisions"}],"predecessor-version":[{"id":6367,"href":"https:\/\/www.vacalia.com\/blog\/wp-json\/wp\/v2\/posts\/3809\/revisions\/6367"}],"wp:featuredmedia":[{"embeddable":true,"href":"https:\/\/www.vacalia.com\/blog\/wp-json\/wp\/v2\/media\/3814"}],"wp:attachment":[{"href":"https:\/\/www.vacalia.com\/blog\/wp-json\/wp\/v2\/media?parent=3809"}],"wp:term":[{"taxonomy":"category","embeddable":true,"href":"https:\/\/www.vacalia.com\/blog\/wp-json\/wp\/v2\/categories?post=3809"},{"taxonomy":"post_tag","embeddable":true,"href":"https:\/\/www.vacalia.com\/blog\/wp-json\/wp\/v2\/tags?post=3809"}],"curies":[{"name":"wp","href":"https:\/\/api.w.org\/{rel}","templated":true}]}}