{"id":393,"date":"2017-08-04T11:25:27","date_gmt":"2017-08-04T11:25:27","guid":{"rendered":"https:\/\/www.vacalia.com\/blog\/?p=393"},"modified":"2024-02-14T12:12:48","modified_gmt":"2024-02-14T11:12:48","slug":"mallorca-und-ihre-traditionen-wanderung-von-guell-nach-lluc","status":"publish","type":"post","link":"https:\/\/www.vacalia.com\/blog\/mallorca-und-ihre-traditionen-wanderung-von-guell-nach-lluc\/","title":{"rendered":"Die Insel Mallorca und ihre Traditionen: Wanderung von G\u00fcell nach Lluc"},"content":{"rendered":"<p style=\"text-align: justify;\">Br\u00e4uche zu pflegen ist f\u00fcr die Mallorquiner ein wichtiger Bestandteil des t\u00e4glichen Lebens. Die meisten <strong>Traditionen<\/strong> und Br\u00e4uche haben einen religi\u00f6sen Ursprung, jedoch haben sich die Menschen ver\u00e4ndert.<\/p>\n<p style=\"text-align: justify;\">Das bedeutet, dass viele Br\u00e4uche als Anlass zum Feiern dienen &#8211; das beste Beispiel sind die Dorffeste, die jede noch so kleine Siedlung auf <strong>Mallorca<\/strong> im gro\u00dfen Stil begeht. Interessant ist auch, dass alle Orte einen bestimmten Heiligen verehren, der seine sch\u00fctzende Hand \u00fcber die Bewohner h\u00e4lt und immer mit der Geschichte des jeweiligen Dorfes zusammenh\u00e4ngt.<\/p>\n<p style=\"text-align: justify;\"><a href=\"https:\/\/www.vacalia.com\"><img fetchpriority=\"high\" decoding=\"async\" class=\"alignnone size-large wp-image-396\" src=\"https:\/\/www.vacalia.com\/blog\/wp-content\/uploads\/2017\/08\/Dise\u00f1o-sin-t\u00edtulo-3-1024x512.png\" alt=\"G\u00fcell nach Lluc\" width=\"1024\" height=\"512\" srcset=\"https:\/\/www.vacalia.com\/blog\/wp-content\/uploads\/2017\/08\/Dise\u00f1o-sin-t\u00edtulo-3.png 1024w, https:\/\/www.vacalia.com\/blog\/wp-content\/uploads\/2017\/08\/Dise\u00f1o-sin-t\u00edtulo-3-300x150.png 300w, https:\/\/www.vacalia.com\/blog\/wp-content\/uploads\/2017\/08\/Dise\u00f1o-sin-t\u00edtulo-3-768x384.png 768w\" sizes=\"(max-width: 1024px) 100vw, 1024px\" \/><\/a><\/p>\n<p style=\"text-align: justify;\"><!--more--><\/p>\n<p style=\"text-align: justify;\">Die Wanderung von G\u00fcell nach Lluc wird auf der Insel <strong>\u201cSubida del G\u00fcell a Lluc a Peu\u201d<\/strong> genannt und h\u00e4ngt mit einer der wichtigsten Heiligenfiguren Mallorcas, der Gottesmutter von Lluc, zusammen.<\/p>\n<p style=\"text-align: justify;\">Diese heilige Jungfrau wird von den Mallorquinern auch liebevoll als <strong>\u201cLa Moreneta\u201d<\/strong> (die kleine Dunkelhaarige) bezeichnet und befindet sich im Kloster von Lluc (mehr \u00fcber das Kloster gibt es weiter unten im Post). In fr\u00fcheren Zeiten wanderten die Menschen zur Gottesmutter, um ein Bitte auszusprechen oder um ihr f\u00fcr erfahrenes Gl\u00fcck zu danken.<\/p>\n<p style=\"text-align: justify;\">Wenn im Leben der Menschen alles glatt lief und sie zufrieden waren, war es normal, der Gottesmutter eine Kerze anzuz\u00fcnden und ihr einen Dank auszusprechen. Die Wanderung an sich ist kein Spaziergang &#8211; es handelt sich um eine Pilgerreise, die viele Kilometer bergauf f\u00fchrt und vor allem f\u00fcr Unge\u00fcbte eine echte Herausforderung darstellt.<\/p>\n<p style=\"text-align: justify;\"><a href=\"https:\/\/www.vacalia.com\"><img decoding=\"async\" class=\"alignnone size-large wp-image-398\" src=\"https:\/\/www.vacalia.com\/blog\/wp-content\/uploads\/2017\/08\/Dise\u00f1o-sin-t\u00edtulo-4-1024x512.png\" alt=\"G\u00fcell nach Lluc\" width=\"1024\" height=\"512\" srcset=\"https:\/\/www.vacalia.com\/blog\/wp-content\/uploads\/2017\/08\/Dise\u00f1o-sin-t\u00edtulo-4.png 1024w, https:\/\/www.vacalia.com\/blog\/wp-content\/uploads\/2017\/08\/Dise\u00f1o-sin-t\u00edtulo-4-300x150.png 300w, https:\/\/www.vacalia.com\/blog\/wp-content\/uploads\/2017\/08\/Dise\u00f1o-sin-t\u00edtulo-4-768x384.png 768w\" sizes=\"(max-width: 1024px) 100vw, 1024px\" \/><\/a><\/p>\n<p style=\"text-align: justify;\">Die <strong>Wanderung von G\u00fcell nach Lluc<\/strong> wird auch heute noch veranstaltet und die Initiative zur Wiederaufnahme dieses sch\u00f6nen Brauches war<strong> Tolo G\u00fcell<\/strong>, der Besitzer der Bar G\u00fcell in Palma. Ausl\u00f6ser daf\u00fcr war ein Unfall seiner Tochter mit einer Siphonflasche im Jahr 1974, bei dem dem M\u00e4dchen wie durch ein Wunder nichts passierte. Ein Bekannter der Familie schlug dann vor, zur Gottesmutter zu pilgern um ihr zu danken.<\/p>\n<p style=\"text-align: justify;\">Am Anfang der Wiedereinf\u00fchrung dieser Tradition waren nicht sehr viele Menschen daran interessiert und es nahmen maximal 50 Personen teil. Das \u00e4nderte sich jedoch mit der Zeit drastisch und heute sind es bis zu 15.000 Menschen, die sich der Wanderung anschlie\u00dfen.<\/p>\n<p style=\"text-align: justify;\">Manche reisen sogar nur deshalb aus anderen L\u00e4ndern an, was zeigt, wie wichtig dieser Brauch f\u00fcr die Menschen ist. <strong>Von G\u00fcell nach Lluc<\/strong> zu pilgern stellt f\u00fcr viele eine Selbst\u00fcberwindung dar, ein pers\u00f6nlicher Erfolg und eine wundersch\u00f6ne M\u00f6glichkeit, die Insel von einer ganz anderen Seite kennenzulernen.<\/p>\n<p style=\"text-align: justify;\">Wir Mallorquiner haben diese Wanderung schon mehr als einmal gemacht und versichern euch, dass es zu den sch\u00f6nsten Erfahrungen geh\u00f6rt, die es gibt &#8211; obwohl es eine echte Herausforderung ist.<\/p>\n<p style=\"text-align: justify;\"><a href=\"https:\/\/www.vacalia.com\"><img decoding=\"async\" class=\"alignnone wp-image-399 size-large\" src=\"https:\/\/www.vacalia.com\/blog\/wp-content\/uploads\/2017\/08\/20045467_10156536946098902_3783175392576834805_o-1024x703.jpg\" alt=\"G\u00fcell nach Lluc\" width=\"1024\" height=\"703\" srcset=\"https:\/\/www.vacalia.com\/blog\/wp-content\/uploads\/2017\/08\/20045467_10156536946098902_3783175392576834805_o-1024x703.jpg 1024w, https:\/\/www.vacalia.com\/blog\/wp-content\/uploads\/2017\/08\/20045467_10156536946098902_3783175392576834805_o-300x206.jpg 300w, https:\/\/www.vacalia.com\/blog\/wp-content\/uploads\/2017\/08\/20045467_10156536946098902_3783175392576834805_o-768x527.jpg 768w, https:\/\/www.vacalia.com\/blog\/wp-content\/uploads\/2017\/08\/20045467_10156536946098902_3783175392576834805_o-1050x720.jpg 1050w, https:\/\/www.vacalia.com\/blog\/wp-content\/uploads\/2017\/08\/20045467_10156536946098902_3783175392576834805_o.jpg 1440w\" sizes=\"(max-width: 1024px) 100vw, 1024px\" \/><\/a><\/p>\n<p style=\"text-align: justify;\">Die <strong>42 km lange<\/strong> Wanderung findet immer die erste Augustwoche statt und startet in der <strong>Bar G\u00fcell in Palma.<\/strong> Dabei kommen wir durch die Orte Palma de Mallorca, Marratx\u00ed, Santa Maria del Cam\u00ed, Consell, Binissalem, Lloseta, Biniamar, Selva und Caimari, bis wir schlie\u00dflich das Ziel, Escorca (Lluc) erreicht haben.<\/p>\n<p style=\"text-align: justify;\"><strong>Dieses Jahr findet die Wanderung am Samstag, dem 5. August statt. Es beginnt um 21:00h mit einem Dorffest (verbena) und um 23:00h geht es dann los.<\/strong> Bei der Ankunft in Lluc kann man die Gottesmutter besuchen und sie um etwas bitten oder ihr danken &#8211; es funktioniert fast immer! Des weiteren bekommen alle Wanderer ein Teilnahmezertifikat sowie Essen und Trinken w\u00e4hrend des Weges. <strong>Wir sehen uns in Lluc!<\/strong><\/p>\n\n<div class=\"bannerBlog\"><div class=\"new-card-houses\">\n    <div class=\"likeOut likeDivOut\" style=\"display:none\">\n        <a data-id=\"3227\" class=\"likeOut_button_red likeBtnFav\"\n            aria-label=\"Megusta Vacalia\"><\/a>\n    <\/div>\n    <figure>\n        <img loading=\"lazy\" decoding=\"async\" \n            loading=\"lazy\" width=\"301\" height=\"200\"\n            src=\"\/\/media.vacalia.com\/photo\/reformatwebpfolder\/350\/200\/3227\/thumb-middle\/3227_10aea8dde2ad8086ceedce295874cd89.webp?v=21092023\"\n            alt=\"Can toni - Ferienhaus auf Sa Pobla\"\/>\n                                                                        <div class=\"circleDiscount\">-5%<\/div>\n                        <\/figure>\n    <p itemprop=\"address\"><i class=\"ico-marker\"><\/i>Sa Pobla, Mallorca<\/p>\n    <h3 itemprop=\"name\">Can toni<\/h3>\n    <ul class=\"icon_list inline_list\">\n                              <li class=\"ico-pool\" title=\"Pool\">\n              <span itemprop=\"amenityFeature\">Pool<\/span>\n            <\/li>\n                      <li class=\"ico-airConditioning\" title=\"Klimaanlage\">\n              <span itemprop=\"amenityFeature\">Klimaanlage<\/span>\n            <\/li>\n                      <li class=\"ico-wifi\" title=\"Wifi\">\n              <span itemprop=\"amenityFeature\">Wifi<\/span>\n            <\/li>\n                          <li class=\"ico-guests\" title=\"F\u00fcr 6 G\u00e4ste in Sa Pobla.\">\n          <span itemprop=\"occupancy\">6<\/span>\n        <\/li>\n    <\/ul>\n            <span class=\"price\">Ab 190\u20ac \/ Nacht<\/span>\n                <a itemprop=\"url\" class=\"anchor\" href=\"https:\/\/www.vacalia.com\/de\/villa-can-toni-sa-pobla-h22963\" aria-label=\"Can toni\"><\/a>\n<\/div><div class=\"new-card-houses\">\n    <div class=\"likeOut likeDivOut\" style=\"display:none\">\n        <a data-id=\"3500\" class=\"likeOut_button_red likeBtnFav\"\n            aria-label=\"Megusta Vacalia\"><\/a>\n    <\/div>\n    <figure>\n        <img loading=\"lazy\" decoding=\"async\" \n            loading=\"lazy\" width=\"301\" height=\"200\"\n            src=\"\/\/media.vacalia.com\/photo\/reformatwebpfolder\/350\/200\/3500\/thumb-middle\/3500_b31e49f3e50e4af4fa9deff452264994.webp?v=21092023\"\n            alt=\"Villalonga - Ferienhaus auf Maria de la Salut\"\/>\n                                                                        <div class=\"circleDiscount\">-14%<\/div>\n                        <\/figure>\n    <p itemprop=\"address\"><i class=\"ico-marker\"><\/i>Maria de la Salut, Mallorca<\/p>\n    <h3 itemprop=\"name\">Villalonga<\/h3>\n    <ul class=\"icon_list inline_list\">\n                              <li class=\"ico-pool\" title=\"Pool\">\n              <span itemprop=\"amenityFeature\">Pool<\/span>\n            <\/li>\n                      <li class=\"ico-airConditioning\" title=\"Klimaanlage\">\n              <span itemprop=\"amenityFeature\">Klimaanlage<\/span>\n            <\/li>\n                      <li class=\"ico-wifi\" title=\"Wifi\">\n              <span itemprop=\"amenityFeature\">Wifi<\/span>\n            <\/li>\n                          <li class=\"ico-guests\" title=\"F\u00fcr 6 G\u00e4ste in Maria De La Salut.\">\n          <span itemprop=\"occupancy\">6<\/span>\n        <\/li>\n    <\/ul>\n            <span class=\"price\">Ab 137\u20ac \/ Nacht<\/span>\n                <a itemprop=\"url\" class=\"anchor\" href=\"https:\/\/www.vacalia.com\/de\/villa-villalonga-maria-de-la-salut-h27714\" aria-label=\"Villalonga\"><\/a>\n<\/div><\/div>\n","protected":false},"excerpt":{"rendered":"<p>Br\u00e4uche zu pflegen ist f\u00fcr die Mallorquiner ein wichtiger Bestandteil des t\u00e4glichen Lebens. Die meisten Traditionen und Br\u00e4uche haben einen religi\u00f6sen Ursprung, jedoch haben sich die Menschen ver\u00e4ndert. Das bedeutet,&hellip;<\/p>\n","protected":false},"author":2,"featured_media":0,"comment_status":"closed","ping_status":"open","sticky":false,"template":"","format":"standard","meta":{"_monsterinsights_skip_tracking":false,"_monsterinsights_sitenote_active":false,"_monsterinsights_sitenote_note":"","_monsterinsights_sitenote_category":0,"footnotes":""},"categories":[40],"tags":[],"class_list":["post-393","post","type-post","status-publish","format-standard","hentry","category-allgemein"],"_links":{"self":[{"href":"https:\/\/www.vacalia.com\/blog\/wp-json\/wp\/v2\/posts\/393"}],"collection":[{"href":"https:\/\/www.vacalia.com\/blog\/wp-json\/wp\/v2\/posts"}],"about":[{"href":"https:\/\/www.vacalia.com\/blog\/wp-json\/wp\/v2\/types\/post"}],"author":[{"embeddable":true,"href":"https:\/\/www.vacalia.com\/blog\/wp-json\/wp\/v2\/users\/2"}],"replies":[{"embeddable":true,"href":"https:\/\/www.vacalia.com\/blog\/wp-json\/wp\/v2\/comments?post=393"}],"version-history":[{"count":6,"href":"https:\/\/www.vacalia.com\/blog\/wp-json\/wp\/v2\/posts\/393\/revisions"}],"predecessor-version":[{"id":4872,"href":"https:\/\/www.vacalia.com\/blog\/wp-json\/wp\/v2\/posts\/393\/revisions\/4872"}],"wp:attachment":[{"href":"https:\/\/www.vacalia.com\/blog\/wp-json\/wp\/v2\/media?parent=393"}],"wp:term":[{"taxonomy":"category","embeddable":true,"href":"https:\/\/www.vacalia.com\/blog\/wp-json\/wp\/v2\/categories?post=393"},{"taxonomy":"post_tag","embeddable":true,"href":"https:\/\/www.vacalia.com\/blog\/wp-json\/wp\/v2\/tags?post=393"}],"curies":[{"name":"wp","href":"https:\/\/api.w.org\/{rel}","templated":true}]}}