{"id":3999,"date":"2023-06-23T12:52:43","date_gmt":"2023-06-23T10:52:43","guid":{"rendered":"https:\/\/www.vacalia.com\/blog\/?p=3999"},"modified":"2025-07-04T08:50:33","modified_gmt":"2025-07-04T06:50:33","slug":"que-ver-en-xativa-y-alrededores","status":"publish","type":"post","link":"https:\/\/www.vacalia.com\/blog\/es\/que-ver-en-xativa-y-alrededores\/","title":{"rendered":"Qu\u00e9 ver en X\u00e0tiva y alrededores"},"content":{"rendered":"\n<p>Esperamos que este post os sorprenda, esta vez nos adentramos en la zona de X\u00e0tiva que tiene una serie de lugares poco conocidos que vale la pena explorar durante una visita a esta regi\u00f3n.<br>Preparaos para una ruta tur\u00edstica que os llevar\u00e1 desde la hist\u00f3rica ciudad de X\u00e0tiva hasta el impresionante <strong>Canal de Navarr\u00e9s<\/strong>, una joya natural que os dejar\u00e1 sin aliento. Preparad una aventura llena de sorprendentes paisajes, historia y descubrimientos.<\/p>\n\n\n\n<h2 class=\"wp-block-heading\"><strong>X\u00e0tiva<\/strong><\/h2>\n\n\n\n<p>Nuestra ruta comienza en X\u00e0tiva, situada en lo alto de una colina, es conocida por su imponente castillo, uno de los m\u00e1s grandes de toda Espa\u00f1a. A medida que os aproxim\u00e9is a la ciudad, os impresionar\u00e1 la <strong>vista panor\u00e1mica<\/strong>, con las murallas del castillo como protagonista. Esta <strong>fortaleza milenaria<\/strong> es un testimonio vivo de la historia de la regi\u00f3n y un s\u00edmbolo de la grandeza que tuvo X\u00e0tiva.<\/p>\n\n\n<div class=\"wp-block-image\">\n<figure class=\"aligncenter size-full\"><img fetchpriority=\"high\" decoding=\"async\" width=\"670\" height=\"300\" src=\"https:\/\/www.vacalia.com\/blog\/wp-content\/uploads\/2023\/06\/castillo-de-xativa.jpeg\" alt=\"Qu\u00e9 ver en X\u00e0tiva y alrededores\" class=\"wp-image-4003\" srcset=\"https:\/\/www.vacalia.com\/blog\/wp-content\/uploads\/2023\/06\/castillo-de-xativa.jpeg 670w, https:\/\/www.vacalia.com\/blog\/wp-content\/uploads\/2023\/06\/castillo-de-xativa-300x134.jpeg 300w\" sizes=\"(max-width: 767px) 100vw, 670px\" \/><figcaption class=\"wp-element-caption\">Castillo de X\u00e1tiva<\/figcaption><\/figure><\/div>\n\n\n<p>Una vez dentro de la fortaleza, os sumergir\u00e9is en un viaje en el tiempo. Recorrer\u00e9is las antiguas murallas, explorareis las torres y admirar\u00e9is las vistas espectaculares del paisaje circundante desde el <strong>mirador del Bellveret<\/strong>. Tambi\u00e9n vais a poder descubrir el <strong>Aljibe de Mont Sant<\/strong>, una cisterna medieval que cuenta con una impresionante estructura abovedada y que ha conservado su funci\u00f3n de dep\u00f3sito de agua hasta la actualidad.<\/p>\n\n\n\n<p>Mientras explor\u00e1is la ciudad, no deb\u00e9is dejar de pasear por las pintorescas calles de su casco antiguo. Podr\u00e9is admirar hermosas fachadas de casas tradicionales, plazas encantadoras y la imponente <strong>Colegiata Bas\u00edlica de Santa Mar\u00eda<\/strong>, una joya arquitect\u00f3nica de influencia herreriana que justo al Castillo es el edificio m\u00e1s importantes.<\/p>\n\n\n\n<p>Adem\u00e1s de su castillo y su casco antiguo, X\u00e0tiva ofrece otros puntos de inter\u00e9s. No olvid\u00e9is visitar el <strong>Museo de Bellas Artes de X\u00e0tiva<\/strong>, donde se puede contemplar una colecci\u00f3n de obras que cuenta con obras de <strong>Goya, Antonio Mir\u00f3<\/strong> o <strong>Ribera<\/strong> entre otros. <\/p>\n\n\n\n<p>Tambi\u00e9n se puede disfrutar de la gastronom\u00eda local en los acogedores restaurantes y probar delicias t\u00edpicas como la paella y los dulces artesanales.<\/p>\n\n\n\n<p>Pero X\u00e0tiva no solo es monumentos hist\u00f3ricos, sino tambi\u00e9n un centro cultural vibrante. A lo largo del a\u00f1o, se organizan diversos eventos y actividades, como conciertos, exposiciones y festivales. Esto brinda a los visitantes la oportunidad de sumergirse en la cultura local y experimentar el esp\u00edritu festivo de X\u00e0tiva.<\/p>\n\n\n\n<h2 class=\"wp-block-heading\"><strong>Bocairent<\/strong><\/h2>\n\n\n\n<p>Nuestra siguiente parada en esta ruta os llevar\u00e1 al hermoso pueblo de Bocairent, situado al pie de la Sierra Mariola a una media hora en coche desde X\u00e0tiva. Bocairent es un destino que ofrece una combinaci\u00f3n perfecta de historia, arquitectura y naturaleza. Sus calles empedradas al estilo \u00e1rabe y y sus casas medievales crean un lugar muy especial. Es imprescindible visitar la \u201c<strong>Cava de Sant Blai<\/strong>\u201d, una estructura en la que se almacenaba nieve para poder crear bloques de hielo para la conservaci\u00f3n de alimentos.<\/p>\n\n\n\n<p>En las inmediaciones deb\u00e9is visitar las \u201c<strong>Covetes dels moros<\/strong>\u201d. Es un conjunto de cuevas conectadas entre si que fueron excavadas entre los siglos X y XI. Es una visita no apta para personas con claustrofobia pero merece mucho la pena.<\/p>\n\n\n<div class=\"wp-block-image\">\n<figure class=\"aligncenter size-full\"><img decoding=\"async\" width=\"670\" height=\"300\" src=\"https:\/\/www.vacalia.com\/blog\/wp-content\/uploads\/2023\/06\/bocairent.jpeg\" alt=\"Qu\u00e9 ver en X\u00e0tiva y alrededores\" class=\"wp-image-4000\" srcset=\"https:\/\/www.vacalia.com\/blog\/wp-content\/uploads\/2023\/06\/bocairent.jpeg 670w, https:\/\/www.vacalia.com\/blog\/wp-content\/uploads\/2023\/06\/bocairent-300x134.jpeg 300w\" sizes=\"(max-width: 767px) 100vw, 670px\" \/><figcaption class=\"wp-element-caption\">Bocairent<\/figcaption><\/figure><\/div>\n\n\n<h2 class=\"wp-block-heading\"><strong>Parque Natural de la Sierra Mariola<\/strong><\/h2>\n\n\n\n<p>Continuamos nuestro recorrido hacia el Parque Natural de la Sierra de Mariola, un tesoro natural que os dejar\u00e1 sin aliento. La Sierra de Mariola destaca por sus hallazgos arqueol\u00f3gicos frutos de la presencia humana desde la prehistoria. El clima, la abundancia de agua y diferentes recursos naturales han sido factores determinantes para que se establecieran diferentes asentamientos a lo largo de la historia.<\/p>\n\n\n\n<p>La Sierra de Mariola est\u00e1 atravesada por una <strong>red de sendas<\/strong> y caminos utilizados anta\u00f1o por cazadores y pastores, quienes han dejado su huella en esta monta\u00f1a. Con el objetivo de conservar este entorno, <strong>la Sierra de Mariola fue declarada Parque Natural en 2002<\/strong>, obteniendo una protecci\u00f3n especial.<\/p>\n\n\n\n<p>Esta zona abarca parte de las comarcas de la <strong>Vall d&#8217;Albaida, l&#8217;Alcoi\u00e0<\/strong> y el <strong>Comtat<\/strong>, y cuenta con un tramo del <strong>sendero GR-7<\/strong>, primer sendero de largo recorrido que se marc\u00f3 en Espa\u00f1a, en 1973. Los visitantes pueden disfrutar de <strong>excursiones<\/strong> a pie, a caballo o en bicicleta por diversos senderos muy bien se\u00f1alizados. Durante estas rutas, podr\u00e1n descubrir construcciones de inter\u00e9s como ermitas, mas\u00edas y torres as\u00ed como paisajes naturales de una belleza singular, como <strong>el nacimiento del r\u00edo Vinalop\u00f3<\/strong>, la <strong>cima del Montcabrer<\/strong>, a unos 1.390 metros de altura, la <strong>Font de Mariola<\/strong> o la <strong>Cueva de la Sarsa<\/strong> en la que se han encontrado importantes restos del Neol\u00edtico. Esta cueva es perfecta para iniciarse en la <strong>espeleolog\u00eda<\/strong>.<\/p>\n\n\n<div class=\"wp-block-image\">\n<figure class=\"aligncenter size-full\"><img decoding=\"async\" width=\"670\" height=\"300\" src=\"https:\/\/www.vacalia.com\/blog\/wp-content\/uploads\/2023\/06\/cueva-de-la-sarsa.jpg\" alt=\"Qu\u00e9 ver en X\u00e0tiva y alrededores\" class=\"wp-image-4002\" srcset=\"https:\/\/www.vacalia.com\/blog\/wp-content\/uploads\/2023\/06\/cueva-de-la-sarsa.jpg 670w, https:\/\/www.vacalia.com\/blog\/wp-content\/uploads\/2023\/06\/cueva-de-la-sarsa-300x134.jpg 300w\" sizes=\"(max-width: 767px) 100vw, 670px\" \/><figcaption class=\"wp-element-caption\">Cueva de la Sarsa<\/figcaption><\/figure><\/div>\n\n\n<h2 class=\"wp-block-heading\"><strong>La Canal de Navarr\u00e9s<\/strong><\/h2>\n\n\n\n<p>Finalmente, llegaremos al Canal de Navarr\u00e9s, una zona con el agua como protagonista, de una belleza particular. Esta comarca la forman 8 pueblos: <strong>Anna, Bicorp, Bolbaite, Chella, Enguera, Millares, Navarr\u00e9s y Quesa<\/strong> con una gran oferta tur\u00edstica sostenible.<\/p>\n\n\n\n<p>Esta regi\u00f3n destaca por sus r\u00edos, valles y barrancos creando un entorno de pel\u00edcula. A trav\u00e9s de este patrimonio natural y cultural se han creado actividades al aire libre como <strong>rutas de cicloturismo, kayak, paddle surf, barranquismo, tiro con arco o rutas de arte rupestre<\/strong>.<\/p>\n\n\n\n<p>Explorad sus senderos, sumergiros en sus m\u00faltiples zonas de ba\u00f1o y disfrutad de los sabores aut\u00e9nticos de la regi\u00f3n.<\/p>\n\n\n<div class=\"wp-block-image\">\n<figure class=\"aligncenter size-full\"><img loading=\"lazy\" decoding=\"async\" width=\"670\" height=\"300\" src=\"https:\/\/www.vacalia.com\/blog\/wp-content\/uploads\/2023\/06\/canal-de-navarres.jpeg\" alt=\"Qu\u00e9 ver en X\u00e0tiva y alrededores\" class=\"wp-image-4001\" srcset=\"https:\/\/www.vacalia.com\/blog\/wp-content\/uploads\/2023\/06\/canal-de-navarres.jpeg 670w, https:\/\/www.vacalia.com\/blog\/wp-content\/uploads\/2023\/06\/canal-de-navarres-300x134.jpeg 300w\" sizes=\"(max-width: 767px) 100vw, 670px\" \/><figcaption class=\"wp-element-caption\">Canal de Navarr\u00e9s<\/figcaption><\/figure><\/div>\n\n\n<p>Aqu\u00ed termina este art\u00edculo con el objetivo de descubrir un poco los <strong>encantos de la Comunidad Valenciana<\/strong> no tan lejos de sus famosas playas. Si quieres<a href=\"https:\/\/www.vacalia.com\/es\/alquiler-vacacional-alicante\" target=\"_blank\" rel=\"noreferrer noopener\"> <strong>alojarte en Alicante<\/strong><\/a><strong> <\/strong>o<strong> <a href=\"https:\/\/www.vacalia.com\/es\/alquiler-vacacional-valencia\" target=\"_blank\" rel=\"noreferrer noopener\">Valencia<\/a><\/strong> vale la pena reservar unos d\u00edas para visitar estos lugares. \u00a1Hasta el pr\u00f3ximo art\u00edculo!<\/p>\n\n\n\n<div class=\"wp-block-columns is-layout-flex wp-container-core-columns-is-layout-1 wp-block-columns-is-layout-flex\">\n<div class=\"wp-block-column is-layout-flow wp-block-column-is-layout-flow\"><div class=\"bannerBlog\"><div class=\"new-card-houses\">\n    <div class=\"likeOut likeDivOut\" style=\"display:none\">\n        <a data-id=\"960\" class=\"likeOut_button_red likeBtnFav\"\n            aria-label=\"Megusta Vacalia\"><\/a>\n    <\/div>\n    <figure>\n        <img loading=\"lazy\" decoding=\"async\" \n            loading=\"lazy\" width=\"301\" height=\"200\"\n            src=\"\/\/media.vacalia.com\/photo\/reformatwebpfolder\/350\/200\/960\/thumb-middle\/960_6580336c515c210e62fef5cf6f092cc5.webp?v=21092023\"\n            alt=\"El balc\u00f3n de la safor - llumicel - Alquiler vacacional en Ador\"\/>\n                                                                        <div class=\"circleDiscount\">-5%<\/div>\n                        <\/figure>\n    <p itemprop=\"address\"><i class=\"ico-marker\"><\/i>Ador, Valencia<\/p>\n    <h3 itemprop=\"name\">El balc\u00f3n de la safor - llumicel<\/h3>\n    <ul class=\"icon_list inline_list\">\n                              <li class=\"ico-pool\" title=\"Piscina\">\n              <span itemprop=\"amenityFeature\">Piscina<\/span>\n            <\/li>\n                      <li class=\"ico-wifi\" title=\"Wifi\">\n              <span itemprop=\"amenityFeature\">Wifi<\/span>\n            <\/li>\n                      <li class=\"ico-pets\" title=\"Mascotas\">\n              <span itemprop=\"amenityFeature\">Mascotas<\/span>\n            <\/li>\n                          <li class=\"ico-guests\" title=\"Para 8+2   hu\u00e9spedes en Ador.\">\n          <span itemprop=\"occupancy\">8+2  <\/span>\n        <\/li>\n    <\/ul>\n            <span class=\"price\">Desde 131\u20ac \/ noche<\/span>\n                <a itemprop=\"url\" class=\"anchor\" href=\"https:\/\/www.vacalia.com\/es\/villa-el-balcon-de-la-safor-llumicel-ador-h15635\" aria-label=\"El balc\u00f3n de la safor - llumicel\"><\/a>\n<\/div><\/div>\n<\/div>\n\n\n\n<div class=\"wp-block-column is-layout-flow wp-block-column-is-layout-flow\"><div class=\"bannerBlog\"><div class=\"new-card-houses\">\n    <div class=\"likeOut likeDivOut\" style=\"display:none\">\n        <a data-id=\"2838\" class=\"likeOut_button_red likeBtnFav\"\n            aria-label=\"Megusta Vacalia\"><\/a>\n    <\/div>\n    <figure>\n        <img loading=\"lazy\" decoding=\"async\" \n            loading=\"lazy\" width=\"301\" height=\"200\"\n            src=\"\/\/media.vacalia.com\/photo\/reformatwebpfolder\/350\/200\/2838\/thumb-middle\/2838_06c902e5155c905c9c7ca2e45a53fefd.webp?v=21092023\"\n            alt=\"Frederic - Alquiler vacacional en X\u00e0bia\/J\u00e1vea\"\/>\n                                                                        <div class=\"circleDiscount\">-8%<\/div>\n                        <\/figure>\n    <p itemprop=\"address\"><i class=\"ico-marker\"><\/i>X\u00e0bia\/J\u00e1vea, Alicante<\/p>\n    <h3 itemprop=\"name\">Frederic<\/h3>\n    <ul class=\"icon_list inline_list\">\n                              <li class=\"ico-pool\" title=\"Piscina\">\n              <span itemprop=\"amenityFeature\">Piscina<\/span>\n            <\/li>\n                      <li class=\"ico-wifi\" title=\"Wifi\">\n              <span itemprop=\"amenityFeature\">Wifi<\/span>\n            <\/li>\n                          <li class=\"ico-guests\" title=\"Para 6 hu\u00e9spedes en X\u00e0bia\/j\u00e1vea.\">\n          <span itemprop=\"occupancy\">6<\/span>\n        <\/li>\n    <\/ul>\n            <span class=\"price\">Desde 100\u20ac \/ noche<\/span>\n                <a itemprop=\"url\" class=\"anchor\" href=\"https:\/\/www.vacalia.com\/es\/villa-frederic-xabia-javea-h19853\" aria-label=\"Frederic\"><\/a>\n<\/div><\/div>\n<\/div>\n<\/div>\n","protected":false},"excerpt":{"rendered":"<p>Esperamos que este post os sorprenda, esta vez nos adentramos en la zona de X\u00e0tiva que tiene una serie de lugares poco conocidos que vale la pena explorar durante una&hellip;<\/p>\n","protected":false},"author":1,"featured_media":4001,"comment_status":"closed","ping_status":"open","sticky":false,"template":"","format":"standard","meta":{"_monsterinsights_skip_tracking":false,"_monsterinsights_sitenote_active":false,"_monsterinsights_sitenote_note":"","_monsterinsights_sitenote_category":0,"footnotes":""},"categories":[1076,1088,1,1094],"tags":[],"class_list":["post-3999","post","type-post","status-publish","format-standard","has-post-thumbnail","hentry","category-otros-lugares-de-interes","category-que-ver","category-general-es","category-guias-es"],"_links":{"self":[{"href":"https:\/\/www.vacalia.com\/blog\/wp-json\/wp\/v2\/posts\/3999"}],"collection":[{"href":"https:\/\/www.vacalia.com\/blog\/wp-json\/wp\/v2\/posts"}],"about":[{"href":"https:\/\/www.vacalia.com\/blog\/wp-json\/wp\/v2\/types\/post"}],"author":[{"embeddable":true,"href":"https:\/\/www.vacalia.com\/blog\/wp-json\/wp\/v2\/users\/1"}],"replies":[{"embeddable":true,"href":"https:\/\/www.vacalia.com\/blog\/wp-json\/wp\/v2\/comments?post=3999"}],"version-history":[{"count":8,"href":"https:\/\/www.vacalia.com\/blog\/wp-json\/wp\/v2\/posts\/3999\/revisions"}],"predecessor-version":[{"id":7419,"href":"https:\/\/www.vacalia.com\/blog\/wp-json\/wp\/v2\/posts\/3999\/revisions\/7419"}],"wp:featuredmedia":[{"embeddable":true,"href":"https:\/\/www.vacalia.com\/blog\/wp-json\/wp\/v2\/media\/4001"}],"wp:attachment":[{"href":"https:\/\/www.vacalia.com\/blog\/wp-json\/wp\/v2\/media?parent=3999"}],"wp:term":[{"taxonomy":"category","embeddable":true,"href":"https:\/\/www.vacalia.com\/blog\/wp-json\/wp\/v2\/categories?post=3999"},{"taxonomy":"post_tag","embeddable":true,"href":"https:\/\/www.vacalia.com\/blog\/wp-json\/wp\/v2\/tags?post=3999"}],"curies":[{"name":"wp","href":"https:\/\/api.w.org\/{rel}","templated":true}]}}