{"id":4027,"date":"2023-06-30T13:41:11","date_gmt":"2023-06-30T11:41:11","guid":{"rendered":"https:\/\/www.vacalia.com\/blog\/?p=4027"},"modified":"2024-08-29T14:01:33","modified_gmt":"2024-08-29T12:01:33","slug":"alquilar-un-descapotable-en-ibiza-mallorca-menorca","status":"publish","type":"post","link":"https:\/\/www.vacalia.com\/blog\/es\/alquilar-un-descapotable-en-ibiza-mallorca-menorca\/","title":{"rendered":"Alquilar un descapotable en Ibiza, Mallorca y Menorca"},"content":{"rendered":"\n<p>Si quieres disfrutar de unas vacaciones diferentes, <strong>alquilar un descapotable convertir\u00e1 tu viaje en algo inolvidable<\/strong>. Vivir la emoci\u00f3n de conducir este tipo de coche en lugares paradis\u00edacos como <a href=\"https:\/\/www.vacalia.com\/es\/villas-lujo-ibiza\" target=\"_blank\" rel=\"noreferrer noopener\">Ibiza<\/a>, <a href=\"https:\/\/www.vacalia.com\/es\/alquiler-vacacional-mallorca\" target=\"_blank\" rel=\"noreferrer noopener\">Mallorca<\/a> o <a href=\"https:\/\/www.vacalia.com\/es\/alquiler-vacacional-menorca\" target=\"_blank\" rel=\"noreferrer noopener\">Menorca<\/a> es una experiencia que no puedes dejar pasar.&nbsp;<\/p>\n\n\n\n<p>Vamos a comentar por qu\u00e9 alquilar un descapotable en Baleares es la opci\u00f3n perfecta para a\u00f1adir un poco de diversi\u00f3n y estilo a tus vacaciones. La sensaci\u00f3n del viento en tu rostro mientras exploras estos maravillosos lugares es excepcional. El alquiler de un descapotable convertir\u00e1 tu viaje en una experiencia inolvidable. \u00bfEst\u00e1s listo para disfrutar de la experiencia?&nbsp;<\/p>\n\n\n\n<p>Mallorca, Ibiza y Menorca son islas conocidas por su belleza natural, playas de ensue\u00f1o y vida nocturna muy especial. <strong>Estos destinos mediterr\u00e1neos son el escenario perfecto<\/strong> para disfrutar de la conducci\u00f3n de un descapotable. Imagina recorrer la impresionante costa de Ibiza o explorar los pueblos con encanto de Mallorca, con sus calles empedradas y edificios hist\u00f3ricos, sintiendo la brisa marina mientras conduces con la capota abierta. Estos lugares te invitan a descubrir sus rincones de una manera \u00fanica y emocionante.<\/p>\n\n\n<div class=\"wp-block-image\">\n<figure class=\"aligncenter size-full\"><img fetchpriority=\"high\" decoding=\"async\" width=\"670\" height=\"300\" src=\"https:\/\/www.vacalia.com\/blog\/wp-content\/uploads\/2023\/06\/alquiler-mini-descapotable.jpg\" alt=\"Alquilar un descapotable en Ibiza, Mallorca y Menorca\" class=\"wp-image-4030\" srcset=\"https:\/\/www.vacalia.com\/blog\/wp-content\/uploads\/2023\/06\/alquiler-mini-descapotable.jpg 670w, https:\/\/www.vacalia.com\/blog\/wp-content\/uploads\/2023\/06\/alquiler-mini-descapotable-300x134.jpg 300w\" sizes=\"(max-width: 767px) 100vw, 670px\" \/><figcaption class=\"wp-element-caption\">Mini descapotable<\/figcaption><\/figure><\/div>\n\n\n<h3 class=\"wp-block-heading\"><strong>Ventajas de alquilar un descapotable<\/strong><\/h3>\n\n\n\n<p>Una de las ventajas de alquilar un descapotable con nosotros es la variedad de modelos y condiciones disponibles. Desde <strong>alquilar un Fiat 500 descapotable<\/strong> hasta los elegantes <strong>Mercedes Benz<\/strong> de lujo, encontrar\u00e1s siempre el veh\u00edculo perfecto que se adapte a tus gustos y necesidades.&nbsp;<\/p>\n\n\n\n<p>\u00bfQuieres disfrutar de la potencia y la adrenalina al volante? Opta por <strong>alquilar un descapotable deportivo<\/strong> de alta gama. \u00bfPrefieres un enfoque m\u00e1s relajado y c\u00f3modo? elige un modelo econ\u00f3mico con todas las comodidades. Sea cual sea tu elecci\u00f3n, alquilar un descapotable te permitir\u00e1 vivir la experiencia de conducir un veh\u00edculo de ensue\u00f1o que tal vez no te hayas planteado comprar nunca.<\/p>\n\n\n\n<p>Cuando alquilas un descapotable en Baleares, no solo obtienes un coche exclusivo, sino tambi\u00e9n una serie de beneficios adicionales como la <strong>entrega del veh\u00edculo directamente en el aeropuerto<\/strong>. Esto significa que podr\u00e1s comenzar tu aventura tan pronto como aterrices en el para\u00edso. Adem\u00e1s, nuestra empresa tambi\u00e9n ofrece opciones en el alquiler como la <strong>entrega r\u00e1pida<\/strong> del veh\u00edculo o <strong>sillas para ni\u00f1os<\/strong>.Tambi\u00e9n puedes encontrar opciones que incluyen <strong>asistencia en carretera las 24 horas<\/strong>, para que puedas tener total tranquilidad mientras te diviertes al volante y no preocuparte de sufrir alg\u00fan problema.<\/p>\n\n\n\n<p>Alquilar un coche en las islas te permitir\u00e1 explorar estos destinos desde una perspectiva completamente nueva. Podr\u00e1s descubrir calas poco conocidas y paisajes impresionantes que de otra manera podr\u00edan pasar desapercibidos. Atr\u00e9vete a adentrarte en carreteras secundarias y caminos de tierra que te llevar\u00e1n a lugares m\u00e1gicos que no aparecen en las gu\u00edas tur\u00edsticas.&nbsp;<\/p>\n\n\n<div class=\"wp-block-image\">\n<figure class=\"aligncenter size-full\"><img decoding=\"async\" width=\"670\" height=\"300\" src=\"https:\/\/www.vacalia.com\/blog\/wp-content\/uploads\/2023\/06\/alquiler-mercedes-descapotable-1.jpg\" alt=\"Alquilar un descapotable en Ibiza, Mallorca y Menorca\" class=\"wp-image-4034\" srcset=\"https:\/\/www.vacalia.com\/blog\/wp-content\/uploads\/2023\/06\/alquiler-mercedes-descapotable-1.jpg 670w, https:\/\/www.vacalia.com\/blog\/wp-content\/uploads\/2023\/06\/alquiler-mercedes-descapotable-1-300x134.jpg 300w\" sizes=\"(max-width: 767px) 100vw, 670px\" \/><figcaption class=\"wp-element-caption\">Mercedes descapotable<\/figcaption><\/figure><\/div>\n\n\n<h3 class=\"wp-block-heading\"><strong>Una experiencia de viaje diferente<\/strong><\/h3>\n\n\n\n<p>\u00bfTe imaginas <strong>alquilar un mini descapotable<\/strong> en Menorca y recorrer una carretera costera con su brisa marina y vistas inolvidables? \u00bfO conducir por las carreteras de monta\u00f1a de Mallorca, rodeado de una exuberante vegetaci\u00f3n y vistas impresionantes?&nbsp;<\/p>\n\n\n\n<p>La libertad de un descapotable te permitir\u00e1 crear tu propia ruta y descubrir aut\u00e9nticos lugares ocultos y porqu\u00e9 no, tomar unas fotos con un poco de postureo para Instagram. Recorrer las mejores discotecas de Ibiza con un BMW serie 4 no pasar\u00e1 inadvertido.<\/p>\n\n\n<div class=\"wp-block-image\">\n<figure class=\"aligncenter size-full\"><img decoding=\"async\" width=\"670\" height=\"300\" src=\"https:\/\/www.vacalia.com\/blog\/wp-content\/uploads\/2023\/06\/alquilar-descapotable-en-ibiza-1.jpg\" alt=\"Alquilar un descapotable en Ibiza, Mallorca y Menorca\" class=\"wp-image-4031\" srcset=\"https:\/\/www.vacalia.com\/blog\/wp-content\/uploads\/2023\/06\/alquilar-descapotable-en-ibiza-1.jpg 670w, https:\/\/www.vacalia.com\/blog\/wp-content\/uploads\/2023\/06\/alquilar-descapotable-en-ibiza-1-300x134.jpg 300w\" sizes=\"(max-width: 767px) 100vw, 670px\" \/><figcaption class=\"wp-element-caption\">BMW descapotable<\/figcaption><\/figure><\/div>\n\n\n<p>Alquilar un descapotable en Ibiza, Palma de Mallorca y Menorca tambi\u00e9n te dar\u00e1 la oportunidad de disfrutar del clima mediterr\u00e1neo en su m\u00e1ximo esplendor. La puesta de sol ser\u00e1 tu compa\u00f1era mientras conduces por estas tierras de ensue\u00f1o. Adem\u00e1s, la sensaci\u00f3n del viento en tu rostro con la capota abierta te conectar\u00e1 con la naturaleza y te har\u00e1 sentir m\u00e1s vivo que nunca. No hay nada como la combinaci\u00f3n de un descapotable, el sol, la playa y el viento para despertar tus sentidos y hacer que cada kil\u00f3metro sea una experiencia memorable.<\/p>\n\n\n\n<h3 class=\"wp-block-heading\"><strong>Cosas a tener en cuenta para alquilar descapotables<\/strong><\/h3>\n\n\n\n<p>Antes de alquilar un descapotable, es importante tener en cuenta algunos aspectos pr\u00e1cticos. Aseg\u00farate de revisar las pol\u00edticas de alquiler, cumplir los requisitos de edad, tener la licencia de conducir en regla y leer la cl\u00e1usula sobre el dep\u00f3sito de combustible.&nbsp;<\/p>\n\n\n\n<p>Si lo que te hace dudar a la hora de alquilar un descapotable son las inclemencias del tiempo, como la lluvia, no hay de qu\u00e9 preocuparse. Los coches descapotables de <strong><a href=\"https:\/\/www.vacalia.com\/es\/alquiler-de-coches\">alquiler en Vacalia<\/a><\/strong> tienen un aislamiento ac\u00fastico y t\u00e9rmico a trav\u00e9s de la capota. Todos los modelos est\u00e1n preparados para todo tipo de climatolog\u00eda.<\/p>\n\n\n\n<p>Si te preocupa el tema del equipaje, no tiene porqu\u00e9 ser un problema. Muchos modelos est\u00e1n dise\u00f1ados con suficiente espacio de almacenamiento para adaptarse a tus necesidades. Si viajas en pareja o incluso con ni\u00f1os, es probable que el espacio sea m\u00e1s que suficiente. Recuerda que en verano llevamos ropa que ocupa poco y no necesitas llevar contigo una gran cantidad de equipaje. Adem\u00e1s, si tambi\u00e9n planificas un <strong>alquiler vacacional en Baleares<\/strong> tendr\u00e1s la oportunidad de lavar ropa si vas a disfrutar de una larga estancia.<\/p>\n\n\n<div class=\"wp-block-image\">\n<figure class=\"aligncenter size-full\"><img loading=\"lazy\" decoding=\"async\" width=\"670\" height=\"300\" src=\"https:\/\/www.vacalia.com\/blog\/wp-content\/uploads\/2023\/06\/alquiler-coche-descapotable-mallorca-1.jpg\" alt=\"Alquilar un descapotable en Ibiza, Mallorca y Menorca\" class=\"wp-image-4033\" srcset=\"https:\/\/www.vacalia.com\/blog\/wp-content\/uploads\/2023\/06\/alquiler-coche-descapotable-mallorca-1.jpg 670w, https:\/\/www.vacalia.com\/blog\/wp-content\/uploads\/2023\/06\/alquiler-coche-descapotable-mallorca-1-300x134.jpg 300w\" sizes=\"(max-width: 767px) 100vw, 670px\" \/><\/figure><\/div>\n\n\n<p>Para concluir, <strong>alquilar un descapotable en Mallorca, Ibiza y Menorca<\/strong> <strong>es una experiencia que no puedes dejar pasar<\/strong>. Desde la emoci\u00f3n de la conducci\u00f3n hasta el estilo que te da&nbsp; a\u00f1adiendo un toque especial a tus vacaciones. Disfrutar\u00e1s de la libertad de explorar estos destinos paradis\u00edacos a tu propio ritmo y descubrir\u00e1s rincones ocultos que te dejar\u00e1n sin aliento. As\u00ed que, \u00bfa qu\u00e9 est\u00e1s esperando? \u00a1Sube a bordo y prep\u00e1rate para vivir una aventura inolvidable al volante de un descapotable en Islas Baleares!<\/p>\n\n\n\n<div class=\"wp-block-columns is-layout-flex wp-container-core-columns-is-layout-1 wp-block-columns-is-layout-flex\">\n<div class=\"wp-block-column is-layout-flow wp-block-column-is-layout-flow\"><div class=\"bannerBlog\"><div class=\"new-card-houses\">\n    <div class=\"likeOut likeDivOut\" style=\"display:none\">\n        <a data-id=\"3688\" class=\"likeOut_button_red likeBtnFav\"\n            aria-label=\"Megusta Vacalia\"><\/a>\n    <\/div>\n    <figure>\n        <img loading=\"lazy\" decoding=\"async\" \n            loading=\"lazy\" width=\"301\" height=\"200\"\n            src=\"\/\/media.vacalia.com\/photo\/reformatwebpfolder\/350\/200\/3688\/thumb-middle\/3688_1a5e92182710470d0fb2d8cc2b298f1d.webp?v=21092023\"\n            alt=\"Casa elena - Alquiler vacacional en Cala Lliteres\"\/>\n                                                                        <div class=\"circleDiscount\">-19%<\/div>\n                        <\/figure>\n    <p itemprop=\"address\"><i class=\"ico-marker\"><\/i>Cala Lliteres, Mallorca<\/p>\n    <h3 itemprop=\"name\">Casa elena<\/h3>\n    <ul class=\"icon_list inline_list\">\n                              <li class=\"ico-airConditioning\" title=\"Aire Acondicionado\">\n              <span itemprop=\"amenityFeature\">Aire Acondicionado<\/span>\n            <\/li>\n                      <li class=\"ico-wifi\" title=\"Wifi\">\n              <span itemprop=\"amenityFeature\">Wifi<\/span>\n            <\/li>\n                          <li class=\"ico-guests\" title=\"Para 2 hu\u00e9spedes en Cala Lliteres.\">\n          <span itemprop=\"occupancy\">2<\/span>\n        <\/li>\n    <\/ul>\n            <span class=\"price\">Desde 61\u20ac \/ noche<\/span>\n                <a itemprop=\"url\" class=\"anchor\" href=\"https:\/\/www.vacalia.com\/es\/apartamento-casa-elena-capdepera-h24647\" aria-label=\"Casa elena\"><\/a>\n<\/div><\/div>\n<\/div>\n\n\n\n<div class=\"wp-block-column is-layout-flow wp-block-column-is-layout-flow\"><div class=\"bannerBlog\"><div class=\"new-card-houses\">\n    <div class=\"likeOut likeDivOut\" style=\"display:none\">\n        <a data-id=\"3660\" class=\"likeOut_button_red likeBtnFav\"\n            aria-label=\"Megusta Vacalia\"><\/a>\n    <\/div>\n    <figure>\n        <img loading=\"lazy\" decoding=\"async\" \n            loading=\"lazy\" width=\"301\" height=\"200\"\n            src=\"\/\/media.vacalia.com\/photo\/reformatwebpfolder\/350\/200\/3660\/thumb-middle\/3660_34d5cbb486f66f2fe2ec5b94b798bee6.webp?v=21092023\"\n            alt=\"Villa binimigi - Alquiler vacacional en Platja de Binisaf\u00faller\"\/>\n                                                                        <div class=\"circleDiscount\">-9%<\/div>\n                        <\/figure>\n    <p itemprop=\"address\"><i class=\"ico-marker\"><\/i>Platja de Binisaf\u00faller, Menorca<\/p>\n    <h3 itemprop=\"name\">Villa binimigi<\/h3>\n    <ul class=\"icon_list inline_list\">\n                              <li class=\"ico-pool\" title=\"Piscina\">\n              <span itemprop=\"amenityFeature\">Piscina<\/span>\n            <\/li>\n                      <li class=\"ico-airConditioning\" title=\"Aire Acondicionado\">\n              <span itemprop=\"amenityFeature\">Aire Acondicionado<\/span>\n            <\/li>\n                      <li class=\"ico-wifi\" title=\"Wifi\">\n              <span itemprop=\"amenityFeature\">Wifi<\/span>\n            <\/li>\n                      <li class=\"ico-views\" title=\"Vistas\">\n              <span itemprop=\"amenityFeature\">Vistas<\/span>\n            <\/li>\n                          <li class=\"ico-guests\" title=\"Para 8 hu\u00e9spedes en Platja De Binisaf\u00faller.\">\n          <span itemprop=\"occupancy\">8<\/span>\n        <\/li>\n    <\/ul>\n            <span class=\"price\">Desde 280\u20ac \/ noche<\/span>\n                <a itemprop=\"url\" class=\"anchor\" href=\"https:\/\/www.vacalia.com\/es\/villa-villa-binimigi-sant-lluis-h24635\" aria-label=\"Villa binimigi\"><\/a>\n<\/div><\/div>\n<\/div>\n<\/div>\n","protected":false},"excerpt":{"rendered":"<p>Si quieres disfrutar de unas vacaciones diferentes, alquilar un descapotable convertir\u00e1 tu viaje en algo inolvidable. Vivir la emoci\u00f3n de conducir este tipo de coche en lugares paradis\u00edacos como Ibiza,&hellip;<\/p>\n","protected":false},"author":1,"featured_media":4033,"comment_status":"closed","ping_status":"open","sticky":false,"template":"","format":"standard","meta":{"_monsterinsights_skip_tracking":false,"_monsterinsights_sitenote_active":false,"_monsterinsights_sitenote_note":"","_monsterinsights_sitenote_category":0,"footnotes":""},"categories":[373,951,436,877,1,927,412,853,897,823],"tags":[],"class_list":["post-4027","post","type-post","status-publish","format-standard","has-post-thumbnail","hentry","category-mallorca-es","category-que-hacer-en-ibiza","category-que-hacer-en-mallorca","category-que-hacer-en-menorca","category-general-es","category-guias-de-ibiza","category-guias-de-mallorca","category-guias-de-menorca","category-ibiza-es","category-menorca-es"],"_links":{"self":[{"href":"https:\/\/www.vacalia.com\/blog\/wp-json\/wp\/v2\/posts\/4027"}],"collection":[{"href":"https:\/\/www.vacalia.com\/blog\/wp-json\/wp\/v2\/posts"}],"about":[{"href":"https:\/\/www.vacalia.com\/blog\/wp-json\/wp\/v2\/types\/post"}],"author":[{"embeddable":true,"href":"https:\/\/www.vacalia.com\/blog\/wp-json\/wp\/v2\/users\/1"}],"replies":[{"embeddable":true,"href":"https:\/\/www.vacalia.com\/blog\/wp-json\/wp\/v2\/comments?post=4027"}],"version-history":[{"count":7,"href":"https:\/\/www.vacalia.com\/blog\/wp-json\/wp\/v2\/posts\/4027\/revisions"}],"predecessor-version":[{"id":6309,"href":"https:\/\/www.vacalia.com\/blog\/wp-json\/wp\/v2\/posts\/4027\/revisions\/6309"}],"wp:featuredmedia":[{"embeddable":true,"href":"https:\/\/www.vacalia.com\/blog\/wp-json\/wp\/v2\/media\/4033"}],"wp:attachment":[{"href":"https:\/\/www.vacalia.com\/blog\/wp-json\/wp\/v2\/media?parent=4027"}],"wp:term":[{"taxonomy":"category","embeddable":true,"href":"https:\/\/www.vacalia.com\/blog\/wp-json\/wp\/v2\/categories?post=4027"},{"taxonomy":"post_tag","embeddable":true,"href":"https:\/\/www.vacalia.com\/blog\/wp-json\/wp\/v2\/tags?post=4027"}],"curies":[{"name":"wp","href":"https:\/\/api.w.org\/{rel}","templated":true}]}}