{"id":4046,"date":"2023-06-30T13:40:29","date_gmt":"2023-06-30T11:40:29","guid":{"rendered":"https:\/\/www.vacalia.com\/blog\/?p=4046"},"modified":"2025-07-08T11:03:08","modified_gmt":"2025-07-08T09:03:08","slug":"ein-cabriolet-auf-ibiza-mallorca-und-menorca-mieten","status":"publish","type":"post","link":"https:\/\/www.vacalia.com\/blog\/ein-cabriolet-auf-ibiza-mallorca-und-menorca-mieten\/","title":{"rendered":"Ein Cabriolet auf Ibiza, Mallorca und Menorca mieten"},"content":{"rendered":"\n<p>Wenn Sie einen Urlaub der etwas anderen Art erleben m\u00f6chten, <strong>macht die<\/strong> <strong>Anmietung eines Cabrios Ihre Reise unvergesslich<\/strong>. Den Nervenkitzel beim Fahren eines solchen Fahrzeugs an paradiesischen Orten wie <a href=\"https:\/\/www.vacalia.com\/de\/ferienunterkunfte-ibiza\" target=\"_blank\" rel=\"noreferrer noopener\">Ibiza<\/a>, <a href=\"https:\/\/www.vacalia.com\/de\/ferienunterkunfte-mallorca\" target=\"_blank\" rel=\"noreferrer noopener\">Mallorca<\/a> oder <a href=\"https:\/\/www.vacalia.com\/de\/ferienunterkunfte-menorca\" target=\"_blank\" rel=\"noreferrer noopener\">Menorca<\/a> zu erleben, ist eine unvergessliche Erfahrung, die Sie sich nicht entgehen lassen sollten.&nbsp;<\/p>\n\n\n\n<p>Hier erfahren Sie, warum das Mieten eines Cabriolets auf den Balearen die perfekte Gelegenheit ist, um Ihrem Urlaub ein bisschen Spa\u00df und Stil zu verleihen. Das Gef\u00fchl, den Wind im Gesicht zu sp\u00fcren, w\u00e4hrend Sie diese wunderbaren Orte erkunden, ist einmalig. Das Mieten eines Cabriolets macht Ihre Reise zu einem unvergesslichen Erlebnis. Sind Sie bereit, diese Erfahrung zu genie\u00dfen?&nbsp;<\/p>\n\n\n\n<p>Mallorca, Ibiza und Menorca sind Inseln, die f\u00fcr ihre nat\u00fcrliche Sch\u00f6nheit, traumhafte Str\u00e4nde und ein ganz au\u00dfergew\u00f6hnliches Nachtleben bekannt sind. Diese <strong>mediterranen Reiseziele sind die perfekte Kulisse<\/strong> f\u00fcr eine Fahrt mit einem Cabrio. Stellen Sie sich vor, Sie fahren an der atemberaubenden K\u00fcste Ibizas entlang oder erkunden die charmanten D\u00f6rfer Mallorcas mit ihren gepflasterten Stra\u00dfen und historischen Geb\u00e4uden und sp\u00fcren die Meeresbrise, w\u00e4hrend Sie mit offenem Verdeck fahren. Diese Orte laden Sie dazu ein, ihre Ecken auf einzigartige und aufregende Weise zu entdecken.<\/p>\n\n\n<div class=\"wp-block-image\">\n<figure class=\"aligncenter size-full\"><img fetchpriority=\"high\" decoding=\"async\" width=\"670\" height=\"300\" src=\"https:\/\/www.vacalia.com\/blog\/wp-content\/uploads\/2023\/06\/alquiler-mini-descapotable-2.jpg\" alt=\"Ein Cabriolet auf Ibiza, Mallorca und Menorca mieten\" class=\"wp-image-4049\" srcset=\"https:\/\/www.vacalia.com\/blog\/wp-content\/uploads\/2023\/06\/alquiler-mini-descapotable-2.jpg 670w, https:\/\/www.vacalia.com\/blog\/wp-content\/uploads\/2023\/06\/alquiler-mini-descapotable-2-300x134.jpg 300w\" sizes=\"(max-width: 767px) 100vw, 670px\" \/><figcaption class=\"wp-element-caption\">Mini cabrio<\/figcaption><\/figure><\/div>\n\n\n<h2 class=\"wp-block-heading has-medium-font-size\"><strong>Vorteile der Anmietung eines Cabriolets<\/strong><\/h2>\n\n\n\n<p>Einer der Vorteile, wenn Sie bei uns ein Cabrio mieten, ist die Vielfalt der verf\u00fcgbaren Modelle und Konditionen. Von der <strong>Anmietung eines Fiat 500 Cabriolets<\/strong> bis zum eleganten <strong>Luxus-Mercedes-Benz <\/strong>finden Sie immer das perfekte Fahrzeug f\u00fcr Ihren Geschmack und Ihre Bed\u00fcrfnisse.&nbsp;<\/p>\n\n\n\n<p>M\u00f6chten Sie Power und Adrenalin am Steuer genie\u00dfen? Entscheiden Sie sich f\u00fcr ein <strong>sportliches Cabrio<\/strong> der Spitzenklasse oder w\u00e4hlen Sie ein komfortables Modell mit allen Annehmlichkeiten. Wie auch immer Sie sich entscheiden, die Anmietung eines Cabriolets bietet Ihnen die Gelegenheit, ein Traumauto zu fahren, dessen Kauf Sie vielleicht nie in Betracht gezogen h\u00e4tten.<\/p>\n\n\n\n<p>Wenn Sie auf den Balearen ein Cabrio mieten, erhalten Sie nicht nur ein exklusives Auto, sondern auch eine Reihe von zus\u00e4tzlichen Vorteilen wie <strong>die Bereitstellung des Fahrzeugs direkt am Flughafen<\/strong>. Das hei\u00dft, Sie k\u00f6nnen Ihr Abenteuer beginnen, sobald Sie im Paradies gelandet sind. Dar\u00fcber hinaus bietet unser Unternehmen auch weitere Optionen wie die <strong>schnelle \u00dcbergabe<\/strong> des Fahrzeugs oder <strong>Kindersitze<\/strong> an. Sie k\u00f6nnen auch Optionen mit <strong>24-Stunden-Pannenhilfe<\/strong> w\u00e4hlen, so dass Sie sich keine Sorgen machen m\u00fcssen, w\u00e4hrend Sie am Steuer sitzen und Spa\u00df haben.<\/p>\n\n\n\n<p>Wenn Sie auf den Inseln ein Auto mieten, k\u00f6nnen Sie die Reiseziele aus einer ganz neuen Perspektive erkunden. Sie k\u00f6nnen wenig bekannte Buchten und atemberaubende Landschaften entdecken, die Ihnen sonst vielleicht verborgen blieben. Wagen Sie sich abseits der ausgetretenen Pfade auf Seitenstra\u00dfen und unbefestigte Wege, die Sie zu magischen Orten f\u00fchren, die nicht in den Reisef\u00fchrern stehen.&nbsp;<\/p>\n\n\n<div class=\"wp-block-image\">\n<figure class=\"aligncenter size-full\"><img decoding=\"async\" width=\"670\" height=\"300\" src=\"https:\/\/www.vacalia.com\/blog\/wp-content\/uploads\/2023\/06\/alquiler-mercedes-descapotable-4.jpg\" alt=\"Ein Cabriolet auf Ibiza, Mallorca und Menorca mieten\" class=\"wp-image-4050\" srcset=\"https:\/\/www.vacalia.com\/blog\/wp-content\/uploads\/2023\/06\/alquiler-mercedes-descapotable-4.jpg 670w, https:\/\/www.vacalia.com\/blog\/wp-content\/uploads\/2023\/06\/alquiler-mercedes-descapotable-4-300x134.jpg 300w\" sizes=\"(max-width: 767px) 100vw, 670px\" \/><figcaption class=\"wp-element-caption\">Mercedes cabrio<\/figcaption><\/figure><\/div>\n\n\n<h2 class=\"wp-block-heading has-medium-font-size\"><strong>Die etwas andere Art des Reisens<\/strong><\/h2>\n\n\n\n<p>K\u00f6nnen Sie sich vorstellen, <strong>ein Mini-Cabrio<\/strong> auf Menorca zu mieten und eine K\u00fcstenstra\u00dfe mit Meeresbrise und unvergesslichen Ausblicken entlangzufahren oder die Bergstra\u00dfen Mallorcas zu erkunden, umgeben von \u00fcppiger Vegetation und atemberaubenden Aussichten?&nbsp;<\/p>\n\n\n\n<p>Die Freiheit eines Cabrios erlaubt es Ihnen, Ihre eigene Route zu erstellen und echte, unbekannte Orte zu entdecken und, warum nicht, auch ein paar sch\u00f6ne Fotos f\u00fcr Instagram zu machen. Eine Tour durch die besten Nachtclubs Ibizas in einem BMW 4er wird nicht unbemerkt bleiben.<\/p>\n\n\n\n<p>Wenn Sie auf Ibiza, Palma de Mallorca und Menorca ein Cabrio mieten, haben Sie au\u00dferdem die Chance, das mediterrane Klima von seiner besten Seite zu genie\u00dfen. Der Sonnenuntergang wird Ihr Wegbegleiter sein, wenn Sie durch diese traumhaften Landschaften fahren. Und wenn Sie sich bei ge\u00f6ffnetem Verdeck den Wind um die Nase wehen lassen, f\u00fchlen Sie sich mit der Natur verbunden und lebendiger als je zuvor. Es gibt nichts Besseres als die Verbindung von Cabrio, Sonne, Strand und Wind, um Ihre Sinne zu wecken und jeden Kilometer zu einem unvergesslichen Erlebnis zu machen.<\/p>\n\n\n<div class=\"wp-block-image\">\n<figure class=\"aligncenter size-full\"><img decoding=\"async\" width=\"670\" height=\"300\" src=\"https:\/\/www.vacalia.com\/blog\/wp-content\/uploads\/2023\/06\/alquilar-descapotable-en-ibiza-3.jpg\" alt=\"Ein Cabriolet auf Ibiza, Mallorca und Menorca mieten\" class=\"wp-image-4051\" srcset=\"https:\/\/www.vacalia.com\/blog\/wp-content\/uploads\/2023\/06\/alquilar-descapotable-en-ibiza-3.jpg 670w, https:\/\/www.vacalia.com\/blog\/wp-content\/uploads\/2023\/06\/alquilar-descapotable-en-ibiza-3-300x134.jpg 300w\" sizes=\"(max-width: 767px) 100vw, 670px\" \/><figcaption class=\"wp-element-caption\">BMW cabrio<\/figcaption><\/figure><\/div>\n\n\n<h2 class=\"wp-block-heading has-medium-font-size\"><strong>Was Sie bei der Anmietung von Cabriolets beachten sollten<\/strong><\/h2>\n\n\n\n<p>Bevor Sie ein Cabrio mieten, sollten Sie einige praktische Dinge beachten. Vergewissern Sie sich, dass Sie die Mietbedingungen pr\u00fcfen, die Altersanforderungen erf\u00fcllen, einen g\u00fcltigen F\u00fchrerschein haben und die Tankklausel lesen.&nbsp;<\/p>\n\n\n\n<p>Wenn Sie bei schlechtem Wetter, z. B. bei Regen, z\u00f6gern, ein Cabrio zu mieten, brauchen Sie sich keine Sorgen zu machen. Die Cabriolets, die Sie <strong><a href=\"https:\/\/www.vacalia.com\/de\/autovermietungen\" target=\"_blank\" rel=\"noreferrer noopener\">bei Vacalia mieten<\/a><\/strong> k\u00f6nnen, sind durch das Verdeck schall- und w\u00e4rmeisoliert. Alle Modelle sind f\u00fcr alle Wetterlagen bestens ausgestattet.<\/p>\n\n\n\n<p>Wenn Sie sich Sorgen um Ihr Gep\u00e4ck machen, ist das kein Problem. Die meisten Modelle sind mit viel Stauraum ausgestattet, der Ihren Bed\u00fcrfnissen gerecht wird. Wenn Sie zu zweit oder sogar mit Kindern unterwegs sind, d\u00fcrfte der Platz mehr als ausreichend sein. Denken Sie daran, dass wir im Sommer Kleidung tragen, die nicht viel Platz wegnimmt, und dass Sie nicht viel Gep\u00e4ck mitnehmen m\u00fcssen. Wenn Sie eine <strong>Ferienwohnung auf den Balearen<\/strong> mieten, haben Sie au\u00dferdem die M\u00f6glichkeit, Ihre Kleidung zu waschen, wenn Sie einen l\u00e4ngeren Aufenthalt planen.<\/p>\n\n\n<div class=\"wp-block-image\">\n<figure class=\"aligncenter size-full\"><img loading=\"lazy\" decoding=\"async\" width=\"670\" height=\"300\" src=\"https:\/\/www.vacalia.com\/blog\/wp-content\/uploads\/2023\/06\/alquiler-coche-descapotable-mallorca-4.jpg\" alt=\"Ein Cabriolet auf Ibiza, Mallorca und Menorca mieten\" class=\"wp-image-4052\" srcset=\"https:\/\/www.vacalia.com\/blog\/wp-content\/uploads\/2023\/06\/alquiler-coche-descapotable-mallorca-4.jpg 670w, https:\/\/www.vacalia.com\/blog\/wp-content\/uploads\/2023\/06\/alquiler-coche-descapotable-mallorca-4-300x134.jpg 300w\" sizes=\"(max-width: 767px) 100vw, 670px\" \/><\/figure><\/div>\n\n\n<p>Abschlie\u00dfend l\u00e4sst sich sagen, dass das <strong>Mieten eines Cabriolets auf Mallorca, Ibiza und Menorca eine Erfahrung ist, die Sie sich nicht entgehen lassen sollten<\/strong>. Vom Nervenkitzel beim Fahren bis hin zum Stil, der Ihrem Urlaub eine besondere Note verleiht. Sie werden die Freiheit genie\u00dfen, diese traumhaften Ziele in Ihrem eigenen Rhythmus zu erkunden und versteckte Ecken zu entdecken, die Ihnen den Atem rauben werden. Also, worauf warten Sie noch, steigen Sie ein und machen Sie sich bereit f\u00fcr ein unvergessliches Abenteuer am Steuer eines Cabrios auf den Balearen!<\/p>\n\n\n\n<div class=\"wp-block-columns is-layout-flex wp-container-core-columns-is-layout-1 wp-block-columns-is-layout-flex\">\n<div class=\"wp-block-column is-layout-flow wp-block-column-is-layout-flow\"><div class=\"bannerBlog\"><div class=\"new-card-houses\">\n    <div class=\"likeOut likeDivOut\" style=\"display:none\">\n        <a data-id=\"3482\" class=\"likeOut_button_red likeBtnFav\"\n            aria-label=\"Megusta Vacalia\"><\/a>\n    <\/div>\n    <figure>\n        <img loading=\"lazy\" decoding=\"async\" \n            loading=\"lazy\" width=\"301\" height=\"200\"\n            src=\"\/\/media.vacalia.com\/photo\/reformatwebpfolder\/350\/200\/3482\/thumb-middle\/3482_efa356b5c62ea7ab07aef09ce36e7213.webp?v=21092023\"\n            alt=\"Sunset village - Ferienhaus auf Can Picafort\"\/>\n                                                                        <div class=\"circleDiscount\">-14%<\/div>\n                        <\/figure>\n    <p itemprop=\"address\"><i class=\"ico-marker\"><\/i>Can Picafort, Mallorca<\/p>\n    <h3 itemprop=\"name\">Sunset village<\/h3>\n    <ul class=\"icon_list inline_list\">\n                              <li class=\"ico-airConditioning\" title=\"Klimaanlage\">\n              <span itemprop=\"amenityFeature\">Klimaanlage<\/span>\n            <\/li>\n                      <li class=\"ico-wifi\" title=\"Wifi\">\n              <span itemprop=\"amenityFeature\">Wifi<\/span>\n            <\/li>\n                          <li class=\"ico-guests\" title=\"F\u00fcr 6 G\u00e4ste in Can Picafort.\">\n          <span itemprop=\"occupancy\">6<\/span>\n        <\/li>\n    <\/ul>\n            <span class=\"price\">Ab 119\u20ac \/ Nacht<\/span>\n                <a itemprop=\"url\" class=\"anchor\" href=\"https:\/\/www.vacalia.com\/de\/ferienhaus-sunset-village-santa-margalida-h23859\" aria-label=\"Sunset village\"><\/a>\n<\/div><\/div>\n<\/div>\n\n\n\n<div class=\"wp-block-column is-layout-flow wp-block-column-is-layout-flow\"><div class=\"bannerBlog\"><div class=\"new-card-houses\">\n    <div class=\"likeOut likeDivOut\" style=\"display:none\">\n        <a data-id=\"3779\" class=\"likeOut_button_red likeBtnFav\"\n            aria-label=\"Megusta Vacalia\"><\/a>\n    <\/div>\n    <figure>\n        <img loading=\"lazy\" decoding=\"async\" \n            loading=\"lazy\" width=\"301\" height=\"200\"\n            src=\"\/\/media.vacalia.com\/photo\/reformatwebpfolder\/350\/200\/3779\/thumb-middle\/3779_6cd9ec49af18648d6d839fb26091f2df.webp?v=21092023\"\n            alt=\"Torres sureda - Ferienhaus auf Barranch\"\/>\n                                                                        <div class=\"circleDiscount\">-11%<\/div>\n                        <\/figure>\n    <p itemprop=\"address\"><i class=\"ico-marker\"><\/i>Barranch, Menorca<\/p>\n    <h3 itemprop=\"name\">Torres sureda<\/h3>\n    <ul class=\"icon_list inline_list\">\n                              <li class=\"ico-wifi\" title=\"Wifi\">\n              <span itemprop=\"amenityFeature\">Wifi<\/span>\n            <\/li>\n                      <li class=\"ico-views\" title=\"Ausblick\">\n              <span itemprop=\"amenityFeature\">Ausblick<\/span>\n            <\/li>\n                          <li class=\"ico-guests\" title=\"F\u00fcr 4+1   G\u00e4ste in Barranch.\">\n          <span itemprop=\"occupancy\">4+1  <\/span>\n        <\/li>\n    <\/ul>\n            <span class=\"price\">Ab 106\u20ac \/ Nacht<\/span>\n                <a itemprop=\"url\" class=\"anchor\" href=\"https:\/\/www.vacalia.com\/de\/ferienhaus-torres-sureda-ciutadella-h24990\" aria-label=\"Torres sureda\"><\/a>\n<\/div><\/div>\n<\/div>\n<\/div>\n","protected":false},"excerpt":{"rendered":"<p>Wenn Sie einen Urlaub der etwas anderen Art erleben m\u00f6chten, macht die Anmietung eines Cabrios Ihre Reise unvergesslich. Den Nervenkitzel beim Fahren eines solchen Fahrzeugs an paradiesischen Orten wie Ibiza,&hellip;<\/p>\n","protected":false},"author":1,"featured_media":4033,"comment_status":"closed","ping_status":"open","sticky":false,"template":"","format":"standard","meta":{"_monsterinsights_skip_tracking":false,"_monsterinsights_sitenote_active":false,"_monsterinsights_sitenote_note":"","_monsterinsights_sitenote_category":0,"footnotes":""},"categories":[379,40,901,931,416,827,857,955,440,883],"tags":[],"class_list":["post-4046","post","type-post","status-publish","format-standard","has-post-thumbnail","hentry","category-mallorca-de","category-allgemein","category-ibiza-de","category-ibiza-fuhrer","category-mallorca-fuhrer","category-menorca-de","category-reisefuhrer-von-menorca","category-was-kann-man-auf-ibiza-machen-de","category-was-kann-man-auf-mallorca-machen","category-was-kann-man-auf-menorca-machen"],"_links":{"self":[{"href":"https:\/\/www.vacalia.com\/blog\/wp-json\/wp\/v2\/posts\/4046"}],"collection":[{"href":"https:\/\/www.vacalia.com\/blog\/wp-json\/wp\/v2\/posts"}],"about":[{"href":"https:\/\/www.vacalia.com\/blog\/wp-json\/wp\/v2\/types\/post"}],"author":[{"embeddable":true,"href":"https:\/\/www.vacalia.com\/blog\/wp-json\/wp\/v2\/users\/1"}],"replies":[{"embeddable":true,"href":"https:\/\/www.vacalia.com\/blog\/wp-json\/wp\/v2\/comments?post=4046"}],"version-history":[{"count":9,"href":"https:\/\/www.vacalia.com\/blog\/wp-json\/wp\/v2\/posts\/4046\/revisions"}],"predecessor-version":[{"id":7601,"href":"https:\/\/www.vacalia.com\/blog\/wp-json\/wp\/v2\/posts\/4046\/revisions\/7601"}],"wp:featuredmedia":[{"embeddable":true,"href":"https:\/\/www.vacalia.com\/blog\/wp-json\/wp\/v2\/media\/4033"}],"wp:attachment":[{"href":"https:\/\/www.vacalia.com\/blog\/wp-json\/wp\/v2\/media?parent=4046"}],"wp:term":[{"taxonomy":"category","embeddable":true,"href":"https:\/\/www.vacalia.com\/blog\/wp-json\/wp\/v2\/categories?post=4046"},{"taxonomy":"post_tag","embeddable":true,"href":"https:\/\/www.vacalia.com\/blog\/wp-json\/wp\/v2\/tags?post=4046"}],"curies":[{"name":"wp","href":"https:\/\/api.w.org\/{rel}","templated":true}]}}