{"id":4187,"date":"2023-08-16T09:13:45","date_gmt":"2023-08-16T07:13:45","guid":{"rendered":"https:\/\/www.vacalia.com\/blog\/?p=4187"},"modified":"2024-08-29T13:23:25","modified_gmt":"2024-08-29T11:23:25","slug":"la-gastronomia-valenciana","status":"publish","type":"post","link":"https:\/\/www.vacalia.com\/blog\/es\/la-gastronomia-valenciana\/","title":{"rendered":"La gastronom\u00eda Valenciana"},"content":{"rendered":"\n<p>Hoy vamos a comentar sobre la cocina valenciana, tal vez eclipsada por la famosa Paella, descubriremos sabores y aromas \u00fanicos de la regi\u00f3n mediterr\u00e1nea de <a href=\"https:\/\/www.vacalia.com\/es\/alquiler-vacacional-valencia\" target=\"_blank\" rel=\"noreferrer noopener\">Valencia<\/a>, donde la gastronom\u00eda <strong>ofrece mucha diversidad<\/strong>. Prep\u00e1rate para deleitar tus sentidos con una selecci\u00f3n platos t\u00edpicos que representan la esencia de la cocina valenciana.<\/p>\n\n\n\n<h3 class=\"wp-block-heading\"><strong>Paella Valenciana<\/strong><\/h3>\n\n\n\n<p>La paella Valenciana es el plato m\u00e1s ic\u00f3nico y <strong>reconocible en el mundo entero<\/strong>. Esta deliciosa preparaci\u00f3n se elabora utilizando arroz, pollo, conejo, jud\u00edas verdes, garrof\u00f3n (una variedad de jud\u00eda grande y tierna), tomate, aceite de oliva y azafr\u00e1n. La paella se cocina lentamente en una paellera, que permite que los sabores se mezclen y se desarrolle esa capa de arroz dorado en la parte inferior llamada \u00absocarrat\u00bb. El resultado es un plato con sabores intensos y una textura excepcional.<\/p>\n\n\n\n<h3 class=\"wp-block-heading\"><strong>Fideu\u00e0<\/strong><\/h3>\n\n\n\n<p>La fideu\u00e0 es un plato similar a la paella, pero en lugar de utilizar arroz, se utilizan fideos finos de pasta. Se cocina con mariscos, pescado y un sofrito de tomate y especias, lo que le confiere un sabor rico y sofisticado. La fideu\u00e0 se sirve tradicionalmente con alioli, una salsa a base de ajo y aceite de oliva, que realza a\u00fan m\u00e1s los sabores marinos.<\/p>\n\n\n<div class=\"wp-block-image\">\n<figure class=\"aligncenter size-full\"><a href=\"https:\/\/www.vacalia.com\/es\/alquiler-vacacional-valencia\"><img fetchpriority=\"high\" decoding=\"async\" width=\"670\" height=\"300\" src=\"https:\/\/www.vacalia.com\/blog\/wp-content\/uploads\/2023\/08\/fideua-valenciana.jpg\" alt=\"La gastronom\u00eda Valenciana\" class=\"wp-image-4188\" srcset=\"https:\/\/www.vacalia.com\/blog\/wp-content\/uploads\/2023\/08\/fideua-valenciana.jpg 670w, https:\/\/www.vacalia.com\/blog\/wp-content\/uploads\/2023\/08\/fideua-valenciana-300x134.jpg 300w\" sizes=\"(max-width: 767px) 100vw, 670px\" \/><\/a><figcaption class=\"wp-element-caption\"><em>Fideu\u00e0<\/em><\/figcaption><\/figure><\/div>\n\n\n<h3 class=\"wp-block-heading\"><strong>All i Pebre<\/strong><\/h3>\n\n\n\n<p>Este plato valenciano es un guiso tradicional de anguilas de la zona. Se cocina con patatas, ajos tiernos y un sofrito de \u00f1ora (un tipo de pimiento seco), piment\u00f3n y caldo de pescado. El resultado es un guiso espeso y sabroso que combina perfectamente los sabores de la anguila con las especias y las verduras. Se suele servir caliente acompa\u00f1ado de rebanadas de pan crujiente.<\/p>\n\n\n<div class=\"wp-block-image\">\n<figure class=\"aligncenter size-full\"><a href=\"https:\/\/www.vacalia.com\/es\/alquiler-vacacional-valencia\"><img decoding=\"async\" width=\"670\" height=\"300\" src=\"https:\/\/www.vacalia.com\/blog\/wp-content\/uploads\/2023\/08\/all-i-pebre.jpg\" alt=\"La gastronom\u00eda Valenciana\" class=\"wp-image-4189\" srcset=\"https:\/\/www.vacalia.com\/blog\/wp-content\/uploads\/2023\/08\/all-i-pebre.jpg 670w, https:\/\/www.vacalia.com\/blog\/wp-content\/uploads\/2023\/08\/all-i-pebre-300x134.jpg 300w\" sizes=\"(max-width: 767px) 100vw, 670px\" \/><\/a><figcaption class=\"wp-element-caption\"><em>All i Pebre<\/em><\/figcaption><\/figure><\/div>\n\n\n<h3 class=\"wp-block-heading\"><strong>Arr\u00f2s amb Fesols i Naps<\/strong><\/h3>\n\n\n\n<p>El arr\u00f2s amb fesols i naps es un plato de arroz caldoso con jud\u00edas y nabos. Se cocina con carne de cerdo, como costillas o morcilla, que aportan un sabor intenso al arroz. Este plato es t\u00edpicamente de cuchara y se caracteriza por ser abundante y reconfortante. Es ideal para los d\u00edas fr\u00edos, ya que su textura suave y los sabores de la carne se combinan de manera exquisita con los ingredientes vegetales.<\/p>\n\n\n\n<h3 class=\"wp-block-heading\"><strong>Espencat<\/strong><\/h3>\n\n\n\n<p>El espencat es una ensalada tradicional valenciana que consiste en verduras asadas como pimientos rojos y berenjenas. Despu\u00e9s de asarlas, se ali\u00f1an con aceite de oliva y ajo, lo que les da un sabor irresistible. Esta ensalada es fresca y colorida, perfecta como entrante o como acompa\u00f1amiento de carnes o pescados a la parrilla.<\/p>\n\n\n\n<h3 class=\"wp-block-heading\"><strong>Suquet de Peix<\/strong><\/h3>\n\n\n\n<p>El suquet de peix es un guiso de pescado y mariscos con patatas, tomate, ajo, piment\u00f3n y perejil. Este plato, t\u00edpico de los pescadores de la costa valenciana, se caracteriza por su sabor intenso y la combinaci\u00f3n de texturas de los diferentes tipos de pescado y mariscos utilizados.<\/p>\n\n\n\n<h3 class=\"wp-block-heading\"><strong>Coca de Verduras<\/strong><\/h3>\n\n\n\n<p>La coca de verduras es una especie de masa de pan fina cubierta con verduras variadas como pimientos, tomates, cebolla y aceitunas. Se hornea hasta que la masa est\u00e9 crujiente y las verduras est\u00e9n tiernas. Esta coca es vers\u00e1til, ya que se puede adaptar con diferentes combinaciones de verduras seg\u00fan la temporada. Es una opci\u00f3n perfecta para compartir en una reuni\u00f3n o como parte de un almuerzo ligero.<\/p>\n\n\n\n<h3 class=\"wp-block-heading\"><strong>Bunyols de Calabaza<\/strong><\/h3>\n\n\n\n<p>Los bunyols de calabaza son unos bu\u00f1uelos tradicionales valencianos que se elaboran con calabaza, harina, az\u00facar y levadura. Se fr\u00eden hasta que est\u00e9n dorados y se sirven espolvoreados con az\u00facar. Estos bu\u00f1uelos son muy populares durante las fiestas valencianas, como Las Fallas, y son irresistibles tanto como postre o como dulce para disfrutar en cualquier momento.<\/p>\n\n\n\n<h3 class=\"wp-block-heading\"><strong>Horchata con fartons<\/strong><\/h3>\n\n\n\n<p>La horchata es una bebida refrescante y caracter\u00edstica de la regi\u00f3n valenciana. Se elabora a base de chufa, agua y az\u00facar. Las chufas son unos tub\u00e9rculos peque\u00f1os y redondos que se cultivan en la zona, y se utilizan para obtener la leche de chufa, que es la base de la horchata. Esta bebida se sirve fr\u00eda y se puede disfrutar sola o acompa\u00f1ada de fartons, unos bollos alargados y esponjosos que se sumergen en la horchata para saborearlos juntos.<\/p>\n\n\n<div class=\"wp-block-image\">\n<figure class=\"aligncenter size-full\"><a href=\"https:\/\/www.vacalia.com\/es\/alquiler-vacacional-valencia\"><img decoding=\"async\" width=\"670\" height=\"300\" src=\"https:\/\/www.vacalia.com\/blog\/wp-content\/uploads\/2023\/08\/horchata-con-fartons.jpg\" alt=\"La gastronom\u00eda Valenciana\" class=\"wp-image-4190\" srcset=\"https:\/\/www.vacalia.com\/blog\/wp-content\/uploads\/2023\/08\/horchata-con-fartons.jpg 670w, https:\/\/www.vacalia.com\/blog\/wp-content\/uploads\/2023\/08\/horchata-con-fartons-300x134.jpg 300w\" sizes=\"(max-width: 767px) 100vw, 670px\" \/><\/a><figcaption class=\"wp-element-caption\"><em>Horchata con Fartons<\/em><\/figcaption><\/figure><\/div>\n\n\n<h3 class=\"wp-block-heading\"><strong>Coca de Llanda<\/strong><\/h3>\n\n\n\n<p>La coca de llanda es un bizcocho esponjoso y tierno hecho con huevos, az\u00facar, harina, aceite de oliva y ralladura de lim\u00f3n. Se hornea en un molde rectangular de hojalata llamado \u00abllanda\u00bb, lo que le confiere su forma caracter\u00edstica. Este bizcocho es muy popular como postre o merienda, y se puede disfrutar sola o acompa\u00f1ada de una taza de chocolate caliente.<\/p>\n\n\n\n<h3 class=\"wp-block-heading\"><strong>Turr\u00f3n de Jijona<\/strong><\/h3>\n\n\n\n<p>El turr\u00f3n de Jijona es un dulce t\u00edpico de la Navidad elaborado con almendras molidas, miel, az\u00facar y clara de huevo. Este turr\u00f3n es blando y tiene un sabor intenso a almendra. Se presenta en forma de tabletas y es un regalo tradicional durante las fiestas navide\u00f1as en Espa\u00f1a. El turr\u00f3n de Jijona es muy apreciado por su textura suave y su delicioso sabor.<\/p>\n\n\n<div class=\"wp-block-image\">\n<figure class=\"aligncenter size-full\"><a href=\"https:\/\/www.vacalia.com\/es\/alquiler-vacacional-valencia\"><img loading=\"lazy\" decoding=\"async\" width=\"670\" height=\"300\" src=\"https:\/\/www.vacalia.com\/blog\/wp-content\/uploads\/2023\/08\/turron-de-jijona.jpg\" alt=\"La gastronom\u00eda Valenciana\" class=\"wp-image-4191\" srcset=\"https:\/\/www.vacalia.com\/blog\/wp-content\/uploads\/2023\/08\/turron-de-jijona.jpg 670w, https:\/\/www.vacalia.com\/blog\/wp-content\/uploads\/2023\/08\/turron-de-jijona-300x134.jpg 300w\" sizes=\"(max-width: 767px) 100vw, 670px\" \/><\/a><figcaption class=\"wp-element-caption\"><em>Turr\u00f3n de Jijona<\/em><\/figcaption><\/figure><\/div>\n\n\n<h3 class=\"wp-block-heading\"><strong>Pericana<\/strong><\/h3>\n\n\n\n<p>La pericana es un plato tradicional del levante. Se elabora con bacalao desmigado, pimiento rojo, \u00f1ora, ajos y aceite de oliva. Estos ingredientes se trituran y mezclan hasta obtener una pasta homog\u00e9nea que se sirve fr\u00eda. La pericana se acompa\u00f1a generalmente de pan tostado, y su sabor es sabroso y ligeramente picante. Es una opci\u00f3n perfecta para los amantes del bacalao y los sabores mediterr\u00e1neos.<\/p>\n\n\n\n<h3 class=\"wp-block-heading\"><strong>Figatells<\/strong><\/h3>\n\n\n\n<p>Los figatells son unas alb\u00f3ndigas valencianas elaboradas con h\u00edgado de cerdo picado, pi\u00f1ones, pasas y especias. Se suelen asar o fre\u00edr hasta que est\u00e9n dorados y se sirven como una tapa. Estas alb\u00f3ndigas tienen un sabor \u00fanico y una textura suave, y se complementan perfectamente con los dem\u00e1s ingredientes.<\/p>\n\n\n\n<p>Cada uno de estos platos t\u00edpicos de la cocina valenciana refleja la rica tradici\u00f3n culinaria de la regi\u00f3n y la diversidad de sabores que la caracterizan. La cocina valenciana es una aut\u00e9ntica delicia que combina ingredientes frescos y locales con t\u00e9cnicas culinarias tradicionales, creando platos de todo tipo. \u00a1Que disfrutes de estas maravillas gastron\u00f3micas!<\/p>\n\n\n<div class=\"bannerBlog\"><div class=\"new-card-houses\">\n    <div class=\"likeOut likeDivOut\" style=\"display:none\">\n        <a data-id=\"2776\" class=\"likeOut_button_red likeBtnFav\"\n            aria-label=\"Megusta Vacalia\"><\/a>\n    <\/div>\n    <figure>\n        <img loading=\"lazy\" decoding=\"async\" \n            loading=\"lazy\" width=\"301\" height=\"200\"\n            src=\"\/\/media.vacalia.com\/photo\/reformatwebpfolder\/350\/200\/2776\/thumb-middle\/2776_c6faf7e48f3eb8075b5cbfc4d98db4bf.webp?v=21092023\"\n            alt=\"Alejandrita - Alquiler vacacional en Grau i Platja\"\/>\n                                                                        <div class=\"circleDiscount\">-10%<\/div>\n                        <\/figure>\n    <p itemprop=\"address\"><i class=\"ico-marker\"><\/i>Grau i Platja, Valencia<\/p>\n    <h3 itemprop=\"name\">Alejandrita<\/h3>\n    <ul class=\"icon_list inline_list\">\n                              <li class=\"ico-pool\" title=\"Piscina\">\n              <span itemprop=\"amenityFeature\">Piscina<\/span>\n            <\/li>\n                      <li class=\"ico-airConditioning\" title=\"Aire Acondicionado\">\n              <span itemprop=\"amenityFeature\">Aire Acondicionado<\/span>\n            <\/li>\n                      <li class=\"ico-wifi\" title=\"Wifi\">\n              <span itemprop=\"amenityFeature\">Wifi<\/span>\n            <\/li>\n                      <li class=\"ico-pets\" title=\"Mascotas\">\n              <span itemprop=\"amenityFeature\">Mascotas<\/span>\n            <\/li>\n                          <li class=\"ico-guests\" title=\"Para 4 hu\u00e9spedes en Grau I Platja.\">\n          <span itemprop=\"occupancy\">4<\/span>\n        <\/li>\n    <\/ul>\n            <span class=\"price\">Desde 75\u20ac \/ noche<\/span>\n                <a itemprop=\"url\" class=\"anchor\" href=\"https:\/\/www.vacalia.com\/es\/apartamento-alejandrita-gandia-h19172\" aria-label=\"Alejandrita\"><\/a>\n<\/div><div class=\"new-card-houses\">\n    <div class=\"likeOut likeDivOut\" style=\"display:none\">\n        <a data-id=\"959\" class=\"likeOut_button_red likeBtnFav\"\n            aria-label=\"Megusta Vacalia\"><\/a>\n    <\/div>\n    <figure>\n        <img loading=\"lazy\" decoding=\"async\" \n            loading=\"lazy\" width=\"301\" height=\"200\"\n            src=\"\/\/media.vacalia.com\/photo\/reformatwebpfolder\/350\/200\/959\/thumb-middle\/959_b7952ea144f26f13a46ff9d72e6705f7.webp?v=21092023\"\n            alt=\"El balc\u00f3n de la safor - pedraviva - Alquiler vacacional en Ador\"\/>\n                                                                        <div class=\"circleDiscount\">-4%<\/div>\n                        <\/figure>\n    <p itemprop=\"address\"><i class=\"ico-marker\"><\/i>Ador, Valencia<\/p>\n    <h3 itemprop=\"name\">El balc\u00f3n de la safor - pedraviva<\/h3>\n    <ul class=\"icon_list inline_list\">\n                              <li class=\"ico-pool\" title=\"Piscina\">\n              <span itemprop=\"amenityFeature\">Piscina<\/span>\n            <\/li>\n                      <li class=\"ico-airConditioning\" title=\"Aire Acondicionado\">\n              <span itemprop=\"amenityFeature\">Aire Acondicionado<\/span>\n            <\/li>\n                      <li class=\"ico-wifi\" title=\"Wifi\">\n              <span itemprop=\"amenityFeature\">Wifi<\/span>\n            <\/li>\n                      <li class=\"ico-pets\" title=\"Mascotas\">\n              <span itemprop=\"amenityFeature\">Mascotas<\/span>\n            <\/li>\n                          <li class=\"ico-guests\" title=\"Para 6+2   hu\u00e9spedes en Ador.\">\n          <span itemprop=\"occupancy\">6+2  <\/span>\n        <\/li>\n    <\/ul>\n            <span class=\"price\">Desde 102\u20ac \/ noche<\/span>\n                <a itemprop=\"url\" class=\"anchor\" href=\"https:\/\/www.vacalia.com\/es\/villa-el-balcon-de-la-safor-pedraviva-ador-h15632\" aria-label=\"El balc\u00f3n de la safor - pedraviva\"><\/a>\n<\/div><\/div>\n","protected":false},"excerpt":{"rendered":"<p>Hoy vamos a comentar sobre la cocina valenciana, tal vez eclipsada por la famosa Paella, descubriremos sabores y aromas \u00fanicos de la regi\u00f3n mediterr\u00e1nea de Valencia, donde la gastronom\u00eda ofrece&hellip;<\/p>\n","protected":false},"author":1,"featured_media":4190,"comment_status":"closed","ping_status":"open","sticky":false,"template":"","format":"standard","meta":{"_monsterinsights_skip_tracking":false,"_monsterinsights_sitenote_active":false,"_monsterinsights_sitenote_note":"","_monsterinsights_sitenote_category":0,"footnotes":""},"categories":[469,517,499,1],"tags":[],"class_list":["post-4187","post","type-post","status-publish","format-standard","has-post-thumbnail","hentry","category-valencia-es","category-que-hacer-en-valencia","category-gastronomia-de-valencia","category-general-es"],"_links":{"self":[{"href":"https:\/\/www.vacalia.com\/blog\/wp-json\/wp\/v2\/posts\/4187"}],"collection":[{"href":"https:\/\/www.vacalia.com\/blog\/wp-json\/wp\/v2\/posts"}],"about":[{"href":"https:\/\/www.vacalia.com\/blog\/wp-json\/wp\/v2\/types\/post"}],"author":[{"embeddable":true,"href":"https:\/\/www.vacalia.com\/blog\/wp-json\/wp\/v2\/users\/1"}],"replies":[{"embeddable":true,"href":"https:\/\/www.vacalia.com\/blog\/wp-json\/wp\/v2\/comments?post=4187"}],"version-history":[{"count":6,"href":"https:\/\/www.vacalia.com\/blog\/wp-json\/wp\/v2\/posts\/4187\/revisions"}],"predecessor-version":[{"id":6272,"href":"https:\/\/www.vacalia.com\/blog\/wp-json\/wp\/v2\/posts\/4187\/revisions\/6272"}],"wp:featuredmedia":[{"embeddable":true,"href":"https:\/\/www.vacalia.com\/blog\/wp-json\/wp\/v2\/media\/4190"}],"wp:attachment":[{"href":"https:\/\/www.vacalia.com\/blog\/wp-json\/wp\/v2\/media?parent=4187"}],"wp:term":[{"taxonomy":"category","embeddable":true,"href":"https:\/\/www.vacalia.com\/blog\/wp-json\/wp\/v2\/categories?post=4187"},{"taxonomy":"post_tag","embeddable":true,"href":"https:\/\/www.vacalia.com\/blog\/wp-json\/wp\/v2\/tags?post=4187"}],"curies":[{"name":"wp","href":"https:\/\/api.w.org\/{rel}","templated":true}]}}