{"id":4205,"date":"2023-08-16T09:15:28","date_gmt":"2023-08-16T07:15:28","guid":{"rendered":"https:\/\/www.vacalia.com\/blog\/?p=4205"},"modified":"2025-07-08T12:14:17","modified_gmt":"2025-07-08T10:14:17","slug":"valencianische-gastronomie","status":"publish","type":"post","link":"https:\/\/www.vacalia.com\/blog\/valencianische-gastronomie\/","title":{"rendered":"Valencianische Gastronomie"},"content":{"rendered":"\n<p>Heute werden wir \u00fcber die valencianische K\u00fcche sprechen, die vielleicht von der ber\u00fchmten Paella \u00fcberschattet wird, und einzigartige Aromen und Geschm\u00e4cke der Mittelmeerregion von <a href=\"https:\/\/www.vacalia.com\/de\/ferienunterkunfte-valencia\" target=\"_blank\" rel=\"noreferrer noopener\">Valencia<\/a> entdecken, wo die Gastronomie <strong>viel Vielfalt bietet<\/strong>. Bereiten Sie sich darauf vor, Ihre Sinne mit einer Auswahl an typischen Gerichten zu erfreuen, die die Essenz der valencianischen K\u00fcche darstellen.<\/p>\n\n\n\n<h2 class=\"wp-block-heading has-medium-font-size\"><strong>Paella valenciana<\/strong><\/h2>\n\n\n\n<p>Die Paella Valenciana ist das ikonischste Gericht und <strong>ist auf der ganzen Welt bekannt<\/strong>. Diese k\u00f6stliche Zubereitung wird mit Reis, Huhn, Kaninchen, gr\u00fcnen Bohnen, Limabohnen (eine gro\u00dfe und zarte Bohnensorte), Tomaten, Oliven\u00f6l und Safran zubereitet. Paella wird langsam in einer Paellera gekocht, wodurch sich die Aromen vermischen und sich diese Schicht goldenen Reises am Boden, genannt \u00abSocarrat\u00bb, entwickeln kann. Das Ergebnis ist ein Gericht mit intensiven Aromen und einer au\u00dfergew\u00f6hnlichen Textur.<\/p>\n\n\n\n<h2 class=\"wp-block-heading has-medium-font-size\"><strong>Fideu\u00e0<\/strong><\/h2>\n\n\n\n<p>Fideu\u00e0 ist ein Gericht \u00e4hnlich wie Paella, aber anstelle von Reis werden feine Nudeln verwendet. Es wird mit Meeresfr\u00fcchten, Fisch und einem Anbraten aus Tomaten und Gew\u00fcrzen zubereitet, was ihm einen reichen und raffinierten Geschmack verleiht. Fideu\u00e0 wird traditionell mit Aioli serviert, einer Sauce aus Knoblauch und Oliven\u00f6l, die die Meeresaromen weiter verbessert.<\/p>\n\n\n<div class=\"wp-block-image\">\n<figure class=\"aligncenter size-full\"><a href=\"https:\/\/www.vacalia.com\/de\/ferienunterkunfte-valencia\"><img fetchpriority=\"high\" decoding=\"async\" width=\"670\" height=\"300\" src=\"https:\/\/www.vacalia.com\/blog\/wp-content\/uploads\/2023\/08\/fideua-valenciana-3.jpg\" alt=\"Valencianische Gastronomie\" class=\"wp-image-4206\" srcset=\"https:\/\/www.vacalia.com\/blog\/wp-content\/uploads\/2023\/08\/fideua-valenciana-3.jpg 670w, https:\/\/www.vacalia.com\/blog\/wp-content\/uploads\/2023\/08\/fideua-valenciana-3-300x134.jpg 300w\" sizes=\"(max-width: 767px) 100vw, 670px\" \/><\/a><figcaption class=\"wp-element-caption\"><em>Fideu\u00e0<\/em><\/figcaption><\/figure><\/div>\n\n\n<h2 class=\"wp-block-heading has-medium-font-size\"><strong>All i Pebre<\/strong><\/h2>\n\n\n\n<p>Dieses valencianische Gericht ist ein traditioneller Eintopf aus Aalen der Region. Es wird mit Kartoffeln, zartem Knoblauch und einem Anbraten von \u00d1ora (eine Art getrockneter Paprika), Paprika und Fischbr\u00fche zubereitet. Das Ergebnis ist ein dicker und schmackhafter Eintopf, der die Aromen des Aals perfekt mit Gew\u00fcrzen und Gem\u00fcse kombiniert. Es wird normalerweise hei\u00df serviert, begleitet von knusprigen Brotscheiben.<\/p>\n\n\n<div class=\"wp-block-image\">\n<figure class=\"aligncenter size-full\"><a href=\"https:\/\/www.vacalia.com\/de\/ferienunterkunfte-valencia\"><img decoding=\"async\" width=\"670\" height=\"300\" src=\"https:\/\/www.vacalia.com\/blog\/wp-content\/uploads\/2023\/08\/all-i-pebre-2.jpg\" alt=\"Valencianische Gastronomie\" class=\"wp-image-4207\" srcset=\"https:\/\/www.vacalia.com\/blog\/wp-content\/uploads\/2023\/08\/all-i-pebre-2.jpg 670w, https:\/\/www.vacalia.com\/blog\/wp-content\/uploads\/2023\/08\/all-i-pebre-2-300x134.jpg 300w\" sizes=\"(max-width: 767px) 100vw, 670px\" \/><\/a><figcaption class=\"wp-element-caption\"><em>All i Pebre<\/em><\/figcaption><\/figure><\/div>\n\n\n<h2 class=\"wp-block-heading has-medium-font-size\"><strong>Arr\u00f2s amb Fesols i Naps<\/strong><\/h2>\n\n\n\n<p>Das Arr\u00f2s amb fesols i naps ist ein Gericht aus hei\u00dfem Reis mit Bohnen und R\u00fcben. Es wird mit Schweinefleisch wie Rippen oder Blutwurst gekocht, die dem Reis einen intensiven Geschmack verleihen. Dieses Gericht ist typischerweise ein L\u00f6ffelgericht und zeichnet sich dadurch aus, dass es reichlich und deftig ist. Es ist ideal f\u00fcr kalte Tage, da seine weiche Textur und Fleischaromen exquisit mit pflanzlichen Zutaten kombiniert werden.<\/p>\n\n\n\n<h2 class=\"wp-block-heading has-medium-font-size\"><strong>Espencat<\/strong><\/h2>\n\n\n\n<p>Espencat ist ein traditioneller valencianischer Salat, der aus gebratenem Gem\u00fcse wie roten Paprika und Auberginen besteht. Nach dem Grillen werden sie mit Oliven\u00f6l und Knoblauch gew\u00fcrzt, was ihnen einen unwiderstehlichen Geschmack verleiht. Dieser Salat ist frisch und bunt, perfekt als Vorspeise oder als Beilage zu gegrilltem Fleisch oder Fisch.<\/p>\n\n\n\n<h2 class=\"wp-block-heading has-medium-font-size\"><strong>Suquet de Peix<\/strong><\/h2>\n\n\n\n<p>Das Suquet de peix ist ein Fisch- und Meeresfr\u00fcchteeintopf mit Kartoffeln, Tomaten, Knoblauch, Paprika und Petersilie. Dieses Gericht, typisch von den Fischer der valencianischen K\u00fcste, zeichnet sich durch seinen intensiven Geschmack und die Kombination von Texturen der verschiedenen Arten von Fisch und Meeresfr\u00fcchten aus.<\/p>\n\n\n\n<h2 class=\"wp-block-heading has-medium-font-size\"><strong>Coca mit Gem\u00fcse<\/strong><\/h2>\n\n\n\n<p>Gem\u00fcse-Coca ist eine Art feiner Brotteig, der mit verschiedenen Gem\u00fcsen wie Paprika, Tomaten, Zwiebeln und Oliven bedeckt ist. Es wird gebacken, bis der Teig knusprig und das Gem\u00fcse zart ist. Diese Coca ist vielseitig, da sie je nach Saison mit verschiedenen Gem\u00fcsekombinationen angepasst werden kann. Es ist eine perfekte Option, um bei einem Treffen oder als Teil eines leichten Mittagessens zu teilen.<\/p>\n\n\n\n<h2 class=\"wp-block-heading has-medium-font-size\"><strong>K\u00fcrbis-Bunyols<\/strong><\/h2>\n\n\n\n<p>K\u00fcrbisbunyols sind traditionelle valencianische Donuts, die aus K\u00fcrbis, Mehl, Zucker und Hefe hergestellt werden. Sie werden gebraten, bis sie goldbraun sind und mit Zucker bestreut serviert. Diese Donuts sind w\u00e4hrend der valencianischen Feste wie Las Fallas sehr beliebt und sind sowohl als Dessert als auch als S\u00fc\u00dfigkeiten unwiderstehlich, um sie jederzeit zu genie\u00dfen.<\/p>\n\n\n\n<h2 class=\"wp-block-heading has-medium-font-size\"><strong>Horchata mit Fartons<\/strong><\/h2>\n\n\n\n<p>Horchata ist ein erfrischendes und charakteristisches Getr\u00e4nk der valencianischen Region. Es wird auf der Basis von Chufa, Wasser und Zucker hergestellt. Chufas sind kleine, runde Knollen, die in der Gegend angebaut werden und verwendet werden, um Chufa-Milch zu erhalten, die die Grundlage der Horchata ist. Dieses Getr\u00e4nk wird kalt serviert und kann allein oder in Begleitung von Fartons genossen werden, l\u00e4nglichen und flauschigen Br\u00f6tchen, die in die Horchata getunkt werden, um sie in Kombination zu genie\u00dfen.<\/p>\n\n\n<div class=\"wp-block-image\">\n<figure class=\"aligncenter size-full\"><a href=\"https:\/\/www.vacalia.com\/de\/ferienunterkunfte-valencia\"><img decoding=\"async\" width=\"670\" height=\"300\" src=\"https:\/\/www.vacalia.com\/blog\/wp-content\/uploads\/2023\/08\/horchata-con-fartons-3.jpg\" alt=\"Valencianische Gastronomie\" class=\"wp-image-4208\" srcset=\"https:\/\/www.vacalia.com\/blog\/wp-content\/uploads\/2023\/08\/horchata-con-fartons-3.jpg 670w, https:\/\/www.vacalia.com\/blog\/wp-content\/uploads\/2023\/08\/horchata-con-fartons-3-300x134.jpg 300w\" sizes=\"(max-width: 767px) 100vw, 670px\" \/><\/a><figcaption class=\"wp-element-caption\"><em>Horchata mit Fartons<\/em><\/figcaption><\/figure><\/div>\n\n\n<h2 class=\"wp-block-heading has-medium-font-size\"><strong>Coca de Llanda<\/strong><\/h2>\n\n\n\n<p>Coca de Llanda ist ein flauschiger und zarter Kuchen aus Eiern, Zucker, Mehl, Oliven\u00f6l und Zitronenschale. Es wird in einer rechteckigen Blechform namens \u00abllanda\u00bb gebacken, die ihm seine charakteristische Form verleiht. Dieser Kuchen ist sehr beliebt als Dessert oder Snack und kann allein oder zusammen mit einer Tasse hei\u00dfer Schokolade genossen werden.<\/p>\n\n\n\n<h2 class=\"wp-block-heading has-medium-font-size\"><strong>Turr\u00f3n de Jijona<\/strong><\/h2>\n\n\n\n<p>Der Turr\u00f3n von Jijona ist eine typische Weihnachtss\u00fc\u00dfigkeit aus gemahlenen Mandeln, Honig, Zucker und Eiwei\u00df. Dieser Turr\u00f3n ist weich und hat einen intensiven Mandelgeschmack. Es kommt in Form von Tabletten und ist ein traditionelles Geschenk w\u00e4hrend der Weihnachtsferien in Spanien. Turr\u00f3n de Jijona wird wegen seiner weichen Textur und seines k\u00f6stlichen Geschmacks sehr gesch\u00e4tzt.<\/p>\n\n\n<div class=\"wp-block-image\">\n<figure class=\"aligncenter size-full\"><a href=\"https:\/\/www.vacalia.com\/de\/ferienunterkunfte-valencia\"><img loading=\"lazy\" decoding=\"async\" width=\"670\" height=\"300\" src=\"https:\/\/www.vacalia.com\/blog\/wp-content\/uploads\/2023\/08\/turron-de-jijona-2.jpg\" alt=\"Valencianische Gastronomie\" class=\"wp-image-4209\" srcset=\"https:\/\/www.vacalia.com\/blog\/wp-content\/uploads\/2023\/08\/turron-de-jijona-2.jpg 670w, https:\/\/www.vacalia.com\/blog\/wp-content\/uploads\/2023\/08\/turron-de-jijona-2-300x134.jpg 300w\" sizes=\"(max-width: 767px) 100vw, 670px\" \/><\/a><figcaption class=\"wp-element-caption\"><em>Turr\u00f3n de Jijona<\/em><\/figcaption><\/figure><\/div>\n\n\n<h2 class=\"wp-block-heading has-medium-font-size\"><strong>Pericana<\/strong><\/h2>\n\n\n\n<p>Die Pericana ist ein traditionelles Gericht aus dem Osten. Es wird aus zerkleinertem Kabeljau, rotem Pfeffer, \u00d1ora, Knoblauch und Oliven\u00f6l hergestellt. Diese Zutaten werden zerkleinert und gemischt, bis eine homogene Paste entsteht, die kalt serviert wird. Pericana wird normalerweise von ger\u00f6stetem Brot begleitet, und sein Geschmack ist schmackhaft und leicht w\u00fcrzig. Es ist eine perfekte Wahl f\u00fcr Liebhaber von Kabeljau und mediterranen Aromen.<\/p>\n\n\n\n<h2 class=\"wp-block-heading has-medium-font-size\"><strong>Figatells<\/strong><\/h2>\n\n\n\n<p>Figatells sind valencianische Fleischb\u00e4llchen aus gehackter Schweineleber, Pinienkernen, Rosinen und Gew\u00fcrzen. Sie werden normalerweise gebraten oder frittiert, bis sie goldbraun sind und als Tapas serviert. Diese Fleischb\u00e4llchen haben einen einzigartigen Geschmack und eine weiche Textur und erg\u00e4nzen sich perfekt mit den anderen Zutaten.<\/p>\n\n\n\n<p>Jedes dieser typischen Gerichte der valencianischen K\u00fcche spiegelt die reiche kulinarische Tradition der Region und die Vielfalt der Aromen wider, die sie charakterisieren. Die valencianische K\u00fcche ist eine authentische Delikatesse, die frische und lokale Zutaten mit traditionellen kulinarischen Techniken kombiniert und Gerichte aller Art kreiert. Genie\u00dfen Sie diese gastronomischen Wunder!<\/p>\n\n\n<div class=\"bannerBlog\"><div class=\"new-card-houses\">\n    <div class=\"likeOut likeDivOut\" style=\"display:none\">\n        <a data-id=\"959\" class=\"likeOut_button_red likeBtnFav\"\n            aria-label=\"Megusta Vacalia\"><\/a>\n    <\/div>\n    <figure>\n        <img loading=\"lazy\" decoding=\"async\" \n            loading=\"lazy\" width=\"301\" height=\"200\"\n            src=\"\/\/media.vacalia.com\/photo\/reformatwebpfolder\/350\/200\/959\/thumb-middle\/959_b7952ea144f26f13a46ff9d72e6705f7.webp?v=21092023\"\n            alt=\"El balc\u00f3n de la safor - pedraviva - Ferienhaus auf Ador\"\/>\n                                                                        <div class=\"circleDiscount\">-4%<\/div>\n                        <\/figure>\n    <p itemprop=\"address\"><i class=\"ico-marker\"><\/i>Ador, Valencia<\/p>\n    <h3 itemprop=\"name\">El balc\u00f3n de la safor - pedraviva<\/h3>\n    <ul class=\"icon_list inline_list\">\n                              <li class=\"ico-pool\" title=\"Pool\">\n              <span itemprop=\"amenityFeature\">Pool<\/span>\n            <\/li>\n                      <li class=\"ico-airConditioning\" title=\"Klimaanlage\">\n              <span itemprop=\"amenityFeature\">Klimaanlage<\/span>\n            <\/li>\n                      <li class=\"ico-wifi\" title=\"Wifi\">\n              <span itemprop=\"amenityFeature\">Wifi<\/span>\n            <\/li>\n                      <li class=\"ico-pets\" title=\"Haustiere\">\n              <span itemprop=\"amenityFeature\">Haustiere<\/span>\n            <\/li>\n                          <li class=\"ico-guests\" title=\"F\u00fcr 6+2   G\u00e4ste in Ador.\">\n          <span itemprop=\"occupancy\">6+2  <\/span>\n        <\/li>\n    <\/ul>\n            <span class=\"price\">Ab 102\u20ac \/ Nacht<\/span>\n                <a itemprop=\"url\" class=\"anchor\" href=\"https:\/\/www.vacalia.com\/de\/villa-el-balcon-de-la-safor-pedraviva-ador-h15630\" aria-label=\"El balc\u00f3n de la safor - pedraviva\"><\/a>\n<\/div><div class=\"new-card-houses\">\n    <div class=\"likeOut likeDivOut\" style=\"display:none\">\n        <a data-id=\"1453\" class=\"likeOut_button_red likeBtnFav\"\n            aria-label=\"Megusta Vacalia\"><\/a>\n    <\/div>\n    <figure>\n        <img loading=\"lazy\" decoding=\"async\" \n            loading=\"lazy\" width=\"301\" height=\"200\"\n            src=\"\/\/media.vacalia.com\/photo\/reformatwebpfolder\/350\/200\/1453\/thumb-middle\/1453_e951fa1d265705bbd930032f25057277.webp?v=21092023\"\n            alt=\"Portilet - Ferienhaus auf Barx\"\/>\n                                                                        <div class=\"circleDiscount\">-4%<\/div>\n                        <\/figure>\n    <p itemprop=\"address\"><i class=\"ico-marker\"><\/i>Barx, Valencia<\/p>\n    <h3 itemprop=\"name\">Portilet<\/h3>\n    <ul class=\"icon_list inline_list\">\n                              <li class=\"ico-pool\" title=\"Pool\">\n              <span itemprop=\"amenityFeature\">Pool<\/span>\n            <\/li>\n                      <li class=\"ico-airConditioning\" title=\"Klimaanlage\">\n              <span itemprop=\"amenityFeature\">Klimaanlage<\/span>\n            <\/li>\n                          <li class=\"ico-guests\" title=\"F\u00fcr 6 G\u00e4ste in Barx.\">\n          <span itemprop=\"occupancy\">6<\/span>\n        <\/li>\n    <\/ul>\n            <span class=\"price\">Ab 120\u20ac \/ Nacht<\/span>\n                <a itemprop=\"url\" class=\"anchor\" href=\"https:\/\/www.vacalia.com\/de\/villa-portilet-barx-h16296\" aria-label=\"Portilet\"><\/a>\n<\/div><\/div>\n","protected":false},"excerpt":{"rendered":"<p>Heute werden wir \u00fcber die valencianische K\u00fcche sprechen, die vielleicht von der ber\u00fchmten Paella \u00fcberschattet wird, und einzigartige Aromen und Geschm\u00e4cke der Mittelmeerregion von Valencia entdecken, wo die Gastronomie viel&hellip;<\/p>\n","protected":false},"author":1,"featured_media":4190,"comment_status":"closed","ping_status":"open","sticky":false,"template":"","format":"standard","meta":{"_monsterinsights_skip_tracking":false,"_monsterinsights_sitenote_active":false,"_monsterinsights_sitenote_note":"","_monsterinsights_sitenote_category":0,"footnotes":""},"categories":[543,40,503,521],"tags":[],"class_list":["post-4205","post","type-post","status-publish","format-standard","has-post-thumbnail","hentry","category-valencia-de","category-allgemein","category-valencianische-gastronomie","category-was-kann-man-in-valencia-machen"],"_links":{"self":[{"href":"https:\/\/www.vacalia.com\/blog\/wp-json\/wp\/v2\/posts\/4205"}],"collection":[{"href":"https:\/\/www.vacalia.com\/blog\/wp-json\/wp\/v2\/posts"}],"about":[{"href":"https:\/\/www.vacalia.com\/blog\/wp-json\/wp\/v2\/types\/post"}],"author":[{"embeddable":true,"href":"https:\/\/www.vacalia.com\/blog\/wp-json\/wp\/v2\/users\/1"}],"replies":[{"embeddable":true,"href":"https:\/\/www.vacalia.com\/blog\/wp-json\/wp\/v2\/comments?post=4205"}],"version-history":[{"count":5,"href":"https:\/\/www.vacalia.com\/blog\/wp-json\/wp\/v2\/posts\/4205\/revisions"}],"predecessor-version":[{"id":7681,"href":"https:\/\/www.vacalia.com\/blog\/wp-json\/wp\/v2\/posts\/4205\/revisions\/7681"}],"wp:featuredmedia":[{"embeddable":true,"href":"https:\/\/www.vacalia.com\/blog\/wp-json\/wp\/v2\/media\/4190"}],"wp:attachment":[{"href":"https:\/\/www.vacalia.com\/blog\/wp-json\/wp\/v2\/media?parent=4205"}],"wp:term":[{"taxonomy":"category","embeddable":true,"href":"https:\/\/www.vacalia.com\/blog\/wp-json\/wp\/v2\/categories?post=4205"},{"taxonomy":"post_tag","embeddable":true,"href":"https:\/\/www.vacalia.com\/blog\/wp-json\/wp\/v2\/tags?post=4205"}],"curies":[{"name":"wp","href":"https:\/\/api.w.org\/{rel}","templated":true}]}}