{"id":4407,"date":"2023-09-15T10:01:20","date_gmt":"2023-09-15T08:01:20","guid":{"rendered":"https:\/\/www.vacalia.com\/blog\/?p=4407"},"modified":"2025-07-08T11:40:29","modified_gmt":"2025-07-08T09:40:29","slug":"descubriendo-el-tesoro-escondido-de-moraira","status":"publish","type":"post","link":"https:\/\/www.vacalia.com\/blog\/es\/descubriendo-el-tesoro-escondido-de-moraira\/","title":{"rendered":"Descubriendo el tesoro escondido de Moraira"},"content":{"rendered":"\n<p>En un rinc\u00f3n de la Costa Blanca, lejos del bullicio de las multitudes y las rutas tur\u00edsticas m\u00e1s populares, se encuentra un lugar especial y poco conocido que vale la pena que descubr\u00e1is. <a href=\"https:\/\/www.vacalia.com\/es\/moraira-alicante-p1542\" target=\"_blank\" rel=\"noreferrer noopener\">Moraira<\/a>, una joya escondida en la costa mediterr\u00e1nea de Espa\u00f1a, es un destino que abraza la autenticidad y el encanto de la vida mediterr\u00e1nea sin las aglomeraciones de las ciudades m\u00e1s tur\u00edsticas.<\/p>\n\n\n\n<p>A primera vista, Moraira parece un tranquilo pueblo pesquero que se ha mantenido fiel a sus ra\u00edces, con calles empedradas, casas blancas y una plaza central donde la vida transcurre a un ritmo apacible. Pero esta aparente sencillez es solo el comienzo de una experiencia que revela mucho m\u00e1s. Con playas de arena fina, aguas turquesas, calas escondidas y una oferta gastron\u00f3mica excepcional, Moraira se ha ganado a pulso su reputaci\u00f3n como un destino de ensue\u00f1o.<\/p>\n\n\n\n<p>En este art\u00edculo, os invitamos a un viaje por este tesoro de la Costa Blanca, donde puedes disfrutar varios d\u00edas sin problema y cada rinc\u00f3n es una sorpresa. En <strong><a href=\"https:\/\/www.vacalia.com\/es\" target=\"_blank\" rel=\"noreferrer noopener\">Vacalia<\/a><\/strong> contamos con varios alojamientos cerca de este lugar de ensue\u00f1o. Es hora de descubrir lo que hace que este destino sea tan especial y por qu\u00e9 deber\u00eda estar en vuestra lista de lugares por visitar.<\/p>\n\n\n<div class=\"wp-block-image\">\n<figure class=\"aligncenter size-large\"><img fetchpriority=\"high\" decoding=\"async\" width=\"1024\" height=\"768\" src=\"https:\/\/www.vacalia.com\/blog\/wp-content\/uploads\/2023\/09\/iStock-1507551903-Personalizado-1024x768.jpg\" alt=\"Vistas a la playa de Moraira\" class=\"wp-image-4409\" srcset=\"https:\/\/www.vacalia.com\/blog\/wp-content\/uploads\/2023\/09\/iStock-1507551903-Personalizado-1024x768.jpg 1024w, https:\/\/www.vacalia.com\/blog\/wp-content\/uploads\/2023\/09\/iStock-1507551903-Personalizado-300x225.jpg 300w, https:\/\/www.vacalia.com\/blog\/wp-content\/uploads\/2023\/09\/iStock-1507551903-Personalizado-768x576.jpg 768w, https:\/\/www.vacalia.com\/blog\/wp-content\/uploads\/2023\/09\/iStock-1507551903-Personalizado-1536x1152.jpg 1536w, https:\/\/www.vacalia.com\/blog\/wp-content\/uploads\/2023\/09\/iStock-1507551903-Personalizado-2048x1536.jpg 2048w\" sizes=\"(max-width: 1024px) 100vw, 1024px\" \/><figcaption class=\"wp-element-caption\"><em>Moraira<\/em><\/figcaption><\/figure><\/div>\n\n\n<h2 class=\"wp-block-heading has-medium-font-size\">Bienvenidos a Moraira<\/h2>\n\n\n\n<p>Quienes visitan la Marina Alta cada a\u00f1o afirman que el mejor momento es despu\u00e9s de la temporada estival, y estamos de acuerdo. Cuando las playas se despejan y el clima alicantino sigue siendo agradable, alrededor de veinte grados al comienzo del oto\u00f1o, esta zona de la Costa Blanca se transforma, ofreciendo un ambiente m\u00e1s tranquilo para el turismo.<\/p>\n\n\n\n<p>Moraira, ubicada entre las localidades de <a href=\"https:\/\/www.vacalia.com\/es\/calp-alicante-p1269\" target=\"_blank\" rel=\"noreferrer noopener\">Calpe<\/a> y <a href=\"https:\/\/www.vacalia.com\/es\/xabia-javea-p1271\" target=\"_blank\" rel=\"noreferrer noopener\">J\u00e1vea<\/a>, en la provincia de Alicante, fue un tranquilo pueblo de pescadores que ha evolucionado para convertirse en un destino de vacaciones de primera categor\u00eda, sin perder su autenticidad y encanto.<\/p>\n\n\n<div class=\"wp-block-image\">\n<figure class=\"aligncenter size-large\"><img decoding=\"async\" width=\"1024\" height=\"683\" src=\"https:\/\/www.vacalia.com\/blog\/wp-content\/uploads\/2023\/09\/iStock-685759410-Personalizado-1024x683.jpg\" alt=\"Bonita playa en la ciudad de Calpe\" class=\"wp-image-4410\" srcset=\"https:\/\/www.vacalia.com\/blog\/wp-content\/uploads\/2023\/09\/iStock-685759410-Personalizado-1024x683.jpg 1024w, https:\/\/www.vacalia.com\/blog\/wp-content\/uploads\/2023\/09\/iStock-685759410-Personalizado-300x200.jpg 300w, https:\/\/www.vacalia.com\/blog\/wp-content\/uploads\/2023\/09\/iStock-685759410-Personalizado-768x512.jpg 768w, https:\/\/www.vacalia.com\/blog\/wp-content\/uploads\/2023\/09\/iStock-685759410-Personalizado-1536x1024.jpg 1536w, https:\/\/www.vacalia.com\/blog\/wp-content\/uploads\/2023\/09\/iStock-685759410-Personalizado-2048x1365.jpg 2048w\" sizes=\"(max-width: 1024px) 100vw, 1024px\" \/><figcaption class=\"wp-element-caption\"><em>Calpe<\/em><\/figcaption><\/figure><\/div>\n\n\n<h2 class=\"wp-block-heading has-medium-font-size\">Playa y relajaci\u00f3n<\/h2>\n\n\n\n<p>Moraira ofrece algunas de las playas m\u00e1s impresionantes de la Costa Blanca, es el lugar perfecto para disfrutar del sol y el mar. La <strong><a href=\"https:\/\/www.vacalia.com\/es\/playa-del-portet-alicante-p1137\" target=\"_blank\" rel=\"noreferrer noopener\">Playa del Portet<\/a> <\/strong>es una playa peque\u00f1a de unos 300 metros de longitud, con arena fina y aguas cristalinas. Es ideal para ir con ni\u00f1os ya que tiene poco oleaje.&nbsp;<\/p>\n\n\n\n<p>A la hora del atardecer, es muy recomendable disfrutar del paseo mar\u00edtimo, disfrutando de las vistas del Pe\u00f1\u00f3n de Ifach.<\/p>\n\n\n\n<p>Otra playa con encanto es <strong><a href=\"https:\/\/www.vacalia.com\/es\/playa-la-ampolla-alicante-p1138\" target=\"_blank\" rel=\"noreferrer noopener\">L\u2019Ampolla<\/a><\/strong> que tiene a su alrededor un peque\u00f1o marjal. Cuenta con una zona muy amplia para aparcar y restaurantes muy cerca.<\/p>\n\n\n<div class=\"wp-block-image\">\n<figure class=\"aligncenter size-large\"><img decoding=\"async\" width=\"1024\" height=\"682\" src=\"https:\/\/www.vacalia.com\/blog\/wp-content\/uploads\/2023\/09\/iStock-1339228135-Personalizado-1024x682.jpg\" alt=\"Vista a\u00e9rea de la playa del Portet\" class=\"wp-image-4411\" srcset=\"https:\/\/www.vacalia.com\/blog\/wp-content\/uploads\/2023\/09\/iStock-1339228135-Personalizado-1024x682.jpg 1024w, https:\/\/www.vacalia.com\/blog\/wp-content\/uploads\/2023\/09\/iStock-1339228135-Personalizado-300x200.jpg 300w, https:\/\/www.vacalia.com\/blog\/wp-content\/uploads\/2023\/09\/iStock-1339228135-Personalizado-768x512.jpg 768w, https:\/\/www.vacalia.com\/blog\/wp-content\/uploads\/2023\/09\/iStock-1339228135-Personalizado-1536x1024.jpg 1536w, https:\/\/www.vacalia.com\/blog\/wp-content\/uploads\/2023\/09\/iStock-1339228135-Personalizado-2048x1365.jpg 2048w\" sizes=\"(max-width: 1024px) 100vw, 1024px\" \/><figcaption class=\"wp-element-caption\"><em>Playa del Portet<\/em><\/figcaption><\/figure><\/div>\n\n\n<h2 class=\"wp-block-heading has-medium-font-size\">Costa de piratas<\/h2>\n\n\n\n<p>Moraira conserva un rico patrimonio cultural producto de los saqueos de piratas berberiscos que recorr\u00edan el Mediterr\u00e1neo atemorizando a la poblaci\u00f3n.<\/p>\n\n\n\n<p>Cerca de la playa de L\u2019Ampolla encontrar\u00e1s una torre vig\u00eda del siglo XVI, conocida como el <strong>Castillo de Moraira<\/strong>. Era una antigua fortaleza que fue volada en 1801 y fue reconstruida en 1980, actualmente, alberga un museo audiovisual sobre el mar y la pirater\u00eda.<\/p>\n\n\n\n<p>Otro monumento que debes visitar es la <strong>Iglesia <\/strong><strong>Parroquial de Santa Catalina<\/strong> que fue construida como iglesia-fortaleza, para salvaguardar a los lugare\u00f1os.<\/p>\n\n\n\n<p>Otro monumento que formaba parte del sistema defensivo y de protecci\u00f3n contra los asaltos enemigos fue la <strong>Torre de Vig\u00eda del Cap d&#8217;Or<\/strong> que se construy\u00f3 en el siglo XVI, en lo m\u00e1s alto del Monte Cap D\u2019Or. En el momento que ve\u00edan alg\u00fan barco pirata aproxim\u00e1ndose a la costa, se<strong> <\/strong>encend\u00edan hogueras para avisar a las torres vecinas<strong>&nbsp;<\/strong>de Ifach y la Granadella, entonces los habitantes de la poblaci\u00f3n corr\u00edan a refugiarse dentro de las murallas fortificadas.<\/p>\n\n\n\n<h2 class=\"wp-block-heading has-medium-font-size\">Exploraci\u00f3n de Calas y Cuevas<\/h2>\n\n\n\n<p>La Costa Blanca es famosa por sus calas escondidas y cuevas costeras, y Moraira no es una excepci\u00f3n. Calas como <strong>cala Cap Blanc<\/strong>, <strong>cala L\u2019Andrag\u00f3<\/strong>, <strong>cala del Portitxolet<\/strong> y <strong>cala Llebeig<\/strong> son ideales para hacer snorkel o para simplemente desconectar. Aunque son diferentes entre s\u00ed, todas ellas se caracterizan por el magn\u00edfico entorno que las rodea y sus transparentes aguas perfectas para darse un chapuz\u00f3n inolvidable.<\/p>\n\n\n\n<p>Una excursi\u00f3n imprescindible es visitar la <strong>Cueva de las Calaveras<\/strong>, una cueva prehist\u00f3rica que alberga formaciones de estalactitas, estalagmitas y preciosas c\u00fapulas de m\u00e1s de 20m de altura. Es un lugar muy interesante y divertido para los m\u00e1s peque\u00f1os de la casa.<\/p>\n\n\n\n<p>La localidad de <strong>Benissa<\/strong>, tiene dos calas que no hay que perderse, <strong>Baladrar<\/strong>, una cala de grava, rodeada de naturaleza y&nbsp;<strong>La Llobella<\/strong>, rodeada de rocas e ideal para practicar buceo.<\/p>\n\n\n\n<p>En <strong>Benitatxell<\/strong> se encuentra la <strong>cala del Maraig<\/strong> una de las m\u00e1s bonitas de Valencia. Tiene la particularidad de contar con una cueva creada con la erosi\u00f3n de las olas, <strong>La Cueva Els Arcs<\/strong>. Es un lugar frecuentado por submarinistas ya que la cueva se comunica por debajo del agua con otras cavidades.<\/p>\n\n\n<div class=\"wp-block-image\">\n<figure class=\"aligncenter size-large\"><img loading=\"lazy\" decoding=\"async\" width=\"1024\" height=\"683\" src=\"https:\/\/www.vacalia.com\/blog\/wp-content\/uploads\/2023\/09\/iStock-1143015415-Personalizado-1024x683.jpg\" alt=\"Agua cristalina en Benitatxell\" class=\"wp-image-4412\" srcset=\"https:\/\/www.vacalia.com\/blog\/wp-content\/uploads\/2023\/09\/iStock-1143015415-Personalizado-1024x683.jpg 1024w, https:\/\/www.vacalia.com\/blog\/wp-content\/uploads\/2023\/09\/iStock-1143015415-Personalizado-300x200.jpg 300w, https:\/\/www.vacalia.com\/blog\/wp-content\/uploads\/2023\/09\/iStock-1143015415-Personalizado-768x512.jpg 768w, https:\/\/www.vacalia.com\/blog\/wp-content\/uploads\/2023\/09\/iStock-1143015415-Personalizado-1536x1024.jpg 1536w, https:\/\/www.vacalia.com\/blog\/wp-content\/uploads\/2023\/09\/iStock-1143015415-Personalizado-2048x1365.jpg 2048w\" sizes=\"(max-width: 1024px) 100vw, 1024px\" \/><figcaption class=\"wp-element-caption\"><em>Benitatxell<\/em><\/figcaption><\/figure><\/div>\n\n\n<h2 class=\"wp-block-heading has-medium-font-size\">Disfruta de la gastonom\u00eda local<\/h2>\n\n\n\n<p>Moraira es un verdadero para\u00edso para los amantes de la comida y es obligatorio explorar su rica gastronom\u00eda. Los restaurantes locales ofrecen una gran variedad de platos deliciosos, desde pescados y mariscos frescos hasta la paella t\u00edpica de la regi\u00f3n.<\/p>\n\n\n\n<p>Una de las delicias culinarias m\u00e1s destacadas de la zona es la <strong>gamba roja de Denia<\/strong>, un manjar local que se sirve de diversas formas. Aprovechad la oportunidad para probar esta exquisitez en uno de los restaurantes locales, donde la frescura y la calidad del producto son primordiales.<\/p>\n\n\n\n<p>Moraira es un destino que combina a la perfecci\u00f3n el encanto de un pueblo pesquero con las mejores playas. Esperamos que este art\u00edculo os ayude a disfrutar al m\u00e1ximo de unas <a href=\"https:\/\/www.vacalia.com\/es\/alquiler-vacacional-alicante\" target=\"_blank\" rel=\"noreferrer noopener\">espl\u00e9ndidas vacaciones<\/a>. Desde disfrutar de atractivas calas, explorar impresionantes cuevas o revivir la pirater\u00eda del pasado.<\/p>\n\n\n<div class=\"bannerBlog\"><div class=\"new-card-houses\">\n    <div class=\"likeOut likeDivOut\" style=\"display:none\">\n        <a data-id=\"3259\" class=\"likeOut_button_red likeBtnFav\"\n            aria-label=\"Megusta Vacalia\"><\/a>\n    <\/div>\n    <figure>\n        <img loading=\"lazy\" decoding=\"async\" \n            loading=\"lazy\" width=\"301\" height=\"200\"\n            src=\"\/\/media.vacalia.com\/photo\/reformatwebpfolder\/350\/200\/3259\/thumb-middle\/3259_c04f4bc50d7feb05cd12832d2286b9b6.webp?v=21092023\"\n            alt=\"Casa lea - Alquiler vacacional en Alcalal\u00ed\"\/>\n                                                                        <div class=\"circleDiscount\">-2%<\/div>\n                        <\/figure>\n    <p itemprop=\"address\"><i class=\"ico-marker\"><\/i>Alcalal\u00ed, Alicante<\/p>\n    <h3 itemprop=\"name\">Casa lea<\/h3>\n    <ul class=\"icon_list inline_list\">\n                              <li class=\"ico-pool\" title=\"Piscina\">\n              <span itemprop=\"amenityFeature\">Piscina<\/span>\n            <\/li>\n                      <li class=\"ico-airConditioning\" title=\"Aire Acondicionado\">\n              <span itemprop=\"amenityFeature\">Aire Acondicionado<\/span>\n            <\/li>\n                      <li class=\"ico-wifi\" title=\"Wifi\">\n              <span itemprop=\"amenityFeature\">Wifi<\/span>\n            <\/li>\n                      <li class=\"ico-pets\" title=\"Mascotas\">\n              <span itemprop=\"amenityFeature\">Mascotas<\/span>\n            <\/li>\n                          <li class=\"ico-guests\" title=\"Para 5 hu\u00e9spedes en Alcalal\u00ed.\">\n          <span itemprop=\"occupancy\">5<\/span>\n        <\/li>\n    <\/ul>\n            <span class=\"price\">Desde 209\u20ac \/ noche<\/span>\n                <a itemprop=\"url\" class=\"anchor\" href=\"https:\/\/www.vacalia.com\/es\/villa-casa-lea-alcalali-h23050\" aria-label=\"Casa lea\"><\/a>\n<\/div><div class=\"new-card-houses\">\n    <div class=\"likeOut likeDivOut\" style=\"display:none\">\n        <a data-id=\"2837\" class=\"likeOut_button_red likeBtnFav\"\n            aria-label=\"Megusta Vacalia\"><\/a>\n    <\/div>\n    <figure>\n        <img loading=\"lazy\" decoding=\"async\" \n            loading=\"lazy\" width=\"301\" height=\"200\"\n            src=\"\/\/media.vacalia.com\/photo\/reformatwebpfolder\/350\/200\/2837\/thumb-middle\/2837_a5029b586275288353e119c208bf09d4.webp?v=21092023\"\n            alt=\"Gladiolo - Alquiler vacacional en X\u00e0bia\/J\u00e1vea\"\/>\n                                                                        <div class=\"circleDiscount\">-11%<\/div>\n                        <\/figure>\n    <p itemprop=\"address\"><i class=\"ico-marker\"><\/i>X\u00e0bia\/J\u00e1vea, Alicante<\/p>\n    <h3 itemprop=\"name\">Gladiolo<\/h3>\n    <ul class=\"icon_list inline_list\">\n                              <li class=\"ico-pool\" title=\"Piscina\">\n              <span itemprop=\"amenityFeature\">Piscina<\/span>\n            <\/li>\n                      <li class=\"ico-airConditioning\" title=\"Aire Acondicionado\">\n              <span itemprop=\"amenityFeature\">Aire Acondicionado<\/span>\n            <\/li>\n                      <li class=\"ico-wifi\" title=\"Wifi\">\n              <span itemprop=\"amenityFeature\">Wifi<\/span>\n            <\/li>\n                          <li class=\"ico-guests\" title=\"Para 6 hu\u00e9spedes en X\u00e0bia\/j\u00e1vea.\">\n          <span itemprop=\"occupancy\">6<\/span>\n        <\/li>\n    <\/ul>\n            <span class=\"price\">Desde 101\u20ac \/ noche<\/span>\n                <a itemprop=\"url\" class=\"anchor\" href=\"https:\/\/www.vacalia.com\/es\/villa-gladiolo-xabia-javea-h19643\" aria-label=\"Gladiolo\"><\/a>\n<\/div><\/div>\n","protected":false},"excerpt":{"rendered":"<p>En un rinc\u00f3n de la Costa Blanca, lejos del bullicio de las multitudes y las rutas tur\u00edsticas m\u00e1s populares, se encuentra un lugar especial y poco conocido que vale la&hellip;<\/p>\n","protected":false},"author":1,"featured_media":4409,"comment_status":"closed","ping_status":"open","sticky":false,"template":"","format":"standard","meta":{"_monsterinsights_skip_tracking":false,"_monsterinsights_sitenote_active":false,"_monsterinsights_sitenote_note":"","_monsterinsights_sitenote_category":0,"footnotes":""},"categories":[186,1025,1,1032],"tags":[],"class_list":["post-4407","post","type-post","status-publish","format-standard","has-post-thumbnail","hentry","category-costa-blanca-es","category-que-ver-en-la-costa-blanca","category-general-es","category-guias-de-la-costa-blanca"],"_links":{"self":[{"href":"https:\/\/www.vacalia.com\/blog\/wp-json\/wp\/v2\/posts\/4407"}],"collection":[{"href":"https:\/\/www.vacalia.com\/blog\/wp-json\/wp\/v2\/posts"}],"about":[{"href":"https:\/\/www.vacalia.com\/blog\/wp-json\/wp\/v2\/types\/post"}],"author":[{"embeddable":true,"href":"https:\/\/www.vacalia.com\/blog\/wp-json\/wp\/v2\/users\/1"}],"replies":[{"embeddable":true,"href":"https:\/\/www.vacalia.com\/blog\/wp-json\/wp\/v2\/comments?post=4407"}],"version-history":[{"count":12,"href":"https:\/\/www.vacalia.com\/blog\/wp-json\/wp\/v2\/posts\/4407\/revisions"}],"predecessor-version":[{"id":7615,"href":"https:\/\/www.vacalia.com\/blog\/wp-json\/wp\/v2\/posts\/4407\/revisions\/7615"}],"wp:featuredmedia":[{"embeddable":true,"href":"https:\/\/www.vacalia.com\/blog\/wp-json\/wp\/v2\/media\/4409"}],"wp:attachment":[{"href":"https:\/\/www.vacalia.com\/blog\/wp-json\/wp\/v2\/media?parent=4407"}],"wp:term":[{"taxonomy":"category","embeddable":true,"href":"https:\/\/www.vacalia.com\/blog\/wp-json\/wp\/v2\/categories?post=4407"},{"taxonomy":"post_tag","embeddable":true,"href":"https:\/\/www.vacalia.com\/blog\/wp-json\/wp\/v2\/tags?post=4407"}],"curies":[{"name":"wp","href":"https:\/\/api.w.org\/{rel}","templated":true}]}}