{"id":4627,"date":"2023-10-06T09:54:19","date_gmt":"2023-10-06T07:54:19","guid":{"rendered":"https:\/\/www.vacalia.com\/blog\/?p=4627"},"modified":"2024-08-28T09:44:31","modified_gmt":"2024-08-28T07:44:31","slug":"restaurants-mit-michelin-sternen-auf-den-balearen-inseln","status":"publish","type":"post","link":"https:\/\/www.vacalia.com\/blog\/restaurants-mit-michelin-sternen-auf-den-balearen-inseln\/","title":{"rendered":"Restaurants mit Michelin-Sternen auf den Balearen-Inseln"},"content":{"rendered":"\n<p>Heute m\u00f6chten wir Sie auf eine <strong>kulinarische Reise<\/strong> durch die paradiesischen <strong>Balearischen Inseln<\/strong> mitnehmen. Diese Inseln sind die <strong>Heimat<\/strong> einiger der exquisitesten Restaurants in Spanien. Und wie k\u00f6nnte man kulinarische Exzellenz besser messen als durch die renommierten Michelin-Sterne?<\/p>\n\n\n\n<p>In der aktuellen Liste f\u00fcr das Jahr 2023 haben die Balearischen Inseln zwei neue Michelin-Sterne hinzugewonnen, einen f\u00fcr das Restaurant Etxeko auf Ibiza, ein Projekt von Mart\u00edn Berasategui, dieses Mal mit der Hilfe des K\u00fcchenchefs Paco Bud\u00eda, und einen weiteren f\u00fcr das Restaurant Fusi\u00f3n 19 von Javier Hoebeeck im mallorquinischen Dorf Muro.<\/p>\n\n\n\n<h3 class=\"wp-block-heading\"><strong>Die besten Restaurants auf den Balearischen Inseln gem\u00e4\u00df dem renommierten Michelin-F\u00fchrer sind:<\/strong><\/h3>\n\n\n\n<h6 class=\"wp-block-heading\"><strong>Etxeko, Ibiza<\/strong><\/h6>\n\n\n\n<p>Etxeko, gerade erst mit seinem ersten Stern ausgezeichnet, was auf Baskisch \u00abzu Hause\u00bb bedeutet, ist die kulinarische Botschaft des ber\u00fchmten K\u00fcchenchefs Mart\u00edn Berasategui im BLESS Hotel Ibiza. Nach den Anweisungen von Meister Berasategui bietet das Restaurant eine K\u00fcche mit feinen Texturen und makellosen Pr\u00e4sentationen. Sie haben eine umfangreiche Karte und ein Verkostungsmen\u00fc namens \u00abDie Reise von Mart\u00edn\u00bb, das die gro\u00dfartige K\u00fcche von Berasategui mit lokalen Produkten der Insel verbindet und einige Elemente aus dem Norden der Halbinsel beibeh\u00e4lt. <strong>Eine perfekte Mischung aus seinen baskischen Wurzeln und der Frische des Mittelmeers.<\/strong><\/p>\n\n\n<div class=\"wp-block-image\">\n<figure class=\"aligncenter size-full\"><img fetchpriority=\"high\" decoding=\"async\" width=\"670\" height=\"300\" src=\"https:\/\/www.vacalia.com\/blog\/wp-content\/uploads\/2023\/10\/restaurante-Etxeko.jpg\" alt=\"Restaurant Etxeko\" class=\"wp-image-4620\" srcset=\"https:\/\/www.vacalia.com\/blog\/wp-content\/uploads\/2023\/10\/restaurante-Etxeko.jpg 670w, https:\/\/www.vacalia.com\/blog\/wp-content\/uploads\/2023\/10\/restaurante-Etxeko-300x134.jpg 300w\" sizes=\"(max-width: 767px) 100vw, 670px\" \/><figcaption class=\"wp-element-caption\"><em>Restaurant<\/em> <em>Etxeko<\/em><\/figcaption><\/figure><\/div>\n\n\n<h6 class=\"wp-block-heading\"><strong>Fusi\u00f3n 19, Muro<\/strong><\/h6>\n\n\n\n<p>Eine angenehme \u00dcberraschung in Muro, Mallorca. Wie der Name schon sagt, ist dieser Ort ein Schmelztiegel von Aromen und Kulturen. Der K\u00fcchenchef Javier Hoebeeck bietet ein einzigartiges und umfassendes Degustationsmen\u00fc, das die mallorquinische und mediterrane K\u00fcche mit der asiatischen und lateinamerikanischen K\u00fcche verschmilzt und die lokalen Produkte der Insel hervorhebt. Dieses Restaurant spiegelt die Leidenschaft eines jungen K\u00fcchenchefs wider, der nach seiner Erfahrung in renommierten Restaurants auf seine Heimatinsel zur\u00fcckgekehrt ist. <strong>Wenn Sie Innovation in jedem Bissen suchen, ist Fusi\u00f3n 19 Ihre Anlaufstelle!<\/strong><\/p>\n\n\n\n<h6 class=\"wp-block-heading\"><strong>Voro, Canyamel<\/strong><\/h6>\n\n\n\n<p>In einem separaten Geb\u00e4ude des Cap Vermell Grand Hotels in Mallorca gelegen, tr\u00e4gt es den Namen eines lateinischen Begriffs, der \u00abverschlingen\u00bb bedeutet. Voro hat mit seinen zwei Sternen die Messlatte h\u00f6her gelegt. In seinen wundersch\u00f6nen, hoch aufragenden Speises\u00e4len folgt der K\u00fcchenchef \u00c1lvaro Salazar einer kulinarischen Philosophie, die sich auf \u00abungezwungene Gastronomie, engagiert f\u00fcr die Umwelt und die mediterranen Wurzeln\u00bb konzentriert. Es bietet zwei moderne Degustationsmen\u00fcs namens \u00abVoro\u00bb und \u00abDevoro\u00bb, <strong>die sich durch Liebe zum Detail und eine Erz\u00e4hlung in jedem Gericht auszeichnen<\/strong>.<\/p>\n\n\n\n<h6 class=\"wp-block-heading\"><strong>La Gaia, Ibiza<\/strong><\/h6>\n\n\n\n<p>Im Herzen des Ibiza Gran Hotel nimmt uns dieses Restaurant mit auf eine Reise zwischen dem Mittelmeer und Japan. Der K\u00fcchenchef \u00d3scar Molina pr\u00e4sentiert, was er \u00abmediterrane-kaiseki-K\u00fcche\u00bb nennt, wobei er die besten lokalen Produkte aus Ibiza betont und sie mit Einfl\u00fcssen aus Peru und insbesondere Japan kombiniert. Das Angebot konzentriert sich auf zwei Degustationsmen\u00fcs: \u00abTanit\u00bb (10 G\u00e4nge), zu Ehren der in der karthagischen und ibizenkischen Mythologie verehrten G\u00f6ttin, und \u00abPosidonia\u00bb (14 G\u00e4nge), das die Saisonalit\u00e4t der lokalen Produkte in einer kulinarischen Reise voller Kontraste und Umweltverantwortung erkundet. <strong>Es ist eine Geschmackserfahrung f\u00fcr die Sinne.<\/strong><\/p>\n\n\n\n<h6 class=\"wp-block-heading\"><strong>Zaranda, Palma<\/strong><\/h6>\n\n\n\n<p>Zaranda, unter der Leitung von Fernando P\u00e9rez Arellano, ist ein Muss in Palma. Es befindet sich in der Altstadt von Palma im Hotel Es Princep und integriert die Geschichte des Ortes, das auf den \u00dcberresten einer alten Gerberei erbaut wurde, in seine faszinierenden Degustationsmen\u00fcs namens \u00abHipodermis\u00bb, \u00abDermis\u00bb und \u00abEpidermis\u00bb. Diese Men\u00fcs bieten <strong>kreative eingelegte Gerichte<\/strong>, die von der <strong>arabischen<\/strong> Geschichte und den Depots inspiriert sind, in denen die H\u00e4ute behandelt wurden, <strong>die teilweise durch einen Glasboden sichtbar sind.<\/strong><\/p>\n\n\n<div class=\"wp-block-image\">\n<figure class=\"aligncenter size-full\"><img decoding=\"async\" width=\"670\" height=\"300\" src=\"https:\/\/www.vacalia.com\/blog\/wp-content\/uploads\/2023\/10\/restaurante-Zaranda.jpg\" alt=\"Restaurant Zaranda\" class=\"wp-image-4619\" srcset=\"https:\/\/www.vacalia.com\/blog\/wp-content\/uploads\/2023\/10\/restaurante-Zaranda.jpg 670w, https:\/\/www.vacalia.com\/blog\/wp-content\/uploads\/2023\/10\/restaurante-Zaranda-300x134.jpg 300w\" sizes=\"(max-width: 767px) 100vw, 670px\" \/><figcaption class=\"wp-element-caption\"><em>Restaurant<\/em> <em>Zaranda<\/em><\/figcaption><\/figure><\/div>\n\n\n<h6 class=\"wp-block-heading\"><strong>B\u00e9ns d&#8217;Avall, S\u00f3ller<\/strong><\/h6>\n\n\n\n<p>Nicht nur das Essen, sondern auch die atemberaubende Aussicht auf das Meer machen diesen Ort besonders. Eine Kombination aus Tradition und Moderne im Herzen von S\u00f3ller, Mallorca. Es wird von Benet und Jaume Vicens, Vater und Sohn, geleitet, die bestrebt sind, die mallorquinische K\u00fcche zu modernisieren, ohne ihre Essenz zu verlieren. <strong>Die Terrasse ist ein Luxus, denn man kann einen spektakul\u00e4ren Sonnenuntergang genie\u00dfen.<\/strong><\/p>\n\n\n\n<h6 class=\"wp-block-heading\"><strong>DINS Santi Taura, Palma de Mallorca<\/strong><\/h6>\n\n\n\n<p>DINS, im Zentrum von Palma gelegen, bietet eine zeitgen\u00f6ssische Neuinterpretation der mallorquinischen K\u00fcche. Der K\u00fcchenchef Santi Taura verwendet hochwertige lokale Zutaten und betont authentische Aromen in seiner K\u00fcche. Sein Degustationsmen\u00fc \u00abOrigens\u00bb umfasst 11 G\u00e4nge, mit der M\u00f6glichkeit, drei zus\u00e4tzliche G\u00e4nge hinzuzuf\u00fcgen, und variiert je nach Saison. Dieses Men\u00fc nimmt uns mit auf eine <strong>kulinarische Reise<\/strong> durch die <strong>Insel<\/strong> und <strong>erkundet<\/strong> ihre <strong>Traditionen<\/strong> und <strong>Produkte<\/strong> durch die <strong>Kreativit\u00e4t des K\u00fcchenchefs<\/strong>.<\/p>\n\n\n\n<h6 class=\"wp-block-heading\"><strong>Es Trag\u00f3n, Sant Antony de Portmany<\/strong><\/h6>\n\n\n\n<p>Dieses Restaurant in einer ruhigen Villa, umgeben von Pinien auf der lebhaften Insel Ibiza, bietet eine mediterrane kulinarische Erfahrung mit Schwerpunkt auf Zusammenarbeit und Nachhaltigkeit. Der K\u00fcchenchef \u00c1lvaro Sanz kreiert thematische Gerichte aus lokalen Bio-Zutaten und profitiert von der Expertise von Historikern und Biologen. <strong>Das Degustationsmen\u00fc ist eine Reise durch die mediterrane Geschichte.<\/strong><\/p>\n\n\n<div class=\"wp-block-image\">\n<figure class=\"aligncenter size-full\"><img decoding=\"async\" width=\"670\" height=\"300\" src=\"https:\/\/www.vacalia.com\/blog\/wp-content\/uploads\/2023\/10\/restaurante-Es-tragon.jpg\" alt=\"Restaurant Es Trag\u00f3n\" class=\"wp-image-4621\" srcset=\"https:\/\/www.vacalia.com\/blog\/wp-content\/uploads\/2023\/10\/restaurante-Es-tragon.jpg 670w, https:\/\/www.vacalia.com\/blog\/wp-content\/uploads\/2023\/10\/restaurante-Es-tragon-300x134.jpg 300w\" sizes=\"(max-width: 767px) 100vw, 670px\" \/><figcaption class=\"wp-element-caption\"><em>Restaurant<\/em> <em>Es Trag\u00f3n<\/em><\/figcaption><\/figure><\/div>\n\n\n<h6 class=\"wp-block-heading\"><strong>Adri\u00e1n Quetglas, Palma de Mallorca<\/strong><\/h6>\n\n\n\n<p>Mit seinem Degustationsmen\u00fc f\u00fchrt uns Adri\u00e1n Quetglas auf eine Reise der Geschmacksrichtungen, die seine globalen Erfahrungen mit einem mallorquinischen Touch widerspiegeln. Dieses Restaurant im Stadtzentrum von Palma, am Torrent de Sa Riera, bietet eine Erfahrung, die <strong>Einfl\u00fcsse<\/strong> aus <strong>Buenos Aires<\/strong>, <strong>mediterrane Aromen<\/strong> und <strong>internationale Erfahrungen<\/strong> in <strong>London<\/strong>, <strong>Paris<\/strong> und <strong>Moskau<\/strong> kombiniert.<\/p>\n\n\n\n<h6 class=\"wp-block-heading\"><strong>Andreu Genestra, Capdepera:<\/strong><\/h6>\n\n\n\n<p>Das Restaurant befindet sich in einem luxuri\u00f6sen und herrschaftlichen Hotel, dem Zo\u00ebtry Mallorca, das sich auf dem Landgut Sa Torre befindet, das sogar eine Windm\u00fchle und eine eigene Kirche hat. Das Team bietet <strong>frische Gerichte<\/strong> aus <strong>saisonalen Produkten<\/strong>, Fleisch, Fisch und ein neues Degustationsmen\u00fc.<\/p>\n\n\n<div class=\"wp-block-image\">\n<figure class=\"aligncenter size-full\"><img loading=\"lazy\" decoding=\"async\" width=\"670\" height=\"300\" src=\"https:\/\/www.vacalia.com\/blog\/wp-content\/uploads\/2023\/10\/restaurante-Andreu-Genestra.jpg\" alt=\"Restaurant Andreu Genestra\" class=\"wp-image-4617\" srcset=\"https:\/\/www.vacalia.com\/blog\/wp-content\/uploads\/2023\/10\/restaurante-Andreu-Genestra.jpg 670w, https:\/\/www.vacalia.com\/blog\/wp-content\/uploads\/2023\/10\/restaurante-Andreu-Genestra-300x134.jpg 300w\" sizes=\"(max-width: 767px) 100vw, 670px\" \/><figcaption class=\"wp-element-caption\"><em>Restaurant<\/em> <em>Andreu Genestra<\/em><\/figcaption><\/figure><\/div>\n\n\n<h6 class=\"wp-block-heading\"><strong>Marc Fosh, Palma<\/strong><\/h6>\n\n\n\n<p>Das Restaurant liegt in einer Gasse im historischen Zentrum von Palma und ist Teil des Hotels Convent de la Missi\u00f3, das ein Seminar aus dem 17. Jahrhundert renoviert hat. Der K\u00fcchenchef Marc Fosh pr\u00e4sentiert eine K\u00fcche, die Geschmack, Technik und Kreativit\u00e4t vereint und die mediterranen Produkte der Saison hervorhebt. <strong>Ein Ort, an dem Geschichte und Moderne aufeinandertreffen.<\/strong><\/p>\n\n\n\n<h6 class=\"wp-block-heading\"><strong>Es Fum, Palmanova<\/strong><\/h6>\n\n\n\n<p>Das Restaurant im luxuri\u00f6sen St. Regis Mardavall Hotel in Mallorca wird von Chef Miguel Navarro geleitet und bietet eine harmonische kulinarische Auswahl. Die G\u00e4ste k\u00f6nnen Degustationsmen\u00fcs genie\u00dfen, die von seinen k\u00fcrzlichen Reisen nach S\u00fcdamerika, Jamaika und dem S\u00fcdosten der USA inspiriert sind. <strong>Es verf\u00fcgt \u00fcber eine Terrasse mit atemberaubendem Meerblick.<\/strong><\/p>\n\n\n<div class=\"wp-block-image\">\n<figure class=\"aligncenter size-full\"><img loading=\"lazy\" decoding=\"async\" width=\"670\" height=\"300\" src=\"https:\/\/www.vacalia.com\/blog\/wp-content\/uploads\/2023\/10\/restaurante-Es-Fum.jpg\" alt=\"Restaurant Es Fum\" class=\"wp-image-4618\" srcset=\"https:\/\/www.vacalia.com\/blog\/wp-content\/uploads\/2023\/10\/restaurante-Es-Fum.jpg 670w, https:\/\/www.vacalia.com\/blog\/wp-content\/uploads\/2023\/10\/restaurante-Es-Fum-300x134.jpg 300w\" sizes=\"(max-width: 767px) 100vw, 670px\" \/><figcaption class=\"wp-element-caption\"><em>Restaurant<\/em> <em>Es Fum<\/em><\/figcaption><\/figure><\/div>\n\n\n<h6 class=\"wp-block-heading\"><strong>Maca de Castro, Port d&#8217;Alcudia:<\/strong><\/h6>\n\n\n\n<p>Nachhaltigkeit und Respekt vor den Produkten bilden die Grundlage dieses Restaurants. Maca de Castro l\u00e4dt uns ein, die Insel Mallorca in ihrer ganzen Pracht zu genie\u00dfen, von der Erde bis zum Meer. Das Restaurant tr\u00e4gt einen gr\u00fcnen Michelin-Stern, eine Anerkennung f\u00fcr Restaurants oder K\u00f6che, die sich besonders f\u00fcr den Umweltschutz engagieren. Das Restaurant verwendet die <strong>besten saisonalen Produkte<\/strong> aus der <strong>mallorquinischen Speisekammer<\/strong>, einschlie\u00dflich Fisch aus nahegelegenen Fischereih\u00e4fen und Zutaten von lokalen Produzenten und aus seinem <strong>Garten in Sa Pobla<\/strong>.<\/p>\n\n\n\n<p>Reisende, ich hoffe, diese kulinarische Reise hat Ihnen den Appetit angeregt. Die Balearischen Inseln bieten nicht nur traumhafte Landschaften und Str\u00e4nde, sondern auch erstklassige kulinarische Erlebnisse. Wenn Sie sich f\u00fcr ein Fest in einem dieser Restaurants entscheiden, <strong><a href=\"https:\/\/www.vacalia.com\/de\" target=\"_blank\" rel=\"noreferrer noopener\">vergessen Sie nicht, rechtzeitig zu reservieren.<\/a><\/strong><\/p>\n\n\n\n<div class=\"wp-block-columns is-layout-flex wp-container-core-columns-is-layout-1 wp-block-columns-is-layout-flex\">\n<div class=\"wp-block-column is-layout-flow wp-block-column-is-layout-flow\"><div class=\"bannerBlog\"><div class=\"new-card-houses\">\n    <div class=\"likeOut likeDivOut\" style=\"display:none\">\n        <a data-id=\"2511\" class=\"likeOut_button_red likeBtnFav\"\n            aria-label=\"Megusta Vacalia\"><\/a>\n    <\/div>\n    <figure>\n        <img loading=\"lazy\" decoding=\"async\" \n            loading=\"lazy\" width=\"301\" height=\"200\"\n            src=\"\/\/media.vacalia.com\/photo\/reformatwebpfolder\/350\/200\/2511\/thumb-middle\/2511_74d830576d1a3b50394cf787599e5716.webp?v=21092023\"\n            alt=\"Can diana - Ferienhaus auf Campanet\"\/>\n                                                                        <div class=\"circleDiscount\">-7%<\/div>\n                        <\/figure>\n    <p itemprop=\"address\"><i class=\"ico-marker\"><\/i>Campanet, Mallorca<\/p>\n    <h3 itemprop=\"name\">Can diana<\/h3>\n    <ul class=\"icon_list inline_list\">\n                              <li class=\"ico-pool\" title=\"Pool\">\n              <span itemprop=\"amenityFeature\">Pool<\/span>\n            <\/li>\n                      <li class=\"ico-airConditioning\" title=\"Klimaanlage\">\n              <span itemprop=\"amenityFeature\">Klimaanlage<\/span>\n            <\/li>\n                      <li class=\"ico-wifi\" title=\"Wifi\">\n              <span itemprop=\"amenityFeature\">Wifi<\/span>\n            <\/li>\n                          <li class=\"ico-guests\" title=\"F\u00fcr 6 G\u00e4ste in Campanet.\">\n          <span itemprop=\"occupancy\">6<\/span>\n        <\/li>\n    <\/ul>\n            <span class=\"price\">Ab 127\u20ac \/ Nacht<\/span>\n                <a itemprop=\"url\" class=\"anchor\" href=\"https:\/\/www.vacalia.com\/de\/villa-can-diana-campanet-h18381\" aria-label=\"Can diana\"><\/a>\n<\/div><\/div>\n<\/div>\n\n\n\n<div class=\"wp-block-column is-layout-flow wp-block-column-is-layout-flow\"><div class=\"bannerBlog\"><div class=\"new-card-houses\">\n    <div class=\"likeOut likeDivOut\" style=\"display:none\">\n        <a data-id=\"4275\" class=\"likeOut_button_red likeBtnFav\"\n            aria-label=\"Megusta Vacalia\"><\/a>\n    <\/div>\n    <figure>\n        <img loading=\"lazy\" decoding=\"async\" \n            loading=\"lazy\" width=\"301\" height=\"200\"\n            src=\"\/\/media.vacalia.com\/photo\/reformatwebpfolder\/350\/200\/4275\/thumb-middle\/4275_a1de9dd318a0b392df92b4d2ba8472ee.webp?v=21092023\"\n            alt=\"Villa katherine - Ferienhaus auf Sant Josep de sa Talaia\"\/>\n                                                                    <\/figure>\n    <p itemprop=\"address\"><i class=\"ico-marker\"><\/i>Sant Josep de sa Talaia, Ibiza<\/p>\n    <h3 itemprop=\"name\">Villa katherine<\/h3>\n    <ul class=\"icon_list inline_list\">\n                              <li class=\"ico-pool\" title=\"Pool\">\n              <span itemprop=\"amenityFeature\">Pool<\/span>\n            <\/li>\n                      <li class=\"ico-airConditioning\" title=\"Klimaanlage\">\n              <span itemprop=\"amenityFeature\">Klimaanlage<\/span>\n            <\/li>\n                      <li class=\"ico-wifi\" title=\"Wifi\">\n              <span itemprop=\"amenityFeature\">Wifi<\/span>\n            <\/li>\n                      <li class=\"ico-views\" title=\"Ausblick\">\n              <span itemprop=\"amenityFeature\">Ausblick<\/span>\n            <\/li>\n                          <li class=\"ico-guests\" title=\"F\u00fcr 12 G\u00e4ste in Sant Josep De Sa Talaia.\">\n          <span itemprop=\"occupancy\">12<\/span>\n        <\/li>\n    <\/ul>\n            <span class=\"price\">Ab 1965\u20ac \/ Nacht<\/span>\n                <a itemprop=\"url\" class=\"anchor\" href=\"https:\/\/www.vacalia.com\/de\/villa-villa-katherine-sant-josep-de-sa-talaia-h26666\" aria-label=\"Villa katherine\"><\/a>\n<\/div><\/div>\n<\/div>\n<\/div>\n","protected":false},"excerpt":{"rendered":"<p>Heute m\u00f6chten wir Sie auf eine kulinarische Reise durch die paradiesischen Balearischen Inseln mitnehmen. Diese Inseln sind die Heimat einiger der exquisitesten Restaurants in Spanien. Und wie k\u00f6nnte man kulinarische&hellip;<\/p>\n","protected":false},"author":1,"featured_media":4620,"comment_status":"closed","ping_status":"open","sticky":false,"template":"","format":"standard","meta":{"_monsterinsights_skip_tracking":false,"_monsterinsights_sitenote_active":false,"_monsterinsights_sitenote_note":"","_monsterinsights_sitenote_category":0,"footnotes":""},"categories":[1080,40,1104,1086],"tags":[],"class_list":["post-4627","post","type-post","status-publish","format-standard","has-post-thumbnail","hentry","category-andere-interessante-orte","category-allgemein","category-gastronomie-de","category-was-ist-zu-tun"],"_links":{"self":[{"href":"https:\/\/www.vacalia.com\/blog\/wp-json\/wp\/v2\/posts\/4627"}],"collection":[{"href":"https:\/\/www.vacalia.com\/blog\/wp-json\/wp\/v2\/posts"}],"about":[{"href":"https:\/\/www.vacalia.com\/blog\/wp-json\/wp\/v2\/types\/post"}],"author":[{"embeddable":true,"href":"https:\/\/www.vacalia.com\/blog\/wp-json\/wp\/v2\/users\/1"}],"replies":[{"embeddable":true,"href":"https:\/\/www.vacalia.com\/blog\/wp-json\/wp\/v2\/comments?post=4627"}],"version-history":[{"count":3,"href":"https:\/\/www.vacalia.com\/blog\/wp-json\/wp\/v2\/posts\/4627\/revisions"}],"predecessor-version":[{"id":6225,"href":"https:\/\/www.vacalia.com\/blog\/wp-json\/wp\/v2\/posts\/4627\/revisions\/6225"}],"wp:featuredmedia":[{"embeddable":true,"href":"https:\/\/www.vacalia.com\/blog\/wp-json\/wp\/v2\/media\/4620"}],"wp:attachment":[{"href":"https:\/\/www.vacalia.com\/blog\/wp-json\/wp\/v2\/media?parent=4627"}],"wp:term":[{"taxonomy":"category","embeddable":true,"href":"https:\/\/www.vacalia.com\/blog\/wp-json\/wp\/v2\/categories?post=4627"},{"taxonomy":"post_tag","embeddable":true,"href":"https:\/\/www.vacalia.com\/blog\/wp-json\/wp\/v2\/tags?post=4627"}],"curies":[{"name":"wp","href":"https:\/\/api.w.org\/{rel}","templated":true}]}}