{"id":4666,"date":"2023-10-24T09:23:21","date_gmt":"2023-10-24T07:23:21","guid":{"rendered":"https:\/\/www.vacalia.com\/blog\/?p=4666"},"modified":"2025-07-08T12:06:39","modified_gmt":"2025-07-08T10:06:39","slug":"viaje-a-ibiza-en-otono","status":"publish","type":"post","link":"https:\/\/www.vacalia.com\/blog\/es\/viaje-a-ibiza-en-otono\/","title":{"rendered":"Viaje a Ibiza en oto\u00f1o"},"content":{"rendered":"\n<p>\u00a1Bienvenidos a un emocionante viaje a <strong>Ibiza<\/strong> en <strong>oto\u00f1o<\/strong>! Si est\u00e1s buscando una escapada \u00fanica, llena de experiencias aut\u00e9nticas y paisajes impresionantes, has llegado al lugar adecuado. Ibiza, conocida por su vida nocturna vibrante durante el verano, se transforma en una isla tranquila y m\u00e1gica en la temporada de oto\u00f1o. \u00bfEst\u00e1s listo para descubrir por qu\u00e9 Ibiza en oto\u00f1o es una experiencia que no te puedes perder? \u00a1Vamos all\u00e1!<\/p>\n\n\n\n<h2 class=\"wp-block-heading has-large-font-size\"><strong>El clima perfecto<\/strong><\/h2>\n\n\n\n<p>La primera cosa que debes saber sobre Ibiza en oto\u00f1o es que el clima es simplemente perfecto. Ya no tienes que preocuparte por el calor abrasador del verano, ni por las multitudes en las playas. Las temperaturas son suaves, con d\u00edas c\u00e1lidos y noches frescas que son ideales para explorar la isla o simplemente relajarte junto al mar. As\u00ed que, prep\u00e1rate para disfrutar de un clima espectacular durante tu estancia en Ibiza en oto\u00f1o.<\/p>\n\n\n\n<h3 class=\"wp-block-heading\"><strong>Playas tranquilas<\/strong><\/h3>\n\n\n\n<p>\u00bfHas so\u00f1ado alguna vez con tener una playa para ti solo? En oto\u00f1o, este sue\u00f1o se hace realidad en Ibiza. Las playas que estaban llenas de turistas en verano ahora son oasis de tranquilidad. Puedes extender tu toalla en la arena dorada, escuchar las suaves olas y disfrutar del sol sin las aglomeraciones. Cala Conta, Cala d&#8217;Hort y Cala Salada son algunas de las playas que debes visitar en esta temporada.<\/p>\n\n\n\n<h3 class=\"wp-block-heading\"><strong>Atardeceres inolvidables<\/strong><\/h3>\n\n\n\n<p>Ibiza es famosa por sus atardeceres m\u00e1gicos, y en oto\u00f1o, son a\u00fan m\u00e1s impresionantes. La menor humedad en el aire crea un cielo claro y vibrante lleno de tonos c\u00e1lidos que se reflejan en el mar. Uno de los lugares m\u00e1s ic\u00f3nicos para disfrutar de un atardecer en Ibiza es Caf\u00e9 del Mar en San Antonio. Escuchar m\u00fasica chill-out mientras el sol se pone en el horizonte es una experiencia que te dejar\u00e1 sin palabras.<\/p>\n\n\n<div class=\"wp-block-image\">\n<figure class=\"aligncenter size-full\"><img fetchpriority=\"high\" decoding=\"async\" width=\"670\" height=\"300\" src=\"https:\/\/www.vacalia.com\/blog\/wp-content\/uploads\/2023\/10\/puesta-de-sol-cafe-del-mar-ibiza.jpg\" alt=\"Puesta de sol en Caf\u00e9 del Mar\" class=\"wp-image-4667\" srcset=\"https:\/\/www.vacalia.com\/blog\/wp-content\/uploads\/2023\/10\/puesta-de-sol-cafe-del-mar-ibiza.jpg 670w, https:\/\/www.vacalia.com\/blog\/wp-content\/uploads\/2023\/10\/puesta-de-sol-cafe-del-mar-ibiza-300x134.jpg 300w\" sizes=\"(max-width: 767px) 100vw, 670px\" \/><figcaption class=\"wp-element-caption\"><em>Puesta de sol en Caf\u00e9 del Mar<\/em><\/figcaption><\/figure><\/div>\n\n\n<h3 class=\"wp-block-heading\"><strong>Rutas de senderismo y naturaleza<\/strong><\/h3>\n\n\n\n<p>Ibiza en oto\u00f1o es un para\u00edso para los amantes de la naturaleza y el senderismo. La isla cuenta con una serie de rutas de senderismo que te llevar\u00e1n a trav\u00e9s de paisajes impresionantes, desde colinas verdes hasta acantilados escarpados. El Parque Natural de Ses Salines es un lugar perfecto para explorar la biodiversidad \u00fanica de la isla. Tambi\u00e9n puedes visitar la reserva natural de Es Vedr\u00e0 y Es Vedranell, hogar de una gran variedad de aves y flora aut\u00f3ctona.<\/p>\n\n\n<div class=\"wp-block-image\">\n<figure class=\"aligncenter size-full\"><img decoding=\"async\" width=\"670\" height=\"300\" src=\"https:\/\/www.vacalia.com\/blog\/wp-content\/uploads\/2023\/10\/islote-de-Es-Vedra.jpg\" alt=\"Es Vedr\u00e0\" class=\"wp-image-4668\" srcset=\"https:\/\/www.vacalia.com\/blog\/wp-content\/uploads\/2023\/10\/islote-de-Es-Vedra.jpg 670w, https:\/\/www.vacalia.com\/blog\/wp-content\/uploads\/2023\/10\/islote-de-Es-Vedra-300x134.jpg 300w\" sizes=\"(max-width: 767px) 100vw, 670px\" \/><figcaption class=\"wp-element-caption\"><em>Es Vedr\u00e0<\/em><\/figcaption><\/figure><\/div>\n\n\n<h3 class=\"wp-block-heading\"><strong>Gastronom\u00eda deliciosa<\/strong><\/h3>\n\n\n\n<p>La gastronom\u00eda en Ibiza en oto\u00f1o es simplemente deliciosa. Los restaurantes locales ofrecen una amplia variedad de platos tradicionales, desde la paella hasta el \u201cbullit de peix\u201d (un guiso de pescado local). Adem\u00e1s, es la temporada de la aceituna, por lo que puedes probar aceite de oliva virgen extra fresco y aut\u00e9ntico. Desde el a\u00f1o 2019 se cosecha aceite de oliva bajo la Indicaci\u00f3n Geogr\u00e1fica Protegida aceite de Ibiza.<\/p>\n\n\n\n<p>Acompa\u00f1a tu comida con este gran aceite y un vino local y estar\u00e1s en el para\u00edso gastron\u00f3mico.<\/p>\n\n\n\n<h3 class=\"wp-block-heading\"><strong><a href=\"https:\/\/www.vacalia.com\/blog\/es\/mercadillos-hippies-en-ibiza\/\" target=\"_blank\" rel=\"noreferrer noopener\">Mercados hippies y artesanales<\/a><\/strong><\/h3>\n\n\n\n<p>Ibiza es conocida por su cultura hippie y en oto\u00f1o puedes experimentarla en su m\u00e1xima expresi\u00f3n. Puedes encontrar mercados hippies y artesanales en toda la isla. Venden art\u00edculos de todo tipo como joyer\u00eda artesanal, ropa bohemia, arte local y productos org\u00e1nicos. El mercado de Las Dalias es uno de los m\u00e1s famosos y una visita obligada para los amantes de las compras. Un buen plan para el fin de semana.<\/p>\n\n\n\n<h3 class=\"wp-block-heading\"><strong>Vida nocturna local<\/strong><\/h3>\n\n\n\n<p>Si bien la vida nocturna en Ibiza es legendaria en verano, en oto\u00f1o toma un ritmo m\u00e1s relajado. Los clubes m\u00e1s famosos pueden estar cerrados, pero eso no significa que la diversi\u00f3n haya terminado. Underground Club Ibiza es una de las discotecas abiertas todo el a\u00f1o y aunque es poco conocida entre los turistas, es una verdadera joya para los residentes locales. Ofrece un ambiente aut\u00e9nticamente local, con m\u00fasica de calidad a la altura de las discotecas m\u00e1s conocidas de la isla. Si buscas fiesta, no te preocupes porque muchos bares y restaurantes siguen ofreciendo m\u00fasica en vivo y eventos especiales.&nbsp;<\/p>\n\n\n\n<h3 class=\"wp-block-heading\"><strong>La Feria del Calamar<\/strong><\/h3>\n\n\n\n<p>La Feria del Calamar en Ibiza es una feria gastron\u00f3mica que se celebra a finales de octubre con el calamar como protagonista. Durante esta festividad, los diversos puestos de comida locales compiten por ofrecer platos creativos que van desde los cl\u00e1sicos hasta creaciones innovadoras que incorporan el calamar en diversas preparaciones internacionales. Los visitantes disfrutan de estas delicias en un ambiente festivo en los paseos mar\u00edtimos o en plazas encantadoras con vistas al Mediterr\u00e1neo.<\/p>\n\n\n\n<p>El festival tambi\u00e9n incluye una variedad de eventos y actividades para todas las edades, como concursos de cocina, m\u00fasica en vivo y entretenimiento callejero. Adem\u00e1s, la Feria del Calamar es una oportunidad para sumergirse en la cultura de Ibiza y experimentar la hospitalidad de sus habitantes.&nbsp;<\/p>\n\n\n<div class=\"wp-block-image\">\n<figure class=\"aligncenter size-full\"><img decoding=\"async\" width=\"670\" height=\"300\" src=\"https:\/\/www.vacalia.com\/blog\/wp-content\/uploads\/2023\/10\/feria-del-calamar-ibiza.jpg\" alt=\"La Feria del Calamar\" class=\"wp-image-4669\" srcset=\"https:\/\/www.vacalia.com\/blog\/wp-content\/uploads\/2023\/10\/feria-del-calamar-ibiza.jpg 670w, https:\/\/www.vacalia.com\/blog\/wp-content\/uploads\/2023\/10\/feria-del-calamar-ibiza-300x134.jpg 300w\" sizes=\"(max-width: 767px) 100vw, 670px\" \/><figcaption class=\"wp-element-caption\"><em>La Feria del Calamar<\/em><\/figcaption><\/figure><\/div>\n\n\n<h3 class=\"wp-block-heading\"><strong>Relajaci\u00f3n y bienestar<\/strong><\/h3>\n\n\n\n<p>Si buscas relajaci\u00f3n y bienestar, Ibiza en oto\u00f1o es el lugar perfecto. Puedes encontrar muchos centros que ofrecen tratamientos rejuvenecedores y terapias relajantes. Tambi\u00e9n puedes practicar yoga en la playa o en hermosos entornos naturales. Es el momento ideal para recargar energ\u00edas y cuidar tu cuerpo y mente.<\/p>\n\n\n<div class=\"wp-block-image\">\n<figure class=\"aligncenter size-full\"><img loading=\"lazy\" decoding=\"async\" width=\"670\" height=\"300\" src=\"https:\/\/www.vacalia.com\/blog\/wp-content\/uploads\/2023\/10\/practicar-yoga-en-ibiza.jpg\" alt=\"Practica yoga en Ibiza\" class=\"wp-image-4670\" srcset=\"https:\/\/www.vacalia.com\/blog\/wp-content\/uploads\/2023\/10\/practicar-yoga-en-ibiza.jpg 670w, https:\/\/www.vacalia.com\/blog\/wp-content\/uploads\/2023\/10\/practicar-yoga-en-ibiza-300x134.jpg 300w\" sizes=\"(max-width: 767px) 100vw, 670px\" \/><figcaption class=\"wp-element-caption\"><em>Practica yoga en Ibiza<\/em><\/figcaption><\/figure><\/div>\n\n\n<h3 class=\"wp-block-heading\"><strong>Conexi\u00f3n con la cultura local<\/strong><\/h3>\n\n\n\n<p>Una de las mejores cosas de visitar Ibiza en oto\u00f1o es la oportunidad de conectarte con la cultura local. Los lugare\u00f1os est\u00e1n m\u00e1s relajados y dispuestos a compartir sus tradiciones y costumbres contigo. Puedes participar en fiestas locales o simplemente charlar con la gente del lugar y descubrir la verdadera Ibiza.<\/p>\n\n\n\n<p>En resumen, Ibiza en oto\u00f1o es una joya escondida que merece ser descubierta. Desde playas tranquilas hasta atardeceres m\u00e1gicos, pasando por una deliciosa gastronom\u00eda y experiencias culturales aut\u00e9nticas, esta isla tiene mucho que ofrecer en esta temporada. As\u00ed que, \u00bfa qu\u00e9 est\u00e1s esperando? <a href=\"https:\/\/www.vacalia.com\/es\/alquiler-vacacional-ibiza\" target=\"_blank\" rel=\"noreferrer noopener\"><strong>\u00a1Prepara tus maletas y ven a vivir la magia de Ibiza en oto\u00f1o!<\/strong><\/a><\/p>\n\n\n<div class=\"bannerBlog\"><div class=\"new-card-houses\">\n    <div class=\"likeOut likeDivOut\" style=\"display:none\">\n        <a data-id=\"3702\" class=\"likeOut_button_red likeBtnFav\"\n            aria-label=\"Megusta Vacalia\"><\/a>\n    <\/div>\n    <figure>\n        <img loading=\"lazy\" decoding=\"async\" \n            loading=\"lazy\" width=\"301\" height=\"200\"\n            src=\"\/\/media.vacalia.com\/photo\/reformatwebpfolder\/350\/200\/3702\/thumb-middle\/3702_cffa553ddb69a76ed75a2ef671d05de4.webp?v=21092023\"\n            alt=\"Cas consul - Alquiler vacacional en Sant Miquel de Balansat\"\/>\n                                                                    <\/figure>\n    <p itemprop=\"address\"><i class=\"ico-marker\"><\/i>Sant Miquel de Balansat, Ibiza<\/p>\n    <h3 itemprop=\"name\">Cas consul<\/h3>\n    <ul class=\"icon_list inline_list\">\n                              <li class=\"ico-pool\" title=\"Piscina\">\n              <span itemprop=\"amenityFeature\">Piscina<\/span>\n            <\/li>\n                      <li class=\"ico-wifi\" title=\"Wifi\">\n              <span itemprop=\"amenityFeature\">Wifi<\/span>\n            <\/li>\n                          <li class=\"ico-guests\" title=\"Para 8 hu\u00e9spedes en Sant Miquel De Balansat.\">\n          <span itemprop=\"occupancy\">8<\/span>\n        <\/li>\n    <\/ul>\n            <span class=\"price\">Desde 378\u20ac \/ noche<\/span>\n                <a itemprop=\"url\" class=\"anchor\" href=\"https:\/\/www.vacalia.com\/es\/villa-cas-consul-sant-joan-de-labritja-h24807\" aria-label=\"Cas consul\"><\/a>\n<\/div><div class=\"new-card-houses\">\n    <div class=\"likeOut likeDivOut\" style=\"display:none\">\n        <a data-id=\"4149\" class=\"likeOut_button_red likeBtnFav\"\n            aria-label=\"Megusta Vacalia\"><\/a>\n    <\/div>\n    <figure>\n        <img loading=\"lazy\" decoding=\"async\" \n            loading=\"lazy\" width=\"301\" height=\"200\"\n            src=\"\/\/media.vacalia.com\/photo\/reformatwebpfolder\/350\/200\/4149\/thumb-middle\/4149_eeb179c71932cef5b05a9fb21240b4ea.webp?v=21092023\"\n            alt=\"Can melanie - Alquiler vacacional en Sant Agust\u00ed des Vedr\u00e0\"\/>\n                                                                    <\/figure>\n    <p itemprop=\"address\"><i class=\"ico-marker\"><\/i>Sant Agust\u00ed des Vedr\u00e0, Ibiza<\/p>\n    <h3 itemprop=\"name\">Can melanie<\/h3>\n    <ul class=\"icon_list inline_list\">\n                              <li class=\"ico-pool\" title=\"Piscina\">\n              <span itemprop=\"amenityFeature\">Piscina<\/span>\n            <\/li>\n                      <li class=\"ico-airConditioning\" title=\"Aire Acondicionado\">\n              <span itemprop=\"amenityFeature\">Aire Acondicionado<\/span>\n            <\/li>\n                      <li class=\"ico-wifi\" title=\"Wifi\">\n              <span itemprop=\"amenityFeature\">Wifi<\/span>\n            <\/li>\n                      <li class=\"ico-views\" title=\"Vistas\">\n              <span itemprop=\"amenityFeature\">Vistas<\/span>\n            <\/li>\n                          <li class=\"ico-guests\" title=\"Para 12 hu\u00e9spedes en Sant Agust\u00ed Des Vedr\u00e0.\">\n          <span itemprop=\"occupancy\">12<\/span>\n        <\/li>\n    <\/ul>\n            <span class=\"price\">Desde 1221\u20ac \/ noche<\/span>\n                <a itemprop=\"url\" class=\"anchor\" href=\"https:\/\/www.vacalia.com\/es\/villa-can-melanie-sant-josep-de-sa-talaia-h26315\" aria-label=\"Can melanie\"><\/a>\n<\/div><\/div>\n","protected":false},"excerpt":{"rendered":"<p>\u00a1Bienvenidos a un emocionante viaje a Ibiza en oto\u00f1o! Si est\u00e1s buscando una escapada \u00fanica, llena de experiencias aut\u00e9nticas y paisajes impresionantes, has llegado al lugar adecuado. Ibiza, conocida por&hellip;<\/p>\n","protected":false},"author":1,"featured_media":4667,"comment_status":"closed","ping_status":"open","sticky":false,"template":"","format":"standard","meta":{"_monsterinsights_skip_tracking":false,"_monsterinsights_sitenote_active":false,"_monsterinsights_sitenote_note":"","_monsterinsights_sitenote_category":0,"footnotes":""},"categories":[897,951,1,927],"tags":[],"class_list":["post-4666","post","type-post","status-publish","format-standard","has-post-thumbnail","hentry","category-ibiza-es","category-que-hacer-en-ibiza","category-general-es","category-guias-de-ibiza"],"_links":{"self":[{"href":"https:\/\/www.vacalia.com\/blog\/wp-json\/wp\/v2\/posts\/4666"}],"collection":[{"href":"https:\/\/www.vacalia.com\/blog\/wp-json\/wp\/v2\/posts"}],"about":[{"href":"https:\/\/www.vacalia.com\/blog\/wp-json\/wp\/v2\/types\/post"}],"author":[{"embeddable":true,"href":"https:\/\/www.vacalia.com\/blog\/wp-json\/wp\/v2\/users\/1"}],"replies":[{"embeddable":true,"href":"https:\/\/www.vacalia.com\/blog\/wp-json\/wp\/v2\/comments?post=4666"}],"version-history":[{"count":4,"href":"https:\/\/www.vacalia.com\/blog\/wp-json\/wp\/v2\/posts\/4666\/revisions"}],"predecessor-version":[{"id":7667,"href":"https:\/\/www.vacalia.com\/blog\/wp-json\/wp\/v2\/posts\/4666\/revisions\/7667"}],"wp:featuredmedia":[{"embeddable":true,"href":"https:\/\/www.vacalia.com\/blog\/wp-json\/wp\/v2\/media\/4667"}],"wp:attachment":[{"href":"https:\/\/www.vacalia.com\/blog\/wp-json\/wp\/v2\/media?parent=4666"}],"wp:term":[{"taxonomy":"category","embeddable":true,"href":"https:\/\/www.vacalia.com\/blog\/wp-json\/wp\/v2\/categories?post=4666"},{"taxonomy":"post_tag","embeddable":true,"href":"https:\/\/www.vacalia.com\/blog\/wp-json\/wp\/v2\/tags?post=4666"}],"curies":[{"name":"wp","href":"https:\/\/api.w.org\/{rel}","templated":true}]}}