{"id":467,"date":"2017-08-18T13:49:22","date_gmt":"2017-08-18T13:49:22","guid":{"rendered":"https:\/\/www.vacalia.com\/blog\/?p=467"},"modified":"2024-02-14T12:13:33","modified_gmt":"2024-02-14T11:13:33","slug":"traditionelle-feste-auf-mallorca","status":"publish","type":"post","link":"https:\/\/www.vacalia.com\/blog\/traditionelle-feste-auf-mallorca\/","title":{"rendered":"Traditionelle Feste auf Mallorca"},"content":{"rendered":"<p><span style=\"font-weight: 400;\">Mallorca ist die Mischung aller Adjektive, die das Paradies beschreiben k\u00f6nnten. Die abgelegenen Buchten, die Partys und Feste von Mallorca, die ewigen Sonnentage &#8230; Wir k\u00f6nnten eine endlose Liste erstellen, aber wir konzentrieren uns lieber auf die Freizeitveranstaltungen. Im folgenden stellen wir unsere Liste der besten Feste auf Mallorca f\u00fcr diesen Sommer vor.<\/span><\/p>\n<p><img fetchpriority=\"high\" decoding=\"async\" class=\"aligncenter size-full wp-image-1880\" src=\"https:\/\/www.vacalia.com\/blog\/wp-content\/uploads\/2017\/08\/Vacalia-Blog-2.png\" alt=\"Feste auf Mallorca\" width=\"800\" height=\"450\" srcset=\"https:\/\/www.vacalia.com\/blog\/wp-content\/uploads\/2017\/08\/Vacalia-Blog-2.png 800w, https:\/\/www.vacalia.com\/blog\/wp-content\/uploads\/2017\/08\/Vacalia-Blog-2-300x169.png 300w, https:\/\/www.vacalia.com\/blog\/wp-content\/uploads\/2017\/08\/Vacalia-Blog-2-768x432.png 768w\" sizes=\"(max-width: 800px) 100vw, 800px\" \/><\/p>\n<h2 class=\"post-item__subtitle\" style=\"text-align: justify;\"><b>Es Fir\u00f3 de S\u00f3ller |\u00a0Feste auf Mallorca<\/b><\/h2>\n<p style=\"text-align: justify;\"><span style=\"font-weight: 400;\">Das Fest \u201cFir\u00f3\u00a0de\u00a0<\/span><a href=\"https:\/\/espanafascinante.com\/lugares\/que-ver-en-soller-historia-de-soller-turismo-en-soller\/\" target=\"_blank\" rel=\"noopener\"><span style=\"font-weight: 400;\">S\u00f3ller\u201d<\/span><\/a><span style=\"font-weight: 400;\">hat schon eine sehr lange Tradition und wird seit \u00fcber 150 Jahren gefeiert. Dabei wird dem Sieg der Mallorquiner \u00fcber die t\u00fcrkischen Piraten gedacht.<\/span><\/p>\n<figure style=\"width: 720px\" class=\"wp-caption alignnone\"><img decoding=\"async\" class=\"size-full wp-image-468\" src=\"https:\/\/www.vacalia.com\/blog\/wp-content\/uploads\/2017\/08\/Soller1.jpg\" alt=\"Traditionelle Feste auf Mallorca\" width=\"720\" height=\"480\" srcset=\"https:\/\/www.vacalia.com\/blog\/wp-content\/uploads\/2017\/08\/Soller1.jpg 720w, https:\/\/www.vacalia.com\/blog\/wp-content\/uploads\/2017\/08\/Soller1-300x200.jpg 300w\" sizes=\"(max-width: 767px) 100vw, 720px\" \/><figcaption class=\"wp-caption-text\">Pic: Soller1.com<\/figcaption><\/figure>\n<p style=\"text-align: justify;\"><span style=\"font-weight: 400;\">Die Geschichte erz\u00e4hlt, dass der Vizek\u00f6nig Mallorcas, Guillem de Rocafull, Anfang Mai 1561 zwei Fregatten an die algerische K\u00fcste aussandte. Dazu muss erw\u00e4hnt werden, dass der Norden Afrikas zu dieser Zeit ein richtiges Piratennest war. Von dort aus planten die Seer\u00e4uber in aller Ruhe zahlreiche \u00dcberf\u00e4lle auf verschiedene Regionen im Mittelmeer. Wieder zur\u00fcck zu Guillem de Rocafull: seine M\u00e4nner brachten es fertig, 8 Freibeuter gefangen zu nehmen, die dann &#8211; vielleicht nicht ganz freiwillig &#8211; berichteten, dass gerade ein \u00dcberfall auf die Balearen K\u00fcste vorbereitet wurde. Am 11. Mai, dem Tag des Heiligen Sant Pon\u00e7 (Patron der Imker und Kr\u00e4utermischer), landeten zwischen 1700 und 1800 t\u00fcrkische und algerische Piraten in Ses Puntes. Der listige Plan war, die Einwohner im Schlaf zu \u00fcberraschen &#8211; jedoch rechneten Sie nicht mit dem Vizek\u00f6nig, der nat\u00fcrlich schon von dem \u00dcberfall wusste und entsprechende Vorbereitungen in die Wege geleitet hatte. Das Ganze endete mit einem klaren Sieg f\u00fcr die Menschen aus S\u00f3ller, die laut Aufzeichnungen an diesem Tag nur 6 M\u00e4nner verloren, w\u00e4hrend 211 Piraten ihr Leben lassen mussten. <\/span><\/p>\n<p style=\"text-align: justify;\"><span style=\"font-weight: 400;\">Heute wird diese historische Schlacht nachgestellt und die Protagonisten werden schon viele Monate im Voraus von einem eigens daf\u00fcr gegr\u00fcndeten Komitee gew\u00e4hlt. Zu diesem Komitee geh\u00f6ren Organisationen, die auf der Insel Payesas, Payeses und Colectivo de\u00a0Sant Pon\u00e7\u00a0y Moros genannt werden.<\/span><\/p>\n<figure id=\"attachment_470\" aria-describedby=\"caption-attachment-470\" style=\"width: 1200px\" class=\"wp-caption alignnone\"><img decoding=\"async\" class=\"wp-image-470 size-full\" src=\"https:\/\/www.vacalia.com\/blog\/wp-content\/uploads\/2017\/08\/marc-schilling.jpg\" alt=\"Mallorca traditionelle Festen\" width=\"1200\" height=\"800\" srcset=\"https:\/\/www.vacalia.com\/blog\/wp-content\/uploads\/2017\/08\/marc-schilling.jpg 1200w, https:\/\/www.vacalia.com\/blog\/wp-content\/uploads\/2017\/08\/marc-schilling-300x200.jpg 300w, https:\/\/www.vacalia.com\/blog\/wp-content\/uploads\/2017\/08\/marc-schilling-768x512.jpg 768w, https:\/\/www.vacalia.com\/blog\/wp-content\/uploads\/2017\/08\/marc-schilling-1024x683.jpg 1024w, https:\/\/www.vacalia.com\/blog\/wp-content\/uploads\/2017\/08\/marc-schilling-1050x700.jpg 1050w\" sizes=\"(max-width: 1200px) 100vw, 1200px\" \/><figcaption id=\"caption-attachment-470\" class=\"wp-caption-text\">Pic by: Marc Schilling<\/figcaption><\/figure>\n<p style=\"text-align: justify;\"><span style=\"font-weight: 400;\">Das Fest, das am 11. Mai stattfindet wird neben den Hauptorganisatoren auch von der Gemeinde S\u00f3ller mitgestaltet. Die Festlichkeiten beginnen schon am Donnerstag davor mit der Einsetzung der mutigen Frauen (Investidura de las\u00a0Valentes Dones) und einem \u00f6ffentlichen Ausruf um 20:00h in der Pfarrkirche Sant Bartomeu. <\/span><\/p>\n<p style=\"text-align: justify;\"><span style=\"font-weight: 400;\">Am Samstag um 17:00h wird dann auf dem Platz \u201cplaza de la Constituci\u00f3n\u201d ein weiterer wichtiger Akt begangen: so wird die heilige Gottesmutter Victoria aus der Pfarrkirche Sant Bartomeu nach drau\u00dfen getragen, um ihr dann in der Vorhalle der Kirche Blumen als Opfergabe darzubringen. \u00a0Auch wichtig ist die Anbringung der Fahne des Vereins \u201cPayeses\u00a0Sant Pon\u00e7\u00a01561\u201d. <\/span><\/p>\n<p style=\"text-align: justify;\"><span style=\"font-weight: 400;\">Am Sonntag um 23:00h wird dann auf dem Platz \u201cplaza del Mercado\u201d die Nachtwache abgehalten, wo Rum und Zigarren in Andenken an die R\u00e4uber verbrannt werden. <\/span><\/p>\n<h2 class=\"post-item__subtitle\" style=\"text-align: justify;\"><b>Weinfest Sa Vermada Binissalem |\u00a0<\/b><b>Feste auf Mallorca<\/b><\/h2>\n<p style=\"text-align: justify;\"><span style=\"font-weight: 400;\">Wenn der Name Binissalem f\u00e4llt, denkt man sofort an Weinberge und edle Tropfen. Binissalem ist gleichzeitig auch eine Ursprungsbezeichnung (\u201cDenominaci\u00f3n de Origen\u201d), die insgesamt f\u00fcnf Winzergemeinden umfasst. <\/span><\/p>\n<p style=\"text-align: justify;\"><span style=\"font-weight: 400;\">Bei Sa Vermada wird der Wein gefeiert und w\u00e4hrend der Festlichkeiten kann einen Blick in den Ablauf der Weinlese werfen, an verschiedenen Wettbewerben teilnehmen oder Umz\u00fcge u.v.m. sehen. Hier kann man einen Blick auf das komplette Programm werfen.<\/span><\/p>\n<figure id=\"attachment_482\" aria-describedby=\"caption-attachment-482\" style=\"width: 1024px\" class=\"wp-caption alignnone\"><img loading=\"lazy\" decoding=\"async\" class=\"size-large wp-image-482\" src=\"https:\/\/www.vacalia.com\/blog\/wp-content\/uploads\/2017\/08\/Ultima-HORA2-1024x681.jpg\" alt=\"Mallorca traditionelle Feste\" width=\"1024\" height=\"681\" srcset=\"https:\/\/www.vacalia.com\/blog\/wp-content\/uploads\/2017\/08\/Ultima-HORA2.jpg 1024w, https:\/\/www.vacalia.com\/blog\/wp-content\/uploads\/2017\/08\/Ultima-HORA2-300x200.jpg 300w, https:\/\/www.vacalia.com\/blog\/wp-content\/uploads\/2017\/08\/Ultima-HORA2-768x511.jpg 768w\" sizes=\"(max-width: 1024px) 100vw, 1024px\" \/><figcaption id=\"caption-attachment-482\" class=\"wp-caption-text\">Pic by: \u00daltima Hora<\/figcaption><\/figure>\n<p style=\"text-align: justify;\"><span style=\"font-weight: 400;\">Das Festprogramm ist sehr umfangreich; schlie\u00dflich wird ganze zwei Wochen lang gefeiert. Damit es nicht langweilig wird, geh\u00f6ren zur Sa Vermada auch Ausstellungen, Konzerte, Theaterauff\u00fchrungen und \u00a0Buchpr\u00e4sentationen &#8211; alles im Zeichen der Weinlese!<\/span><\/p>\n<p style=\"text-align: justify;\"><span style=\"font-weight: 400;\">Ein ganz besonderes Ereignis ist das Essen unter freiem Himmel. Dabei werden auf dem Hauptplatz viele Tische in langen Reihen aufgestellt, wo sich alle Nachbarn und Besucher treffen und gemeinsam das traditionelle Gericht \u201cFideus de Verma\u201d verspeisen. Es handelt sich um ein sehr altes Rezept, bei dem Suppennudeln zusammen mit Schaffleisch zu einem herzhaften Eintopf verarbeitet werden. Das l\u00e4sst sich niemand entgehen!<\/span><\/p>\n<figure id=\"attachment_480\" aria-describedby=\"caption-attachment-480\" style=\"width: 660px\" class=\"wp-caption alignnone\"><img loading=\"lazy\" decoding=\"async\" class=\"size-full wp-image-480\" src=\"https:\/\/www.vacalia.com\/blog\/wp-content\/uploads\/2017\/08\/elmundo.jpg\" alt=\"Mallorca traditionelle Feste\" width=\"660\" height=\"371\" srcset=\"https:\/\/www.vacalia.com\/blog\/wp-content\/uploads\/2017\/08\/elmundo.jpg 660w, https:\/\/www.vacalia.com\/blog\/wp-content\/uploads\/2017\/08\/elmundo-300x169.jpg 300w\" sizes=\"(max-width: 767px) 100vw, 660px\" \/><figcaption id=\"caption-attachment-480\" class=\"wp-caption-text\">Pic by: El Mundo<\/figcaption><\/figure>\n<p style=\"text-align: justify;\"><span style=\"font-weight: 400;\">Weitere popul\u00e4re Festakte sind die Ehrerweisung an den Gott Dioniso (Dionysos) und der Wettbewerb der Kelterer, bei dem die Teilnehmer mit blossen F\u00fcssen den Saft aus den Trauben pressen, die sich in gro\u00dfen Bottichen befinden. Dabei gibt es sogar einen Dresscode und so ist die traditionelle Tracht Pflicht. Die Person, die das Treten der Trauben vornimmt wird auf der Insel \u00fcbrigens \u201ctrepitjador\u201d genannt.<\/span><\/p>\n<h2 class=\"post-item__subtitle\" style=\"text-align: justify;\"><b>Patronin von Pollen\u00e7a\u00a0<\/b>|\u00a0<b>Feste auf Mallorca<\/b><\/h2>\n<p style=\"text-align: justify;\"><span style=\"font-weight: 400;\">Bei den Festlichkeiten rund um die Patronin von Pollen\u00e7a handelt es sich um ein sehr altes, b\u00fcrgerlich-religi\u00f6ses Fest, welches mit Kanonensch\u00fcssen, Raketen und Glockengel\u00e4ut begonnen wird. Die Festlichkeiten dauern bis zum 2. August, Tag der Heiligen Gottesmutter der Engel (Mare de D\u00e9u dels \u00c0ngels) und umfassen ein vielf\u00e4ltiges Festprogramm, wo f\u00fcr alle etwas dabei ist, darunter Spiele, Ausstellungen und Konzerte. <\/span><\/p>\n<p style=\"text-align: justify;\"><span style=\"font-weight: 400;\">Das wichtigste Ereignis jedoch ist die Nachstellung der Schlacht zwischen Mauren und Christen (Simulacro de Moros y Cristianos), die am 2. August stattfindet. Am 30. Mai 1550 fielen 1500 Mauren unter der F\u00fchrung des Korsaren Dragut in Pollen\u00e7a ein. Solch einen \u00dcberfall hatte die Stadt bis dahin noch nie erlebt!<\/span><\/p>\n<figure id=\"attachment_474\" aria-describedby=\"caption-attachment-474\" style=\"width: 700px\" class=\"wp-caption alignnone\"><img loading=\"lazy\" decoding=\"async\" class=\"size-full wp-image-474\" src=\"https:\/\/www.vacalia.com\/blog\/wp-content\/uploads\/2017\/08\/Enjoy-Pollensa.jpg\" alt=\"Mallorca traditionelle Feste\" width=\"700\" height=\"466\" srcset=\"https:\/\/www.vacalia.com\/blog\/wp-content\/uploads\/2017\/08\/Enjoy-Pollensa.jpg 700w, https:\/\/www.vacalia.com\/blog\/wp-content\/uploads\/2017\/08\/Enjoy-Pollensa-300x200.jpg 300w\" sizes=\"(max-width: 767px) 100vw, 700px\" \/><figcaption id=\"caption-attachment-474\" class=\"wp-caption-text\">Pic by: Enjoy Pollensa<\/figcaption><\/figure>\n<p style=\"text-align: justify;\"><span style=\"font-weight: 400;\">Dennoch ging die Schlacht positiv f\u00fcr die Mallorquiner aus. Das ist vor allem Joan Mas zu verdanken, der zuf\u00e4llig auf der Hauptstrasse war, die nahende Gefahr sah und Alarm schlug. Er zeichnete sich des weiteren durch seinen heldenhaften Mut w\u00e4hrend des Kampfes gegen die Widersacher aus. <\/span><\/p>\n<p style=\"text-align: justify;\"><span style=\"font-weight: 400;\">Im 19. Jahrhundert wurde die Darstellung dieser Schlacht dann ins Festprogramm von Pollen\u00e7a aufgenommen. Bis heute ist dieser Akt einer der wichtigsten und es nimmt praktisch die ganze Stadt daran teil. Dabei kleiden sich die Darsteller der Christen ganz in weiss, w\u00e4hrend sich \u00a0die Anh\u00e4nger Draguts in bunte Farben kleiden. Dieses wichtige Ereignis wird immer am 2. August um 05:00h morgens angek\u00fcndigt. Am Vorabend findet das Stadtfest Pollen\u00e7as statt und es wird nat\u00fcrlich bis in die Morgenstunden gefeiert. \u00a0Um 05:00h spielt die Band dann den Weckruf, der hier \u201cAlborada\u201d genannt wird. Dieser besondere Moment wird von allen Einwohnern mit Ungeduld erwartet.<\/span><\/p>\n<figure id=\"attachment_477\" aria-describedby=\"caption-attachment-477\" style=\"width: 1024px\" class=\"wp-caption alignnone\"><img loading=\"lazy\" decoding=\"async\" class=\"size-large wp-image-477\" src=\"https:\/\/www.vacalia.com\/blog\/wp-content\/uploads\/2017\/08\/ultima-hora-1024x683.jpg\" alt=\"Mallorca traditionelle Feste\" width=\"1024\" height=\"683\" srcset=\"https:\/\/www.vacalia.com\/blog\/wp-content\/uploads\/2017\/08\/ultima-hora.jpg 1024w, https:\/\/www.vacalia.com\/blog\/wp-content\/uploads\/2017\/08\/ultima-hora-300x200.jpg 300w, https:\/\/www.vacalia.com\/blog\/wp-content\/uploads\/2017\/08\/ultima-hora-768x512.jpg 768w\" sizes=\"(max-width: 1024px) 100vw, 1024px\" \/><figcaption id=\"caption-attachment-477\" class=\"wp-caption-text\">Pic by: Ultima Hora<\/figcaption><\/figure>\n<p style=\"text-align: justify;\"><span style=\"font-weight: 400;\">Am selben Tag, dem 2. August um 11:00h, wird dann traditionell eine Messe abgehalten. Danach kann man dem typischen Tanz \u201cCossiers\u201d beiwohnen. Abends dann findet eine Prozession mit dem Abbild der Patronin Pollen\u00e7as statt und um 19:00h schlie\u00dflich beginnt die Darstellung der Schlacht \u00a0zwischen Mauren und Christen. Um ca. 21:30h ist dann Schluss und die Christen singen die traditionellen Siegeslieder \u201cTed\u00e8um de Moss\u00e8n Miquel Tortel\u201d und \u201cC\u00e0ntic dels Goigs de Costa i Llobera\u201d. \u00a0Zum Abschluss gibt es noch ein riesiges Feuerwerk. <\/span><\/p>\n<h2 class=\"post-item__subtitle\" style=\"text-align: justify;\"><b>Mittelalterlicher Markt in Capdepera |\u00a0<\/b><b>Feste auf Mallorca<\/b><\/h2>\n<p style=\"text-align: justify;\"><span style=\"font-weight: 400;\">Immer am dritten Wochenende im Mai wird in Capdepera die Zeit bis zum dunklen Mittelalter zur\u00fcckgedreht und die Burg sowie die Gassen der Stadt f\u00fcllen sich mit buntem Markttreiben. Der Markt wird \u00fcbrigens im Gedenken an die Gr\u00fcndung Capdeperas durch den K\u00f6nig Jaume II im Jahr 1300 abgehalten.<\/span><\/p>\n<figure id=\"attachment_483\" aria-describedby=\"caption-attachment-483\" style=\"width: 800px\" class=\"wp-caption alignnone\"><img loading=\"lazy\" decoding=\"async\" class=\"size-full wp-image-483\" src=\"https:\/\/www.vacalia.com\/blog\/wp-content\/uploads\/2017\/08\/book-style.jpg\" alt=\"Mallorca traditionelle Feste\" width=\"800\" height=\"533\" srcset=\"https:\/\/www.vacalia.com\/blog\/wp-content\/uploads\/2017\/08\/book-style.jpg 800w, https:\/\/www.vacalia.com\/blog\/wp-content\/uploads\/2017\/08\/book-style-300x200.jpg 300w, https:\/\/www.vacalia.com\/blog\/wp-content\/uploads\/2017\/08\/book-style-768x512.jpg 768w\" sizes=\"(max-width: 800px) 100vw, 800px\" \/><figcaption id=\"caption-attachment-483\" class=\"wp-caption-text\">Pic by: Book Style<\/figcaption><\/figure>\n<p style=\"text-align: justify;\"><span style=\"font-weight: 400;\">Der ganze Ort wird mit Lichtern und Farben geschm\u00fcckt, mittelalterliche Musik und verschiedene Ger\u00fcche str\u00f6men durch die engen Gassen. Handwerker wie Schmiede, Schreiner, Schuster, Keramiker, Silberschmiede, Schneider, Kr\u00e4uterh\u00e4ndler und Bildhauer bieten ihre \u00a0hochwertigen Waren feil, w\u00e4hrend Zauberer und Gaukler f\u00fcr gute Stimmung sorgen.<\/span><\/p>\n<h2 class=\"post-item__subtitle\" style=\"text-align: justify;\"><b>MuchFest in Sineu |\u00a0<\/b><b>Feste auf Mallorca<\/b><\/h2>\n<p style=\"text-align: justify;\"><i><span style=\"font-weight: 400;\">Lo<\/span><\/i> <i><span style=\"font-weight: 400;\">Much de Reig<\/span><\/i><span style=\"font-weight: 400;\">: die Geschichte eines etwas anderen Teufels.<\/span><\/p>\n<p style=\"text-align: justify;\"><i><span style=\"font-weight: 400;\">Der Much<\/span><\/i><span style=\"font-weight: 400;\"> stellt einen einzigartigen D\u00e4mon dar, den es nur einmal auf Mallorca gibt.<\/span><\/p>\n<figure id=\"attachment_488\" aria-describedby=\"caption-attachment-488\" style=\"width: 1024px\" class=\"wp-caption alignnone\"><img loading=\"lazy\" decoding=\"async\" class=\"size-large wp-image-488\" src=\"https:\/\/www.vacalia.com\/blog\/wp-content\/uploads\/2017\/08\/mallorca-magazin-1024x683.jpg\" alt=\"Mallorca traditionelle Feste\" width=\"1024\" height=\"683\" srcset=\"https:\/\/www.vacalia.com\/blog\/wp-content\/uploads\/2017\/08\/mallorca-magazin-1024x683.jpg 1024w, https:\/\/www.vacalia.com\/blog\/wp-content\/uploads\/2017\/08\/mallorca-magazin-300x200.jpg 300w, https:\/\/www.vacalia.com\/blog\/wp-content\/uploads\/2017\/08\/mallorca-magazin-768x512.jpg 768w, https:\/\/www.vacalia.com\/blog\/wp-content\/uploads\/2017\/08\/mallorca-magazin-1050x700.jpg 1050w, https:\/\/www.vacalia.com\/blog\/wp-content\/uploads\/2017\/08\/mallorca-magazin-1600x1067.jpg 1600w, https:\/\/www.vacalia.com\/blog\/wp-content\/uploads\/2017\/08\/mallorca-magazin.jpg 2048w\" sizes=\"(max-width: 1024px) 100vw, 1024px\" \/><figcaption id=\"caption-attachment-488\" class=\"wp-caption-text\">Pic by: Mallorca Magazin<\/figcaption><\/figure>\n<p style=\"text-align: justify;\"><span style=\"font-weight: 400;\">Um die Geschichte des <\/span><i><span style=\"font-weight: 400;\">Muchs <\/span><\/i><span style=\"font-weight: 400;\">zu erz\u00e4hlen, m\u00fcssen wir 15 Jahre zur\u00fcckgehen. Ein paar Freunde aus Sineu fanden sich jedes Jahr zum Stadtfest ein, um gemeinsam zu essen. Bei einem dieser Treffen kam es dazu, dass einer der Freunde sich bei einem anderen f\u00fcr einen von ihm begangenen Streich r\u00e4chen wollte. Also bekleidete er sich mit einem \u201ccaparrot\u201d (typische Fratzenmaske auf Mallorca, die einen schrecklichen und h\u00e4sslichen D\u00e4mon aus den mallorquinischen M\u00e4rchen darstellt &#8211; es gibt zahlreiche solcher Masken und Fabelwesen), um den Freund zu erschrecken. Das ganze endete schlie\u00dflich damit, dass die Freunde mit dem \u201ccaparrot\u201d durch die Gassen des Ortes zogen und die Leute zum mitmachen und feiern ermunterten. Dieses Ereignis wurde von den Menschen begeistert aufgegriffen und wurde zu einem Symbol des Ortes. <\/span><\/p>\n<p style=\"text-align: justify;\"><span style=\"font-weight: 400;\">Schon im n\u00e4chsten Jahr entschieden drei junge Leute des Ortes, dass Sineu nun einen eigenen D\u00e4mon h\u00e4tte. Und so wurde eine neue Legende geboren: <\/span><i><span style=\"font-weight: 400;\">der Much<\/span><\/i><span style=\"font-weight: 400;\">, der geliebte D\u00e4mon Sineus. <\/span><\/p>\n<p style=\"text-align: justify;\"><span style=\"font-weight: 400;\">Der <\/span><i><span style=\"font-weight: 400;\">Much <\/span><\/i><span style=\"font-weight: 400;\">und die <\/span><i><span style=\"font-weight: 400;\">Muca<\/span><\/i><\/p>\n<p style=\"text-align: justify;\"><span style=\"font-weight: 400;\">W\u00e4hrend des Stadtfestes von Sineu hat der D\u00e4mon schon eine feste Rolle. Sobald die Festlichkeiten mit dem \u00f6ffentlichen Ausruf beginnen, erscheint der Much auf dem Balkon des Rathauses, wo schon viele Menschen auf sein Auftauchen warten.<\/span><\/p>\n<figure id=\"attachment_486\" aria-describedby=\"caption-attachment-486\" style=\"width: 900px\" class=\"wp-caption alignnone\"><img loading=\"lazy\" decoding=\"async\" class=\"size-full wp-image-486\" src=\"https:\/\/www.vacalia.com\/blog\/wp-content\/uploads\/2017\/08\/ultima-hora-1.jpg\" alt=\"Mallorca traditionelle Feste\" width=\"900\" height=\"600\" srcset=\"https:\/\/www.vacalia.com\/blog\/wp-content\/uploads\/2017\/08\/ultima-hora-1.jpg 900w, https:\/\/www.vacalia.com\/blog\/wp-content\/uploads\/2017\/08\/ultima-hora-1-300x200.jpg 300w, https:\/\/www.vacalia.com\/blog\/wp-content\/uploads\/2017\/08\/ultima-hora-1-768x512.jpg 768w\" sizes=\"(max-width: 900px) 100vw, 900px\" \/><figcaption id=\"caption-attachment-486\" class=\"wp-caption-text\">Pic by: Ultima Hora<\/figcaption><\/figure>\n<p style=\"text-align: justify;\"><span style=\"font-weight: 400;\">Neben dem Much ist noch eine weitere Kultfigur zugegen, die sehr wichtig ist und einige Jahre nach dem Much auftauchte: seine Frau, die Muca. Heutzutage ist es f\u00fcr die jungen Leute von Sineu eine echte Ehre, den Much oder die Muca darstellen zu d\u00fcrfen. Die Darsteller werden von einem Komitee des Ortes gew\u00e4hlt. <\/span><\/p>\n<p style=\"text-align: justify;\"><span style=\"font-weight: 400;\">Und warum ziehen sich alle rosa an? <\/span><\/p>\n<p style=\"text-align: justify;\"><span style=\"font-weight: 400;\">Wenn Menschen aus anderen L\u00e4ndern oder Orten das Much-Fest besuchen, denken sie f\u00e4lschlicherweise manchmal, dass es sich um die Love Parade oder ein Gay-Pride Fest \u00a0handelt, da sich alle rosa anziehen. <\/span><\/p>\n<p style=\"text-align: justify;\"><span style=\"font-weight: 400;\">Aber warum kommen alle Leute aus Sineu mit zartosa Klamotten zum Fest? Das ganze ist nichts weiter als Zufall und schnell erkl\u00e4rt. Als sich die jungen Leute, die damals das Fest gr\u00fcndeten, eine einheitliche Kleiderregel f\u00fcr ihr Fest \u00fcberlegten, gab es im lokalen Bekleidungsgesch\u00e4ft nur noch rosa T-Shirts in allen notwendigen Gr\u00f6\u00dfen. \u00a0Und so ist es bis heute geblieben und die Farbe Rosa die beliebteste unter den Einwohnern Sineus. <\/span><\/p>\n<p>&nbsp;<\/p>\n<h2 class=\"post-item__subtitle\">Sant Jaume in Alc\u00fadia | Feste auf Mallorca<\/h2>\n<p>Alcudia ist ein historisches Dorf mit vielen Traditionen. Von den r\u00f6mischen Ruinen bis zum Hafen f\u00fcllt sich der Ort im Sommer mit Leben und Besuchern. Das Fest, Ende Juli, zu Ehren des Schutzheiligen von Mallorca, versucht die Konzepte der Traditionen und Feste zu vereinen.<\/p>\n<p>Um das Fest zu begehen werden die Stra\u00dfen des Dorfes mit Papier Girlanden geschm\u00fcckt und die Dorfbewohner treffen sich auf Stra\u00dfen und Pl\u00e4tzen zu einem Plausch am Nachmittag oder Abend. Es finden Paraden mit \u201cCaparrots\u201d oder \u201cGigantes\u201d (Riesen) statt und begleitet wird die festliche Zeit mit Kunstausstellungen, Konzerten und Theater.<\/p>\n<figure id=\"attachment_1883\" aria-describedby=\"caption-attachment-1883\" style=\"width: 600px\" class=\"wp-caption aligncenter\"><img loading=\"lazy\" decoding=\"async\" class=\"size-full wp-image-1883\" src=\"https:\/\/www.vacalia.com\/blog\/wp-content\/uploads\/2017\/08\/feria-de-alcudia-2.jpg\" alt=\"Feste auf Mallorca\" width=\"600\" height=\"404\" srcset=\"https:\/\/www.vacalia.com\/blog\/wp-content\/uploads\/2017\/08\/feria-de-alcudia-2.jpg 600w, https:\/\/www.vacalia.com\/blog\/wp-content\/uploads\/2017\/08\/feria-de-alcudia-2-300x202.jpg 300w\" sizes=\"(max-width: 767px) 100vw, 600px\" \/><figcaption id=\"caption-attachment-1883\" class=\"wp-caption-text\">Photo: Fiestas de Mallorca<\/figcaption><\/figure>\n<p>In Alcudia befindet sich die Ausgrabungsst\u00e4tte der r\u00f6mischen Stadt Pollentia, wodurch man eine Vorstellung \u00fcber den historischen Hintergrund des Dorfes bekommt. Zur Erinnerung, dass Alcudia mal ein Teil des r\u00f6mischen Imperiums war, wird jedes Jahr das r\u00f6mische Fest (Fiesta Romana) veranstaltet. Die Besucher kommen als R\u00f6mer gekleidet und tanzen zu verschiedenen Musikrichtungen bis in den fr\u00fchen Morgen.<\/p>\n<p>Lassen Sie sich dieses Fest nicht entgehen, wenn Sie auf Mallorca sind!<\/p>\n<h2 class=\"post-item__subtitle\">Sant Antoni in Sa Pobla | Feste auf Mallorca<\/h2>\n<p>Sant Antoni in Sa Pobla ist eins der traditionellsten und \u00e4ltesten Feste Mallorcas. Die festlichen Aktivit\u00e4ten dauern mehr als eine Woche und werden von verschieden kulturellen Veranstaltungen, wie Konzerten, Sportveranstaltungen, Theater oder Shows begleitet.<\/p>\n<p>Eine kulinarische Spezialit\u00e4t f\u00fcr diese Zeit sind \u201cEspinagadas\u201d, grosse, gef\u00fcllte Teigtaschen die mit Aal oder Schweinelende zubereitet und zu verschieden Mahlzeiten angeboten werden.<\/p>\n<p><iframe title=\"Sant Antoni. Sa Pobla. Ball dels dimonis.\" width=\"1200\" height=\"675\" src=\"https:\/\/www.youtube.com\/embed\/t-xnSf6yK-k?feature=oembed\" frameborder=\"0\" allow=\"accelerometer; autoplay; clipboard-write; encrypted-media; gyroscope; picture-in-picture; web-share\" referrerpolicy=\"strict-origin-when-cross-origin\" allowfullscreen><\/iframe><\/p>\n<p>Am Tag des eigentlichen Festes: Sant Antoni treffen sich die Familien oder Freundesgruppen zum Essen, nat\u00fcrlich d\u00fcrfen die \u201cEspinagadas\u201d nicht fehlen, und grillen Fleisch an einem der Feuer, die in den Stra\u00dfen des Dorfes angez\u00fcndet werden. Es gibt \u00f6ffentliche Feuer und Feuer vor den Bars die jeder Besucher nutzen kann, wenn er etwas zum Grillen mitgebracht hat. Eine Tradition ist es \u201cGlosses\u201d (typisch, mallorquinische Lieder) zu singen.<\/p>\n<p>Bevor die Feuer entfacht werden versammeln sich die Besucher und Bewohner auf dem zentralen Platz des Dorfes um den Tanz der \u201cCaperrots\u201d und das spektakul\u00e4re Feuerwerk mit Musikbegleitung am Rathaus anzuschauen. Das Fest geht bis in den fr\u00fchen Morgen und die Menschen feiern auf den Stra\u00dfen, in Bars und auf dem Dorfplatz.<\/p>\n<h2 class=\"post-item__subtitle\">Santa Pr\u00e0xedis in Petra | Feste auf Mallorca<\/h2>\n<p>Santa Pr\u00e0xedis ist die Schutzheilige von Petra und zu ihren Ehren wird gibt es jedes Jahr im Juni ein Fest im Dorf. Die Veranstaltungen die das Fest begleiten dauern l\u00e4nger als 1 Woche und bestehen aus Konzerten, Theaterauff\u00fchrungen, Tanz und sportlichen Turnieren.<\/p>\n<figure id=\"attachment_1882\" aria-describedby=\"caption-attachment-1882\" style=\"width: 1024px\" class=\"wp-caption aligncenter\"><img loading=\"lazy\" decoding=\"async\" class=\"size-large wp-image-1882\" src=\"https:\/\/www.vacalia.com\/blog\/wp-content\/uploads\/2017\/08\/ultimahora-2-1024x578.jpg\" alt=\"Feste auf Mallorca\" width=\"1024\" height=\"578\" srcset=\"https:\/\/www.vacalia.com\/blog\/wp-content\/uploads\/2017\/08\/ultimahora-2.jpg 1024w, https:\/\/www.vacalia.com\/blog\/wp-content\/uploads\/2017\/08\/ultimahora-2-300x169.jpg 300w, https:\/\/www.vacalia.com\/blog\/wp-content\/uploads\/2017\/08\/ultimahora-2-768x434.jpg 768w\" sizes=\"(max-width: 1024px) 100vw, 1024px\" \/><figcaption id=\"caption-attachment-1882\" class=\"wp-caption-text\">Photo: \u00daltima Hora<\/figcaption><\/figure>\n<p>Die \u201cClovellades\u201d heben sich besonders hervor. Dabei werden rund 5000kg Mandelschalen unter die Besucher der Veranstaltung geworfen um die Patronin zu Ehren.<\/p>\n<p>Wenn Sie das authentische Mallorca entdecken und erleben m\u00f6chten, ist Petra zweifellos eins der D\u00f6rfer, die Sie besuchen sollten, um so besser wenn hier gerade gefeiert wird.<\/p>\n<h2 class=\"post-item__subtitle\">La Beata in Santa Margalida | Feste auf Mallorca<\/h2>\n<p>In der ersten Septemberwoche wird das Fest zu Ehren von La Beata in Santa Margalida gefeiert. Die heilige Margalida, eher bekannt unter dem Namen -Sor Tomaseta- (Nonne Tomaseta), war eine illustre Pers\u00f6nlichkeit auf Mallorca und bei den Einheimischen sehr beliebt.<\/p>\n<p>In Santa Margalida wird dieses Fest ganz besonders und mit viel Tradition gefeiert. Die Veranstaltung dauert 1 Wochenende und es gibt alle Arten von Kultur und Freizeitaktivit\u00e4ten.<\/p>\n<p>Der Samstag beginnt mit einer Kranzniederlegung am Denkmal der Santa Catalina, am Abend gibt es ein Festival mit verschieden Musikgruppen und DJ\u2019s. Am Sonntag gibt es das offizielle Fest der Beata: dazu versammeln sich die Dorfbewohner in typisch mallorquinischer Kleidung mit verschiedenen Kr\u00fcgen, ein Zug mit unterschiedlichen Wagen f\u00e4hrt durch das Dorf, wobei jeder Wagen eine Szene des Lebens der Heiligen Catalina Thom\u00e0s darstellt. Der Zug wird von Musikern mit \u201cXeremiers\u201d begleitet.<\/p>\n<p><iframe title=\"Process\u00f3 de la Beata 2016\" width=\"1200\" height=\"675\" src=\"https:\/\/www.youtube.com\/embed\/yJA3iWrpCIY?feature=oembed\" frameborder=\"0\" allow=\"accelerometer; autoplay; clipboard-write; encrypted-media; gyroscope; picture-in-picture; web-share\" referrerpolicy=\"strict-origin-when-cross-origin\" allowfullscreen><\/iframe><\/p>\n<p>Im Zug gehen Bauernpaare, jeder tr\u00e4gt einen Krug am Henkel gefasst, und Teufel (Demonis), die die Kr\u00fcge stehlen um sie dann vor der Beata zu zerschlagen.<\/p>\n<p>Haben wir Ihnen Lust gemacht mehr \u00fcber die mallorquinischen Feste zu erfahren? Dann behalten Sie unsern Post im Auge, er wird von Zeit zu Zeit aktualisiert und wir werden noch mehr Information zusammentragen. Genie\u00dfen Sie Mallorca, egal zu welcher Jahreszeit!<\/p>\n\n<div class=\"bannerBlog\"><div class=\"new-card-houses\">\n    <div class=\"likeOut likeDivOut\" style=\"display:none\">\n        <a data-id=\"3218\" class=\"likeOut_button_red likeBtnFav\"\n            aria-label=\"Megusta Vacalia\"><\/a>\n    <\/div>\n    <figure>\n        <img loading=\"lazy\" decoding=\"async\" \n            loading=\"lazy\" width=\"301\" height=\"200\"\n            src=\"\/\/media.vacalia.com\/photo\/reformatwebpfolder\/350\/200\/3218\/thumb-middle\/3218_1a525329441499fd1fc95b66c4d1eeef.webp?v=21092023\"\n            alt=\"Ca&#039;n pere roc - Ferienhaus auf Can Picafort\"\/>\n                                                                        <div class=\"circleDiscount\">-20%<\/div>\n                        <\/figure>\n    <p itemprop=\"address\"><i class=\"ico-marker\"><\/i>Can Picafort, Mallorca<\/p>\n    <h3 itemprop=\"name\">Ca&#039;n pere roc<\/h3>\n    <ul class=\"icon_list inline_list\">\n                              <li class=\"ico-airConditioning\" title=\"Klimaanlage\">\n              <span itemprop=\"amenityFeature\">Klimaanlage<\/span>\n            <\/li>\n                      <li class=\"ico-wifi\" title=\"Wifi\">\n              <span itemprop=\"amenityFeature\">Wifi<\/span>\n            <\/li>\n                          <li class=\"ico-guests\" title=\"F\u00fcr 2 G\u00e4ste in Can Picafort.\">\n          <span itemprop=\"occupancy\">2<\/span>\n        <\/li>\n    <\/ul>\n            <span class=\"price\">Ab 63\u20ac \/ Nacht<\/span>\n                <a itemprop=\"url\" class=\"anchor\" href=\"https:\/\/www.vacalia.com\/de\/apartment-can-pere-roc-santa-margalida-h22967\" aria-label=\"Ca&#039;n pere roc\"><\/a>\n<\/div><div class=\"new-card-houses\">\n    <div class=\"likeOut likeDivOut\" style=\"display:none\">\n        <a data-id=\"1759\" class=\"likeOut_button_red likeBtnFav\"\n            aria-label=\"Megusta Vacalia\"><\/a>\n    <\/div>\n    <figure>\n        <img loading=\"lazy\" decoding=\"async\" \n            loading=\"lazy\" width=\"301\" height=\"200\"\n            src=\"\/\/media.vacalia.com\/photo\/reformatwebpfolder\/350\/200\/1759\/thumb-middle\/1759_f1a20c080845d0e942674572a841941f.webp?v=21092023\"\n            alt=\"Sun of the bay i (b3 - a2) - Ferienhaus auf Port d&#039;Alc\u00fadia\"\/>\n                                                                        <div class=\"circleDiscount\">-10%<\/div>\n                        <\/figure>\n    <p itemprop=\"address\"><i class=\"ico-marker\"><\/i>Port d&#039;Alc\u00fadia, Mallorca<\/p>\n    <h3 itemprop=\"name\">Sun of the bay i (b3 - a2)<\/h3>\n    <ul class=\"icon_list inline_list\">\n                              <li class=\"ico-airConditioning\" title=\"Klimaanlage\">\n              <span itemprop=\"amenityFeature\">Klimaanlage<\/span>\n            <\/li>\n                      <li class=\"ico-wifi\" title=\"Wifi\">\n              <span itemprop=\"amenityFeature\">Wifi<\/span>\n            <\/li>\n                      <li class=\"ico-views\" title=\"Ausblick\">\n              <span itemprop=\"amenityFeature\">Ausblick<\/span>\n            <\/li>\n                          <li class=\"ico-guests\" title=\"F\u00fcr 4 G\u00e4ste in Port D&#039;alc\u00fadia.\">\n          <span itemprop=\"occupancy\">4<\/span>\n        <\/li>\n    <\/ul>\n            <span class=\"price\">Ab 198\u20ac \/ Nacht<\/span>\n                <a itemprop=\"url\" class=\"anchor\" href=\"https:\/\/www.vacalia.com\/de\/apartment-sun-of-the-bay-i-b3-a2-alcudia-h20328\" aria-label=\"Sun of the bay i (b3 - a2)\"><\/a>\n<\/div><\/div>\n","protected":false},"excerpt":{"rendered":"<p>Mallorca ist die Mischung aller Adjektive, die das Paradies beschreiben k\u00f6nnten. Die abgelegenen Buchten, die Partys und Feste von Mallorca, die ewigen Sonnentage &#8230; Wir k\u00f6nnten eine endlose Liste erstellen,&hellip;<\/p>\n","protected":false},"author":2,"featured_media":0,"comment_status":"closed","ping_status":"open","sticky":false,"template":"","format":"standard","meta":{"_monsterinsights_skip_tracking":false,"_monsterinsights_sitenote_active":false,"_monsterinsights_sitenote_note":"","_monsterinsights_sitenote_category":0,"footnotes":""},"categories":[40],"tags":[],"class_list":["post-467","post","type-post","status-publish","format-standard","hentry","category-allgemein"],"_links":{"self":[{"href":"https:\/\/www.vacalia.com\/blog\/wp-json\/wp\/v2\/posts\/467"}],"collection":[{"href":"https:\/\/www.vacalia.com\/blog\/wp-json\/wp\/v2\/posts"}],"about":[{"href":"https:\/\/www.vacalia.com\/blog\/wp-json\/wp\/v2\/types\/post"}],"author":[{"embeddable":true,"href":"https:\/\/www.vacalia.com\/blog\/wp-json\/wp\/v2\/users\/2"}],"replies":[{"embeddable":true,"href":"https:\/\/www.vacalia.com\/blog\/wp-json\/wp\/v2\/comments?post=467"}],"version-history":[{"count":14,"href":"https:\/\/www.vacalia.com\/blog\/wp-json\/wp\/v2\/posts\/467\/revisions"}],"predecessor-version":[{"id":4874,"href":"https:\/\/www.vacalia.com\/blog\/wp-json\/wp\/v2\/posts\/467\/revisions\/4874"}],"wp:attachment":[{"href":"https:\/\/www.vacalia.com\/blog\/wp-json\/wp\/v2\/media?parent=467"}],"wp:term":[{"taxonomy":"category","embeddable":true,"href":"https:\/\/www.vacalia.com\/blog\/wp-json\/wp\/v2\/categories?post=467"},{"taxonomy":"post_tag","embeddable":true,"href":"https:\/\/www.vacalia.com\/blog\/wp-json\/wp\/v2\/tags?post=467"}],"curies":[{"name":"wp","href":"https:\/\/api.w.org\/{rel}","templated":true}]}}