{"id":4674,"date":"2023-10-24T09:25:42","date_gmt":"2023-10-24T07:25:42","guid":{"rendered":"https:\/\/www.vacalia.com\/blog\/?p=4674"},"modified":"2024-08-28T09:09:03","modified_gmt":"2024-08-28T07:09:03","slug":"reise-nach-ibiza-im-herbst","status":"publish","type":"post","link":"https:\/\/www.vacalia.com\/blog\/reise-nach-ibiza-im-herbst\/","title":{"rendered":"Reise nach Ibiza im Herbst"},"content":{"rendered":"\n<p>Herzlich willkommen zu einer aufregenden Reise nach <strong>Ibiza<\/strong> im <strong>Herbst<\/strong>! Wenn Sie nach einem einzigartigen Ausflug voller authentischer Erlebnisse und atemberaubender Landschaften suchen, sind Sie hier genau richtig. Ibiza, bekannt f\u00fcr sein lebhaftes Nachtleben im Sommer, verwandelt sich in eine ruhige und magische Insel in der Herbstsaison. Sind Sie bereit herauszufinden, warum Ibiza im Herbst ein Erlebnis ist, das Sie nicht verpassen sollten? Lassen Sie uns loslegen!<\/p>\n\n\n\n<h3 class=\"wp-block-heading\"><strong>Perfektes Wetter<\/strong><\/h3>\n\n\n\n<p>Das erste, was Sie \u00fcber Ibiza im Herbst wissen sollten, ist, dass das Wetter einfach perfekt ist. Sie m\u00fcssen sich nicht mehr um die br\u00fctende Hitze des Sommers oder die Menschenmassen an den Str\u00e4nden sorgen. Die Temperaturen sind mild, mit warmen Tagen und k\u00fchlen N\u00e4chten, die ideal zum Erkunden der Insel oder einfach nur zum Entspannen am Meer sind. Machen Sie sich also bereit, das spektakul\u00e4re Wetter w\u00e4hrend Ihres Aufenthalts auf Ibiza im Herbst zu genie\u00dfen.<\/p>\n\n\n\n<h3 class=\"wp-block-heading\"><strong>Ruhige Str\u00e4nde<\/strong><\/h3>\n\n\n\n<p>Haben Sie jemals davon getr\u00e4umt, einen Strand ganz f\u00fcr sich allein zu haben? Im Herbst wird dieser Traum auf Ibiza wahr. Die Str\u00e4nde, die im Sommer von Touristen \u00fcberf\u00fcllt waren, sind jetzt Oasen der Ruhe. Sie k\u00f6nnen Ihre Handt\u00fccher auf den goldenen Sand legen, dem sanften Rauschen der Wellen lauschen und die Sonne ohne Menschenmassen genie\u00dfen. Cala Conta, Cala d&#8217;Hort und Cala Salada sind einige der Str\u00e4nde, die Sie in dieser Saison besuchen sollten.<\/p>\n\n\n\n<h3 class=\"wp-block-heading\"><strong>Unvergessliche Sonnenunterg\u00e4nge<\/strong><\/h3>\n\n\n\n<p>Ibiza ist ber\u00fchmt f\u00fcr seine magischen Sonnenunterg\u00e4nge, die im Herbst noch beeindruckender sind. Die geringere Luftfeuchtigkeit schafft einen klaren und lebendigen Himmel voller warmer Farbt\u00f6ne, die sich im Meer widerspiegeln. Einer der bekanntesten Orte, um einen Sonnenuntergang auf Ibiza zu genie\u00dfen, ist das Caf\u00e9 del Mar in San Antonio. Musik der Chill-out-Art zu h\u00f6ren, w\u00e4hrend die Sonne am Horizont untergeht, ist ein Erlebnis, das Sie sprachlos machen wird.<\/p>\n\n\n<div class=\"wp-block-image\">\n<figure class=\"aligncenter size-full\"><img fetchpriority=\"high\" decoding=\"async\" width=\"670\" height=\"300\" src=\"https:\/\/www.vacalia.com\/blog\/wp-content\/uploads\/2023\/10\/puesta-de-sol-cafe-del-mar-ibiza.jpg\" alt=\"Sonnenuntergang im Caf\u00e9 del Mar\" class=\"wp-image-4667\" srcset=\"https:\/\/www.vacalia.com\/blog\/wp-content\/uploads\/2023\/10\/puesta-de-sol-cafe-del-mar-ibiza.jpg 670w, https:\/\/www.vacalia.com\/blog\/wp-content\/uploads\/2023\/10\/puesta-de-sol-cafe-del-mar-ibiza-300x134.jpg 300w\" sizes=\"(max-width: 767px) 100vw, 670px\" \/><figcaption class=\"wp-element-caption\"><em>Sonnenuntergang im Caf\u00e9 del Mar<\/em><\/figcaption><\/figure><\/div>\n\n\n<h3 class=\"wp-block-heading\"><strong>Wanderrouten und Natur<\/strong><\/h3>\n\n\n\n<p>Ibiza im Herbst ist ein Paradies f\u00fcr Naturliebhaber und Wanderer. Die Insel bietet eine Vielzahl von Wanderwegen, die Sie durch atemberaubende Landschaften f\u00fchren, von gr\u00fcnen H\u00fcgeln bis zu steilen Klippen. Der Naturpark Ses Salines ist ein perfekter Ort, um die einzigartige Biodiversit\u00e4t der Insel zu erkunden. Sie k\u00f6nnen auch das Naturschutzgebiet Es Vedr\u00e0 und Es Vedranell besuchen, das Heimat vieler Vogelarten und einheimischer Flora ist.<\/p>\n\n\n<div class=\"wp-block-image\">\n<figure class=\"aligncenter size-full\"><img decoding=\"async\" width=\"670\" height=\"300\" src=\"https:\/\/www.vacalia.com\/blog\/wp-content\/uploads\/2023\/10\/islote-de-Es-Vedra.jpg\" alt=\"Besuchen Sie das Es Vedr\u00e0\" class=\"wp-image-4668\" srcset=\"https:\/\/www.vacalia.com\/blog\/wp-content\/uploads\/2023\/10\/islote-de-Es-Vedra.jpg 670w, https:\/\/www.vacalia.com\/blog\/wp-content\/uploads\/2023\/10\/islote-de-Es-Vedra-300x134.jpg 300w\" sizes=\"(max-width: 767px) 100vw, 670px\" \/><figcaption class=\"wp-element-caption\"><em>Es Vedr\u00e0<\/em><\/figcaption><\/figure><\/div>\n\n\n<h3 class=\"wp-block-heading\"><strong>K\u00f6stliche Gastronomie<\/strong><\/h3>\n\n\n\n<p>Die Gastronomie auf Ibiza im Herbst ist einfach k\u00f6stlich. Lokale Restaurants bieten eine Vielzahl von traditionellen Gerichten, von Paella bis zum \u00abBullit de Peix\u00bb (einem lokalen Fischgericht). Au\u00dferdem ist es die Olivensaison, so dass Sie frisches und authentisches Extra Virgin Oliven\u00f6l probieren k\u00f6nnen. Seit 2019 wird Oliven\u00f6l unter der gesch\u00fctzten geografischen Angabe \u00abOliven\u00f6l aus Ibiza\u00bb hergestellt. Begleiten Sie Ihr Essen mit diesem gro\u00dfartigen Oliven\u00f6l und einem lokalen Wein, und Sie befinden sich im gastronomischen Paradies.<\/p>\n\n\n\n<h3 class=\"wp-block-heading\"><strong><a href=\"https:\/\/www.vacalia.com\/blog\/hippie-markte-auf-ibiza\/\" target=\"_blank\" rel=\"noreferrer noopener\">Hippie- und Handwerksm\u00e4rkte<\/a><\/strong><\/h3>\n\n\n\n<p>Ibiza ist bekannt f\u00fcr seine Hippie-Kultur, die im Herbst in ihrer vollen Pracht erlebt werden kann. Sie finden Hippie- und Handwerksm\u00e4rkte auf der ganzen Insel. Hier werden Gegenst\u00e4nde aller Art verkauft, von handgefertigtem Schmuck \u00fcber bohemische Kleidung bis hin zu lokaler Kunst und Bio-Produkten. Der Markt von Las Dalias ist einer der ber\u00fchmtesten und ein Muss f\u00fcr Shopping-Liebhaber. Ein gro\u00dfartiger Plan f\u00fcr das Wochenende.<\/p>\n\n\n\n<h3 class=\"wp-block-heading\"><strong>Lokales Nachtleben<\/strong><\/h3>\n\n\n\n<p>W\u00e4hrend das Nachtleben auf Ibiza im Sommer legend\u00e4r ist, wird es im Herbst ruhiger. Die ber\u00fchmtesten Clubs k\u00f6nnen geschlossen sein, aber das bedeutet nicht, dass der Spa\u00df vorbei ist. Der Underground Club Ibiza ist einer der ganzj\u00e4hrig ge\u00f6ffneten Clubs und obwohl er bei Touristen wenig bekannt ist, ist er ein wahres Juwel f\u00fcr Einheimische. Er bietet eine authentisch lokale Atmosph\u00e4re mit hochwertiger Musik, die es mit den bekanntesten Clubs der Insel aufnehmen kann. Wenn Sie nach Party suchen, keine Sorge, denn viele Bars und Restaurants bieten weiterhin Live-Musik und besondere Veranstaltungen an.<\/p>\n\n\n\n<h3 class=\"wp-block-heading\"><strong>Die Tintenfischmesse<\/strong><\/h3>\n\n\n\n<p>Die Tintenfischmesse auf Ibiza ist ein gastronomisches Fest, das Ende Oktober mit dem Tintenfisch als Hauptdarsteller gefeiert wird. W\u00e4hrend dieses Festivals konkurrieren verschiedene lokale Imbissst\u00e4nde um kreative Gerichte, die von klassischen bis hin zu innovativen Kreationen reichen, die Tintenfisch in verschiedenen internationalen Zubereitungen verwenden. Die Besucher genie\u00dfen diese K\u00f6stlichkeiten in einer festlichen Atmosph\u00e4re an den K\u00fcstenpromenaden oder auf charmanten Pl\u00e4tzen mit Blick auf das Mittelmeer.<\/p>\n\n\n\n<p>Das Festival beinhaltet auch eine Vielzahl von Veranstaltungen und Aktivit\u00e4ten f\u00fcr alle Altersgruppen, darunter Kochwettbewerbe, Live-Musik und Stra\u00dfenunterhaltung. Au\u00dferdem bietet die Tintenfischmesse die Gelegenheit, in die Kultur von Ibiza einzutauchen und die Gastfreundschaft der Einheimischen zu erleben.<\/p>\n\n\n<div class=\"wp-block-image\">\n<figure class=\"aligncenter size-full\"><img decoding=\"async\" width=\"670\" height=\"300\" src=\"https:\/\/www.vacalia.com\/blog\/wp-content\/uploads\/2023\/10\/feria-del-calamar-ibiza.jpg\" alt=\"Die Tintenfischmesse\" class=\"wp-image-4669\" srcset=\"https:\/\/www.vacalia.com\/blog\/wp-content\/uploads\/2023\/10\/feria-del-calamar-ibiza.jpg 670w, https:\/\/www.vacalia.com\/blog\/wp-content\/uploads\/2023\/10\/feria-del-calamar-ibiza-300x134.jpg 300w\" sizes=\"(max-width: 767px) 100vw, 670px\" \/><figcaption class=\"wp-element-caption\"><em>Die Tintenfischmesse<\/em><\/figcaption><\/figure><\/div>\n\n\n<h3 class=\"wp-block-heading\"><strong>Entspannung und Wohlbefinden<\/strong><\/h3>\n\n\n\n<p>Wenn Sie nach Entspannung und Wohlbefinden suchen, ist Ibiza im Herbst der perfekte Ort. Sie finden viele Zentren, die verj\u00fcngende Behandlungen und entspannende Therapien anbieten. Sie k\u00f6nnen auch Yoga am Strand oder in wundersch\u00f6nen nat\u00fcrlichen Umgebungen praktizieren. Es ist die ideale Zeit, um Energie zu tanken und K\u00f6rper und Geist zu pflegen.<\/p>\n\n\n<div class=\"wp-block-image\">\n<figure class=\"aligncenter size-full\"><img loading=\"lazy\" decoding=\"async\" width=\"670\" height=\"300\" src=\"https:\/\/www.vacalia.com\/blog\/wp-content\/uploads\/2023\/10\/practicar-yoga-en-ibiza.jpg\" alt=\"Praktizieren Sie Yoga auf Ibiza\" class=\"wp-image-4670\" srcset=\"https:\/\/www.vacalia.com\/blog\/wp-content\/uploads\/2023\/10\/practicar-yoga-en-ibiza.jpg 670w, https:\/\/www.vacalia.com\/blog\/wp-content\/uploads\/2023\/10\/practicar-yoga-en-ibiza-300x134.jpg 300w\" sizes=\"(max-width: 767px) 100vw, 670px\" \/><figcaption class=\"wp-element-caption\"><em>Praktizieren Sie Yoga auf Ibiza<\/em><\/figcaption><\/figure><\/div>\n\n\n<h3 class=\"wp-block-heading\"><strong>Verbindung zur lokalen Kultur<\/strong><\/h3>\n\n\n\n<p>Eine der besten Dinge, Ibiza im Herbst zu besuchen, ist die M\u00f6glichkeit, sich mit der lokalen Kultur zu verbinden. Die Einheimischen sind entspannter und bereit, ihre Traditionen und Br\u00e4uche mit Ihnen zu teilen. Sie k\u00f6nnen an lokalen Festen teilnehmen oder einfach mit den Einheimischen plaudern und das wahre Ibiza entdecken.<\/p>\n\n\n\n<p>Zusammenfassend l\u00e4sst sich sagen, dass Ibiza im Herbst ein verborgener Schatz ist, der entdeckt werden m\u00f6chte. Von ruhigen Str\u00e4nden bis zu magischen Sonnenunterg\u00e4ngen, von k\u00f6stlicher Gastronomie bis zu authentischen kulturellen Erlebnissen hat diese Insel in dieser Saison viel zu bieten. Also, worauf warten Sie noch? <a href=\"https:\/\/www.vacalia.com\/de\/ferienhaus-ibiza\" target=\"_blank\" rel=\"noreferrer noopener\"><strong>Packen Sie Ihre Koffer und kommen Sie, um die Magie von Ibiza im Herbst zu erleben!<\/strong><\/a><\/p>\n\n\n<div class=\"bannerBlog\"><div class=\"new-card-houses\">\n    <div class=\"likeOut likeDivOut\" style=\"display:none\">\n        <a data-id=\"4139\" class=\"likeOut_button_red likeBtnFav\"\n            aria-label=\"Megusta Vacalia\"><\/a>\n    <\/div>\n    <figure>\n        <img loading=\"lazy\" decoding=\"async\" \n            loading=\"lazy\" width=\"301\" height=\"200\"\n            src=\"\/\/media.vacalia.com\/photo\/reformatwebpfolder\/350\/200\/4139\/thumb-middle\/4139_17034cae2e2c2b336123ac0eb6b344ec.webp?v=21092023\"\n            alt=\"Can kai - Ferienhaus auf Sant Mateu d&#039;Albarca\"\/>\n                                                                    <\/figure>\n    <p itemprop=\"address\"><i class=\"ico-marker\"><\/i>Sant Mateu d&#039;Albarca, Ibiza<\/p>\n    <h3 itemprop=\"name\">Can kai<\/h3>\n    <ul class=\"icon_list inline_list\">\n                              <li class=\"ico-pool\" title=\"Pool\">\n              <span itemprop=\"amenityFeature\">Pool<\/span>\n            <\/li>\n                      <li class=\"ico-airConditioning\" title=\"Klimaanlage\">\n              <span itemprop=\"amenityFeature\">Klimaanlage<\/span>\n            <\/li>\n                      <li class=\"ico-wifi\" title=\"Wifi\">\n              <span itemprop=\"amenityFeature\">Wifi<\/span>\n            <\/li>\n                          <li class=\"ico-guests\" title=\"F\u00fcr 8 G\u00e4ste in Sant Mateu D&#039;albarca.\">\n          <span itemprop=\"occupancy\">8<\/span>\n        <\/li>\n    <\/ul>\n            <span class=\"price\">Ab 973\u20ac \/ Nacht<\/span>\n                <a itemprop=\"url\" class=\"anchor\" href=\"https:\/\/www.vacalia.com\/de\/villa-can-kai-sant-antoni-de-portmany-h25654\" aria-label=\"Can kai\"><\/a>\n<\/div><div class=\"new-card-houses\">\n    <div class=\"likeOut likeDivOut\" style=\"display:none\">\n        <a data-id=\"4177\" class=\"likeOut_button_red likeBtnFav\"\n            aria-label=\"Megusta Vacalia\"><\/a>\n    <\/div>\n    <figure>\n        <img loading=\"lazy\" decoding=\"async\" \n            loading=\"lazy\" width=\"301\" height=\"200\"\n            src=\"\/\/media.vacalia.com\/photo\/reformatwebpfolder\/350\/200\/4177\/thumb-middle\/4177_d6233c9bd6a7cac9a6e99c493e8324ad.webp?v=21092023\"\n            alt=\"Can savasana - Ferienhaus auf Sant Antoni de Portmany\"\/>\n                                                                    <\/figure>\n    <p itemprop=\"address\"><i class=\"ico-marker\"><\/i>Sant Antoni de Portmany, Ibiza<\/p>\n    <h3 itemprop=\"name\">Can savasana<\/h3>\n    <ul class=\"icon_list inline_list\">\n                              <li class=\"ico-pool\" title=\"Pool\">\n              <span itemprop=\"amenityFeature\">Pool<\/span>\n            <\/li>\n                      <li class=\"ico-airConditioning\" title=\"Klimaanlage\">\n              <span itemprop=\"amenityFeature\">Klimaanlage<\/span>\n            <\/li>\n                      <li class=\"ico-wifi\" title=\"Wifi\">\n              <span itemprop=\"amenityFeature\">Wifi<\/span>\n            <\/li>\n                      <li class=\"ico-views\" title=\"Ausblick\">\n              <span itemprop=\"amenityFeature\">Ausblick<\/span>\n            <\/li>\n                      <li class=\"ico-pets\" title=\"Haustiere\">\n              <span itemprop=\"amenityFeature\">Haustiere<\/span>\n            <\/li>\n                          <li class=\"ico-guests\" title=\"F\u00fcr 10 G\u00e4ste in Sant Antoni De Portmany.\">\n          <span itemprop=\"occupancy\">10<\/span>\n        <\/li>\n    <\/ul>\n            <span class=\"price\">Ab 1191\u20ac \/ Nacht<\/span>\n                <a itemprop=\"url\" class=\"anchor\" href=\"https:\/\/www.vacalia.com\/de\/villa-can-savasana-sant-antoni-de-portmany-h27266\" aria-label=\"Can savasana\"><\/a>\n<\/div><\/div>\n","protected":false},"excerpt":{"rendered":"<p>Herzlich willkommen zu einer aufregenden Reise nach Ibiza im Herbst! Wenn Sie nach einem einzigartigen Ausflug voller authentischer Erlebnisse und atemberaubender Landschaften suchen, sind Sie hier genau richtig. Ibiza, bekannt&hellip;<\/p>\n","protected":false},"author":1,"featured_media":4667,"comment_status":"closed","ping_status":"open","sticky":false,"template":"","format":"standard","meta":{"_monsterinsights_skip_tracking":false,"_monsterinsights_sitenote_active":false,"_monsterinsights_sitenote_note":"","_monsterinsights_sitenote_category":0,"footnotes":""},"categories":[901,40,931,955],"tags":[],"class_list":["post-4674","post","type-post","status-publish","format-standard","has-post-thumbnail","hentry","category-ibiza-de","category-allgemein","category-ibiza-fuhrer","category-was-kann-man-auf-ibiza-machen-de"],"_links":{"self":[{"href":"https:\/\/www.vacalia.com\/blog\/wp-json\/wp\/v2\/posts\/4674"}],"collection":[{"href":"https:\/\/www.vacalia.com\/blog\/wp-json\/wp\/v2\/posts"}],"about":[{"href":"https:\/\/www.vacalia.com\/blog\/wp-json\/wp\/v2\/types\/post"}],"author":[{"embeddable":true,"href":"https:\/\/www.vacalia.com\/blog\/wp-json\/wp\/v2\/users\/1"}],"replies":[{"embeddable":true,"href":"https:\/\/www.vacalia.com\/blog\/wp-json\/wp\/v2\/comments?post=4674"}],"version-history":[{"count":3,"href":"https:\/\/www.vacalia.com\/blog\/wp-json\/wp\/v2\/posts\/4674\/revisions"}],"predecessor-version":[{"id":6209,"href":"https:\/\/www.vacalia.com\/blog\/wp-json\/wp\/v2\/posts\/4674\/revisions\/6209"}],"wp:featuredmedia":[{"embeddable":true,"href":"https:\/\/www.vacalia.com\/blog\/wp-json\/wp\/v2\/media\/4667"}],"wp:attachment":[{"href":"https:\/\/www.vacalia.com\/blog\/wp-json\/wp\/v2\/media?parent=4674"}],"wp:term":[{"taxonomy":"category","embeddable":true,"href":"https:\/\/www.vacalia.com\/blog\/wp-json\/wp\/v2\/categories?post=4674"},{"taxonomy":"post_tag","embeddable":true,"href":"https:\/\/www.vacalia.com\/blog\/wp-json\/wp\/v2\/tags?post=4674"}],"curies":[{"name":"wp","href":"https:\/\/api.w.org\/{rel}","templated":true}]}}