{"id":4679,"date":"2023-10-27T16:04:11","date_gmt":"2023-10-27T14:04:11","guid":{"rendered":"https:\/\/www.vacalia.com\/blog\/?p=4679"},"modified":"2025-07-08T11:36:38","modified_gmt":"2025-07-08T09:36:38","slug":"descubriendo-la-magia-del-otono-en-el-valle-del-genal","status":"publish","type":"post","link":"https:\/\/www.vacalia.com\/blog\/es\/descubriendo-la-magia-del-otono-en-el-valle-del-genal\/","title":{"rendered":"Descubriendo la magia del oto\u00f1o en el Valle del Genal"},"content":{"rendered":"\n<p>Bienvenidos a un viaje m\u00e1gico a trav\u00e9s del tiempo y la naturaleza, donde el oto\u00f1o se muestra en todo su esplendor. Si est\u00e1is buscando una escapada aut\u00e9ntica y alejada de las multitudes, no busqu\u00e9is m\u00e1s, elige descubrir el Valle del Genal en la provincia de <strong><a href=\"https:\/\/www.vacalia.com\/es\/alojamiento-vacacional-malaga\" target=\"_blank\" rel=\"noreferrer noopener\">M\u00e1laga<\/a><\/strong>. En esta temporada, este rinc\u00f3n escondido de Andaluc\u00eda se transforma en un espect\u00e1culo de colores, sabores y experiencias que os dejar\u00e1 sin aliento. As\u00ed que, preparaos para sumergiros en un viaje inolvidable por el Valle del Genal en oto\u00f1o.<\/p>\n\n\n\n<h2 class=\"wp-block-heading has-medium-font-size\"><strong>Alojamiento cerca del Valle del Genal&nbsp;<\/strong><\/h2>\n\n\n\n<p>Desde <strong><a href=\"https:\/\/www.vacalia.com\/es\/alquiler-vacacional-malaga\" target=\"_blank\" rel=\"noreferrer noopener\">Vacalia<\/a><\/strong> os recomendamos buscar en nuestra web alguna casa en la costa del sol para as\u00ed combinar una experiencia de mar y monta\u00f1a. Por ejemplo, <strong><a href=\"https:\/\/www.vacalia.com\/es\/estepona-p1255\" target=\"_blank\" rel=\"noreferrer noopener\">Estepona<\/a><\/strong> o <strong><a href=\"https:\/\/www.vacalia.com\/es\/marbella-p1440\" target=\"_blank\" rel=\"noreferrer noopener\">Marbella<\/a><\/strong> puede ser un buen lugar para alojarte, disfrutar de la tranquilidad de estas ciudades en oto\u00f1o y combinarlo con varias excursiones al Valle del Genal.<\/p>\n\n\n\n<h2 class=\"wp-block-heading has-medium-font-size\"><strong>La belleza oculta del Valle del Genal<\/strong><\/h2>\n\n\n\n<p>El Valle del Genal es un tesoro escondido en la provincia de M\u00e1laga, conocido por sus encantadores pueblos blancos y su paisaje monta\u00f1oso. Este rinc\u00f3n de Andaluc\u00eda ofrece una experiencia aut\u00e9ntica y rural que os transportar\u00e1 a otra \u00e9poca.&nbsp;<\/p>\n\n\n\n<p>Los pueblos blancos del Valle del Genal tienen un encanto que es dif\u00edcil de describir con palabras. Cada uno de ellos tiene su propia personalidad y ofrece una experiencia \u00fanica.<\/p>\n\n\n<div class=\"wp-block-image\">\n<figure class=\"aligncenter size-full\"><img fetchpriority=\"high\" decoding=\"async\" width=\"670\" height=\"300\" src=\"https:\/\/www.vacalia.com\/blog\/wp-content\/uploads\/2023\/10\/pueblo-blanco-benarraba.jpg\" alt=\"Pueblos blancos del Valle del Genal\" class=\"wp-image-4684\" srcset=\"https:\/\/www.vacalia.com\/blog\/wp-content\/uploads\/2023\/10\/pueblo-blanco-benarraba.jpg 670w, https:\/\/www.vacalia.com\/blog\/wp-content\/uploads\/2023\/10\/pueblo-blanco-benarraba-300x134.jpg 300w\" sizes=\"(max-width: 767px) 100vw, 670px\" \/><figcaption class=\"wp-element-caption\"><em>Pueblos blancos del Valle del Genal<\/em><\/figcaption><\/figure><\/div>\n\n\n<p><strong>Algatoc\u00edn<\/strong>, por ejemplo, es conocido por sus impresionantes vistas panor\u00e1micas y su ambiente tranquilo.<\/p>\n\n\n<div class=\"wp-block-image\">\n<figure class=\"aligncenter size-full\"><img decoding=\"async\" width=\"670\" height=\"300\" src=\"https:\/\/www.vacalia.com\/blog\/wp-content\/uploads\/2023\/10\/vistas-algatocin.jpg\" alt=\"Vistas panor\u00e1micas en Algatoc\u00edn\" class=\"wp-image-4680\" srcset=\"https:\/\/www.vacalia.com\/blog\/wp-content\/uploads\/2023\/10\/vistas-algatocin.jpg 670w, https:\/\/www.vacalia.com\/blog\/wp-content\/uploads\/2023\/10\/vistas-algatocin-300x134.jpg 300w\" sizes=\"(max-width: 767px) 100vw, 670px\" \/><figcaption class=\"wp-element-caption\"><em>Vistas panor\u00e1micas en Algatoc\u00edn<\/em><\/figcaption><\/figure><\/div>\n\n\n<p><strong>Genalguacil<\/strong>, por otro lado, es famoso por su museo al aire libre y sus obras de arte en las calles.<\/p>\n\n\n<div class=\"wp-block-image\">\n<figure class=\"aligncenter size-full\"><img decoding=\"async\" width=\"670\" height=\"300\" src=\"https:\/\/www.vacalia.com\/blog\/wp-content\/uploads\/2023\/10\/pueblo-museo-genalguacil.jpg\" alt=\"Museo al aire libre de Genalguacil\" class=\"wp-image-4683\" srcset=\"https:\/\/www.vacalia.com\/blog\/wp-content\/uploads\/2023\/10\/pueblo-museo-genalguacil.jpg 670w, https:\/\/www.vacalia.com\/blog\/wp-content\/uploads\/2023\/10\/pueblo-museo-genalguacil-300x134.jpg 300w\" sizes=\"(max-width: 767px) 100vw, 670px\" \/><figcaption class=\"wp-element-caption\"><em>Museo al aire libre de Genalguacil<\/em><\/figcaption><\/figure><\/div>\n\n\n<p><strong>Benarrab\u00e1<\/strong> y <strong>Jubrique<\/strong>, con sus calles adoquinadas y sus casas tradicionales, os sumergir\u00e1n en la vida rural andaluza. Pod\u00e9is dar un paseo por estos pueblos, interactuar con los lugare\u00f1os amigables y sentir la autenticidad que impregna cada rinc\u00f3n.<\/p>\n\n\n\n<h2 class=\"wp-block-heading has-medium-font-size\"><strong>El espect\u00e1culo de los colores oto\u00f1ales<\/strong><\/h2>\n\n\n\n<p>Uno de los mayores atractivos del Valle del Genal en oto\u00f1o es su paleta de colores. Los \u00e1rboles que salpican la regi\u00f3n se ti\u00f1en de tonalidades doradas, rojas y anaranjadas, creando un espect\u00e1culo visual. Los bosques de casta\u00f1os, conocidos como \u00abcasta\u00f1ares\u00bb, son especialmente impactantes en esta temporada. Los senderos que serpentean a trav\u00e9s de estos bosques ofrecen oportunidades para caminatas y paseos inolvidables mientras las hojas crujen bajo vuestros pies. Los amantes de la fotograf\u00eda encontrar\u00e1n innumerables oportunidades para capturar la belleza de este entorno \u00fanico.<\/p>\n\n\n\n<h2 class=\"wp-block-heading has-medium-font-size\"><strong>Senderismo y naturaleza en estado puro<\/strong><\/h2>\n\n\n\n<p>En esta zona, encontrar\u00e1s diversas rutas de senderismo, pero aquellas que reciben las m\u00e1s altas valoraciones son las que atraviesan el <strong>Bosque de Cobre<\/strong>, enlazando encantadoras localidades. Es importante seguir los senderos locales o disfrutar de sus panor\u00e1micas desde los miradores cercanos.&nbsp;<\/p>\n\n\n<div class=\"wp-block-image\">\n<figure class=\"aligncenter size-full\"><img loading=\"lazy\" decoding=\"async\" width=\"670\" height=\"300\" src=\"https:\/\/www.vacalia.com\/blog\/wp-content\/uploads\/2023\/10\/bosque-de-cobre.jpg\" alt=\"Bosque de Cobre\" class=\"wp-image-4681\" srcset=\"https:\/\/www.vacalia.com\/blog\/wp-content\/uploads\/2023\/10\/bosque-de-cobre.jpg 670w, https:\/\/www.vacalia.com\/blog\/wp-content\/uploads\/2023\/10\/bosque-de-cobre-300x134.jpg 300w\" sizes=\"(max-width: 767px) 100vw, 670px\" \/><figcaption class=\"wp-element-caption\"><em>Bosque de Cobre<\/em><\/figcaption><\/figure><\/div>\n\n\n<p>Tambi\u00e9n pod\u00e9is explorar el Parque Natural de la Sierra de las Nieves, donde encontrar\u00e9is cascadas, r\u00edos y una diversidad de fauna y flora.<\/p>\n\n\n\n<h2 class=\"wp-block-heading has-medium-font-size\"><strong>Casta\u00f1as frescas en su punto \u00e1lgido<\/strong><\/h2>\n\n\n\n<p>El oto\u00f1o es la temporada de las casta\u00f1as, y el Valle del Genal es famoso por la calidad de este manjar. Durante vuestra visita en esta temporada, tendr\u00e9is la oportunidad de recoger casta\u00f1as frescas directamente de los \u00e1rboles o comprarlas en los mercados locales. Asar casta\u00f1as en una fogata o en el horno es una tradici\u00f3n com\u00fan en la regi\u00f3n, y el aroma que inunda el aire es simplemente irresistible.<\/p>\n\n\n\n<p>Adem\u00e1s de disfrutar de las casta\u00f1as asadas, no os perd\u00e1is la oportunidad de probar otros platos tradicionales que incorporan este ingrediente. La sopa de casta\u00f1as es reconfortante y llena de sabor, mientras que los dulces hechos a base de casta\u00f1as son una delicia que no deb\u00e9is dejar de probar.<\/p>\n\n\n\n<h2 class=\"wp-block-heading has-medium-font-size\"><strong>Gastronom\u00eda rural en su m\u00e1xima expresi\u00f3n<\/strong><\/h2>\n\n\n\n<p>La gastronom\u00eda del Valle del Genal en oto\u00f1o es un deleite para los amantes de la comida casera y aut\u00e9ntica. Los platos de la regi\u00f3n reflejan la vida rural y la tradici\u00f3n culinaria de la zona. En los restaurantes locales, podr\u00e9is probar delicias como el potaje de hinojos, las migas serranas y la carne de caza, que se sirve en guisos llenos de sabor.<\/p>\n\n\n\n<p>Acompa\u00f1ad vuestra comida con un vino de la regi\u00f3n, y no olvid\u00e9is probar el aceite de oliva virgen extra producido en la zona. La combinaci\u00f3n de sabores frescos y aut\u00e9nticos har\u00e1 que cada comida sea una experiencia memorable.<\/p>\n\n\n\n<h2 class=\"wp-block-heading has-medium-font-size\"><strong>Eventos y festividades oto\u00f1ales<\/strong><\/h2>\n\n\n\n<p>El Valle del Genal no solo es un lugar de belleza natural, sino que tambi\u00e9n alberga eventos y festividades especiales durante el oto\u00f1o. Uno de los eventos m\u00e1s destacados es la fiesta en honor a casta\u00f1a, llamada \u201ctost\u00f3n\u201d y cada pueblo tiene la suya. Esta feria es una oportunidad \u00fanica para probar casta\u00f1as asadas y otros productos locales, as\u00ed como para disfrutar de m\u00fasica y bailes tradicionales. Se celebran alrededor de la Fiesta de Todos los Santos.<\/p>\n\n\n\n<p>Adem\u00e1s, si ten\u00e9is la suerte de visitar el Valle del Genal a finales de noviembre, podr\u00e9is asistir a la Fiesta del Mosto en <strong>Atajate<\/strong> y <strong>Cartajima<\/strong>, donde podr\u00e9is degustar mosto fresco y disfrutar de actuaciones en vivo y actividades culturales.<\/p>\n\n\n\n<h2 class=\"wp-block-heading has-medium-font-size\"><strong>Oto\u00f1o en el Valle del Genal, una aventura inolvidable<\/strong><\/h2>\n\n\n\n<p>En conclusi\u00f3n, una visita al Valle del Genal en oto\u00f1o es una experiencia que se queda grabada en la memoria para siempre. La combinaci\u00f3n de colores oto\u00f1ales, la deliciosa gastronom\u00eda, la vida rural aut\u00e9ntica y la belleza natural hacen que este rinc\u00f3n de Andaluc\u00eda sea un destino m\u00e1gico. <a href=\"https:\/\/www.vacalia.com\/es\" target=\"_blank\" rel=\"noreferrer noopener\"><strong>Si busc\u00e1is una escapada tranquila y fuera de lo com\u00fan<\/strong><\/a>, no dud\u00e9is en explorar el Valle del Genal en oto\u00f1o y dejaros seducir por su encanto \u00fanico. Este viaje os llevar\u00e1 a trav\u00e9s de una Espa\u00f1a aut\u00e9ntica que sigue siendo un secreto bien guardado.<\/p>\n\n\n<div class=\"bannerBlog\"><div class=\"new-card-houses\">\n    <div class=\"likeOut likeDivOut\" style=\"display:none\">\n        <a data-id=\"3763\" class=\"likeOut_button_red likeBtnFav\"\n            aria-label=\"Megusta Vacalia\"><\/a>\n    <\/div>\n    <figure>\n        <img loading=\"lazy\" decoding=\"async\" \n            loading=\"lazy\" width=\"301\" height=\"200\"\n            src=\"\/\/media.vacalia.com\/photo\/reformatwebpfolder\/350\/200\/3763\/thumb-middle\/3763_af04cefafa60ef9d8449b74d5ff76cb9.webp?v=21092023\"\n            alt=\"Villa la tuna - Alquiler vacacional en Benalm\u00e1dena\"\/>\n                                                                        <div class=\"circleDiscount\">-24%<\/div>\n                        <\/figure>\n    <p itemprop=\"address\"><i class=\"ico-marker\"><\/i>Benalm\u00e1dena, M\u00e1laga<\/p>\n    <h3 itemprop=\"name\">Villa la tuna<\/h3>\n    <ul class=\"icon_list inline_list\">\n                              <li class=\"ico-pool\" title=\"Piscina\">\n              <span itemprop=\"amenityFeature\">Piscina<\/span>\n            <\/li>\n                      <li class=\"ico-airConditioning\" title=\"Aire Acondicionado\">\n              <span itemprop=\"amenityFeature\">Aire Acondicionado<\/span>\n            <\/li>\n                      <li class=\"ico-wifi\" title=\"Wifi\">\n              <span itemprop=\"amenityFeature\">Wifi<\/span>\n            <\/li>\n                      <li class=\"ico-views\" title=\"Vistas\">\n              <span itemprop=\"amenityFeature\">Vistas<\/span>\n            <\/li>\n                          <li class=\"ico-guests\" title=\"Para 8 hu\u00e9spedes en Benalm\u00e1dena.\">\n          <span itemprop=\"occupancy\">8<\/span>\n        <\/li>\n    <\/ul>\n            <span class=\"price\">Desde 209\u20ac \/ noche<\/span>\n                <a itemprop=\"url\" class=\"anchor\" href=\"https:\/\/www.vacalia.com\/es\/villa-villa-la-tuna-benalmadena-h24947\" aria-label=\"Villa la tuna\"><\/a>\n<\/div><div class=\"new-card-houses\">\n    <div class=\"likeOut likeDivOut\" style=\"display:none\">\n        <a data-id=\"3946\" class=\"likeOut_button_red likeBtnFav\"\n            aria-label=\"Megusta Vacalia\"><\/a>\n    <\/div>\n    <figure>\n        <img loading=\"lazy\" decoding=\"async\" \n            loading=\"lazy\" width=\"301\" height=\"200\"\n            src=\"\/\/media.vacalia.com\/photo\/reformatwebpfolder\/350\/200\/3946\/thumb-middle\/3946_bd1ae11f7436ac766a175fc26cb6c02d.webp?v=21092023\"\n            alt=\"El morche - Alquiler vacacional en El Morche\"\/>\n                                                                        <div class=\"circleDiscount\">-6%<\/div>\n                        <\/figure>\n    <p itemprop=\"address\"><i class=\"ico-marker\"><\/i>El Morche, M\u00e1laga<\/p>\n    <h3 itemprop=\"name\">El morche<\/h3>\n    <ul class=\"icon_list inline_list\">\n                              <li class=\"ico-pool\" title=\"Piscina\">\n              <span itemprop=\"amenityFeature\">Piscina<\/span>\n            <\/li>\n                      <li class=\"ico-airConditioning\" title=\"Aire Acondicionado\">\n              <span itemprop=\"amenityFeature\">Aire Acondicionado<\/span>\n            <\/li>\n                      <li class=\"ico-wifi\" title=\"Wifi\">\n              <span itemprop=\"amenityFeature\">Wifi<\/span>\n            <\/li>\n                      <li class=\"ico-views\" title=\"Vistas\">\n              <span itemprop=\"amenityFeature\">Vistas<\/span>\n            <\/li>\n                          <li class=\"ico-guests\" title=\"Para 2+2   hu\u00e9spedes en El Morche.\">\n          <span itemprop=\"occupancy\">2+2  <\/span>\n        <\/li>\n    <\/ul>\n            <span class=\"price\">Desde 77\u20ac \/ noche<\/span>\n                <a itemprop=\"url\" class=\"anchor\" href=\"https:\/\/www.vacalia.com\/es\/apartamento-el-morche-torrox-h25339\" aria-label=\"El morche\"><\/a>\n<\/div><\/div>\n","protected":false},"excerpt":{"rendered":"<p>Bienvenidos a un viaje m\u00e1gico a trav\u00e9s del tiempo y la naturaleza, donde el oto\u00f1o se muestra en todo su esplendor. Si est\u00e1is buscando una escapada aut\u00e9ntica y alejada de&hellip;<\/p>\n","protected":false},"author":1,"featured_media":4681,"comment_status":"closed","ping_status":"open","sticky":false,"template":"","format":"standard","meta":{"_monsterinsights_skip_tracking":false,"_monsterinsights_sitenote_active":false,"_monsterinsights_sitenote_note":"","_monsterinsights_sitenote_category":0,"footnotes":""},"categories":[537,595,1,571],"tags":[],"class_list":["post-4679","post","type-post","status-publish","format-standard","has-post-thumbnail","hentry","category-malaga-es","category-que-hacer-en-malaga","category-general-es","category-guias-de-malaga"],"_links":{"self":[{"href":"https:\/\/www.vacalia.com\/blog\/wp-json\/wp\/v2\/posts\/4679"}],"collection":[{"href":"https:\/\/www.vacalia.com\/blog\/wp-json\/wp\/v2\/posts"}],"about":[{"href":"https:\/\/www.vacalia.com\/blog\/wp-json\/wp\/v2\/types\/post"}],"author":[{"embeddable":true,"href":"https:\/\/www.vacalia.com\/blog\/wp-json\/wp\/v2\/users\/1"}],"replies":[{"embeddable":true,"href":"https:\/\/www.vacalia.com\/blog\/wp-json\/wp\/v2\/comments?post=4679"}],"version-history":[{"count":8,"href":"https:\/\/www.vacalia.com\/blog\/wp-json\/wp\/v2\/posts\/4679\/revisions"}],"predecessor-version":[{"id":7608,"href":"https:\/\/www.vacalia.com\/blog\/wp-json\/wp\/v2\/posts\/4679\/revisions\/7608"}],"wp:featuredmedia":[{"embeddable":true,"href":"https:\/\/www.vacalia.com\/blog\/wp-json\/wp\/v2\/media\/4681"}],"wp:attachment":[{"href":"https:\/\/www.vacalia.com\/blog\/wp-json\/wp\/v2\/media?parent=4679"}],"wp:term":[{"taxonomy":"category","embeddable":true,"href":"https:\/\/www.vacalia.com\/blog\/wp-json\/wp\/v2\/categories?post=4679"},{"taxonomy":"post_tag","embeddable":true,"href":"https:\/\/www.vacalia.com\/blog\/wp-json\/wp\/v2\/tags?post=4679"}],"curies":[{"name":"wp","href":"https:\/\/api.w.org\/{rel}","templated":true}]}}