{"id":4691,"date":"2023-10-27T16:06:01","date_gmt":"2023-10-27T14:06:01","guid":{"rendered":"https:\/\/www.vacalia.com\/blog\/?p=4691"},"modified":"2024-08-28T09:04:17","modified_gmt":"2024-08-28T07:04:17","slug":"entdecken-sie-den-zauber-des-herbstes-im-genal-tal","status":"publish","type":"post","link":"https:\/\/www.vacalia.com\/blog\/entdecken-sie-den-zauber-des-herbstes-im-genal-tal\/","title":{"rendered":"Entdecken Sie den Zauber des Herbstes im Genal-Tal"},"content":{"rendered":"\n<p>Willkommen zu einer magischen Reise durch die Zeit und die Natur, wo der Herbst in seiner ganzen Pracht erscheint. Wenn Sie nach einem authentischen Ausflug abseits der Menschenmassen suchen, suchen Sie nicht weiter, w\u00e4hlen Sie die Entdeckung des Genal-Tals in der Provinz <strong><a href=\"https:\/\/www.vacalia.com\/de\/malaga-urlaub\" target=\"_blank\" rel=\"noreferrer noopener\">M\u00e1laga<\/a><\/strong>. In dieser Jahreszeit verwandelt sich diese versteckte Ecke Andalusiens in ein Spektakel aus Farben, Aromen und Erlebnissen, die Sie sprachlos machen werden. Also bereiten Sie sich auf eine unvergessliche Reise durch das Genal-Tal im Herbst vor.<\/p>\n\n\n\n<h3 class=\"wp-block-heading\"><strong>Unterkunft in der N\u00e4he des Genal-Tals<\/strong><\/h3>\n\n\n\n<p>Von <strong><a href=\"https:\/\/www.vacalia.com\/de\/ferienhaus-malaga\" target=\"_blank\" rel=\"noreferrer noopener\">Vacalia<\/a><\/strong> empfehlen wir Ihnen, auf unserer Website nach einem Ferienhaus an der Costa del Sol zu suchen, um ein Erlebnis aus Meer und Bergen zu kombinieren. Zum Beispiel k\u00f6nnen <strong><a href=\"https:\/\/www.vacalia.com\/de\/estepona-p1255\" target=\"_blank\" rel=\"noreferrer noopener\">Estepona<\/a><\/strong> oder <strong><a href=\"https:\/\/www.vacalia.com\/de\/marbella-p1440\" target=\"_blank\" rel=\"noreferrer noopener\">Marbella<\/a><\/strong> gute Orte sein, um zu \u00fcbernachten, die Ruhe dieser St\u00e4dte im Herbst zu genie\u00dfen und sie mit mehreren Ausfl\u00fcgen ins Genal-Tal zu verbinden.<\/p>\n\n\n\n<h3 class=\"wp-block-heading\"><strong>Die versteckte Sch\u00f6nheit des Genal-Tals<\/strong><\/h3>\n\n\n\n<p>Das Genal-Tal ist ein verborgener Schatz in der Provinz M\u00e1laga, bekannt f\u00fcr seine charmanten wei\u00dfen D\u00f6rfer und seine bergige Landschaft. Diese Ecke Andalusiens bietet eine authentische l\u00e4ndliche Erfahrung, die Sie in eine andere Zeit versetzen wird.<\/p>\n\n\n\n<p>Die wei\u00dfen D\u00f6rfer des Genal-Tals haben einen Charme, der schwer in Worte zu fassen ist. Jedes von ihnen hat seine eigene Pers\u00f6nlichkeit und bietet ein einzigartiges Erlebnis.<\/p>\n\n\n<div class=\"wp-block-image\">\n<figure class=\"aligncenter size-full\"><img fetchpriority=\"high\" decoding=\"async\" width=\"670\" height=\"300\" src=\"https:\/\/www.vacalia.com\/blog\/wp-content\/uploads\/2023\/10\/pueblo-blanco-benarraba.jpg\" alt=\"Wei\u00dfe D\u00f6rfer im Genal-Tal\" class=\"wp-image-4684\" srcset=\"https:\/\/www.vacalia.com\/blog\/wp-content\/uploads\/2023\/10\/pueblo-blanco-benarraba.jpg 670w, https:\/\/www.vacalia.com\/blog\/wp-content\/uploads\/2023\/10\/pueblo-blanco-benarraba-300x134.jpg 300w\" sizes=\"(max-width: 767px) 100vw, 670px\" \/><figcaption class=\"wp-element-caption\"><em>Wei\u00dfe D\u00f6rfer im Genal-Tal<\/em><\/figcaption><\/figure><\/div>\n\n\n<p><strong>Algatoc\u00edn<\/strong> ist zum Beispiel bekannt f\u00fcr seine atemberaubenden Panoramablicke und seine ruhige Atmosph\u00e4re.<\/p>\n\n\n<div class=\"wp-block-image\">\n<figure class=\"aligncenter size-full\"><img decoding=\"async\" width=\"670\" height=\"300\" src=\"https:\/\/www.vacalia.com\/blog\/wp-content\/uploads\/2023\/10\/image.png\" alt=\"Panoramablick in Algatoc\u00edn\" class=\"wp-image-4692\" srcset=\"https:\/\/www.vacalia.com\/blog\/wp-content\/uploads\/2023\/10\/image.png 670w, https:\/\/www.vacalia.com\/blog\/wp-content\/uploads\/2023\/10\/image-300x134.png 300w\" sizes=\"(max-width: 767px) 100vw, 670px\" \/><figcaption class=\"wp-element-caption\"><em>Panoramablick in Algatoc\u00edn<\/em><\/figcaption><\/figure><\/div>\n\n\n<p><strong>Genalguacil<\/strong> hingegen ist ber\u00fchmt f\u00fcr sein Freilichtmuseum und seine Kunstwerke auf den Stra\u00dfen.<\/p>\n\n\n<div class=\"wp-block-image\">\n<figure class=\"aligncenter size-full\"><img decoding=\"async\" width=\"670\" height=\"300\" src=\"https:\/\/www.vacalia.com\/blog\/wp-content\/uploads\/2023\/10\/pueblo-museo-genalguacil.jpg\" alt=\"Freilichtmuseum von Genalguacil\" class=\"wp-image-4683\" srcset=\"https:\/\/www.vacalia.com\/blog\/wp-content\/uploads\/2023\/10\/pueblo-museo-genalguacil.jpg 670w, https:\/\/www.vacalia.com\/blog\/wp-content\/uploads\/2023\/10\/pueblo-museo-genalguacil-300x134.jpg 300w\" sizes=\"(max-width: 767px) 100vw, 670px\" \/><figcaption class=\"wp-element-caption\"><em>Freilichtmuseum von Genalguacil<\/em><\/figcaption><\/figure><\/div>\n\n\n<p><strong>Benarrab\u00e1<\/strong> und <strong>Jubrique<\/strong> mit ihren gepflasterten Stra\u00dfen und traditionellen H\u00e4usern werden Sie in das l\u00e4ndliche Leben Andalusiens eintauchen lassen. Sie k\u00f6nnen durch diese D\u00f6rfer spazieren, mit freundlichen Einheimischen interagieren und die Authentizit\u00e4t sp\u00fcren, die jeden Winkel durchdringt.<\/p>\n\n\n\n<h3 class=\"wp-block-heading\"><strong>Die Show der Herbstfarben<\/strong><\/h3>\n\n\n\n<p>Eine der gr\u00f6\u00dften Attraktionen des Genal-Tals im Herbst ist seine Farbpalette. Die B\u00e4ume, die die Region durchziehen, f\u00e4rben sich in goldene, rote und orangefarbene T\u00f6ne und schaffen ein visuelles Spektakel. Die Kastanienw\u00e4lder, bekannt als \u00abKastanienhaine\u00bb, sind besonders beeindruckend in dieser Jahreszeit. Die Pfade, die durch diese W\u00e4lder schl\u00e4ngeln, bieten M\u00f6glichkeiten f\u00fcr unvergessliche Wanderungen und Spazierg\u00e4nge, w\u00e4hrend die Bl\u00e4tter unter Ihren F\u00fc\u00dfen knistern. Fotoliebhaber finden unz\u00e4hlige Gelegenheiten, die Sch\u00f6nheit dieser einzigartigen Umgebung festzuhalten.<\/p>\n\n\n\n<h3 class=\"wp-block-heading\"><strong>Wandern und unber\u00fchrte Natur<\/strong><\/h3>\n\n\n\n<p>In dieser Gegend finden Sie verschiedene Wanderwege, aber diejenigen, die die besten Bewertungen erhalten, sind diejenigen, die durch den <strong>Kupferwald<\/strong> f\u00fchren und bezaubernde D\u00f6rfer miteinander verbinden. Es ist wichtig, den \u00f6rtlichen Wanderwegen zu folgen oder sie von den nahegelegenen Aussichtspunkten aus zu genie\u00dfen.<\/p>\n\n\n<div class=\"wp-block-image\">\n<figure class=\"aligncenter size-full\"><img loading=\"lazy\" decoding=\"async\" width=\"670\" height=\"300\" src=\"https:\/\/www.vacalia.com\/blog\/wp-content\/uploads\/2023\/10\/bosque-de-cobre.jpg\" alt=\"Kupferwald\" class=\"wp-image-4681\" srcset=\"https:\/\/www.vacalia.com\/blog\/wp-content\/uploads\/2023\/10\/bosque-de-cobre.jpg 670w, https:\/\/www.vacalia.com\/blog\/wp-content\/uploads\/2023\/10\/bosque-de-cobre-300x134.jpg 300w\" sizes=\"(max-width: 767px) 100vw, 670px\" \/><figcaption class=\"wp-element-caption\"><em>Kupferwald<\/em><\/figcaption><\/figure><\/div>\n\n\n<p>Sie k\u00f6nnen auch den Naturpark Sierra de las Nieves erkunden, wo Sie Wasserf\u00e4lle, Fl\u00fcsse und eine Vielfalt an Flora und Fauna finden.<\/p>\n\n\n\n<h3 class=\"wp-block-heading\"><strong>Frische Kastanien in ihrer Hochsaison<\/strong><\/h3>\n\n\n\n<p>Der Herbst ist die Saison der Kastanien, und das Genal-Tal ist bekannt f\u00fcr die Qualit\u00e4t dieses Leckerbissens. W\u00e4hrend Ihres Besuchs in dieser Jahreszeit haben Sie die Gelegenheit, frische Kastanien direkt von den B\u00e4umen zu sammeln oder sie auf den \u00f6rtlichen M\u00e4rkten zu kaufen. Kastanien zu r\u00f6sten, sei es \u00fcber einem Feuer oder im Ofen, ist in der Region eine g\u00e4ngige Tradition, und der Duft, der die Luft erf\u00fcllt, ist einfach unwiderstehlich.<\/p>\n\n\n\n<p>Neben dem Genuss von ger\u00f6steten Kastanien sollten Sie auch nicht die Gelegenheit verpassen, andere traditionelle Gerichte zu probieren, die diese Zutat enthalten. Die Kastaniensuppe ist tr\u00f6stlich und voller Geschmack, w\u00e4hrend S\u00fc\u00dfigkeiten aus Kastanien eine K\u00f6stlichkeit sind, die Sie unbedingt probieren sollten.<\/p>\n\n\n\n<h3 class=\"wp-block-heading\"><strong>L\u00e4ndliche Gastronomie in ihrer besten Form<\/strong><\/h3>\n\n\n\n<p>Die Gastronomie des Genal-Tals im Herbst ist ein Genuss f\u00fcr Liebhaber von hausgemachtem und authentischem Essen. Die Gerichte der Region spiegeln das l\u00e4ndliche Leben und die kulinarische Tradition der Gegend wider. In \u00f6rtlichen Restaurants k\u00f6nnen Sie K\u00f6stlichkeiten wie Fenchel-Eintopf, Bergmehlbrei und Wildfleisch probieren, das in geschmackvollen Eint\u00f6pfen serviert wird.<\/p>\n\n\n\n<p>Begleiten Sie Ihr Essen mit einem Wein aus der Region und vergessen Sie nicht, das extra natives Oliven\u00f6l aus der Gegend zu probieren. Die Kombination aus frischen und authentischen Aromen macht jede Mahlzeit zu einem unvergesslichen Erlebnis.<\/p>\n\n\n\n<h3 class=\"wp-block-heading\"><strong>Herbstliche Veranstaltungen und Feierlichkeiten<\/strong><\/h3>\n\n\n\n<p>Das Genal-Tal ist nicht nur ein Ort von nat\u00fcrlicher Sch\u00f6nheit, sondern beherbergt auch besondere Veranstaltungen und Feierlichkeiten im Herbst. Eine der herausragendsten Veranstaltungen ist das Kastanienfest, genannt \u00abTost\u00f3n\u00bb, und jede Stadt hat ihr eigenes. Dieses Fest ist eine einzigartige Gelegenheit, ger\u00f6stete Kastanien und andere lokale Produkte zu probieren, sowie traditionelle Musik und T\u00e4nze zu genie\u00dfen. Es findet rund um Allerheiligen statt.<\/p>\n\n\n\n<p>Au\u00dferdem, wenn Sie das Gl\u00fcck haben, das Genal-Tal Ende November zu besuchen, k\u00f6nnen Sie am Mostfest in <strong>Atajate<\/strong> und <strong>Cartajima<\/strong> teilnehmen, bei dem Sie frischen Most kosten und Live-Auff\u00fchrungen und kulturelle Aktivit\u00e4ten genie\u00dfen k\u00f6nnen.<\/p>\n\n\n\n<h3 class=\"wp-block-heading\"><strong>Herbst im Genal-Tal, ein unvergessliches Abenteuer<\/strong><\/h3>\n\n\n\n<p>Zusammenfassend l\u00e4sst sich sagen, dass ein Besuch im Genal-Tal im Herbst ein Erlebnis ist, das f\u00fcr immer in Erinnerung bleibt. Die Kombination aus Herbstfarben, k\u00f6stlicher Gastronomie, authentischem l\u00e4ndlichem Leben und nat\u00fcrlicher Sch\u00f6nheit macht diese Ecke Andalusiens zu einem magischen Reiseziel. <a href=\"https:\/\/www.vacalia.com\/de\" target=\"_blank\" rel=\"noreferrer noopener\">Wenn Sie nach einem ruhigen und au\u00dfergew\u00f6hnlichen Ausflug suchen<\/a>, z\u00f6gern Sie nicht, das Genal-Tal im Herbst zu erkunden und sich von seinem einzigartigen Charme verzaubern zu lassen. Diese Reise f\u00fchrt Sie durch ein authentisches Spanien, das immer noch ein gut geh\u00fctetes Geheimnis ist.<\/p>\n\n\n<div class=\"bannerBlog\"><div class=\"new-card-houses\">\n    <div class=\"likeOut likeDivOut\" style=\"display:none\">\n        <a data-id=\"3946\" class=\"likeOut_button_red likeBtnFav\"\n            aria-label=\"Megusta Vacalia\"><\/a>\n    <\/div>\n    <figure>\n        <img loading=\"lazy\" decoding=\"async\" \n            loading=\"lazy\" width=\"301\" height=\"200\"\n            src=\"\/\/media.vacalia.com\/photo\/reformatwebpfolder\/350\/200\/3946\/thumb-middle\/3946_bd1ae11f7436ac766a175fc26cb6c02d.webp?v=21092023\"\n            alt=\"El morche - Ferienhaus auf El Morche\"\/>\n                                                                        <div class=\"circleDiscount\">-6%<\/div>\n                        <\/figure>\n    <p itemprop=\"address\"><i class=\"ico-marker\"><\/i>El Morche, M\u00e1laga<\/p>\n    <h3 itemprop=\"name\">El morche<\/h3>\n    <ul class=\"icon_list inline_list\">\n                              <li class=\"ico-pool\" title=\"Pool\">\n              <span itemprop=\"amenityFeature\">Pool<\/span>\n            <\/li>\n                      <li class=\"ico-airConditioning\" title=\"Klimaanlage\">\n              <span itemprop=\"amenityFeature\">Klimaanlage<\/span>\n            <\/li>\n                      <li class=\"ico-wifi\" title=\"Wifi\">\n              <span itemprop=\"amenityFeature\">Wifi<\/span>\n            <\/li>\n                      <li class=\"ico-views\" title=\"Ausblick\">\n              <span itemprop=\"amenityFeature\">Ausblick<\/span>\n            <\/li>\n                          <li class=\"ico-guests\" title=\"F\u00fcr 2+2   G\u00e4ste in El Morche.\">\n          <span itemprop=\"occupancy\">2+2  <\/span>\n        <\/li>\n    <\/ul>\n            <span class=\"price\">Ab 77\u20ac \/ Nacht<\/span>\n                <a itemprop=\"url\" class=\"anchor\" href=\"https:\/\/www.vacalia.com\/de\/apartment-el-morche-torrox-h25342\" aria-label=\"El morche\"><\/a>\n<\/div><div class=\"new-card-houses\">\n    <div class=\"likeOut likeDivOut\" style=\"display:none\">\n        <a data-id=\"4517\" class=\"likeOut_button_red likeBtnFav\"\n            aria-label=\"Megusta Vacalia\"><\/a>\n    <\/div>\n    <figure>\n        <img loading=\"lazy\" decoding=\"async\" \n            loading=\"lazy\" width=\"301\" height=\"200\"\n            src=\"\/\/media.vacalia.com\/photo\/reformatwebpfolder\/350\/200\/4517\/thumb-middle\/4517_6843403961268b138bde72436826aab0.webp?v=21092023\"\n            alt=\"Calanova - Ferienhaus auf Mijas\"\/>\n                                                                        <div class=\"circleDiscount\">-46%<\/div>\n                        <\/figure>\n    <p itemprop=\"address\"><i class=\"ico-marker\"><\/i>Mijas, M\u00e1laga<\/p>\n    <h3 itemprop=\"name\">Calanova<\/h3>\n    <ul class=\"icon_list inline_list\">\n                              <li class=\"ico-pool\" title=\"Pool\">\n              <span itemprop=\"amenityFeature\">Pool<\/span>\n            <\/li>\n                      <li class=\"ico-airConditioning\" title=\"Klimaanlage\">\n              <span itemprop=\"amenityFeature\">Klimaanlage<\/span>\n            <\/li>\n                      <li class=\"ico-wifi\" title=\"Wifi\">\n              <span itemprop=\"amenityFeature\">Wifi<\/span>\n            <\/li>\n                          <li class=\"ico-guests\" title=\"F\u00fcr 4 G\u00e4ste in Mijas.\">\n          <span itemprop=\"occupancy\">4<\/span>\n        <\/li>\n    <\/ul>\n            <span class=\"price\">Ab 38\u20ac \/ Nacht<\/span>\n                <a itemprop=\"url\" class=\"anchor\" href=\"https:\/\/www.vacalia.com\/de\/apartment-calanova-mijas-h26294\" aria-label=\"Calanova\"><\/a>\n<\/div><\/div>\n","protected":false},"excerpt":{"rendered":"<p>Willkommen zu einer magischen Reise durch die Zeit und die Natur, wo der Herbst in seiner ganzen Pracht erscheint. Wenn Sie nach einem authentischen Ausflug abseits der Menschenmassen suchen, suchen&hellip;<\/p>\n","protected":false},"author":1,"featured_media":4681,"comment_status":"closed","ping_status":"open","sticky":false,"template":"","format":"standard","meta":{"_monsterinsights_skip_tracking":false,"_monsterinsights_sitenote_active":false,"_monsterinsights_sitenote_note":"","_monsterinsights_sitenote_category":0,"footnotes":""},"categories":[40,547,575,599],"tags":[],"class_list":["post-4691","post","type-post","status-publish","format-standard","has-post-thumbnail","hentry","category-allgemein","category-malaga-de","category-malaga-fuhrer","category-was-kann-man-in-malaga-tun-de"],"_links":{"self":[{"href":"https:\/\/www.vacalia.com\/blog\/wp-json\/wp\/v2\/posts\/4691"}],"collection":[{"href":"https:\/\/www.vacalia.com\/blog\/wp-json\/wp\/v2\/posts"}],"about":[{"href":"https:\/\/www.vacalia.com\/blog\/wp-json\/wp\/v2\/types\/post"}],"author":[{"embeddable":true,"href":"https:\/\/www.vacalia.com\/blog\/wp-json\/wp\/v2\/users\/1"}],"replies":[{"embeddable":true,"href":"https:\/\/www.vacalia.com\/blog\/wp-json\/wp\/v2\/comments?post=4691"}],"version-history":[{"count":3,"href":"https:\/\/www.vacalia.com\/blog\/wp-json\/wp\/v2\/posts\/4691\/revisions"}],"predecessor-version":[{"id":6203,"href":"https:\/\/www.vacalia.com\/blog\/wp-json\/wp\/v2\/posts\/4691\/revisions\/6203"}],"wp:featuredmedia":[{"embeddable":true,"href":"https:\/\/www.vacalia.com\/blog\/wp-json\/wp\/v2\/media\/4681"}],"wp:attachment":[{"href":"https:\/\/www.vacalia.com\/blog\/wp-json\/wp\/v2\/media?parent=4691"}],"wp:term":[{"taxonomy":"category","embeddable":true,"href":"https:\/\/www.vacalia.com\/blog\/wp-json\/wp\/v2\/categories?post=4691"},{"taxonomy":"post_tag","embeddable":true,"href":"https:\/\/www.vacalia.com\/blog\/wp-json\/wp\/v2\/tags?post=4691"}],"curies":[{"name":"wp","href":"https:\/\/api.w.org\/{rel}","templated":true}]}}