{"id":49,"date":"2016-11-25T11:59:47","date_gmt":"2016-11-25T11:59:47","guid":{"rendered":"https:\/\/www.vacalia.com\/blog\/?p=49"},"modified":"2024-02-14T11:44:32","modified_gmt":"2024-02-14T10:44:32","slug":"casas-en-pollensa-norte-de-mallorca","status":"publish","type":"post","link":"https:\/\/www.vacalia.com\/blog\/es\/casas-en-pollensa-norte-de-mallorca\/","title":{"rendered":"Casas en Pollensa para descubrir el norte de Mallorca."},"content":{"rendered":"<p style=\"text-align: justify;\">La isla en si est\u00e1 repleta de lugares y costumbres por conocer, pero Pollensa y Alcudia son un buen lugar por donde empezar. Nuestras casas\u00a0en Pollensa est\u00e1n pensadas para descubriros lo mejor del Norte de Mallorca! Tanto las zonas m\u00e1s urbanizadas como las m\u00e1s tranquilas. \u00a1Aquellas a las que solo puede llegarse andando son incre\u00edbles! Vamos a dividirlo por municipios para poder explicarlo mejor.\u00a0<a href=\"https:\/\/www.vacalia.com\"><img fetchpriority=\"high\" decoding=\"async\" class=\"aligncenter wp-image-55 size-large\" title=\"Pollensa - Vacalia\" src=\"https:\/\/www.vacalia.com\/blog\/wp-content\/uploads\/2016\/11\/12-1-B0742QVM02-1024x427.jpg\" alt=\"Casas en Pollensa\" width=\"1024\" height=\"427\" srcset=\"https:\/\/www.vacalia.com\/blog\/wp-content\/uploads\/2016\/11\/12-1-B0742QVM02-1024x427.jpg 1024w, https:\/\/www.vacalia.com\/blog\/wp-content\/uploads\/2016\/11\/12-1-B0742QVM02-300x125.jpg 300w, https:\/\/www.vacalia.com\/blog\/wp-content\/uploads\/2016\/11\/12-1-B0742QVM02-768x320.jpg 768w, https:\/\/www.vacalia.com\/blog\/wp-content\/uploads\/2016\/11\/12-1-B0742QVM02-1050x438.jpg 1050w, https:\/\/www.vacalia.com\/blog\/wp-content\/uploads\/2016\/11\/12-1-B0742QVM02-1600x667.jpg 1600w, https:\/\/www.vacalia.com\/blog\/wp-content\/uploads\/2016\/11\/12-1-B0742QVM02.jpg 1710w\" sizes=\"(max-width: 1024px) 100vw, 1024px\" \/><\/a><\/p>\n<p style=\"text-align: justify;\"><!--more--><\/p>\n<h2 class=\"post-item__subtitle\" style=\"text-align: justify;\">Qu\u00e9 ver en Pollensa<\/h2>\n<p style=\"text-align: justify;\">Si lo que os est\u00e1is preguntando es qu\u00e9 ver en Pollensa, nos encantar\u00e1 daros algunas pistas sobre por donde deber\u00eda encaminarse vuestro tour. Aunque la zona sea costera y tenga algunos de los paisajes m\u00e1s incre\u00edbles jam\u00e1s vistos, deber\u00edais tambi\u00e9n visitar:<\/p>\n<p style=\"text-align: justify;\"><strong>Pollensa<\/strong><br \/>En este bonito y rural pueblo encontraremos incre\u00edbles monumentos arquitect\u00f3nicos como la Iglesia de la Mare de D\u00e9u dels \u00c1ngels la cual fue fundada en el siglo XIII, la peque\u00f1a capilla de El Calvari junto a sus 365 escalones (uno por a\u00f1o, representan la pasi\u00f3n de Cristo) o el Pont Rom\u00e0, adem\u00e1s de gente local muy hogare\u00f1a y entregada a la cultura que os ayudar\u00e1 en todo lo que necesit\u00e9is. Encuentra aqu\u00ed las <a href=\"https:\/\/www.vacalia.com\">casas de\u00a0pollensa<\/a> que tenemos para t\u00ed.<\/p>\n<p style=\"text-align: justify;\"><a href=\"https:\/\/www.vacalia.com\"><img decoding=\"async\" class=\"aligncenter wp-image-59 size-large\" title=\"Pollensa\" src=\"https:\/\/www.vacalia.com\/blog\/wp-content\/uploads\/2016\/11\/772_0ed901ee6221b5615eaa97af37eb7347-1024x426.jpg\" alt=\"Casas en Pollensa\" width=\"1024\" height=\"426\" srcset=\"https:\/\/www.vacalia.com\/blog\/wp-content\/uploads\/2016\/11\/772_0ed901ee6221b5615eaa97af37eb7347.jpg 1024w, https:\/\/www.vacalia.com\/blog\/wp-content\/uploads\/2016\/11\/772_0ed901ee6221b5615eaa97af37eb7347-300x125.jpg 300w, https:\/\/www.vacalia.com\/blog\/wp-content\/uploads\/2016\/11\/772_0ed901ee6221b5615eaa97af37eb7347-768x320.jpg 768w\" sizes=\"(max-width: 1024px) 100vw, 1024px\" \/><\/a><\/p>\n<p style=\"text-align: justify;\"><strong>Puerto\u00a0Pollensa<\/strong><br \/>Una larga playa formada por mil metros de arena y acompa\u00f1ada de un sombreado pinar forma el Puerto \u00a0Pollensa, uno de los rincones tur\u00edsticos m\u00e1s bien conservados de la zona norte de Mallorca. A lo largo de su recorrido encontrar\u00e1n desde la zona m\u00e1s pesquera donde relajarse, hasta la zona hostelera donde podr\u00e1 disfrutar de las vistas tomando un caf\u00e9 o uno de los famosos helados del Puerto Pollensa.<\/p>\n<p style=\"text-align: justify;\"><strong>Formentor<\/strong><br \/>Formentor es la pen\u00ednsula del norte de Mallorca, un lugar inigualable donde se pueden ver los m\u00e1s incre\u00edbles acantilados al mismo tiempo que la arena m\u00e1s fina jam\u00e1s pensada. Alrededor de toda la pen\u00ednsula encontraremos diferentes calas escondidas que son consideradas aut\u00e9nticas joyas naturales, como por ejemplo Cala Murta o Cala Figuera. Estos peque\u00f1os para\u00edsos requieren un poco de caminata, pero os garantizamos que vale 100% la pena.<\/p>\n<p style=\"text-align: justify;\"><strong>Cala Sant Vicen\u00e7<\/strong><br \/>Cala Sant Vicen\u00e7 es una formaci\u00f3n de cuatro calas diferentes, cada una de ellas con cualidades diferentes. Una experiencia \u00fanica para todo aquel que las visite. Sus aguas cristalinas llenas de fauna te permitir\u00e1n conocer la esencia del Mediterr\u00e1neo adem\u00e1s de resultar ser uno de los lugares m\u00e1s apreciados por los ornit\u00f3logos alrededor del mundo. T\u00fambate en su fina arena y simplemente descansa. Descubre las mejores casas en Pollensa para visitar este para\u00edso.<\/p>\n<h2 class=\"post-item__subtitle\" style=\"text-align: justify;\">Descubre nuestras Casas\u00a0en Pollensa<\/h2>\n<p style=\"text-align: justify;\">Si andabais buscando un lugar donde descansar, nuestras Casas\u00a0en Pollensa ser\u00e1n vuestro refugio perfecto. Playas, monta\u00f1a y un paisaje que quita el aliento, ser\u00e1n la mezcla perfecta para aquellos que busqu\u00e9is una mezcla entre momentos de tranquilidad y ocio (no pod\u00e9is perderos sus maravillosos pubs y beach-clubs). Visitad nuestras Casas\u00a0en Pollensa desde <a href=\"https:\/\/www.vacalia.com\">nuestra web<\/a>, \u00a1os esperamos!<\/p>\n<h2 class=\"post-item__subtitle\" style=\"text-align: justify;\">Casas\u00a0en Alcudia para descubrir la Mallorca m\u00e1s hist\u00f3rica<\/h2>\n<p style=\"text-align: justify;\">Alcudia es uno de los pueblos con m\u00e1s historia de todo Mallorca, no porque sea de los m\u00e1s antiguos, pero si quiz\u00e1s por su buena localizaci\u00f3n costera que facilit\u00f3 que fuera blanco de m\u00faltiples ataques y una importante conexi\u00f3n portuaria a nivel del Mediterr\u00e1neo.<\/p>\n<h3 class=\"post-item__subtitle\" style=\"text-align: justify;\">Que ver en Alcudia<\/h3>\n<p style=\"text-align: justify;\">&#8211; Una de las construcciones m\u00e1s impactantes que encontraremos en Alcudia es su antigua y bien conservada <strong>muralla<\/strong>, la cual pod\u00e9is visitar y ver el pueblo desde encima de la misma. La construcci\u00f3n de dicha muralla fue ordenada por el Rei Jaume II a finales del s.XIII para, efectivamente, proteger al pueblo de los ya mencionados ataques en la costa y ha quedado hasta d\u00eda de hoy como una obra arquitect\u00f3nica representativa de la cultura alcudienca.<\/p>\n<p style=\"text-align: justify;\">&#8211; <strong>La ciudad Romana de Pollentia<\/strong> es del s.I a.C y en ella encontramos desde un Foro y un Teatro hasta una zona residencial. Todo esto nos trasporta a tiempos lejanos de los cuales ya solo quedan ruinas, \u00a1pero que ruinas!<\/p>\n<p style=\"text-align: justify;\">&#8211; <strong>Museu Sa Bassa Blanca<\/strong>. Este museo abri\u00f3 sus puertas en 1993 y deslumbra no solo por las obras de arte que alberga, sino tambi\u00e9n por su incre\u00edble arquitectura. Dise\u00f1ado por Hassan Fathy, podemos encontrar una exposici\u00f3n permanente as\u00ed como otras alternantes.<\/p>\n<h3 class=\"post-item__subtitle\" style=\"text-align: justify;\">Puerto de Alc\u00fadia, Alcanada y Es Mal Pas<\/h3>\n<p><a href=\"https:\/\/www.vacalia.com\"><img decoding=\"async\" class=\"aligncenter wp-image-60 size-large\" title=\"Pollensa\" src=\"https:\/\/www.vacalia.com\/blog\/wp-content\/uploads\/2016\/11\/15-1-B0742QVM02-1024x427.jpg\" alt=\"Casas en Pollensa\" width=\"1024\" height=\"427\" srcset=\"https:\/\/www.vacalia.com\/blog\/wp-content\/uploads\/2016\/11\/15-1-B0742QVM02-1024x427.jpg 1024w, https:\/\/www.vacalia.com\/blog\/wp-content\/uploads\/2016\/11\/15-1-B0742QVM02-300x125.jpg 300w, https:\/\/www.vacalia.com\/blog\/wp-content\/uploads\/2016\/11\/15-1-B0742QVM02-768x320.jpg 768w, https:\/\/www.vacalia.com\/blog\/wp-content\/uploads\/2016\/11\/15-1-B0742QVM02-1050x438.jpg 1050w, https:\/\/www.vacalia.com\/blog\/wp-content\/uploads\/2016\/11\/15-1-B0742QVM02-1600x667.jpg 1600w, https:\/\/www.vacalia.com\/blog\/wp-content\/uploads\/2016\/11\/15-1-B0742QVM02.jpg 1620w\" sizes=\"(max-width: 1024px) 100vw, 1024px\" \/><\/a><\/p>\n<p style=\"text-align: justify;\">El municipio de Alcudia va m\u00e1s all\u00e1 del pueblo de Alcudia en s\u00ed y encontramos maravillas tur\u00edsticas como por ejemplo:<\/p>\n<p style=\"text-align: justify;\">&#8211;<strong> El Puerto de Alcudia<\/strong>. Es conocido actualmente como uno de los principales destinos de turismo familiar. El Puerto de Alcudia nos regala quil\u00f3metros de arenal y pinar. Se debe entrar bastantes metros caminando hacia el interior de sus aguas turquesas\u00a0para que \u00e9ste nos tape las rodillas. \u00bfVerdad que es ideal para ir con ni\u00f1os y poder estar tranquilo?.<\/p>\n<p style=\"text-align: justify;\">&#8211; <strong>Alcanada.<\/strong> Esta bonita zona residencial suele ser visitada sobre todo por locales que la conocen y visitan. Es un refugio de\u00a0las grandes playas muy concurridas. Su playa, formada por rocas y un agua muy transparente, nos invitan a dar un chapuz\u00f3n. Podemos dirigirnos caminando o nadando hasta el Faro que se encuentra en la islita de delante.<\/p>\n<p style=\"text-align: justify;\">&#8211; <strong>Es Mal Pas, Manresa y Bonaire.<\/strong> La zona m\u00e1s residencial de Alcudia se encuentra mirando al norte. Es cierto que hay muchos locales viviendo all\u00ed, es una de las zonas m\u00e1s despobladas de Alcudia. Aqu\u00ed encontraremos playas de arena y playas de rocas, un lugar id\u00edlico para aquellos que quieran huir del tumulto.<\/p>\n<h2 class=\"post-item__subtitle\" style=\"text-align: justify;\">Vive este pueblo\u00a0con nuestras Casas en Alcudia<\/h2>\n<p style=\"text-align: justify;\">Si vienes de vacaciones a Mallorca dec\u00eddete por Alcudia como destino residencial. Nos encantar\u00e1 ense\u00f1arte las fant\u00e1sticas casas\u00a0en Alcudia que tenemos en<a href=\"https:\/\/www.vacalia.com\/\"> Vacalia.com<\/a>.<\/p>\n\n<div class=\"bannerBlog\"><div class=\"new-card-houses\">\n    <div class=\"likeOut likeDivOut\" style=\"display:none\">\n        <a data-id=\"323\" class=\"likeOut_button_red likeBtnFav\"\n            aria-label=\"Megusta Vacalia\"><\/a>\n    <\/div>\n    <figure>\n        <img loading=\"lazy\" decoding=\"async\" \n            loading=\"lazy\" width=\"301\" height=\"200\"\n            src=\"\/\/media.vacalia.com\/photo\/reformatwebpfolder\/350\/200\/323\/thumb-middle\/323_f77a52e09729a40f9066f5c0217a459b.webp?v=21092023\"\n            alt=\"Finca son costa - Alquiler vacacional en Montu\u00efri\"\/>\n                                                                        <div class=\"circleDiscount\">-14%<\/div>\n                        <\/figure>\n    <p itemprop=\"address\"><i class=\"ico-marker\"><\/i>Montu\u00efri, Mallorca<\/p>\n    <h3 itemprop=\"name\">Finca son costa<\/h3>\n    <ul class=\"icon_list inline_list\">\n                              <li class=\"ico-pool\" title=\"Piscina\">\n              <span itemprop=\"amenityFeature\">Piscina<\/span>\n            <\/li>\n                      <li class=\"ico-wifi\" title=\"Wifi\">\n              <span itemprop=\"amenityFeature\">Wifi<\/span>\n            <\/li>\n                          <li class=\"ico-guests\" title=\"Para 10 hu\u00e9spedes en Montu\u00efri.\">\n          <span itemprop=\"occupancy\">10<\/span>\n        <\/li>\n    <\/ul>\n            <span class=\"price\">Desde 378\u20ac \/ noche<\/span>\n                <a itemprop=\"url\" class=\"anchor\" href=\"https:\/\/www.vacalia.com\/es\/villa-finca-son-costa-montuiri-h15113\" aria-label=\"Finca son costa\"><\/a>\n<\/div><div class=\"new-card-houses\">\n    <div class=\"likeOut likeDivOut\" style=\"display:none\">\n        <a data-id=\"2124\" class=\"likeOut_button_red likeBtnFav\"\n            aria-label=\"Megusta Vacalia\"><\/a>\n    <\/div>\n    <figure>\n        <img loading=\"lazy\" decoding=\"async\" \n            loading=\"lazy\" width=\"301\" height=\"200\"\n            src=\"\/\/media.vacalia.com\/photo\/reformatwebpfolder\/350\/200\/2124\/thumb-middle\/2124_8e6d383851d04e3598270ac0f909f46c.webp?v=21092023\"\n            alt=\"Can boi den cifre - Alquiler vacacional en Urbanitzaci\u00f3 la Font\"\/>\n                                                                        <div class=\"circleDiscount\">-30%<\/div>\n                        <\/figure>\n    <p itemprop=\"address\"><i class=\"ico-marker\"><\/i>Urbanitzaci\u00f3 la Font, Mallorca<\/p>\n    <h3 itemprop=\"name\">Can boi den cifre<\/h3>\n    <ul class=\"icon_list inline_list\">\n                              <li class=\"ico-airConditioning\" title=\"Aire Acondicionado\">\n              <span itemprop=\"amenityFeature\">Aire Acondicionado<\/span>\n            <\/li>\n                      <li class=\"ico-wifi\" title=\"Wifi\">\n              <span itemprop=\"amenityFeature\">Wifi<\/span>\n            <\/li>\n                          <li class=\"ico-guests\" title=\"Para 6 hu\u00e9spedes en Urbanitzaci\u00f3 La Font.\">\n          <span itemprop=\"occupancy\">6<\/span>\n        <\/li>\n    <\/ul>\n            <span class=\"price\">Desde 114\u20ac \/ noche<\/span>\n                <a itemprop=\"url\" class=\"anchor\" href=\"https:\/\/www.vacalia.com\/es\/casa-vacacional-can-boi-den-cifre-pollenca-h17582\" aria-label=\"Can boi den cifre\"><\/a>\n<\/div><\/div>\n","protected":false},"excerpt":{"rendered":"<p>La isla en si est\u00e1 repleta de lugares y costumbres por conocer, pero Pollensa y Alcudia son un buen lugar por donde empezar. Nuestras casas\u00a0en Pollensa est\u00e1n pensadas para descubriros&hellip;<\/p>\n","protected":false},"author":2,"featured_media":0,"comment_status":"closed","ping_status":"open","sticky":false,"template":"","format":"standard","meta":{"_monsterinsights_skip_tracking":false,"_monsterinsights_sitenote_active":false,"_monsterinsights_sitenote_note":"","_monsterinsights_sitenote_category":0,"footnotes":""},"categories":[1],"tags":[],"class_list":["post-49","post","type-post","status-publish","format-standard","hentry","category-general-es"],"_links":{"self":[{"href":"https:\/\/www.vacalia.com\/blog\/wp-json\/wp\/v2\/posts\/49"}],"collection":[{"href":"https:\/\/www.vacalia.com\/blog\/wp-json\/wp\/v2\/posts"}],"about":[{"href":"https:\/\/www.vacalia.com\/blog\/wp-json\/wp\/v2\/types\/post"}],"author":[{"embeddable":true,"href":"https:\/\/www.vacalia.com\/blog\/wp-json\/wp\/v2\/users\/2"}],"replies":[{"embeddable":true,"href":"https:\/\/www.vacalia.com\/blog\/wp-json\/wp\/v2\/comments?post=49"}],"version-history":[{"count":15,"href":"https:\/\/www.vacalia.com\/blog\/wp-json\/wp\/v2\/posts\/49\/revisions"}],"predecessor-version":[{"id":4815,"href":"https:\/\/www.vacalia.com\/blog\/wp-json\/wp\/v2\/posts\/49\/revisions\/4815"}],"wp:attachment":[{"href":"https:\/\/www.vacalia.com\/blog\/wp-json\/wp\/v2\/media?parent=49"}],"wp:term":[{"taxonomy":"category","embeddable":true,"href":"https:\/\/www.vacalia.com\/blog\/wp-json\/wp\/v2\/categories?post=49"},{"taxonomy":"post_tag","embeddable":true,"href":"https:\/\/www.vacalia.com\/blog\/wp-json\/wp\/v2\/tags?post=49"}],"curies":[{"name":"wp","href":"https:\/\/api.w.org\/{rel}","templated":true}]}}