{"id":4973,"date":"2024-02-16T16:25:39","date_gmt":"2024-02-16T15:25:39","guid":{"rendered":"https:\/\/www.vacalia.com\/blog\/?p=4973"},"modified":"2024-08-28T08:52:45","modified_gmt":"2024-08-28T06:52:45","slug":"visita-el-palmar-una-joya-escondida","status":"publish","type":"post","link":"https:\/\/www.vacalia.com\/blog\/es\/visita-el-palmar-una-joya-escondida\/","title":{"rendered":"Visita El Palmar, una joya escondida entre arrozales en el coraz\u00f3n de La Albufera"},"content":{"rendered":"\n<p>\u00bfAlguna vez os hab\u00e9is encontrado buscando una escapada diferente? Un sitio que no solo se visite, sino que se viva. Hoy vamos a descubrir el peque\u00f1o y encantador pueblo de El Palmar. Esta joya escondida cerca de <a href=\"https:\/\/www.vacalia.com\/es\/alquiler-vacacional-valencia\" target=\"_blank\" rel=\"noreferrer noopener\">Valencia<\/a> y Cullera, es mucho m\u00e1s que un pintoresco pueblo de pescadores con solo unos 800 habitantes, es el coraz\u00f3n cultural y ecol\u00f3gico de L&#8217;Albufera.&nbsp;<\/p>\n\n\n\n<p>Con una rica historia que se remonta a la era musulmana, esta regi\u00f3n cobr\u00f3 importancia por su pesca desde el reinado de Jaime I y m\u00e1s tarde evolucion\u00f3 hacia la agricultura, con el cultivo del arroz ganando importancia en el siglo XIX.<\/p>\n\n\n\n<h3 class=\"wp-block-heading\"><strong>La mejor \u00e9poca para ir a El Palmar<\/strong><\/h3>\n\n\n\n<p>Para sumergirte en la exuberante naturaleza de L\u2019Albufera y ver los paisajes en su m\u00e1xima expresi\u00f3n, los meses de mayo, junio y julio, as\u00ed como noviembre, diciembre y enero, se presentan como las opciones m\u00e1s atractivas.&nbsp;<\/p>\n\n\n\n<p>Si bien El Palmar presume de condiciones agradables y panoramas encantadores durante todo el a\u00f1o, es importante tener en cuenta un detalle sobre su ciclo agr\u00edcola: en los meses de marzo y abril, los caracter\u00edsticos arrozales atraviesan una fase de inactividad. Durante este per\u00edodo, los campos, que suelen estar rebosantes de un verde intenso y acogedores espejos de agua, se toman un respiro, dejando atr\u00e1s su habitual exuberancia para dar paso a un paisaje m\u00e1s austero y sereno, con la tierra desnuda reposando y prepar\u00e1ndose para la pr\u00f3xima temporada de siembra.<\/p>\n\n\n\n<h3 class=\"wp-block-heading\"><strong>Un viaje a las ra\u00edces de la tradici\u00f3n y la biodiversidad<\/strong><\/h3>\n\n\n\n<p>Al adentraros en El Palmar, no esper\u00e9is encontraros con las t\u00edpicas atracciones tur\u00edsticas, repletas de visitantes con c\u00e1maras en mano. No. Aqu\u00ed, la vida sigue un ritmo diferente, marcado por las tradiciones de sus habitantes y la naturaleza que los rodea. Al pasear por sus calles, sentir\u00e9is c\u00f3mo la comunidad pesquera ha moldeado la esencia del lugar, impregnando el aire con un genuino sentido de pertenencia que es raro de encontrar.<\/p>\n\n\n\n<h3 class=\"wp-block-heading\"><strong>Arrozales que cuentan historias<\/strong><\/h3>\n\n\n\n<p>Si algo distingue a El Palmar, son sus extensos campos de arroz que parecen fundirse con el horizonte. No son simplemente cultivos; son el legado de generaciones, la columna vertebral de su cultura y gastronom\u00eda. Aqu\u00ed, el arroz no es solo un grano; es una celebraci\u00f3n de la vida, la comunidad y la perseverancia.<\/p>\n\n\n\n<p>Os invitamos a perderos entre los arrozales, a sentir c\u00f3mo cada brizna refleja la historia de una comunidad unida por el amor a su tierra. Observad y participad en el proceso de cultivo, desde la siembra hasta la cosecha, y descubrir\u00e9is una conexi\u00f3n m\u00e1s profunda no solo con la comida que disfrut\u00e1is, sino tambi\u00e9n con la tierra de la que proviene.<\/p>\n\n\n\n<h3 class=\"wp-block-heading\"><strong>Gastronom\u00eda que enamora<\/strong><\/h3>\n\n\n\n<p>El Palmar es el lugar de nacimiento de la paella, as\u00ed que preparaos para disfrutar de este plato como nunca antes, cocinada con maestr\u00eda y un respeto profundo por los ingredientes locales. Los restaurantes locales ofrecen una variedad de paellas, incluyendo opciones que van desde mariscos frescos hasta mezclas de carnes y verduras. Adem\u00e1s, probar otros platos de arroz, como \u00abarroz a banda\u00bb o \u00abarroz negro\u00bb, ampliar\u00e1 vuestra experiencia culinaria. Tambi\u00e9n deb\u00e9is probar el Espardenya, el \u201cAll i Pebre\u201d de anguila, un plato tradicional de los pescadores de La Albufera.<\/p>\n\n\n<div class=\"wp-block-image\">\n<figure class=\"aligncenter size-full\"><img fetchpriority=\"high\" decoding=\"async\" width=\"670\" height=\"300\" src=\"https:\/\/www.vacalia.com\/blog\/wp-content\/uploads\/2024\/02\/paella-en-la-albufera.jpg\" alt=\"Paella\" class=\"wp-image-4975\" srcset=\"https:\/\/www.vacalia.com\/blog\/wp-content\/uploads\/2024\/02\/paella-en-la-albufera.jpg 670w, https:\/\/www.vacalia.com\/blog\/wp-content\/uploads\/2024\/02\/paella-en-la-albufera-300x134.jpg 300w\" sizes=\"(max-width: 767px) 100vw, 670px\" \/><figcaption class=\"wp-element-caption\"><em>Paella<\/em><\/figcaption><\/figure><\/div>\n\n\n<p>Dado que algunos restaurantes son muy populares, especialmente durante la temporada alta, considerad hacer reserva para aseguraros una mesa.<\/p>\n\n\n\n<h3 class=\"wp-block-heading\"><strong>Conexi\u00f3n con la naturaleza en La Albufera<\/strong><\/h3>\n\n\n\n<p>Vuestra visita no estar\u00eda completa sin explorar el parque natural que rodea la zona: La Albufera. Este humedal, uno de los m\u00e1s importantes de Espa\u00f1a, es un oasis de biodiversidad. Aqu\u00ed, el agua se convierte en un espejo que refleja el cielo, las aves y la tranquilidad de un ecosistema que prospera en armon\u00eda.<\/p>\n\n\n<div class=\"wp-block-image\">\n<figure class=\"aligncenter size-full\"><img decoding=\"async\" width=\"670\" height=\"300\" src=\"https:\/\/www.vacalia.com\/blog\/wp-content\/uploads\/2024\/02\/la-albufera.jpg\" alt=\"La Albufera\" class=\"wp-image-4976\" srcset=\"https:\/\/www.vacalia.com\/blog\/wp-content\/uploads\/2024\/02\/la-albufera.jpg 670w, https:\/\/www.vacalia.com\/blog\/wp-content\/uploads\/2024\/02\/la-albufera-300x134.jpg 300w\" sizes=\"(max-width: 767px) 100vw, 670px\" \/><figcaption class=\"wp-element-caption\"><em>La Albufera<\/em><\/figcaption><\/figure><\/div>\n\n\n<h3 class=\"wp-block-heading\"><strong>Actividades en la zona:<\/strong><\/h3>\n\n\n\n<p>Aunque El Palmar es un destino que invita a la relajaci\u00f3n y la contemplaci\u00f3n, no os faltar\u00e1 actividades para realizar.<\/p>\n\n\n\n<ul class=\"wp-block-list\">\n<li><strong>Descubrir las \u201cBarracas:\u201d<\/strong> Es necesario sumergirse en la autenticidad local a trav\u00e9s de sus estructuras hist\u00f3ricas, las \u00abBarracas\u00bb, algunas de las cuales sobreviven hoy en d\u00eda, como testigos silenciosos del pasado. Estas construcciones t\u00edpicas, junto con las tradicionales barcas de vela latina que adornan las aguas, crean un paisaje inolvidable.<\/li>\n<\/ul>\n\n\n<div class=\"wp-block-image\">\n<figure class=\"aligncenter size-full\"><img decoding=\"async\" width=\"670\" height=\"300\" src=\"https:\/\/www.vacalia.com\/blog\/wp-content\/uploads\/2024\/02\/barraca-el-palmar.jpg\" alt=\"Las Barracas\" class=\"wp-image-4978\" srcset=\"https:\/\/www.vacalia.com\/blog\/wp-content\/uploads\/2024\/02\/barraca-el-palmar.jpg 670w, https:\/\/www.vacalia.com\/blog\/wp-content\/uploads\/2024\/02\/barraca-el-palmar-300x134.jpg 300w\" sizes=\"(max-width: 767px) 100vw, 670px\" \/><figcaption class=\"wp-element-caption\"><em>Las Barracas<\/em><\/figcaption><\/figure><\/div>\n\n\n<ul class=\"wp-block-list\">\n<li><strong>Paseos en barca:<\/strong> Embarcaos en un tradicional paseo en barca por La Albufera a ser posible al ponerse el sol. No s\u00f3lo es una manera encantadora de ver el lago, sino tambi\u00e9n una oportunidad para aprender de los gu\u00edas locales, quienes os compartir\u00e1n historias y detalles fascinantes sobre el ecosistema.<\/li>\n<\/ul>\n\n\n<div class=\"wp-block-image\">\n<figure class=\"aligncenter size-full\"><img loading=\"lazy\" decoding=\"async\" width=\"670\" height=\"300\" src=\"https:\/\/www.vacalia.com\/blog\/wp-content\/uploads\/2024\/02\/paseo-en-barca-albufera.jpg\" alt=\"Paseos en barca por La Albufera\" class=\"wp-image-4977\" srcset=\"https:\/\/www.vacalia.com\/blog\/wp-content\/uploads\/2024\/02\/paseo-en-barca-albufera.jpg 670w, https:\/\/www.vacalia.com\/blog\/wp-content\/uploads\/2024\/02\/paseo-en-barca-albufera-300x134.jpg 300w\" sizes=\"(max-width: 767px) 100vw, 670px\" \/><figcaption class=\"wp-element-caption\"><em>Paseos en barca por La Albufera<\/em><\/figcaption><\/figure><\/div>\n\n\n<ul class=\"wp-block-list\">\n<li><strong>Museo Etnol\u00f3gico:<\/strong> El pasado de El Palmar se entrelaza \u00edntimamente con las tradiciones de la agricultura y la pesca. El Museo Etnol\u00f3gico se presenta como una ventana a este rico legado, permiti\u00e9ndote explorar en profundidad los pilares econ\u00f3micos que han sustentado al pueblo a lo largo de los a\u00f1os. Adem\u00e1s, el museo es un compendio de conocimientos sobre la variada flora y fauna aut\u00f3ctona de la regi\u00f3n. Ofrece una experiencia educativa a trav\u00e9s de visitas guiadas, durante las cuales podr\u00e1s descubrir los m\u00e9todos y t\u00e9cnicas utilizados en el cultivo del arroz. Sin duda, un plan que toda la familia apreciar\u00e1 y disfrutar\u00e1.<\/li>\n<\/ul>\n\n\n\n<ul class=\"wp-block-list\">\n<li><strong>Rutas de senderismo y ciclismo:<\/strong> Explorar a pie los encantos del t\u00e9rmino municipal de El Palmar resulta ser una experiencia enriquecedora. En particular, la Ruta 5, que conecta El Palmar con L\u2019Estell, emerge como una elecci\u00f3n destacada. No solo te permite adentrarte en la esencia del pueblo, sino que tambi\u00e9n te gu\u00eda a trav\u00e9s de pintorescos arrozales. Esta traves\u00eda, de 6 kil\u00f3metros de ida y vuelta, es apta para todos, ya sea que prefieras caminar o pedalear en bicicleta. Adem\u00e1s, se caracteriza por su terreno llano y ofrece panoramas de innegable belleza paisaj\u00edstica.<\/li>\n<\/ul>\n\n\n\n<p><\/p>\n\n\n\n<p>Recordad, El Palmar no es simplemente un destino; es una experiencia cultural profunda. Desde la conexi\u00f3n con la naturaleza hasta la indulgencia en la comida local, cada aspecto de vuestro viaje est\u00e1 impregnado de historia y tradici\u00f3n. Al visitar El Palmar, no solo os llev\u00e1is recuerdos; os llev\u00e1is una historia que perdurar\u00e1 y una <a href=\"https:\/\/www.vacalia.com\/es\" target=\"_blank\" rel=\"noreferrer noopener\">experiencia<\/a> que os conectar\u00e1 con la tierra y su gente de una manera aut\u00e9ntica y personal.<\/p>\n\n\n<div class=\"bannerBlog\"><div class=\"new-card-houses\">\n    <div class=\"likeOut likeDivOut\" style=\"display:none\">\n        <a data-id=\"960\" class=\"likeOut_button_red likeBtnFav\"\n            aria-label=\"Megusta Vacalia\"><\/a>\n    <\/div>\n    <figure>\n        <img loading=\"lazy\" decoding=\"async\" \n            loading=\"lazy\" width=\"301\" height=\"200\"\n            src=\"\/\/media.vacalia.com\/photo\/reformatwebpfolder\/350\/200\/960\/thumb-middle\/960_6580336c515c210e62fef5cf6f092cc5.webp?v=21092023\"\n            alt=\"El balc\u00f3n de la safor - llumicel - Alquiler vacacional en Ador\"\/>\n                                                                        <div class=\"circleDiscount\">-5%<\/div>\n                        <\/figure>\n    <p itemprop=\"address\"><i class=\"ico-marker\"><\/i>Ador, Valencia<\/p>\n    <h3 itemprop=\"name\">El balc\u00f3n de la safor - llumicel<\/h3>\n    <ul class=\"icon_list inline_list\">\n                              <li class=\"ico-pool\" title=\"Piscina\">\n              <span itemprop=\"amenityFeature\">Piscina<\/span>\n            <\/li>\n                      <li class=\"ico-wifi\" title=\"Wifi\">\n              <span itemprop=\"amenityFeature\">Wifi<\/span>\n            <\/li>\n                      <li class=\"ico-pets\" title=\"Mascotas\">\n              <span itemprop=\"amenityFeature\">Mascotas<\/span>\n            <\/li>\n                          <li class=\"ico-guests\" title=\"Para 8+2   hu\u00e9spedes en Ador.\">\n          <span itemprop=\"occupancy\">8+2  <\/span>\n        <\/li>\n    <\/ul>\n            <span class=\"price\">Desde 131\u20ac \/ noche<\/span>\n                <a itemprop=\"url\" class=\"anchor\" href=\"https:\/\/www.vacalia.com\/es\/villa-el-balcon-de-la-safor-llumicel-ador-h15635\" aria-label=\"El balc\u00f3n de la safor - llumicel\"><\/a>\n<\/div><div class=\"new-card-houses\">\n    <div class=\"likeOut likeDivOut\" style=\"display:none\">\n        <a data-id=\"2776\" class=\"likeOut_button_red likeBtnFav\"\n            aria-label=\"Megusta Vacalia\"><\/a>\n    <\/div>\n    <figure>\n        <img loading=\"lazy\" decoding=\"async\" \n            loading=\"lazy\" width=\"301\" height=\"200\"\n            src=\"\/\/media.vacalia.com\/photo\/reformatwebpfolder\/350\/200\/2776\/thumb-middle\/2776_c6faf7e48f3eb8075b5cbfc4d98db4bf.webp?v=21092023\"\n            alt=\"Alejandrita - Alquiler vacacional en Grau i Platja\"\/>\n                                                                        <div class=\"circleDiscount\">-10%<\/div>\n                        <\/figure>\n    <p itemprop=\"address\"><i class=\"ico-marker\"><\/i>Grau i Platja, Valencia<\/p>\n    <h3 itemprop=\"name\">Alejandrita<\/h3>\n    <ul class=\"icon_list inline_list\">\n                              <li class=\"ico-pool\" title=\"Piscina\">\n              <span itemprop=\"amenityFeature\">Piscina<\/span>\n            <\/li>\n                      <li class=\"ico-airConditioning\" title=\"Aire Acondicionado\">\n              <span itemprop=\"amenityFeature\">Aire Acondicionado<\/span>\n            <\/li>\n                      <li class=\"ico-wifi\" title=\"Wifi\">\n              <span itemprop=\"amenityFeature\">Wifi<\/span>\n            <\/li>\n                      <li class=\"ico-pets\" title=\"Mascotas\">\n              <span itemprop=\"amenityFeature\">Mascotas<\/span>\n            <\/li>\n                          <li class=\"ico-guests\" title=\"Para 4 hu\u00e9spedes en Grau I Platja.\">\n          <span itemprop=\"occupancy\">4<\/span>\n        <\/li>\n    <\/ul>\n            <span class=\"price\">Desde 75\u20ac \/ noche<\/span>\n                <a itemprop=\"url\" class=\"anchor\" href=\"https:\/\/www.vacalia.com\/es\/apartamento-alejandrita-gandia-h19172\" aria-label=\"Alejandrita\"><\/a>\n<\/div><\/div>\n","protected":false},"excerpt":{"rendered":"<p>\u00bfAlguna vez os hab\u00e9is encontrado buscando una escapada diferente? Un sitio que no solo se visite, sino que se viva. Hoy vamos a descubrir el peque\u00f1o y encantador pueblo de&hellip;<\/p>\n","protected":false},"author":1,"featured_media":4978,"comment_status":"closed","ping_status":"open","sticky":false,"template":"","format":"standard","meta":{"_monsterinsights_skip_tracking":false,"_monsterinsights_sitenote_active":false,"_monsterinsights_sitenote_note":"","_monsterinsights_sitenote_category":0,"footnotes":""},"categories":[469,523,1,336],"tags":[],"class_list":["post-4973","post","type-post","status-publish","format-standard","has-post-thumbnail","hentry","category-valencia-es","category-que-ver-en-valencia","category-general-es","category-guias-de-valencia"],"_links":{"self":[{"href":"https:\/\/www.vacalia.com\/blog\/wp-json\/wp\/v2\/posts\/4973"}],"collection":[{"href":"https:\/\/www.vacalia.com\/blog\/wp-json\/wp\/v2\/posts"}],"about":[{"href":"https:\/\/www.vacalia.com\/blog\/wp-json\/wp\/v2\/types\/post"}],"author":[{"embeddable":true,"href":"https:\/\/www.vacalia.com\/blog\/wp-json\/wp\/v2\/users\/1"}],"replies":[{"embeddable":true,"href":"https:\/\/www.vacalia.com\/blog\/wp-json\/wp\/v2\/comments?post=4973"}],"version-history":[{"count":4,"href":"https:\/\/www.vacalia.com\/blog\/wp-json\/wp\/v2\/posts\/4973\/revisions"}],"predecessor-version":[{"id":6193,"href":"https:\/\/www.vacalia.com\/blog\/wp-json\/wp\/v2\/posts\/4973\/revisions\/6193"}],"wp:featuredmedia":[{"embeddable":true,"href":"https:\/\/www.vacalia.com\/blog\/wp-json\/wp\/v2\/media\/4978"}],"wp:attachment":[{"href":"https:\/\/www.vacalia.com\/blog\/wp-json\/wp\/v2\/media?parent=4973"}],"wp:term":[{"taxonomy":"category","embeddable":true,"href":"https:\/\/www.vacalia.com\/blog\/wp-json\/wp\/v2\/categories?post=4973"},{"taxonomy":"post_tag","embeddable":true,"href":"https:\/\/www.vacalia.com\/blog\/wp-json\/wp\/v2\/tags?post=4973"}],"curies":[{"name":"wp","href":"https:\/\/api.w.org\/{rel}","templated":true}]}}