{"id":4985,"date":"2024-02-16T16:26:07","date_gmt":"2024-02-16T15:26:07","guid":{"rendered":"https:\/\/www.vacalia.com\/blog\/?p=4985"},"modified":"2024-08-28T08:55:06","modified_gmt":"2024-08-28T06:55:06","slug":"besuch-el-palmar-ein-verstecktes-juwel-im-herzen-von-la-albufera","status":"publish","type":"post","link":"https:\/\/www.vacalia.com\/blog\/besuch-el-palmar-ein-verstecktes-juwel-im-herzen-von-la-albufera\/","title":{"rendered":"Besuch El Palmar, ein verstecktes Juwel zwischen Reisfeldern im Herzen von La Albufera"},"content":{"rendered":"\n<p>Haben Sie jemals nach einer anderen Art von Ausflug gesucht? Ein Ort, den man nicht nur besucht, sondern erlebt. Heute werden wir das kleine und charmante Dorf El Palmar entdecken. Dieses verborgene Juwel in der N\u00e4he von <a href=\"https:\/\/www.vacalia.com\/de\/ferienhaus-valencia\" target=\"_blank\" rel=\"noreferrer noopener\">Valencia<\/a> und Cullera ist weit mehr als ein malerisches Fischerdorf mit nur etwa 800 Einwohnern; es ist das kulturelle und \u00f6kologische Herz von L&#8217;Albufera.<\/p>\n\n\n\n<p>Mit einer reichen Geschichte, die bis in die muslimische \u00c4ra zur\u00fcckreicht, gewann diese Region seit der Herrschaft von Jaime I an Bedeutung und entwickelte sich sp\u00e4ter zur Landwirtschaft, wobei der Reisanbau im 19. Jahrhundert an Bedeutung gewann.<\/p>\n\n\n\n<h3 class=\"wp-block-heading\"><strong>Die beste Zeit f\u00fcr einen Besuch in El Palmar<\/strong><\/h3>\n\n\n\n<p>Um in die \u00fcppige Natur von L&#8217;Albufera einzutauchen und die Landschaften in ihrer vollen Pracht zu erleben, bieten sich die Monate Mai, Juni und Juli sowie November, Dezember und Januar als besonders attraktive Optionen an.<\/p>\n\n\n\n<p>Obwohl El Palmar das ganze Jahr \u00fcber angenehme Bedingungen und bezaubernde Aussichten bietet, ist es wichtig zu beachten, dass es eine Besonderheit in seinem landwirtschaftlichen Zyklus gibt: In den Monaten M\u00e4rz und April durchlaufen die charakteristischen Reisfelder eine Ruhephase. W\u00e4hrend dieser Zeit nehmen die Felder, die normalerweise von satten gr\u00fcnen Farben und einladenden Wasserfl\u00e4chen gepr\u00e4gt sind, eine Pause und weichen einem schlichteren und ruhigeren Landschaftsbild mit nackter Erde, die sich ausruht und auf die bevorstehende Anbausaison vorbereitet.<\/p>\n\n\n\n<h3 class=\"wp-block-heading\"><strong>Eine Reise zu den Wurzeln von Tradition und Biodiversit\u00e4t<\/strong><\/h3>\n\n\n\n<p>Wenn Sie El Palmar betreten, erwarten Sie nicht die \u00fcblichen Touristenattraktionen, die von Besuchern mit Kameras belagert werden. Nein, hier folgt das Leben einem anderen Rhythmus, der von den Traditionen seiner Bewohner und der sie umgebenden Natur gepr\u00e4gt ist. Beim Spaziergang durch die Stra\u00dfen werden Sie sp\u00fcren, wie die Fischergemeinschaft den Charakter des Ortes gepr\u00e4gt hat und die Luft mit einem authentischen Gef\u00fchl der Zugeh\u00f6rigkeit erf\u00fcllt ist, das selten zu finden ist.<\/p>\n\n\n\n<h3 class=\"wp-block-heading\"><strong>Reisfelder, die Geschichten erz\u00e4hlen<\/strong><\/h3>\n\n\n\n<p>Was El Palmar auszeichnet, sind seine ausgedehnten Reisfelder, die mit dem Horizont zu verschmelzen scheinen. Sie sind nicht nur Anbaufl\u00e4chen; sie sind das Erbe von Generationen, die Lebensader ihrer Kultur und Gastronomie. Hier ist Reis nicht nur ein Korn; es ist eine Feier des Lebens, der Gemeinschaft und der Ausdauer.<\/p>\n\n\n\n<p>Wir laden Sie ein, sich in den Reisfeldern zu verlieren, zu sp\u00fcren, wie jeder Halm die Geschichte einer Gemeinschaft widerspiegelt, die ihre Liebe zur Heimat verbindet. Beobachten und beteiligen Sie sich am Anbau, von der Aussaat bis zur Ernte, und Sie werden eine tiefere Verbindung nicht nur zu der Nahrung, die Sie genie\u00dfen, sondern auch zu der Erde, aus der sie stammt, entdecken.<\/p>\n\n\n\n<h3 class=\"wp-block-heading\"><strong>Eine bezaubernde Gastronomie<\/strong><\/h3>\n\n\n\n<p>El Palmar ist der Geburtsort der Paella, also bereiten Sie sich darauf vor, dieses Gericht wie nie zuvor zu genie\u00dfen, meisterhaft zubereitet und mit tiefem Respekt vor den lokalen Zutaten. Die \u00f6rtlichen Restaurants bieten eine Vielzahl von Paellas an, einschlie\u00dflich Optionen von frischem Meeresfr\u00fcchten bis hin zu Fleisch- und Gem\u00fcsemischungen. Probieren Sie auch andere Reisgerichte wie \u00abarroz a banda\u00bb oder \u00abarroz negro\u00bb, um Ihre kulinarische Erfahrung zu erweitern. Sie sollten auch die Espardenya probieren, das \u00abAll i Pebre\u00bb mit Aal, ein traditionelles Gericht der Fischer von La Albufera.<\/p>\n\n\n<div class=\"wp-block-image\">\n<figure class=\"aligncenter size-full\"><img fetchpriority=\"high\" decoding=\"async\" width=\"670\" height=\"300\" src=\"https:\/\/www.vacalia.com\/blog\/wp-content\/uploads\/2024\/02\/paella-en-la-albufera.jpg\" alt=\"Paella\" class=\"wp-image-4975\" srcset=\"https:\/\/www.vacalia.com\/blog\/wp-content\/uploads\/2024\/02\/paella-en-la-albufera.jpg 670w, https:\/\/www.vacalia.com\/blog\/wp-content\/uploads\/2024\/02\/paella-en-la-albufera-300x134.jpg 300w\" sizes=\"(max-width: 767px) 100vw, 670px\" \/><figcaption class=\"wp-element-caption\"><em>Paella<\/em><\/figcaption><\/figure><\/div>\n\n\n<p>Da einige Restaurants besonders in der Hochsaison sehr beliebt sind, sollten Sie in Betracht ziehen, eine Reservierung vorzunehmen, um sicherzustellen, dass Sie einen Tisch bekommen.<\/p>\n\n\n\n<h3 class=\"wp-block-heading\"><strong>Verbindung zur Natur in La Albufera<\/strong><\/h3>\n\n\n\n<p>Ihr Besuch w\u00e4re nicht vollst\u00e4ndig, ohne den Naturpark zu erkunden, der die Region umgibt: La Albufera. Dieses Feuchtgebiet, eines der wichtigsten in Spanien, ist eine Oase der Biodiversit\u00e4t. Hier wird das Wasser zu einem Spiegel, der den Himmel, die V\u00f6gel und die Ruhe eines \u00d6kosystems reflektiert, das in Harmonie gedeiht.<\/p>\n\n\n<div class=\"wp-block-image\">\n<figure class=\"aligncenter size-full\"><img decoding=\"async\" width=\"670\" height=\"300\" src=\"https:\/\/www.vacalia.com\/blog\/wp-content\/uploads\/2024\/02\/la-albufera.jpg\" alt=\"La Albufera\" class=\"wp-image-4976\" srcset=\"https:\/\/www.vacalia.com\/blog\/wp-content\/uploads\/2024\/02\/la-albufera.jpg 670w, https:\/\/www.vacalia.com\/blog\/wp-content\/uploads\/2024\/02\/la-albufera-300x134.jpg 300w\" sizes=\"(max-width: 767px) 100vw, 670px\" \/><figcaption class=\"wp-element-caption\"><em>La Albufera<\/em><\/figcaption><\/figure><\/div>\n\n\n<h3 class=\"wp-block-heading\"><strong>Aktivit\u00e4ten in der Gegend:<\/strong><\/h3>\n\n\n\n<p>Obwohl El Palmar ein Ziel f\u00fcr Entspannung und Betrachtung ist, mangelt es nicht an Aktivit\u00e4ten.<\/p>\n\n\n\n<ul class=\"wp-block-list\">\n<li><strong>Entdecken Sie die \u00abBarracas\u00bb:<\/strong> Tauchen Sie ein in die lokale Authentizit\u00e4t durch ihre historischen Strukturen, die \u00abBarracas\u00bb, von denen einige bis heute als stille Zeugen der Vergangenheit \u00fcberlebt haben. Diese typischen Bauwerke, zusammen mit den traditionellen lateinischen Segelbooten, die die Gew\u00e4sser schm\u00fccken, schaffen eine unvergessliche Landschaft.<\/li>\n<\/ul>\n\n\n<div class=\"wp-block-image\">\n<figure class=\"aligncenter size-full\"><img decoding=\"async\" width=\"670\" height=\"300\" src=\"https:\/\/www.vacalia.com\/blog\/wp-content\/uploads\/2024\/02\/barraca-el-palmar.jpg\" alt=\"Las Barracas\" class=\"wp-image-4978\" srcset=\"https:\/\/www.vacalia.com\/blog\/wp-content\/uploads\/2024\/02\/barraca-el-palmar.jpg 670w, https:\/\/www.vacalia.com\/blog\/wp-content\/uploads\/2024\/02\/barraca-el-palmar-300x134.jpg 300w\" sizes=\"(max-width: 767px) 100vw, 670px\" \/><figcaption class=\"wp-element-caption\"><em>Las Barracas<\/em><\/figcaption><\/figure><\/div>\n\n\n<ul class=\"wp-block-list\">\n<li><strong>Bootsfahrten:<\/strong> Unternehmen Sie eine traditionelle Bootsfahrt auf La Albufera, idealerweise bei Sonnenuntergang. Es ist nicht nur eine reizvolle M\u00f6glichkeit, den See zu erkunden, sondern auch eine Gelegenheit, von den \u00f6rtlichen Guides faszinierende Geschichten und Details \u00fcber das \u00d6kosystem zu erfahren.<\/li>\n<\/ul>\n\n\n<div class=\"wp-block-image\">\n<figure class=\"aligncenter size-full\"><img loading=\"lazy\" decoding=\"async\" width=\"670\" height=\"300\" src=\"https:\/\/www.vacalia.com\/blog\/wp-content\/uploads\/2024\/02\/paseo-en-barca-albufera.jpg\" alt=\"La Albufera Bootsfahrten\" class=\"wp-image-4977\" srcset=\"https:\/\/www.vacalia.com\/blog\/wp-content\/uploads\/2024\/02\/paseo-en-barca-albufera.jpg 670w, https:\/\/www.vacalia.com\/blog\/wp-content\/uploads\/2024\/02\/paseo-en-barca-albufera-300x134.jpg 300w\" sizes=\"(max-width: 767px) 100vw, 670px\" \/><figcaption class=\"wp-element-caption\"><em>La Albufera Bootsfahrten<\/em><\/figcaption><\/figure><\/div>\n\n\n<ul class=\"wp-block-list\">\n<li><strong>Ethnologisches Museum:<\/strong> Die Geschichte von El Palmar ist eng mit den Traditionen der Landwirtschaft und Fischerei verflochten. Das Ethnologische Museum \u00f6ffnet ein Fenster zu diesem reichen Erbe und erm\u00f6glicht es Ihnen, die wirtschaftlichen Grundlagen, die das Dorf im Laufe der Jahre getragen haben, eingehend zu erkunden. Dar\u00fcber hinaus ist das Museum eine Wissensquelle \u00fcber die vielf\u00e4ltige einheimische Flora und Fauna der Region. Es bietet eine lehrreiche Erfahrung durch gef\u00fchrte Besichtigungen, bei denen Sie die Methoden und Techniken im Reisanbau kennenlernen k\u00f6nnen. Ein Plan, den die ganze Familie sch\u00e4tzen und genie\u00dfen wird.<\/li>\n<\/ul>\n\n\n\n<ul class=\"wp-block-list\">\n<li><strong>Wandern und Radfahren:<\/strong> Die Erkundung der Reize des Gemeindegebiets von El Palmar zu Fu\u00df erweist sich als bereichernde Erfahrung. Insbesondere die Route 5, die El Palmar mit L&#8217;Estell verbindet, ist eine herausragende Wahl. Sie erm\u00f6glicht es Ihnen nicht nur, in die Essenz des Dorfes einzutauchen, sondern f\u00fchrt Sie auch durch malerische Reisfelder. Diese 6 Kilometer lange Rundreise eignet sich f\u00fcr alle, egal ob Sie lieber zu Fu\u00df gehen oder mit dem Fahrrad fahren. Sie zeichnet sich durch ihr flaches Gel\u00e4nde aus und bietet unvergleichliche landschaftliche Sch\u00f6nheit.<\/li>\n<\/ul>\n\n\n\n<p><\/p>\n\n\n\n<p>Denken Sie daran, El Palmar ist nicht nur ein Reiseziel; es ist eine tiefe kulturelle Erfahrung. Vom Kontakt zur Natur bis hin zum Genuss lokaler Speisen ist jeder Aspekt Ihrer Reise von Geschichte und Tradition gepr\u00e4gt. Wenn Sie El Palmar besuchen, nehmen Sie nicht nur Erinnerungen mit, sondern auch eine Geschichte, die weiterleben wird, und eine <a href=\"https:\/\/www.vacalia.com\/de\" target=\"_blank\" rel=\"noreferrer noopener\">Erfahrung<\/a>, die Sie auf authentische und pers\u00f6nliche Weise mit dem Land und seinen Menschen verbindet.<\/p>\n\n\n<div class=\"bannerBlog\"><div class=\"new-card-houses\">\n    <div class=\"likeOut likeDivOut\" style=\"display:none\">\n        <a data-id=\"4799\" class=\"likeOut_button_red likeBtnFav\"\n            aria-label=\"Megusta Vacalia\"><\/a>\n    <\/div>\n    <figure>\n        <img loading=\"lazy\" decoding=\"async\" \n            loading=\"lazy\" width=\"301\" height=\"200\"\n            src=\"\/\/media.vacalia.com\/photo\/reformatwebpfolder\/350\/200\/4799\/thumb-middle\/4799_2e73861071ebacd7550b5a2865c32373.webp?v=21092023\"\n            alt=\"Cova de l&#039;aire - Ferienhaus auf Barx\"\/>\n                                                                        <div class=\"circleDiscount\">-8%<\/div>\n                        <\/figure>\n    <p itemprop=\"address\"><i class=\"ico-marker\"><\/i>Barx, Valencia<\/p>\n    <h3 itemprop=\"name\">Cova de l&#039;aire<\/h3>\n    <ul class=\"icon_list inline_list\">\n                              <li class=\"ico-pool\" title=\"Pool\">\n              <span itemprop=\"amenityFeature\">Pool<\/span>\n            <\/li>\n                      <li class=\"ico-airConditioning\" title=\"Klimaanlage\">\n              <span itemprop=\"amenityFeature\">Klimaanlage<\/span>\n            <\/li>\n                      <li class=\"ico-wifi\" title=\"Wifi\">\n              <span itemprop=\"amenityFeature\">Wifi<\/span>\n            <\/li>\n                      <li class=\"ico-pets\" title=\"Haustiere\">\n              <span itemprop=\"amenityFeature\">Haustiere<\/span>\n            <\/li>\n                          <li class=\"ico-guests\" title=\"F\u00fcr 6+2   G\u00e4ste in Barx.\">\n          <span itemprop=\"occupancy\">6+2  <\/span>\n        <\/li>\n    <\/ul>\n            <span class=\"price\">Ab 127\u20ac \/ Nacht<\/span>\n                <a itemprop=\"url\" class=\"anchor\" href=\"https:\/\/www.vacalia.com\/de\/villa-cova-de-laire-barx-h27530\" aria-label=\"Cova de l&#039;aire\"><\/a>\n<\/div><div class=\"new-card-houses\">\n    <div class=\"likeOut likeDivOut\" style=\"display:none\">\n        <a data-id=\"2776\" class=\"likeOut_button_red likeBtnFav\"\n            aria-label=\"Megusta Vacalia\"><\/a>\n    <\/div>\n    <figure>\n        <img loading=\"lazy\" decoding=\"async\" \n            loading=\"lazy\" width=\"301\" height=\"200\"\n            src=\"\/\/media.vacalia.com\/photo\/reformatwebpfolder\/350\/200\/2776\/thumb-middle\/2776_c6faf7e48f3eb8075b5cbfc4d98db4bf.webp?v=21092023\"\n            alt=\"Alejandrita - Ferienhaus auf Grau i Platja\"\/>\n                                                                        <div class=\"circleDiscount\">-10%<\/div>\n                        <\/figure>\n    <p itemprop=\"address\"><i class=\"ico-marker\"><\/i>Grau i Platja, Valencia<\/p>\n    <h3 itemprop=\"name\">Alejandrita<\/h3>\n    <ul class=\"icon_list inline_list\">\n                              <li class=\"ico-pool\" title=\"Pool\">\n              <span itemprop=\"amenityFeature\">Pool<\/span>\n            <\/li>\n                      <li class=\"ico-airConditioning\" title=\"Klimaanlage\">\n              <span itemprop=\"amenityFeature\">Klimaanlage<\/span>\n            <\/li>\n                      <li class=\"ico-wifi\" title=\"Wifi\">\n              <span itemprop=\"amenityFeature\">Wifi<\/span>\n            <\/li>\n                      <li class=\"ico-pets\" title=\"Haustiere\">\n              <span itemprop=\"amenityFeature\">Haustiere<\/span>\n            <\/li>\n                          <li class=\"ico-guests\" title=\"F\u00fcr 4 G\u00e4ste in Grau I Platja.\">\n          <span itemprop=\"occupancy\">4<\/span>\n        <\/li>\n    <\/ul>\n            <span class=\"price\">Ab 75\u20ac \/ Nacht<\/span>\n                <a itemprop=\"url\" class=\"anchor\" href=\"https:\/\/www.vacalia.com\/de\/apartment-alejandrita-gandia-h19170\" aria-label=\"Alejandrita\"><\/a>\n<\/div><\/div>\n","protected":false},"excerpt":{"rendered":"<p>Haben Sie jemals nach einer anderen Art von Ausflug gesucht? Ein Ort, den man nicht nur besucht, sondern erlebt. Heute werden wir das kleine und charmante Dorf El Palmar entdecken.&hellip;<\/p>\n","protected":false},"author":1,"featured_media":4978,"comment_status":"closed","ping_status":"open","sticky":false,"template":"","format":"standard","meta":{"_monsterinsights_skip_tracking":false,"_monsterinsights_sitenote_active":false,"_monsterinsights_sitenote_note":"","_monsterinsights_sitenote_category":0,"footnotes":""},"categories":[543,40,473,529],"tags":[],"class_list":["post-4985","post","type-post","status-publish","format-standard","has-post-thumbnail","hentry","category-valencia-de","category-allgemein","category-fremdenfuhrer-von-valencia","category-was-kann-man-in-valencia-sehen"],"_links":{"self":[{"href":"https:\/\/www.vacalia.com\/blog\/wp-json\/wp\/v2\/posts\/4985"}],"collection":[{"href":"https:\/\/www.vacalia.com\/blog\/wp-json\/wp\/v2\/posts"}],"about":[{"href":"https:\/\/www.vacalia.com\/blog\/wp-json\/wp\/v2\/types\/post"}],"author":[{"embeddable":true,"href":"https:\/\/www.vacalia.com\/blog\/wp-json\/wp\/v2\/users\/1"}],"replies":[{"embeddable":true,"href":"https:\/\/www.vacalia.com\/blog\/wp-json\/wp\/v2\/comments?post=4985"}],"version-history":[{"count":4,"href":"https:\/\/www.vacalia.com\/blog\/wp-json\/wp\/v2\/posts\/4985\/revisions"}],"predecessor-version":[{"id":6197,"href":"https:\/\/www.vacalia.com\/blog\/wp-json\/wp\/v2\/posts\/4985\/revisions\/6197"}],"wp:featuredmedia":[{"embeddable":true,"href":"https:\/\/www.vacalia.com\/blog\/wp-json\/wp\/v2\/media\/4978"}],"wp:attachment":[{"href":"https:\/\/www.vacalia.com\/blog\/wp-json\/wp\/v2\/media?parent=4985"}],"wp:term":[{"taxonomy":"category","embeddable":true,"href":"https:\/\/www.vacalia.com\/blog\/wp-json\/wp\/v2\/categories?post=4985"},{"taxonomy":"post_tag","embeddable":true,"href":"https:\/\/www.vacalia.com\/blog\/wp-json\/wp\/v2\/tags?post=4985"}],"curies":[{"name":"wp","href":"https:\/\/api.w.org\/{rel}","templated":true}]}}