{"id":4999,"date":"2024-02-23T11:02:18","date_gmt":"2024-02-23T10:02:18","guid":{"rendered":"https:\/\/www.vacalia.com\/blog\/?p=4999"},"modified":"2025-07-08T11:45:23","modified_gmt":"2025-07-08T09:45:23","slug":"osterwoche-in-malaga","status":"publish","type":"post","link":"https:\/\/www.vacalia.com\/blog\/osterwoche-in-malaga\/","title":{"rendered":"Osterwoche in M\u00e1laga, ein ideales Reiseziel f\u00fcr diese Zeit des Jahres"},"content":{"rendered":"\n<p>Wir stellen Ihnen einen unvergesslichen Ausflug vor, um die Karwoche zu genie\u00dfen. <a href=\"https:\/\/www.vacalia.com\/de\/ferienhaus-malaga\" target=\"_blank\" rel=\"noreferrer noopener\">M\u00e1laga<\/a> ist eine besondere Stadt, die direkt mit <a href=\"https:\/\/www.vacalia.com\/de\/ferienhaus-sevilla\" target=\"_blank\" rel=\"noreferrer noopener\">Sevilla<\/a> konkurriert, um dieses Fest zu genie\u00dfen. Obwohl sie jedes Jahr mehr und mehr Besucher anzieht, die sich f\u00fcr die Costa del Sol entscheiden, um die Karwoche zu erleben, bewahrt dieses andalusische Juwel eine authentische Atmosph\u00e4re, weit entfernt vom touristischen Trubel anderer St\u00e4dte.<\/p>\n\n\n\n<p>M\u00e1laga ist nicht nur ein idealer Ort, um den Prozessionen beizuwohnen, die man unbedingt gesehen haben muss, sondern auch ein idealer Ort, um sich ein paar Tage zu entspannen und das breite Angebot an touristischen Attraktionen zu genie\u00dfen. Sobald Sie den Boden M\u00e1lagas betreten, werden Sie eine besondere Energie in der Luft sp\u00fcren. Die Stra\u00dfen vibrieren mit der Ankunft der Semana Santa, so dass es eine gute Idee ist, im Herzen der Altstadt zu wohnen, um nahe am Geschehen zu sein, aber es ist auch perfekt, nach Ferienunterk\u00fcnften in <a href=\"https:\/\/www.vacalia.com\/de\/torremolinos-p1452\" target=\"_blank\" rel=\"noreferrer noopener\">Torremolinos<\/a> oder <a href=\"https:\/\/www.vacalia.com\/de\/benalmadena-p1434\" target=\"_blank\" rel=\"noreferrer noopener\">Benalm\u00e1dena<\/a> zu suchen.<\/p>\n\n\n\n<p>Die Karwoche in M\u00e1laga ist auch als \u00abSemana de Pasi\u00f3n\u00bb (Passionswoche) bekannt. Anders als in anderen Regionen wird sie hier freudig erlebt, wie ein richtiges Fest, aber mit einer besonderen Emotion.&nbsp;<\/p>\n\n\n<div class=\"wp-block-image\">\n<figure class=\"aligncenter size-full\"><img fetchpriority=\"high\" decoding=\"async\" width=\"670\" height=\"300\" src=\"https:\/\/www.vacalia.com\/blog\/wp-content\/uploads\/2024\/02\/Semana-Santa-en-Malaga.jpg\" alt=\"Osterwoche in M\u00e1laga\" class=\"wp-image-4989\" srcset=\"https:\/\/www.vacalia.com\/blog\/wp-content\/uploads\/2024\/02\/Semana-Santa-en-Malaga.jpg 670w, https:\/\/www.vacalia.com\/blog\/wp-content\/uploads\/2024\/02\/Semana-Santa-en-Malaga-300x134.jpg 300w\" sizes=\"(max-width: 767px) 100vw, 670px\" \/><figcaption class=\"wp-element-caption\"><em>Osterwoche in M\u00e1laga<\/em><\/figcaption><\/figure><\/div>\n\n\n<p><strong>Die Karwoche in M\u00e1laga wurde <\/strong>1980 <strong>zum internationalen touristischen Interesse erkl\u00e4rt<\/strong>, aber ihre Urspr\u00fcnge reichen viel weiter zur\u00fcck.<\/p>\n\n\n\n<p>Die Feierlichkeiten gehen auf die Eroberung der Stadt durch die Katholischen K\u00f6nige im Jahr 1487 zur\u00fcck. Die Bekehrung der Mauren der Stadt zum Katholizismus und die Ankunft neuer Einwohner aus Kastilien bedeutete eine neue Dimension in der religi\u00f6sen Ausdrucksweise der Menschen in M\u00e1laga. Von diesem Zeitpunkt an f\u00f6rderte die Kirche die Verehrung von Bildern, ein Kennzeichen des katholischen Glaubens, und gr\u00fcndete eine Vielzahl von Bruderschaften und Schwesternschaften.<\/p>\n\n\n\n<p>Trotz verschiedener historischer Konflikte hat sich die Karwoche in M\u00e1laga als eine der wichtigsten kollektiven Feierlichkeiten der Stadt erhalten.&nbsp;<\/p>\n\n\n\n<h2 class=\"wp-block-heading\"><strong>Die meistverfolgten Prozessionen in M\u00e1laga:<\/strong><\/h2>\n\n\n\n<p>Von Palmsonntag bis Ostersonntag finden in der Karwoche in M\u00e1laga jeden Tag mehr als 40 Prozessionen auf der so genannten \u00aboffiziellen Route\u00bb durch die Stra\u00dfen der Innenstadt statt. Dieses beeindruckende Schauspiel erfreut sowohl die Gl\u00e4ubigen als auch die Besucher M\u00e1lagas.<\/p>\n\n\n\n<p>Die popul\u00e4rsten Prozessionen M\u00e1lagas f\u00fchren durch die wichtigsten Punkte des Zentrums, wie die Kathedrale, die Calle Larios, die Plaza de La Marina und La Alameda. Der Gr\u00fcndonnerstag ist der wichtigste Tag, an dem die meisten Teilnehmer zusammenkommen, aber an jedem Tag gibt es beliebte Prozessionen.<\/p>\n\n\n<div class=\"wp-block-image\">\n<figure class=\"aligncenter size-full\"><img decoding=\"async\" width=\"670\" height=\"300\" src=\"https:\/\/www.vacalia.com\/blog\/wp-content\/uploads\/2024\/02\/procesiones-Semana-Santa-en-Malaga.jpg\" alt=\"Osterprozessionen in M\u00e1laga\" class=\"wp-image-4990\" srcset=\"https:\/\/www.vacalia.com\/blog\/wp-content\/uploads\/2024\/02\/procesiones-Semana-Santa-en-Malaga.jpg 670w, https:\/\/www.vacalia.com\/blog\/wp-content\/uploads\/2024\/02\/procesiones-Semana-Santa-en-Malaga-300x134.jpg 300w\" sizes=\"(max-width: 767px) 100vw, 670px\" \/><figcaption class=\"wp-element-caption\"><em>Osterprozessionen in M\u00e1laga<\/em><\/figcaption><\/figure><\/div>\n\n\n<h2 class=\"wp-block-heading\">Zu den bekanntesten Bruderschaften geh\u00f6ren:<\/h2>\n\n\n\n<h3 class=\"wp-block-heading has-medium-font-size\"><strong>Palmsonntag<\/strong><\/h3>\n\n\n\n<p>Die Cofrad\u00eda de La Pollinica erinnert an den Einzug Jesu in Jerusalem, wobei der Schwerpunkt auf den Kindern liegt.<\/p>\n\n\n\n<h3 class=\"wp-block-heading has-medium-font-size\"><strong>Rosenmontag<\/strong><\/h3>\n\n\n\n<p>Einer der wichtigsten Momente der Karwoche in M\u00e1laga ist der Ostermontag, an dem viele Einwohner von M\u00e1laga in die Pfarrei San Pablo str\u00f6men, um die \u00dcberf\u00fchrung der Bilder der Bruderschaft Jesus Cautivo und Mar\u00eda Sant\u00edsima de la Trinidad auf den Thron zu sehen, die durch M\u00e1laga reisen. An diesem Tag f\u00e4hrt auch die Cofrad\u00eda Cristo de \u00abLos Gitanos\u00bb von der Calle Frailes ab und ist ebenfalls eine der meistbesuchten.<\/p>\n\n\n\n<h3 class=\"wp-block-heading has-medium-font-size\"><strong>Karfreitag<\/strong><\/h3>\n\n\n\n<p>H\u00f6hepunkt des Tages ist die Prozession der Mar\u00eda Sant\u00edsima del Roc\u00edo Coronada (\u00abel Roc\u00edo\u00bb) vor der Kathedrale.<\/p>\n\n\n\n<h3 class=\"wp-block-heading has-medium-font-size\"><strong>Karmittwoch<\/strong><\/h3>\n\n\n\n<p>Die Bruderschaft Nuestro Padre Jes\u00fas Nazareno \u00abEl Rico\u00bb freut sich \u00fcber die Begnadigung eines Gefangenen auf der Plaza del Obispo. Dieses Privileg, das 1759 vom Monarchen Karl III. gew\u00e4hrt wurde, erlaubt es der Bruderschaft, einen Gefangenen aus dem Gef\u00e4ngnis von Alhaur\u00edn de la Torre w\u00e4hrend ihrer Bu\u00dfprozession zu begnadigen.<\/p>\n\n\n\n<h3 class=\"wp-block-heading has-medium-font-size\"><strong>Gr\u00fcndonnerstag<\/strong><\/h3>\n\n\n\n<p>Dies ist der wichtigste Tag der Karwoche. Santa Cruz, Sagrada Cena, Vi\u00f1eros, Vera Cruz, Zamarrilla, El Cristo de Mena, Misericordia und Esperanza nehmen an der Prozession teil und geh\u00f6ren zu den \u00e4ltesten und repr\u00e4sentativsten Bruderschaften und Bildern. Die Prozession des Cristo de Mena ist eng mit den Legion\u00e4ren verbunden, die am Morgen im Hafen der Stadt an Land gehen. Dieses Milit\u00e4rkorps tr\u00e4gt das Bildnis des Cristo de la Buena Muerte (Christus des Guten Todes) auf seinen Schultern und ist damit einer der am sehnlichsten erwarteten Momente der gesamten Karwoche in M\u00e1laga.&nbsp;<\/p>\n\n\n\n<p>Die Misericordia, im Volksmund \u00abEl Chiquito\u00bb genannt, ist eine weitere der beliebtesten Prozessionen in den fr\u00fchen Morgenstunden des Karfreitags in M\u00e1laga.&nbsp;<\/p>\n\n\n\n<p>Die Prozession von La Esperanza schlie\u00dflich, die auf das 16. Jahrhundert zur\u00fcckgeht, zeigt das Bildnis der Mar\u00eda Sant\u00edsima de la Esperanza. Diese Prozession, die von den Einwohnern M\u00e1lagas besonders verehrt wird, endet zu einer sp\u00e4teren Stunde, was dem Fest einen feierlichen Charakter verleiht.<\/p>\n\n\n<div class=\"wp-block-image\">\n<figure class=\"aligncenter size-full\"><img decoding=\"async\" width=\"670\" height=\"300\" src=\"https:\/\/www.vacalia.com\/blog\/wp-content\/uploads\/2024\/02\/visitar-Malaga-en-Semana-Santa.jpg\" alt=\"Besuchen Sie Malaga w\u00e4hrend der Karwoche\" class=\"wp-image-4991\" srcset=\"https:\/\/www.vacalia.com\/blog\/wp-content\/uploads\/2024\/02\/visitar-Malaga-en-Semana-Santa.jpg 670w, https:\/\/www.vacalia.com\/blog\/wp-content\/uploads\/2024\/02\/visitar-Malaga-en-Semana-Santa-300x134.jpg 300w\" sizes=\"(max-width: 767px) 100vw, 670px\" \/><figcaption class=\"wp-element-caption\"><em>Besuchen Sie Malaga w\u00e4hrend der Karwoche<\/em><\/figcaption><\/figure><\/div>\n\n\n<h3 class=\"wp-block-heading has-medium-font-size\"><strong>Karfreitag<\/strong><\/h3>\n\n\n\n<p>Die Prozession der Siervos de Mar\u00eda Sant\u00edsima de los Dolores, die in der Kirche San Felipe Neri endet, ist einer der bewegendsten Momente. Der Unterschied bei dieser Prozession ist, dass es keine Musik gibt und die Bruderschaft praktisch im Dunkeln betet.<\/p>\n\n\n\n<h3 class=\"wp-block-heading has-medium-font-size\"><strong>Ostersonntag<\/strong><\/h3>\n\n\n\n<p>Die \u00abHermandad del Resucitado\u00bb (Bruderschaft des auferstandenen Christus) bildet den Abschluss der Prozessionen der Karwoche in M\u00e1laga, an denen alle Bruderschaften beteiligt sind.<\/p>\n\n\n\n<p>In dieser Semana Santa in M\u00e1laga k\u00f6nnen Sie nicht nur die aufregenden Prozessionen miterleben, sondern auch in ein breites Spektrum an lokalen Erlebnissen eintauchen.&nbsp;<\/p>\n\n\n\n<p><strong>Die M\u00f6glichkeit, an diesen Tagen<\/strong> <strong>angenehme Temperaturen zu genie\u00dfen, macht den Reiz dieser Stadt aus.<\/strong><\/p>\n\n\n\n<p>Ein Bad im warmen Sand des Strandes von La Malagueta ist ein Muss und bietet die M\u00f6glichkeit, sich zu entspannen und die Sonne zu genie\u00dfen, die diese Region charakterisiert.&nbsp;<\/p>\n\n\n\n<p>F\u00fcr diejenigen, die sich nach einer kulturellen Tour sehnen, bietet M\u00e1laga historische Juwelen wie die imposante Burg Gibralfaro, die majest\u00e4tische Alcazaba und die elegante Stra\u00dfe Marqu\u00e9s de Larios. Diese Ziele versetzen den Besucher in die Vergangenheit und offenbaren die reiche Geschichte, die in den Stra\u00dfen der Stadt liegt.<\/p>\n\n\n\n<p>Die f\u00fcr ihre Authentizit\u00e4t bekannte Gastronomie M\u00e1lagas l\u00e4dt Sie ein, die traditionellen Tavernen zu entdecken, in denen die ber\u00fchmten Sardinenspie\u00dfe serviert werden, eine lokale Delikatesse, die Ihren Gaumen erfreuen wird. Dar\u00fcber hinaus bietet die Stadt eine Vielzahl von kulinarischen Optionen, die die Essenz der Region einfangen.<\/p>\n\n\n\n<p>F\u00fcr diejenigen, die einen Ausflug au\u00dferhalb der Stadt machen m\u00f6chten, bieten die nahe gelegenen Orte Ronda, Nerja und <a href=\"https:\/\/www.vacalia.com\/de\/marbella-p1440\" target=\"_blank\" rel=\"noreferrer noopener\">Marbella<\/a> verlockende M\u00f6glichkeiten. Jedes Ziel hat seinen eigenen Zauber, von der atemberaubenden Landschaft von Ronda \u00fcber die Sch\u00f6nheit der K\u00fcste von Nerja bis hin zur Exklusivit\u00e4t von Marbella.<\/p>\n\n\n\n<p>Wanderfreunde finden ihr Paradies auf dem Caminito del Rey, einer au\u00dfergew\u00f6hnlichen Route, die sich durch atemberaubende Landschaften schl\u00e4ngelt und die Verbindung zur Natur weckt. Ein einzigartiges Erlebnis, das Ihrer Reiseroute eine abenteuerliche Note verleiht.<\/p>\n\n\n<div class=\"wp-block-image\">\n<figure class=\"aligncenter size-full\"><img loading=\"lazy\" decoding=\"async\" width=\"670\" height=\"300\" src=\"https:\/\/www.vacalia.com\/blog\/wp-content\/uploads\/2024\/02\/alojarse-en-Semana-Santa-Malaga.jpg\" alt=\"Aufenthalt in Malaga mit Vacalia w\u00e4hrend der Osterwoche\" class=\"wp-image-4992\" srcset=\"https:\/\/www.vacalia.com\/blog\/wp-content\/uploads\/2024\/02\/alojarse-en-Semana-Santa-Malaga.jpg 670w, https:\/\/www.vacalia.com\/blog\/wp-content\/uploads\/2024\/02\/alojarse-en-Semana-Santa-Malaga-300x134.jpg 300w\" sizes=\"(max-width: 767px) 100vw, 670px\" \/><figcaption class=\"wp-element-caption\"><em>Aufenthalt in Malaga mit Vacalia w\u00e4hrend der Osterwoche<\/em><\/figcaption><\/figure><\/div>\n\n\n<p>Wir von <a href=\"https:\/\/www.vacalia.com\/de\" target=\"_blank\" rel=\"noreferrer noopener\">Vacalia<\/a> sind uns sicher, dass die Karwoche in M\u00e1laga zu einem unvergesslichen Erlebnis wird. Die Stadt bietet eine Reihe von M\u00f6glichkeiten, von der gl\u00fchenden Feier der Karwoche bis zur Erkundung ihrer kulturellen, gastronomischen und nat\u00fcrlichen Reize.<\/p>\n\n\n<div class=\"bannerBlog\"><div class=\"new-card-houses\">\n    <div class=\"likeOut likeDivOut\" style=\"display:none\">\n        <a data-id=\"3946\" class=\"likeOut_button_red likeBtnFav\"\n            aria-label=\"Megusta Vacalia\"><\/a>\n    <\/div>\n    <figure>\n        <img loading=\"lazy\" decoding=\"async\" \n            loading=\"lazy\" width=\"301\" height=\"200\"\n            src=\"\/\/media.vacalia.com\/photo\/reformatwebpfolder\/350\/200\/3946\/thumb-middle\/3946_bd1ae11f7436ac766a175fc26cb6c02d.webp?v=21092023\"\n            alt=\"El morche - Ferienhaus auf El Morche\"\/>\n                                                                        <div class=\"circleDiscount\">-6%<\/div>\n                        <\/figure>\n    <p itemprop=\"address\"><i class=\"ico-marker\"><\/i>El Morche, M\u00e1laga<\/p>\n    <h3 itemprop=\"name\">El morche<\/h3>\n    <ul class=\"icon_list inline_list\">\n                              <li class=\"ico-pool\" title=\"Pool\">\n              <span itemprop=\"amenityFeature\">Pool<\/span>\n            <\/li>\n                      <li class=\"ico-airConditioning\" title=\"Klimaanlage\">\n              <span itemprop=\"amenityFeature\">Klimaanlage<\/span>\n            <\/li>\n                      <li class=\"ico-wifi\" title=\"Wifi\">\n              <span itemprop=\"amenityFeature\">Wifi<\/span>\n            <\/li>\n                      <li class=\"ico-views\" title=\"Ausblick\">\n              <span itemprop=\"amenityFeature\">Ausblick<\/span>\n            <\/li>\n                          <li class=\"ico-guests\" title=\"F\u00fcr 2+2   G\u00e4ste in El Morche.\">\n          <span itemprop=\"occupancy\">2+2  <\/span>\n        <\/li>\n    <\/ul>\n            <span class=\"price\">Ab 77\u20ac \/ Nacht<\/span>\n                <a itemprop=\"url\" class=\"anchor\" href=\"https:\/\/www.vacalia.com\/de\/apartment-el-morche-torrox-h25342\" aria-label=\"El morche\"><\/a>\n<\/div><div class=\"new-card-houses\">\n    <div class=\"likeOut likeDivOut\" style=\"display:none\">\n        <a data-id=\"3763\" class=\"likeOut_button_red likeBtnFav\"\n            aria-label=\"Megusta Vacalia\"><\/a>\n    <\/div>\n    <figure>\n        <img loading=\"lazy\" decoding=\"async\" \n            loading=\"lazy\" width=\"301\" height=\"200\"\n            src=\"\/\/media.vacalia.com\/photo\/reformatwebpfolder\/350\/200\/3763\/thumb-middle\/3763_af04cefafa60ef9d8449b74d5ff76cb9.webp?v=21092023\"\n            alt=\"Villa la tuna - Ferienhaus auf Benalm\u00e1dena\"\/>\n                                                                        <div class=\"circleDiscount\">-24%<\/div>\n                        <\/figure>\n    <p itemprop=\"address\"><i class=\"ico-marker\"><\/i>Benalm\u00e1dena, M\u00e1laga<\/p>\n    <h3 itemprop=\"name\">Villa la tuna<\/h3>\n    <ul class=\"icon_list inline_list\">\n                              <li class=\"ico-pool\" title=\"Pool\">\n              <span itemprop=\"amenityFeature\">Pool<\/span>\n            <\/li>\n                      <li class=\"ico-airConditioning\" title=\"Klimaanlage\">\n              <span itemprop=\"amenityFeature\">Klimaanlage<\/span>\n            <\/li>\n                      <li class=\"ico-wifi\" title=\"Wifi\">\n              <span itemprop=\"amenityFeature\">Wifi<\/span>\n            <\/li>\n                      <li class=\"ico-views\" title=\"Ausblick\">\n              <span itemprop=\"amenityFeature\">Ausblick<\/span>\n            <\/li>\n                          <li class=\"ico-guests\" title=\"F\u00fcr 8 G\u00e4ste in Benalm\u00e1dena.\">\n          <span itemprop=\"occupancy\">8<\/span>\n        <\/li>\n    <\/ul>\n            <span class=\"price\">Ab 209\u20ac \/ Nacht<\/span>\n                <a itemprop=\"url\" class=\"anchor\" href=\"https:\/\/www.vacalia.com\/de\/villa-villa-la-tuna-benalmadena-h24950\" aria-label=\"Villa la tuna\"><\/a>\n<\/div><\/div>\n","protected":false},"excerpt":{"rendered":"<p>Wir stellen Ihnen einen unvergesslichen Ausflug vor, um die Karwoche zu genie\u00dfen. M\u00e1laga ist eine besondere Stadt, die direkt mit Sevilla konkurriert, um dieses Fest zu genie\u00dfen. Obwohl sie jedes&hellip;<\/p>\n","protected":false},"author":1,"featured_media":4989,"comment_status":"closed","ping_status":"open","sticky":false,"template":"","format":"standard","meta":{"_monsterinsights_skip_tracking":false,"_monsterinsights_sitenote_active":false,"_monsterinsights_sitenote_note":"","_monsterinsights_sitenote_category":0,"footnotes":""},"categories":[547,40,569,605],"tags":[],"class_list":["post-4999","post","type-post","status-publish","format-standard","has-post-thumbnail","hentry","category-malaga-de","category-allgemein","category-feste-und-traditionen-von-malaga","category-was-gibt-es-in-malaga-zu-sehen"],"_links":{"self":[{"href":"https:\/\/www.vacalia.com\/blog\/wp-json\/wp\/v2\/posts\/4999"}],"collection":[{"href":"https:\/\/www.vacalia.com\/blog\/wp-json\/wp\/v2\/posts"}],"about":[{"href":"https:\/\/www.vacalia.com\/blog\/wp-json\/wp\/v2\/types\/post"}],"author":[{"embeddable":true,"href":"https:\/\/www.vacalia.com\/blog\/wp-json\/wp\/v2\/users\/1"}],"replies":[{"embeddable":true,"href":"https:\/\/www.vacalia.com\/blog\/wp-json\/wp\/v2\/comments?post=4999"}],"version-history":[{"count":7,"href":"https:\/\/www.vacalia.com\/blog\/wp-json\/wp\/v2\/posts\/4999\/revisions"}],"predecessor-version":[{"id":7624,"href":"https:\/\/www.vacalia.com\/blog\/wp-json\/wp\/v2\/posts\/4999\/revisions\/7624"}],"wp:featuredmedia":[{"embeddable":true,"href":"https:\/\/www.vacalia.com\/blog\/wp-json\/wp\/v2\/media\/4989"}],"wp:attachment":[{"href":"https:\/\/www.vacalia.com\/blog\/wp-json\/wp\/v2\/media?parent=4999"}],"wp:term":[{"taxonomy":"category","embeddable":true,"href":"https:\/\/www.vacalia.com\/blog\/wp-json\/wp\/v2\/categories?post=4999"},{"taxonomy":"post_tag","embeddable":true,"href":"https:\/\/www.vacalia.com\/blog\/wp-json\/wp\/v2\/tags?post=4999"}],"curies":[{"name":"wp","href":"https:\/\/api.w.org\/{rel}","templated":true}]}}