{"id":5005,"date":"2024-03-04T09:33:38","date_gmt":"2024-03-04T08:33:38","guid":{"rendered":"https:\/\/www.vacalia.com\/blog\/?p=5005"},"modified":"2024-08-28T08:42:39","modified_gmt":"2024-08-28T06:42:39","slug":"la-magia-inigualable-de-las-fallas-en-valencia","status":"publish","type":"post","link":"https:\/\/www.vacalia.com\/blog\/es\/la-magia-inigualable-de-las-fallas-en-valencia\/","title":{"rendered":"La Magia Inigualable de Las Fallas en Valencia"},"content":{"rendered":"\n<p class=\"has-text-align-left\">Las Fallas de Valencia, reconocidas como Fiestas de Inter\u00e9s Tur\u00edstico Internacional, son una de las celebraciones m\u00e1s populares de Espa\u00f1a en el mes de Marzo, atrayendo a miles de visitantes a la ciudad durante estas fechas.&nbsp;<\/p>\n\n\n\n<p class=\"has-text-align-left\">Esta celebraci\u00f3n transforma a Valencia en un espect\u00e1culo de colores, emociones y tradiciones centenarias. Esta festividad \u00fanica no solo es visualmente impactante, sino que se convierte en una experiencia sensorial que os sumerge en la aut\u00e9ntica alma de la ciudad. Desde ninots y masclet\u00e1s hasta el inconfundible sonido de \u00abPaquito el Chocolatero\u00bb, las Fallas son una explosi\u00f3n de cultura, p\u00f3lvora y diversi\u00f3n.<\/p>\n\n\n<div class=\"wp-block-image\">\n<figure class=\"aligncenter size-full\"><img fetchpriority=\"high\" decoding=\"async\" width=\"670\" height=\"300\" src=\"https:\/\/www.vacalia.com\/blog\/wp-content\/uploads\/2024\/03\/falleras-en-Valencia.jpg\" alt=\"Falleras de Valencia\" class=\"wp-image-5006\" srcset=\"https:\/\/www.vacalia.com\/blog\/wp-content\/uploads\/2024\/03\/falleras-en-Valencia.jpg 670w, https:\/\/www.vacalia.com\/blog\/wp-content\/uploads\/2024\/03\/falleras-en-Valencia-300x134.jpg 300w\" sizes=\"(max-width: 767px) 100vw, 670px\" \/><figcaption class=\"wp-element-caption\"><em>Falleras de Valencia<\/em><\/figcaption><\/figure><\/div>\n\n\n<h3 class=\"wp-block-heading\"><strong>\u00bfCu\u00e1ndo son las Fallas de Valencia?<\/strong><\/h3>\n\n\n\n<p>Las Fallas se celebran cada a\u00f1o, entre el 14 y el 19 de marzo para honrar a San Jos\u00e9. El bullicio comienza mucho antes, con el&nbsp;disparo de una masclet\u00e1 cada d\u00eda<strong> <\/strong>desde el 1 de marzo en la plaza del Ayuntamiento de Valencia. Este evento \u00fanico mezcla cultura, historia, fiesta, gastronom\u00eda y m\u00fasica popular, convirti\u00e9ndolo en un preludio inigualable de la primavera en Valencia.<\/p>\n\n\n\n<p>Los fines de semana, tambi\u00e9n se celebran masclet\u00e1s nocturnas a las 00:00 horas en el mismo lugar.<\/p>\n\n\n<div class=\"wp-block-image\">\n<figure class=\"aligncenter size-full\"><img decoding=\"async\" width=\"670\" height=\"300\" src=\"https:\/\/www.vacalia.com\/blog\/wp-content\/uploads\/2024\/03\/mascleta-fallas-valencia.jpg\" alt=\"Masclet\u00e1 en la plaza del Ayuntamiento de Valencia\" class=\"wp-image-5007\" srcset=\"https:\/\/www.vacalia.com\/blog\/wp-content\/uploads\/2024\/03\/mascleta-fallas-valencia.jpg 670w, https:\/\/www.vacalia.com\/blog\/wp-content\/uploads\/2024\/03\/mascleta-fallas-valencia-300x134.jpg 300w\" sizes=\"(max-width: 767px) 100vw, 670px\" \/><figcaption class=\"wp-element-caption\"><em>Masclet\u00e1 en la plaza del Ayuntamiento de Valencia<\/em><\/figcaption><\/figure><\/div>\n\n\n<p>La semana culmina con eventos destacados, como la clausura de la Exposici\u00f3n del Ninot el 14 de marzo, la plant\u00e0 de todas las Fallas el 16 de marzo, y la Nit del Foc, con castillos de fuegos artificiales del 16 al 18 de marzo. La Ofrenda de Flores a la Virgen de los Desamparados se lleva a cabo los d\u00edas 17 y 18 de marzo, donde m\u00e1s de 300 comisiones falleras y las Falleras Mayores de Valencia rinden homenaje a la virgen.<\/p>\n\n\n\n<p>Las Fallas concluyen el 19 de marzo con la misa solemne en honor a San Jos\u00e9, la cabalgata del fuego a las 18 horas, recorriendo el centro de Valencia, y finalmente, la crem\u00e0 de las Fallas. El horario de la Crem\u00e0 de la Falla Municipal Infantil es a las 21 horas, y la crem\u00e0 de la Falla grande de la plaza del Ayuntamiento es a las 23 horas.<\/p>\n\n\n\n<h3 class=\"wp-block-heading\"><strong>\u00bfQu\u00e9 Son las Fallas de Valencia?<\/strong><\/h3>\n\n\n\n<p>Para apreciar la dimensi\u00f3n de Las Fallas, es esencial retroceder en el tiempo y sumergirse en sus or\u00edgenes. La festividad tuvo sus humildes comienzos de la mano del gremio de carpinteros, quienes, en la v\u00edspera del d\u00eda de su patr\u00f3n, San Jos\u00e9, llevaban a cabo un ritual purificador al quemar virutas y trastos viejos en una hoguera, realizando as\u00ed una limpieza simb\u00f3lica de los talleres antes de la llegada de la primavera.<\/p>\n\n\n\n<p>Lo que inicialmente era un acto de veneraci\u00f3n hacia los artesanos de la carpinter\u00eda, ha experimentado una evoluci\u00f3n a lo largo de los siglos. Esta transformaci\u00f3n ha terminado incorporando los imponentes \u00abninots\u00bb, monumentos ef\u00edmeros que se han convertido en el coraz\u00f3n de Las Fallas.&nbsp;<\/p>\n\n\n<div class=\"wp-block-image\">\n<figure class=\"aligncenter size-full\"><img decoding=\"async\" width=\"670\" height=\"300\" src=\"https:\/\/www.vacalia.com\/blog\/wp-content\/uploads\/2024\/03\/monumento-fallero.jpg\" alt=\"El monumento de los ninots\" class=\"wp-image-5008\" srcset=\"https:\/\/www.vacalia.com\/blog\/wp-content\/uploads\/2024\/03\/monumento-fallero.jpg 670w, https:\/\/www.vacalia.com\/blog\/wp-content\/uploads\/2024\/03\/monumento-fallero-300x134.jpg 300w\" sizes=\"(max-width: 767px) 100vw, 670px\" \/><figcaption class=\"wp-element-caption\"><em>El<\/em> <em>monumento de los ninots<\/em><\/figcaption><\/figure><\/div>\n\n\n<h3 class=\"wp-block-heading\"><strong>Exploraci\u00f3n de los Monumentales&nbsp;<\/strong><\/h3>\n\n\n\n<p>Cada calle de Valencia se convierte en un escenario donde los majestuosos ninots relatan peque\u00f1as historias. Desde ingeniosas s\u00e1tiras hasta representaciones de la vida cotidiana, estos monumentos ef\u00edmeros son verdaderas obras maestras que reflejan la habilidad art\u00edstica de los falleros.&nbsp;<\/p>\n\n\n\n<p>No obstante, siempre hay algunos ninots que reciben un indulto y pasan a integrarse en el prestigioso Museo Fallero.&nbsp;<\/p>\n\n\n\n<p>Durante la madrugada del d\u00eda 19, mucha gente lo asocia al d\u00eda anterior, s\u00e1bado&nbsp;18 por la noche, se celebra el Nit del Foc, un deslumbrante castillo de fuegos artificiales espectacular que anuncia el inicio del desenlace festivo.<\/p>\n\n\n\n<p>El apogeo de la celebraci\u00f3n llega con la Crem\u00e0 de las Fallas, un instante \u00fanico en el que todas las creaciones arden, marcando la culminaci\u00f3n de la festividad en la noche del 19 de marzo. M\u00e1s que un evento visual, la crem\u00e0 es una experiencia emocional que simboliza la renovaci\u00f3n y la aceptaci\u00f3n de la fugacidad de la vida.<\/p>\n\n\n<div class=\"wp-block-image\">\n<figure class=\"aligncenter size-full\"><img loading=\"lazy\" decoding=\"async\" width=\"670\" height=\"300\" src=\"https:\/\/www.vacalia.com\/blog\/wp-content\/uploads\/2024\/03\/monumento-fallero-ardiendo.jpg\" alt=\"Crem\u00e0 de las Fallas\" class=\"wp-image-5009\" srcset=\"https:\/\/www.vacalia.com\/blog\/wp-content\/uploads\/2024\/03\/monumento-fallero-ardiendo.jpg 670w, https:\/\/www.vacalia.com\/blog\/wp-content\/uploads\/2024\/03\/monumento-fallero-ardiendo-300x134.jpg 300w\" sizes=\"(max-width: 767px) 100vw, 670px\" \/><figcaption class=\"wp-element-caption\"><em>Crem\u00e0 de las Fallas<\/em><\/figcaption><\/figure><\/div>\n\n\n<p>Las fallas tambi\u00e9n son muy divertidas para los m\u00e1s peque\u00f1os; se pueden visitar fallas infantiles, con un m\u00e1ximo de tres metros en cualquiera de sus dimensiones. Generalmente, est\u00e1n vinculadas a tem\u00e1ticas de la infancia, y su crem\u00e0 se lleva a cabo antes que la oficial, a las 22:00 horas aproximadamente.&nbsp;<\/p>\n\n\n\n<h3 class=\"wp-block-heading\"><strong>Ambiente Festivo en las Calles de Valencia<\/strong><\/h3>\n\n\n\n<p>La m\u00fasica desempe\u00f1a un papel fundamental en Las Fallas, siendo un elemento intr\u00ednsecamente vinculado a la celebraci\u00f3n. Las comisiones falleras contratan a m\u00e1s de 300 bandas de m\u00fasica para acompa\u00f1ar los distintos eventos de las Fallas. Durante las festividades, se escuchan melod\u00edas tradicionales como \u00abPaquito el chocolatero\u00bb y \u00abAmparito Roca\u00bb, junto con canciones m\u00e1s modernas. Adem\u00e1s de las bandas, hay grupos de m\u00fasica tradicional valenciana con dulzainas y tamboriles. Durante las noches, la m\u00fasica sigue siendo relevante con verbenas, orquestas y \u00abdiscom\u00f3viles\u00bb en los barrios, invitando a todos a disfrutar hasta el amanecer.<\/p>\n\n\n\n<h3 class=\"wp-block-heading\"><strong>La Gastronom\u00eda Fallera: Deleites que Complementan la Celebraci\u00f3n<\/strong><\/h3>\n\n\n\n<p>Durante las Fallas en Valencia, la comida se convierte en una parte esencial de la celebraci\u00f3n. Desde las paellas y bu\u00f1uelos de calabaza hasta el chocolate caliente y churros. Adem\u00e1s, bebidas como el Alcoyano y la horchata de chufa son populares. La tradici\u00f3n de la \u00abcena de sobaquillo\u00bb, consiste en degustar un bocadillo \u201cblanc i negre\u201d cuyos ingredientes son longaniza blanca y morcilla, ya sea en las comisiones falleras o disfrut\u00e1ndola en cualquier lugar, a\u00f1ade un toque especial a la experiencia festiva.<\/p>\n\n\n\n<h3 class=\"wp-block-heading\"><strong>Recomendaciones para explorar Valencia y participar en las festividades<\/strong><\/h3>\n\n\n\n<p>Para disfrutar plenamente de la experiencia, se ofrecen algunas recomendaciones:<\/p>\n\n\n\n<ul class=\"wp-block-list\">\n<li><strong>Organiza con antelaci\u00f3n:<\/strong> Debido a la alta afluencia de turistas, planifica tus vacaciones con anticipaci\u00f3n y <strong><a href=\"https:\/\/www.vacalia.com\/es\/alquiler-vacacional-valencia\" target=\"_blank\" rel=\"noreferrer noopener\">busca alquiler vacacional cerca de Valencia<\/a><\/strong> no en plena ciudad.<\/li>\n\n\n\n<li><strong>Viste c\u00f3modo y usa calzado pr\u00e1ctico:<\/strong> Dada la movilidad a pie durante las Fallas, opta por ropa y calzado c\u00f3modos para desplazarte f\u00e1cilmente.&nbsp;<\/li>\n\n\n\n<li><strong>Evita aglomeraciones:<\/strong> En momentos de agitaci\u00f3n, elude las calles m\u00e1s concurridas y no te preocupes por ver la \u00abMasclet\u00e0\u00bb en primera fila; se puede disfrutar desde otros puntos de la Plaza del Ayuntamiento.\u2028<\/li>\n\n\n\n<li><strong>Ten paciencia:<\/strong> Las Fallas son una experiencia \u00fanica, pero es esencial tener paciencia para desplazarse por la ciudad, explorar los monumentos y disfrutar de la hospitalidad en bares y restaurantes. Recuerda que est\u00e1s de vacaciones, as\u00ed que rel\u00e1jate y disfruta.<\/li>\n<\/ul>\n","protected":false},"excerpt":{"rendered":"<p>Las Fallas de Valencia, reconocidas como Fiestas de Inter\u00e9s Tur\u00edstico Internacional, son una de las celebraciones m\u00e1s populares de Espa\u00f1a en el mes de Marzo, atrayendo a miles de visitantes&hellip;<\/p>\n","protected":false},"author":1,"featured_media":5006,"comment_status":"closed","ping_status":"open","sticky":false,"template":"","format":"standard","meta":{"_monsterinsights_skip_tracking":false,"_monsterinsights_sitenote_active":false,"_monsterinsights_sitenote_note":"","_monsterinsights_sitenote_category":0,"footnotes":""},"categories":[469,517,493,1,336],"tags":[],"class_list":["post-5005","post","type-post","status-publish","format-standard","has-post-thumbnail","hentry","category-valencia-es","category-que-hacer-en-valencia","category-fiestas-y-tradiciones-de-valencia","category-general-es","category-guias-de-valencia"],"_links":{"self":[{"href":"https:\/\/www.vacalia.com\/blog\/wp-json\/wp\/v2\/posts\/5005"}],"collection":[{"href":"https:\/\/www.vacalia.com\/blog\/wp-json\/wp\/v2\/posts"}],"about":[{"href":"https:\/\/www.vacalia.com\/blog\/wp-json\/wp\/v2\/types\/post"}],"author":[{"embeddable":true,"href":"https:\/\/www.vacalia.com\/blog\/wp-json\/wp\/v2\/users\/1"}],"replies":[{"embeddable":true,"href":"https:\/\/www.vacalia.com\/blog\/wp-json\/wp\/v2\/comments?post=5005"}],"version-history":[{"count":5,"href":"https:\/\/www.vacalia.com\/blog\/wp-json\/wp\/v2\/posts\/5005\/revisions"}],"predecessor-version":[{"id":6179,"href":"https:\/\/www.vacalia.com\/blog\/wp-json\/wp\/v2\/posts\/5005\/revisions\/6179"}],"wp:featuredmedia":[{"embeddable":true,"href":"https:\/\/www.vacalia.com\/blog\/wp-json\/wp\/v2\/media\/5006"}],"wp:attachment":[{"href":"https:\/\/www.vacalia.com\/blog\/wp-json\/wp\/v2\/media?parent=5005"}],"wp:term":[{"taxonomy":"category","embeddable":true,"href":"https:\/\/www.vacalia.com\/blog\/wp-json\/wp\/v2\/categories?post=5005"},{"taxonomy":"post_tag","embeddable":true,"href":"https:\/\/www.vacalia.com\/blog\/wp-json\/wp\/v2\/tags?post=5005"}],"curies":[{"name":"wp","href":"https:\/\/api.w.org\/{rel}","templated":true}]}}