{"id":5012,"date":"2024-03-04T09:34:11","date_gmt":"2024-03-04T08:34:11","guid":{"rendered":"https:\/\/www.vacalia.com\/blog\/?p=5012"},"modified":"2024-08-28T08:43:46","modified_gmt":"2024-08-28T06:43:46","slug":"the-unique-magic-of-las-fallas-in-valencia","status":"publish","type":"post","link":"https:\/\/www.vacalia.com\/blog\/en\/the-unique-magic-of-las-fallas-in-valencia\/","title":{"rendered":"The Unique Magic of Las Fallas in Valencia"},"content":{"rendered":"\n<p>The Fallas of Valencia, recognised as a Festival of International Tourist Interest, is one of the most popular celebrations in Spain during the month of March, attracting thousands of visitors to the city during these dates.&nbsp;<\/p>\n\n\n\n<p>This celebration transforms Valencia into a spectacle of colours, emotions and centuries-old traditions. This unique festivity is not only visually stunning, but becomes a sensory experience that immerses you in the true soul of the city. From ninots and masclet\u00e1s to the unmistakable sound of \u00abPaquito el Chocolatero\u00bb, the Fallas are an explosion of culture, gunpowder and fun.<\/p>\n\n\n<div class=\"wp-block-image\">\n<figure class=\"aligncenter size-full\"><img fetchpriority=\"high\" decoding=\"async\" width=\"670\" height=\"300\" src=\"https:\/\/www.vacalia.com\/blog\/wp-content\/uploads\/2024\/03\/falleras-en-Valencia.jpg\" alt=\"Falleras of Valencia\" class=\"wp-image-5006\" srcset=\"https:\/\/www.vacalia.com\/blog\/wp-content\/uploads\/2024\/03\/falleras-en-Valencia.jpg 670w, https:\/\/www.vacalia.com\/blog\/wp-content\/uploads\/2024\/03\/falleras-en-Valencia-300x134.jpg 300w\" sizes=\"(max-width: 767px) 100vw, 670px\" \/><figcaption class=\"wp-element-caption\"><em>Falleras of Valencia<\/em><\/figcaption><\/figure><\/div>\n\n\n<h3 class=\"wp-block-heading\"><strong>&nbsp;When are the Fallas in Valencia?<\/strong><\/h3>\n\n\n\n<p>Las Fallas are celebrated every year between the 14th and 19th of March to honour Saint Joseph. The hustle and bustle begins much earlier, with the firing of a masclet\u00e1 every day from the 1st of March in Valencia&#8217;s Town Hall square. This unique event blends culture, history, fiesta, gastronomy and popular music, making it an unrivalled prelude to spring in Valencia.<\/p>\n\n\n\n<p>On weekends, there are also nightly masclet\u00e1s at 00:00 hours in the same place.<\/p>\n\n\n<div class=\"wp-block-image\">\n<figure class=\"aligncenter size-full\"><img decoding=\"async\" width=\"670\" height=\"300\" src=\"https:\/\/www.vacalia.com\/blog\/wp-content\/uploads\/2024\/03\/mascleta-fallas-valencia.jpg\" alt=\"Masclet\u00e1 in Valencia's Town Hall square\" class=\"wp-image-5007\" srcset=\"https:\/\/www.vacalia.com\/blog\/wp-content\/uploads\/2024\/03\/mascleta-fallas-valencia.jpg 670w, https:\/\/www.vacalia.com\/blog\/wp-content\/uploads\/2024\/03\/mascleta-fallas-valencia-300x134.jpg 300w\" sizes=\"(max-width: 767px) 100vw, 670px\" \/><figcaption class=\"wp-element-caption\"><em>Masclet\u00e1 in Valencia&#8217;s Town Hall square<\/em><\/figcaption><\/figure><\/div>\n\n\n<p>The week culminates with highlights such as the closing of the Ninot Exhibition on 14 March, the plant\u00e0 of all the Fallas on 16 March, and the Nit del Foc, with firework displays from 16 to 18 March. The Offering of Flowers to the Virgen de los Desamparados takes place on 17 and 18 March, where more than 300 Fallas commissions and the Falleras Mayores of Valencia pay homage to the virgin.<\/p>\n\n\n\n<p>The Fallas end on 19 March with the solemn mass in honour of Saint Joseph, the fire parade at 6 p.m. through the centre of Valencia, and finally, the crem\u00e0 of the Fallas. The Crem\u00e0 of the Children&#8217;s Municipal Falla is at 9 pm, and the crem\u00e0 of the big Falla in the Town Hall square is at 11 pm.<\/p>\n\n\n\n<h3 class=\"wp-block-heading\"><strong>What are the Fallas of Valencia?<\/strong><\/h3>\n\n\n\n<p>To appreciate the dimension of Las Fallas, it is essential to go back in time and immerse oneself in its origins. The festivity had its humble beginnings at the hands of the carpenters&#8217; guild, who, on the eve of the day of their patron saint, Saint Joseph, carried out a purifying ritual by burning shavings and old junk in a bonfire, thus carrying out a symbolic cleaning of the workshops before the arrival of spring.<\/p>\n\n\n\n<p>What was initially an act of veneration for the carpentry craftsmen has undergone an evolution over the centuries. This transformation has ended up incorporating the imposing \u00abninots\u00bb, ephemeral monuments that have become the heart of Las Fallas.&nbsp;<\/p>\n\n\n<div class=\"wp-block-image\">\n<figure class=\"aligncenter size-full\"><img decoding=\"async\" width=\"670\" height=\"300\" src=\"https:\/\/www.vacalia.com\/blog\/wp-content\/uploads\/2024\/03\/monumento-fallero.jpg\" alt=\"The monument of the &quot;ninots&quot;\" class=\"wp-image-5008\" srcset=\"https:\/\/www.vacalia.com\/blog\/wp-content\/uploads\/2024\/03\/monumento-fallero.jpg 670w, https:\/\/www.vacalia.com\/blog\/wp-content\/uploads\/2024\/03\/monumento-fallero-300x134.jpg 300w\" sizes=\"(max-width: 767px) 100vw, 670px\" \/><figcaption class=\"wp-element-caption\"><em>The monument of the \u00abninots\u00bb<\/em><\/figcaption><\/figure><\/div>\n\n\n<h3 class=\"wp-block-heading\"><strong>Exploration of the Monumental&nbsp;<\/strong><\/h3>\n\n\n\n<p>Every street in Valencia becomes a stage where the majestic ninots tell little stories. From witty satires to representations of everyday life, these ephemeral monuments are true masterpieces that reflect the artistic skill of the falleros.&nbsp;<\/p>\n\n\n\n<p>However, there are always some ninots that receive a reprieve and become part of the prestigious Museo Fallero.&nbsp;<\/p>\n\n\n\n<p>During the early hours of the 19th, many people associate it with the previous day, Saturday night, the 18th, the Nit del Foc, a dazzling fireworks spectacular that heralds the beginning of the festive outcome.<\/p>\n\n\n\n<p>The pinnacle of the celebration comes with the Crem\u00e0 de las Fallas, a unique moment when all the creations burn, marking the culmination of the festival on the night of 19 March. More than a visual event, the crem\u00e0 is an emotional experience that symbolises renewal and acceptance of the transience of life.<\/p>\n\n\n<div class=\"wp-block-image\">\n<figure class=\"aligncenter size-full\"><img loading=\"lazy\" decoding=\"async\" width=\"670\" height=\"300\" src=\"https:\/\/www.vacalia.com\/blog\/wp-content\/uploads\/2024\/03\/monumento-fallero-ardiendo.jpg\" alt=\"Crem\u00e0 de las Fallas\" class=\"wp-image-5009\" srcset=\"https:\/\/www.vacalia.com\/blog\/wp-content\/uploads\/2024\/03\/monumento-fallero-ardiendo.jpg 670w, https:\/\/www.vacalia.com\/blog\/wp-content\/uploads\/2024\/03\/monumento-fallero-ardiendo-300x134.jpg 300w\" sizes=\"(max-width: 767px) 100vw, 670px\" \/><figcaption class=\"wp-element-caption\"><em>Crem\u00e0 de las Fallas<\/em><\/figcaption><\/figure><\/div>\n\n\n<p>The fallas are also great fun for the little ones; you can visit children&#8217;s fallas, with a maximum of three metres in any of their dimensions. Generally, they are linked to children&#8217;s themes, and their crem\u00e0 takes place before the official one, at approximately 22:00 hours.&nbsp;<\/p>\n\n\n\n<h3 class=\"wp-block-heading\"><strong>Festive atmosphere in the streets of Valencia<\/strong><\/h3>\n\n\n\n<p>Music plays a fundamental role in Las Fallas, being an element intrinsically linked to the celebration. The Fallas commissions hire more than 300 music bands to accompany the different events of the Fallas. During the festivities, traditional tunes such as \u00abPaquito el chocolatero\u00bb and \u00abAmparito Roca\u00bb can be heard alongside more modern songs. In addition to the bands, there are traditional Valencian music groups with dulzainas and tamboriles. During the evenings, music is still relevant with verbenas, orchestras and \u00abdiscom\u00f3viles\u00bb in the neighbourhoods, inviting everyone to enjoy themselves until dawn.<\/p>\n\n\n\n<h3 class=\"wp-block-heading\"><strong>Fallas Gastronomy: Delicacies that Complement the Celebration<\/strong><\/h3>\n\n\n\n<p>During Fallas in Valencia, food becomes an essential part of the celebration. From paellas and pumpkin fritters to hot chocolate and churros. In addition, drinks such as Alcoyano and horchata de chufa (tiger nut milk) are popular. The tradition of the \u00abcena de sobaquillo\u00bb, consisting of a \u00abblanc i negre\u00bb sandwich with white sausage and blood sausage as ingredients, either in the fallera commissions or enjoyed anywhere, adds a special touch to the festive experience.<\/p>\n\n\n\n<h3 class=\"wp-block-heading\"><strong>Recommendations for exploring Valencia and taking part in the festivities<\/strong><\/h3>\n\n\n\n<p>To fully enjoy the experience, here are some recommendations:<\/p>\n\n\n\n<ul class=\"wp-block-list\">\n<li><strong>Organise in advance: <\/strong>Due to the high influx of tourists, plan your holiday in advance and <strong><a href=\"https:\/\/www.vacalia.com\/en\/holiday-rentals-valencia\" target=\"_blank\" rel=\"noreferrer noopener\">look for holiday rentals near Valencia<\/a><\/strong>, not in the city centre.<\/li>\n\n\n\n<li><strong>Dress comfortably and wear practical footwear: <\/strong>Given the mobility on foot during the Fallas, opt for comfortable clothes and footwear to move around easily.&nbsp;<\/li>\n\n\n\n<li><strong>Avoid crowds: <\/strong>At hectic times, avoid the busiest streets and don&#8217;t worry about watching the \u00abMasclet\u00e0\u00bb in the front row; it can be enjoyed from other parts of the Plaza del Ayuntamiento.<\/li>\n\n\n\n<li><strong>Be patient: <\/strong>Las Fallas is a unique experience, but it is essential to be patient as you move around the city, explore the monuments and enjoy the hospitality in bars and restaurants. Remember you are on holiday, so relax and enjoy.<\/li>\n<\/ul>\n","protected":false},"excerpt":{"rendered":"<p>The Fallas of Valencia, recognised as a Festival of International Tourist Interest, is one of the most popular celebrations in Spain during the month of March, attracting thousands of visitors&hellip;<\/p>\n","protected":false},"author":1,"featured_media":5006,"comment_status":"closed","ping_status":"open","sticky":false,"template":"","format":"standard","meta":{"_monsterinsights_skip_tracking":false,"_monsterinsights_sitenote_active":false,"_monsterinsights_sitenote_note":"","_monsterinsights_sitenote_category":0,"footnotes":""},"categories":[539,495,36,519],"tags":[],"class_list":["post-5012","post","type-post","status-publish","format-standard","has-post-thumbnail","hentry","category-valencia-en","category-festivals-and-traditions-of-valencia","category-general-en","category-what-to-do-in-valencia"],"_links":{"self":[{"href":"https:\/\/www.vacalia.com\/blog\/wp-json\/wp\/v2\/posts\/5012"}],"collection":[{"href":"https:\/\/www.vacalia.com\/blog\/wp-json\/wp\/v2\/posts"}],"about":[{"href":"https:\/\/www.vacalia.com\/blog\/wp-json\/wp\/v2\/types\/post"}],"author":[{"embeddable":true,"href":"https:\/\/www.vacalia.com\/blog\/wp-json\/wp\/v2\/users\/1"}],"replies":[{"embeddable":true,"href":"https:\/\/www.vacalia.com\/blog\/wp-json\/wp\/v2\/comments?post=5012"}],"version-history":[{"count":5,"href":"https:\/\/www.vacalia.com\/blog\/wp-json\/wp\/v2\/posts\/5012\/revisions"}],"predecessor-version":[{"id":6181,"href":"https:\/\/www.vacalia.com\/blog\/wp-json\/wp\/v2\/posts\/5012\/revisions\/6181"}],"wp:featuredmedia":[{"embeddable":true,"href":"https:\/\/www.vacalia.com\/blog\/wp-json\/wp\/v2\/media\/5006"}],"wp:attachment":[{"href":"https:\/\/www.vacalia.com\/blog\/wp-json\/wp\/v2\/media?parent=5012"}],"wp:term":[{"taxonomy":"category","embeddable":true,"href":"https:\/\/www.vacalia.com\/blog\/wp-json\/wp\/v2\/categories?post=5012"},{"taxonomy":"post_tag","embeddable":true,"href":"https:\/\/www.vacalia.com\/blog\/wp-json\/wp\/v2\/tags?post=5012"}],"curies":[{"name":"wp","href":"https:\/\/api.w.org\/{rel}","templated":true}]}}