{"id":5017,"date":"2024-03-04T09:34:53","date_gmt":"2024-03-04T08:34:53","guid":{"rendered":"https:\/\/www.vacalia.com\/blog\/?p=5017"},"modified":"2025-07-08T12:01:09","modified_gmt":"2025-07-08T10:01:09","slug":"der-einzigartige-zauber-von-las-fallas-in-valencia","status":"publish","type":"post","link":"https:\/\/www.vacalia.com\/blog\/der-einzigartige-zauber-von-las-fallas-in-valencia\/","title":{"rendered":"Der einzigartige Zauber von Las Fallas in Valencia"},"content":{"rendered":"\n<p>Die Fallas von Valencia, die als Festival von internationalem touristischem Interesse anerkannt sind, sind eines der beliebtesten Feste in Spanien im Monat M\u00e4rz und ziehen zu dieser Zeit Tausende von Besuchern in die Stadt.&nbsp;<\/p>\n\n\n\n<p>Dieses Fest verwandelt Valencia in ein Spektakel aus Farben, Emotionen und jahrhundertealten Traditionen. Dieses einzigartige Fest ist nicht nur visuell beeindruckend, sondern wird zu einem sinnlichen Erlebnis, das Sie in die wahre Seele der Stadt eintauchen l\u00e4sst. Von Ninots und Masclet\u00e1s bis hin zu den unverwechselbaren Kl\u00e4ngen von \u00abPaquito el Chocolatero\u00bb sind die Fallas eine Explosion von Kultur, Schie\u00dfpulver und Spa\u00df.<\/p>\n\n\n<div class=\"wp-block-image\">\n<figure class=\"aligncenter size-full\"><img fetchpriority=\"high\" decoding=\"async\" width=\"670\" height=\"300\" src=\"https:\/\/www.vacalia.com\/blog\/wp-content\/uploads\/2024\/03\/falleras-en-Valencia.jpg\" alt=\"Falleras von Valencia\" class=\"wp-image-5006\" srcset=\"https:\/\/www.vacalia.com\/blog\/wp-content\/uploads\/2024\/03\/falleras-en-Valencia.jpg 670w, https:\/\/www.vacalia.com\/blog\/wp-content\/uploads\/2024\/03\/falleras-en-Valencia-300x134.jpg 300w\" sizes=\"(max-width: 767px) 100vw, 670px\" \/><figcaption class=\"wp-element-caption\"><em>Falleras von Valencia<\/em><\/figcaption><\/figure><\/div>\n\n\n<h2 class=\"wp-block-heading has-medium-font-size\"><strong>Wann sind die Fallas in Valencia?<\/strong><\/h2>\n\n\n\n<p>Las Fallas werden jedes Jahr zwischen dem 14. und 19. M\u00e4rz zu Ehren des Heiligen Josef gefeiert. Das bunte Treiben beginnt aber schon viel fr\u00fcher, n\u00e4mlich mit dem Abfeuern einer Masclet\u00e1, die t\u00e4glich ab dem 1. M\u00e4rz auf dem Rathausplatz von Valencia stattfindet. Diese einzigartige Veranstaltung, die Kultur, Geschichte, Fiesta, Gastronomie und Volksmusik miteinander verbindet, ist ein unvergleichlicher Auftakt des Fr\u00fchlings in Valencia.<\/p>\n\n\n\n<p>An den Wochenenden gibt es auch n\u00e4chtliche Maskottchen um 00:00 Uhr an der gleichen Stelle.<\/p>\n\n\n<div class=\"wp-block-image\">\n<figure class=\"aligncenter size-full\"><img decoding=\"async\" width=\"670\" height=\"300\" src=\"https:\/\/www.vacalia.com\/blog\/wp-content\/uploads\/2024\/03\/mascleta-fallas-valencia.jpg\" alt=\"Masclet\u00e1 dem Rathausplatz von Valencia stattfindet\" class=\"wp-image-5007\" srcset=\"https:\/\/www.vacalia.com\/blog\/wp-content\/uploads\/2024\/03\/mascleta-fallas-valencia.jpg 670w, https:\/\/www.vacalia.com\/blog\/wp-content\/uploads\/2024\/03\/mascleta-fallas-valencia-300x134.jpg 300w\" sizes=\"(max-width: 767px) 100vw, 670px\" \/><figcaption class=\"wp-element-caption\"><em>Masclet\u00e1 dem Rathausplatz von Valencia stattfindet<\/em><\/figcaption><\/figure><\/div>\n\n\n<p>Die Woche gipfelt in H\u00f6hepunkten wie der Schlie\u00dfung der Ninot-Ausstellung am 14. M\u00e4rz, der Plant\u00e0 aller Fallas am 16. M\u00e4rz und der Nit del Foc mit einem Feuerwerk vom 16. bis 18. M\u00e4rz. Am 17. und 18. M\u00e4rz findet das Blumenopfer f\u00fcr die Virgen de los Desamparados statt, bei dem mehr als 300 Fallas-Kommissionen und die Falleras Mayores von Valencia der Jungfrau huldigen.<\/p>\n\n\n\n<p>Die Fallas enden am 19. M\u00e4rz mit der feierlichen Messe zu Ehren des Heiligen Josef, dem Feuerumzug um 18 Uhr durch das Zentrum von Valencia und schlie\u00dflich der Crem\u00e0 der Fallas. Die Crem\u00e0 der st\u00e4dtischen Kinder-Falla findet um 21 Uhr statt, und die Crem\u00e0 der gro\u00dfen Falla auf dem Rathausplatz um 23 Uhr.<\/p>\n\n\n\n<h2 class=\"wp-block-heading has-medium-font-size\"><strong>Was sind die Fallas von Valencia?<\/strong><\/h2>\n\n\n\n<p>Um die Dimension von Las Fallas zu verstehen, muss man sich in die Vergangenheit begeben und die Urspr\u00fcnge des Festes kennen lernen. Das Fest hat seine bescheidenen Anf\u00e4nge in den H\u00e4nden der Zimmermannszunft, die am Vorabend des Tages ihres Schutzpatrons, des Heiligen Josef, ein Reinigungsritual durchf\u00fchrte, indem sie Sp\u00e4ne und altes Ger\u00fcmpel in einem Lagerfeuer verbrannte und so eine symbolische Reinigung der Werkst\u00e4tten vor der Ankunft des Fr\u00fchlings vornahm.<\/p>\n\n\n\n<p>Was urspr\u00fcnglich ein Akt der Verehrung f\u00fcr die Zimmerleute war, hat im Laufe der Jahrhunderte eine Entwicklung durchgemacht. Diese Entwicklung hat dazu gef\u00fchrt, dass die imposanten \u00abninots\u00bb, verg\u00e4ngliche Denkm\u00e4ler, das Herzst\u00fcck von Las Fallas geworden sind.&nbsp;<\/p>\n\n\n<div class=\"wp-block-image\">\n<figure class=\"aligncenter size-full\"><img decoding=\"async\" width=\"670\" height=\"300\" src=\"https:\/\/www.vacalia.com\/blog\/wp-content\/uploads\/2024\/03\/monumento-fallero.jpg\" alt=\"Das Denkmal der Ninots\" class=\"wp-image-5008\" srcset=\"https:\/\/www.vacalia.com\/blog\/wp-content\/uploads\/2024\/03\/monumento-fallero.jpg 670w, https:\/\/www.vacalia.com\/blog\/wp-content\/uploads\/2024\/03\/monumento-fallero-300x134.jpg 300w\" sizes=\"(max-width: 767px) 100vw, 670px\" \/><figcaption class=\"wp-element-caption\"><em>Das Denkmal der Ninots<\/em><\/figcaption><\/figure><\/div>\n\n\n<h2 class=\"wp-block-heading has-medium-font-size\"><strong>Erforschung des Monumentalen&nbsp;<\/strong><\/h2>\n\n\n\n<p>Jede Stra\u00dfe in Valencia wird zu einer B\u00fchne, auf der die majest\u00e4tischen Ninots kleine Geschichten erz\u00e4hlen. Von witzigen Satiren bis hin zu Darstellungen des t\u00e4glichen Lebens sind diese ephemeren Denkm\u00e4ler wahre Meisterwerke, die das k\u00fcnstlerische Geschick der Falleros widerspiegeln.&nbsp;<\/p>\n\n\n\n<p>Es gibt jedoch immer wieder einige Neunoten, die begnadigt werden und in das renommierte Museo Fallero aufgenommen werden.&nbsp;<\/p>\n\n\n\n<p>In den fr\u00fchen Morgenstunden des 19. Dezembers verbinden viele Menschen mit dem Vortag, dem Samstagabend, dem 18. Dezember, die Nit del Foc, ein schillerndes Feuerwerk, das den Beginn des Festes einl\u00e4utet.<\/p>\n\n\n\n<p>Der H\u00f6hepunkt des Festes ist die Crem\u00e0 de las Fallas, ein einzigartiger Moment, in dem alle Kreationen verbrannt werden und das Fest in der Nacht des 19. M\u00e4rz seinen H\u00f6hepunkt findet. Die Crem\u00e0 ist mehr als ein visuelles Ereignis, sie ist eine emotionale Erfahrung, die Erneuerung und Akzeptanz der Verg\u00e4nglichkeit des Lebens symbolisiert.<\/p>\n\n\n<div class=\"wp-block-image\">\n<figure class=\"aligncenter size-full\"><img loading=\"lazy\" decoding=\"async\" width=\"670\" height=\"300\" src=\"https:\/\/www.vacalia.com\/blog\/wp-content\/uploads\/2024\/03\/monumento-fallero-ardiendo.jpg\" alt=\"Crem\u00e0 de las Fallas\" class=\"wp-image-5009\" srcset=\"https:\/\/www.vacalia.com\/blog\/wp-content\/uploads\/2024\/03\/monumento-fallero-ardiendo.jpg 670w, https:\/\/www.vacalia.com\/blog\/wp-content\/uploads\/2024\/03\/monumento-fallero-ardiendo-300x134.jpg 300w\" sizes=\"(max-width: 767px) 100vw, 670px\" \/><figcaption class=\"wp-element-caption\"><em>Crem\u00e0 de las Fallas<\/em><\/figcaption><\/figure><\/div>\n\n\n<p>Die Fallas sind auch f\u00fcr die Kleinsten ein gro\u00dfer Spa\u00df: Sie k\u00f6nnen Kinderfallas besuchen, die in jeder ihrer Dimensionen maximal drei Meter gro\u00df sind. Sie sind in der Regel mit Kinderthemen verbunden und ihre Ein\u00e4scherung findet vor der offiziellen Ein\u00e4scherung um ca. 22:00 Uhr statt.&nbsp;<\/p>\n\n\n\n<h2 class=\"wp-block-heading has-medium-font-size\"><strong>Festliche Atmosph\u00e4re in den Stra\u00dfen von Valencia<\/strong><\/h2>\n\n\n\n<p>Die Musik spielt bei den Fallas eine grundlegende Rolle, da sie ein untrennbar mit dem Fest verbundenes Element ist. Die Fallas beauftragen mehr als 300 Musikkapellen, um die verschiedenen Veranstaltungen der Fallas zu begleiten. W\u00e4hrend der Feierlichkeiten erklingen traditionelle Melodien wie \u00abPaquito el chocolatero\u00bb und \u00abAmparito Roca\u00bb neben moderneren Liedern. Neben den Bands gibt es auch traditionelle valencianische Musikgruppen mit Dulzainas und Tamboriles. Abends ist die Musik mit Verbenas, Orchestern und \u00abDiscom\u00f3viles\u00bb in den Stadtvierteln immer noch aktuell und l\u00e4dt zum Feiern bis zum Morgengrauen ein.<\/p>\n\n\n\n<h2 class=\"wp-block-heading has-medium-font-size\"><strong>Fallas Gastronomie: K\u00f6stlichkeiten, die das Fest abrunden<\/strong><\/h2>\n\n\n\n<p>W\u00e4hrend der Fallas in Valencia ist das Essen ein wesentlicher Bestandteil des Festes. Von Paellas und K\u00fcrbispasteten bis hin zu hei\u00dfer Schokolade und Churros. Dar\u00fcber hinaus sind Getr\u00e4nke wie Alcoyano und Horchata de Chufa (Erdmandelmilch) beliebt. Die Tradition der \u00abcena de sobaquillo\u00bb, die aus einem \u00abblanc i negre\u00bb-Sandwich mit Wei\u00dfwurst und Blutwurst als Zutaten besteht und entweder in der fallera-Kommission oder an einem anderen Ort gegessen wird, verleiht dem Fest eine besondere Note.<\/p>\n\n\n\n<h2 class=\"wp-block-heading has-medium-font-size\"><strong>Empfehlungen f\u00fcr die Erkundung Valencias und die Teilnahme an den Festivit\u00e4ten<\/strong><\/h2>\n\n\n\n<p>Damit Sie das Erlebnis in vollen Z\u00fcgen genie\u00dfen k\u00f6nnen, finden Sie hier einige Empfehlungen:<\/p>\n\n\n\n<ul class=\"wp-block-list\">\n<li><strong>Organisieren Sie im Voraus: Aufgrund des <\/strong>gro\u00dfen Zustroms von Touristen sollten Sie Ihren Urlaub im Voraus planen und <strong><a href=\"https:\/\/www.vacalia.com\/de\/ferienhaus-valencia\" target=\"_blank\" rel=\"noreferrer noopener\">nach Ferienunterk\u00fcnften in der N\u00e4he von Valencia<\/a> <\/strong>und nicht im Stadtzentrum suchen.<\/li>\n\n\n\n<li><strong>Ziehen Sie sich bequem an und tragen Sie praktisches Schuhwerk: <\/strong>Da man w\u00e4hrend der Fallas viel zu Fu\u00df unterwegs ist, sollten Sie sich f\u00fcr bequeme Kleidung und Schuhe entscheiden, damit Sie sich gut bewegen k\u00f6nnen.&nbsp;<\/li>\n\n\n\n<li><strong>Vermeiden Sie Menschenmassen: <\/strong>Meiden Sie zu hektischen Zeiten die belebten Stra\u00dfen und machen Sie sich keine Gedanken dar\u00fcber, ob Sie die \u00abMasclet\u00e0\u00bb in der ersten Reihe sehen wollen; man kann sie auch von anderen Teilen der Plaza del Ayuntamiento aus genie\u00dfen.<\/li>\n\n\n\n<li><strong>Haben Sie Geduld: <\/strong>Las Fallas ist ein einzigartiges Erlebnis, aber es ist wichtig, geduldig zu sein , w\u00e4hrend Sie sich in der Stadt bewegen, die Denkm\u00e4ler erkunden und die Gastfreundschaft in Bars und Restaurants genie\u00dfen. Denken Sie daran, dass Sie im Urlaub sind, also entspannen und genie\u00dfen Sie.<\/li>\n<\/ul>\n","protected":false},"excerpt":{"rendered":"<p>Die Fallas von Valencia, die als Festival von internationalem touristischem Interesse anerkannt sind, sind eines der beliebtesten Feste in Spanien im Monat M\u00e4rz und ziehen zu dieser Zeit Tausende von&hellip;<\/p>\n","protected":false},"author":1,"featured_media":5006,"comment_status":"closed","ping_status":"open","sticky":false,"template":"","format":"standard","meta":{"_monsterinsights_skip_tracking":false,"_monsterinsights_sitenote_active":false,"_monsterinsights_sitenote_note":"","_monsterinsights_sitenote_category":0,"footnotes":""},"categories":[543,40,497,521],"tags":[],"class_list":["post-5017","post","type-post","status-publish","format-standard","has-post-thumbnail","hentry","category-valencia-de","category-allgemein","category-feste-und-traditionen-von-valencia","category-was-kann-man-in-valencia-machen"],"_links":{"self":[{"href":"https:\/\/www.vacalia.com\/blog\/wp-json\/wp\/v2\/posts\/5017"}],"collection":[{"href":"https:\/\/www.vacalia.com\/blog\/wp-json\/wp\/v2\/posts"}],"about":[{"href":"https:\/\/www.vacalia.com\/blog\/wp-json\/wp\/v2\/types\/post"}],"author":[{"embeddable":true,"href":"https:\/\/www.vacalia.com\/blog\/wp-json\/wp\/v2\/users\/1"}],"replies":[{"embeddable":true,"href":"https:\/\/www.vacalia.com\/blog\/wp-json\/wp\/v2\/comments?post=5017"}],"version-history":[{"count":5,"href":"https:\/\/www.vacalia.com\/blog\/wp-json\/wp\/v2\/posts\/5017\/revisions"}],"predecessor-version":[{"id":7657,"href":"https:\/\/www.vacalia.com\/blog\/wp-json\/wp\/v2\/posts\/5017\/revisions\/7657"}],"wp:featuredmedia":[{"embeddable":true,"href":"https:\/\/www.vacalia.com\/blog\/wp-json\/wp\/v2\/media\/5006"}],"wp:attachment":[{"href":"https:\/\/www.vacalia.com\/blog\/wp-json\/wp\/v2\/media?parent=5017"}],"wp:term":[{"taxonomy":"category","embeddable":true,"href":"https:\/\/www.vacalia.com\/blog\/wp-json\/wp\/v2\/categories?post=5017"},{"taxonomy":"post_tag","embeddable":true,"href":"https:\/\/www.vacalia.com\/blog\/wp-json\/wp\/v2\/tags?post=5017"}],"curies":[{"name":"wp","href":"https:\/\/api.w.org\/{rel}","templated":true}]}}