{"id":5021,"date":"2024-03-08T13:27:29","date_gmt":"2024-03-08T12:27:29","guid":{"rendered":"https:\/\/www.vacalia.com\/blog\/?p=5021"},"modified":"2025-07-08T12:18:04","modified_gmt":"2025-07-08T10:18:04","slug":"semana-santa-en-pollensa","status":"publish","type":"post","link":"https:\/\/www.vacalia.com\/blog\/es\/semana-santa-en-pollensa\/","title":{"rendered":"Semana Santa en Pollensa, un viaje inolvidable en la Sierra de Tramontana"},"content":{"rendered":"\n<p>La Semana Santa en <a href=\"https:\/\/www.vacalia.com\/es\/alquiler-vacacional-mallorca\" target=\"_blank\" rel=\"noreferrer noopener\">Mallorca<\/a> se presenta como una experiencia inigualable, donde la isla disfruta de tradici\u00f3n, gastronom\u00eda y buen tiempo.&nbsp;<\/p>\n\n\n\n<p>Entre los numerosos lugares que destacan durante estas festividades, Pollensa, una pintoresca villa ubicada en la Sierra de Tramontana, destaca como un destino que fusiona la espiritualidad de las celebraciones religiosas con la rica herencia cultural de la regi\u00f3n.&nbsp;<\/p>\n\n\n\n<p>Este peque\u00f1o municipio se distingue por sus angostas callejuelas que circundan la <em>Plaza Major<\/em> llena de restaurantes y bares. Adem\u00e1s de su riqueza arquitect\u00f3nica, Pollensa cautiva con su entorno paisaj\u00edstico repleto de peque\u00f1as calas como <strong>Cala B\u00f3quer<\/strong> y <strong>Cala Murta<\/strong>.&nbsp;<\/p>\n\n\n<div class=\"wp-block-image\">\n<figure class=\"aligncenter size-full\"><img fetchpriority=\"high\" decoding=\"async\" width=\"670\" height=\"300\" src=\"https:\/\/www.vacalia.com\/blog\/wp-content\/uploads\/2024\/03\/Cala-Boquer.jpg\" alt=\"Cala B\u00f3quer\" class=\"wp-image-5022\" srcset=\"https:\/\/www.vacalia.com\/blog\/wp-content\/uploads\/2024\/03\/Cala-Boquer.jpg 670w, https:\/\/www.vacalia.com\/blog\/wp-content\/uploads\/2024\/03\/Cala-Boquer-300x134.jpg 300w\" sizes=\"(max-width: 767px) 100vw, 670px\" \/><figcaption class=\"wp-element-caption\"><em>Cala B\u00f3quer<\/em><\/figcaption><\/figure><\/div>\n\n\n<p>En <a href=\"https:\/\/www.vacalia.com\/es\" target=\"_blank\" rel=\"noreferrer noopener\">Vacalia<\/a>, ponemos a tu disposici\u00f3n una amplia variedad de casas y villas en alquiler en esta destacada zona de Mallorca.<\/p>\n\n\n\n<h2 class=\"wp-block-heading has-medium-font-size\"><strong>El Descendimiento del Viernes Santo, una tradici\u00f3n centenaria y emocionante<\/strong><\/h2>\n\n\n\n<p>El acto m\u00e1s destacado de la Semana Santa en Pollensa es, sin duda, el <strong><em>Davallament<\/em><\/strong> o Descendimiento del Viernes Santo. Este evento, <strong>considerado de inter\u00e9s tur\u00edstico desde 1968<\/strong>, es una de las representaciones m\u00e1s antiguas de teatro sacro en las Islas Baleares. El acto empieza al retirar la imagen de Jes\u00fas del Oratorio del Calvario y llevarla en una impresionante procesi\u00f3n descendiendo por los 365 escalones flanqueados por cipreses hasta la Iglesia de Nuestra Se\u00f1ora de los \u00c1ngeles, patrona de Pollensa.<\/p>\n\n\n\n<p>Este ritual que se realiza en completo silencio, e iluminado \u00fanicamente por la luz de las antorchas que llevan los miembros de las diferentes cofrad\u00edas, ha convertido al Descendimiento de Pollensa en uno de los momentos m\u00e1s destacados de la Semana Santa mallorquina, atrayendo a visitantes de todas partes del mundo.<\/p>\n\n\n<div class=\"wp-block-image\">\n<figure class=\"aligncenter size-full\"><img decoding=\"async\" width=\"670\" height=\"300\" src=\"https:\/\/www.vacalia.com\/blog\/wp-content\/uploads\/2024\/03\/Descendimiento-Pollensa.jpg\" alt=\"Descendimiento de Pollensa\" class=\"wp-image-5023\" srcset=\"https:\/\/www.vacalia.com\/blog\/wp-content\/uploads\/2024\/03\/Descendimiento-Pollensa.jpg 670w, https:\/\/www.vacalia.com\/blog\/wp-content\/uploads\/2024\/03\/Descendimiento-Pollensa-300x134.jpg 300w\" sizes=\"(max-width: 767px) 100vw, 670px\" \/><figcaption class=\"wp-element-caption\"><em>Descendimiento de Pollensa<\/em><\/figcaption><\/figure><\/div>\n\n\n<p>La ceremonia es organizada por la cofrad\u00eda del Calvario de Pollensa, conocida popularmente como la \u201cCofrad\u00eda de las Capas\u201d. La raz\u00f3n de este nombre es que todos los participantes seg\u00fan los estatutos que datan del siglo XVII deben cubrirse con un manto negro.<\/p>\n\n\n\n<p>Algunas de estas capas han perdurado entre 100 y 150 a\u00f1os, convirti\u00e9ndose en aut\u00e9nticas reliquias familiares transmitidas a lo largo de las generaciones.<\/p>\n\n\n\n<p>Los Templarios fueron los primeros propietarios de la monta\u00f1a donde se construy\u00f3 el Calvario en Pollensa, que acoge hoy d\u00eda una de las tradiciones m\u00e1s impresionantes de la semana santa mallorquina que adem\u00e1s ofrece las mejores vistas de la localidad.<\/p>\n\n\n\n<h2 class=\"wp-block-heading has-medium-font-size\"><strong>Riqueza arquitect\u00f3nica y cultural de Pollensa<\/strong><\/h2>\n\n\n\n<p>Explorar Pollensa durante la Semana Santa tambi\u00e9n brinda la oportunidad de descubrir su riqueza arquitect\u00f3nica y cultural.<\/p>\n\n\n<div class=\"wp-block-image\">\n<figure class=\"aligncenter size-full\"><img decoding=\"async\" width=\"670\" height=\"300\" src=\"https:\/\/www.vacalia.com\/blog\/wp-content\/uploads\/2024\/03\/Calles-de-Pollensa.jpg\" alt=\"Calles de Pollensa\" class=\"wp-image-5028\" srcset=\"https:\/\/www.vacalia.com\/blog\/wp-content\/uploads\/2024\/03\/Calles-de-Pollensa.jpg 670w, https:\/\/www.vacalia.com\/blog\/wp-content\/uploads\/2024\/03\/Calles-de-Pollensa-300x134.jpg 300w\" sizes=\"(max-width: 767px) 100vw, 670px\" \/><figcaption class=\"wp-element-caption\"><em>Calles de Pollensa<\/em><\/figcaption><\/figure><\/div>\n\n\n<p>Lugares emblem\u00e1ticos como el <a href=\"https:\/\/www.vacalia.com\/es\/pont-roma-p759\" target=\"_blank\" rel=\"noreferrer noopener\">Puente Romano<\/a>, la Casa Consistorial y el convento de Santo Domingo, sede del Museo de Pollensa, ofrecen una mirada al pasado hist\u00f3rico de la regi\u00f3n. El museo, adem\u00e1s de sus exhibiciones permanentes, organiza eventos culturales todo el a\u00f1o.<\/p>\n\n\n<div class=\"wp-block-image\">\n<figure class=\"aligncenter size-full\"><img loading=\"lazy\" decoding=\"async\" width=\"670\" height=\"300\" src=\"https:\/\/www.vacalia.com\/blog\/wp-content\/uploads\/2024\/03\/Puente-Romano-Pollensa.jpg\" alt=\"Puente Romano\" class=\"wp-image-5024\" srcset=\"https:\/\/www.vacalia.com\/blog\/wp-content\/uploads\/2024\/03\/Puente-Romano-Pollensa.jpg 670w, https:\/\/www.vacalia.com\/blog\/wp-content\/uploads\/2024\/03\/Puente-Romano-Pollensa-300x134.jpg 300w\" sizes=\"(max-width: 767px) 100vw, 670px\" \/><figcaption class=\"wp-element-caption\"><em>Puente Romano<\/em><\/figcaption><\/figure><\/div>\n\n\n<h2 class=\"wp-block-heading has-medium-font-size\"><strong>Explorando los alrededores de Pollensa<\/strong><\/h2>\n\n\n\n<p>El municipio contiguo a Pollensa, <strong><em>Port de Pollen\u00e7a<\/em><\/strong>, se presenta como una opci\u00f3n cercana e interesante para los visitantes.&nbsp;<\/p>\n\n\n\n<p>El que fuera un sencillo puerto pesquero hoy es un lugar con una espl\u00e9ndida variedad de caf\u00e9s y restaurantes.<\/p>\n\n\n\n<p>Adem\u00e1s, la espectacular bah\u00eda de <strong><em>Port de Pollen\u00e7a<\/em><\/strong> ofrece condiciones particularmente ideales para descargar adrenalina practicando el <strong>kitesurf<\/strong>. El tramo de playa a mitad de camino a lo largo de la bah\u00eda es una meca para los kitesurfistas, con un centro de kitesurf que ofrece clases para principiantes.<\/p>\n\n\n\n<p>Si buscas playas para disfrutar de la tranquilidad y alejadas de multitudes y comercios, entonces <strong><em>Cala Sant Vicen\u00e7<\/em><\/strong><em> <\/em>se presenta como una opci\u00f3n id\u00f3nea. Situada a unos 4 km de Pollensa en la carretera hacia el puerto, esta cala natural ofrece a los visitantes un refugio tranquilo lejos de los centros tur\u00edsticos convencionales, adem\u00e1s de contar con excelentes restaurantes especializados en pescados frescos.<\/p>\n\n\n\n<p>A unos 17 km de Pollensa en direcci\u00f3n a Palma, puedes encontrar el encantador pueblo de <strong>Campanet<\/strong>. Aunque este pintoresco pueblo no ofrezca una amplia variedad de actividades, su Plaza Mayor con sus acogedores caf\u00e9s os dar\u00e1 una perspectiva genuina de la vida local. La visita a las <strong><em>Coves de Campanet<\/em><\/strong> es imprescindible, aunque son mucho m\u00e1s peque\u00f1as que las populares Cuevas del Drach est\u00e1n muy bien conservadas.<\/p>\n\n\n\n<p>A unos pocos kil\u00f3metros, al noreste del Puerto de Pollensa, pod\u00e9is encontrar unas vistas espectaculares desde el <strong>Mirador de Sa Creueta<\/strong> y la <strong>Atalaya de Albercutx<\/strong>.<\/p>\n\n\n<div class=\"wp-block-image\">\n<figure class=\"aligncenter size-full\"><img loading=\"lazy\" decoding=\"async\" width=\"670\" height=\"300\" src=\"https:\/\/www.vacalia.com\/blog\/wp-content\/uploads\/2024\/03\/Mirador-de-la-Creueta.jpg\" alt=\"Mirador de Sa Creueta\" class=\"wp-image-5025\" srcset=\"https:\/\/www.vacalia.com\/blog\/wp-content\/uploads\/2024\/03\/Mirador-de-la-Creueta.jpg 670w, https:\/\/www.vacalia.com\/blog\/wp-content\/uploads\/2024\/03\/Mirador-de-la-Creueta-300x134.jpg 300w\" sizes=\"(max-width: 767px) 100vw, 670px\" \/><figcaption class=\"wp-element-caption\"><em>Mirador de Sa Creueta<\/em><\/figcaption><\/figure><\/div>\n\n\n<p>Y ya en la punta norte de la isla, se encuentra el <strong>Faro de Formentor<\/strong>, cuyo acceso es una experiencia verdaderamente memorable. La serpenteante carretera que conduce al faro trascurre por zona monta\u00f1osa que permite disfrutar de espectaculares vistas panor\u00e1micas con el mediterr\u00e1neo de fondo.<\/p>\n\n\n<div class=\"wp-block-image\">\n<figure class=\"aligncenter size-full\"><img loading=\"lazy\" decoding=\"async\" width=\"670\" height=\"300\" src=\"https:\/\/www.vacalia.com\/blog\/wp-content\/uploads\/2024\/03\/Faro-Formentor.jpg\" alt=\"Faro de Formentor\" class=\"wp-image-5027\" srcset=\"https:\/\/www.vacalia.com\/blog\/wp-content\/uploads\/2024\/03\/Faro-Formentor.jpg 670w, https:\/\/www.vacalia.com\/blog\/wp-content\/uploads\/2024\/03\/Faro-Formentor-300x134.jpg 300w\" sizes=\"(max-width: 767px) 100vw, 670px\" \/><figcaption class=\"wp-element-caption\"><em>Faro de Formentor<\/em><\/figcaption><\/figure><\/div>\n\n\n<p>A unos 20 minutos en coche, se abre un abanico de opciones pudiendo visitar el <strong>Puerto de Alcudia<\/strong> o la <strong>ciudad medieval de Alcudia<\/strong>. Esta zona ofrece una gran variedad de monumentos, restaurantes y tiendas, junto con una extensa playa de arena para relajarse y disfrutar del sol.<\/p>\n\n\n\n<h2 class=\"wp-block-heading has-medium-font-size\"><strong>Gastronom\u00eda tradicional de Semana Santa en Pollensa<\/strong><\/h2>\n\n\n\n<p>Los <strong>Rubiols<\/strong> son exquisitos dulces tradicionales de Semana Santa t\u00edpicos de la isla de Mallorca, aunque es sencillo hallarlos en las pasteler\u00edas de otras islas durante todo el a\u00f1o. Estas delicias se presentan como empanadillas de masa dulce, adoptando una forma de media luna y est\u00e1n rellenas, con cabello de \u00e1ngel o pasta de reques\u00f3n.<\/p>\n\n\n<div class=\"wp-block-image\">\n<figure class=\"aligncenter size-full\"><img loading=\"lazy\" decoding=\"async\" width=\"670\" height=\"300\" src=\"https:\/\/www.vacalia.com\/blog\/wp-content\/uploads\/2024\/03\/Robiols-Semana-Santa.jpg\" alt=\"Rubiols de Semana Santa\" class=\"wp-image-5026\" srcset=\"https:\/\/www.vacalia.com\/blog\/wp-content\/uploads\/2024\/03\/Robiols-Semana-Santa.jpg 670w, https:\/\/www.vacalia.com\/blog\/wp-content\/uploads\/2024\/03\/Robiols-Semana-Santa-300x134.jpg 300w\" sizes=\"(max-width: 767px) 100vw, 670px\" \/><figcaption class=\"wp-element-caption\"><em>Rubiols de Semana Santa<\/em><\/figcaption><\/figure><\/div>\n\n\n<h2 class=\"wp-block-heading has-medium-font-size\"><strong>No lo dudes, descubre la magia de la Semana Santa en Pollensa<\/strong><\/h2>\n\n\n\n<p>Explorar <a href=\"https:\/\/www.vacalia.com\/es\/pollenca-mallorca-p1360\" target=\"_blank\" rel=\"noreferrer noopener\">Pollensa<\/a> durante la Semana Santa es adentrarse en una experiencia \u00fanica que combina espiritualidad, cultura y naturaleza. Desde las emotivas procesiones hasta la rica historia arquitect\u00f3nica, Pollensa es un destino incomparable en Mallorca durante esta \u00e9poca del a\u00f1o. Sum\u00e9rgete en la magia de la Semana Santa mallorquina en esta encantadora villa de la Sierra de Tramontana, donde cada rinc\u00f3n cuenta una historia y cada tradici\u00f3n deja una huella imborrable.<\/p>\n","protected":false},"excerpt":{"rendered":"<p>La Semana Santa en Mallorca se presenta como una experiencia inigualable, donde la isla disfruta de tradici\u00f3n, gastronom\u00eda y buen tiempo.&nbsp; Entre los numerosos lugares que destacan durante estas festividades,&hellip;<\/p>\n","protected":false},"author":1,"featured_media":5028,"comment_status":"closed","ping_status":"open","sticky":false,"template":"","format":"standard","meta":{"_monsterinsights_skip_tracking":false,"_monsterinsights_sitenote_active":false,"_monsterinsights_sitenote_note":"","_monsterinsights_sitenote_category":0,"footnotes":""},"categories":[373,442,406,1],"tags":[],"class_list":["post-5021","post","type-post","status-publish","format-standard","has-post-thumbnail","hentry","category-mallorca-es","category-que-ver-en-mallorca","category-fiestas-y-tradiciones-de-mallorca","category-general-es"],"_links":{"self":[{"href":"https:\/\/www.vacalia.com\/blog\/wp-json\/wp\/v2\/posts\/5021"}],"collection":[{"href":"https:\/\/www.vacalia.com\/blog\/wp-json\/wp\/v2\/posts"}],"about":[{"href":"https:\/\/www.vacalia.com\/blog\/wp-json\/wp\/v2\/types\/post"}],"author":[{"embeddable":true,"href":"https:\/\/www.vacalia.com\/blog\/wp-json\/wp\/v2\/users\/1"}],"replies":[{"embeddable":true,"href":"https:\/\/www.vacalia.com\/blog\/wp-json\/wp\/v2\/comments?post=5021"}],"version-history":[{"count":6,"href":"https:\/\/www.vacalia.com\/blog\/wp-json\/wp\/v2\/posts\/5021\/revisions"}],"predecessor-version":[{"id":7687,"href":"https:\/\/www.vacalia.com\/blog\/wp-json\/wp\/v2\/posts\/5021\/revisions\/7687"}],"wp:featuredmedia":[{"embeddable":true,"href":"https:\/\/www.vacalia.com\/blog\/wp-json\/wp\/v2\/media\/5028"}],"wp:attachment":[{"href":"https:\/\/www.vacalia.com\/blog\/wp-json\/wp\/v2\/media?parent=5021"}],"wp:term":[{"taxonomy":"category","embeddable":true,"href":"https:\/\/www.vacalia.com\/blog\/wp-json\/wp\/v2\/categories?post=5021"},{"taxonomy":"post_tag","embeddable":true,"href":"https:\/\/www.vacalia.com\/blog\/wp-json\/wp\/v2\/tags?post=5021"}],"curies":[{"name":"wp","href":"https:\/\/api.w.org\/{rel}","templated":true}]}}