{"id":5034,"date":"2024-03-08T13:29:48","date_gmt":"2024-03-08T12:29:48","guid":{"rendered":"https:\/\/www.vacalia.com\/blog\/?p=5034"},"modified":"2024-08-28T08:41:29","modified_gmt":"2024-08-28T06:41:29","slug":"osterwoche-in-pollensa","status":"publish","type":"post","link":"https:\/\/www.vacalia.com\/blog\/osterwoche-in-pollensa\/","title":{"rendered":"Osterwoche in Pollensa, ein unvergesslicher Ausflug in die Tramuntana-Berge"},"content":{"rendered":"\n<p>Ostern auf <a href=\"https:\/\/www.vacalia.com\/de\/ferienhaus-mallorca\" target=\"_blank\" rel=\"noreferrer noopener\">Mallorca<\/a> ist ein einzigartiges Erlebnis, bei dem die Insel mit Tradition, Gastronomie und gutem Wetter aufwarten kann.&nbsp;<\/p>\n\n\n\n<p>Unter den vielen Orten, die bei diesen Feierlichkeiten eine besondere Rolle spielen, sticht Pollensa, ein malerisches Dorf im Tramuntana-Gebirge, als ein Reiseziel hervor, das die Spiritualit\u00e4t religi\u00f6ser Feiern mit dem reichen kulturellen Erbe der Region verbindet.&nbsp;<\/p>\n\n\n\n<p>Diese kleine Gemeinde zeichnet sich durch ihre engen Gassen aus, die die <em>Plaza Mayor <\/em>mit ihren vielen Restaurants und Bars umgeben. Neben seinem architektonischen Reichtum besticht Pollensa durch seine landschaftlich reizvolle Umgebung mit kleinen Buchten wie <strong>Cala B\u00f3quer <\/strong>und <strong>Cala Murta<\/strong>.&nbsp;<\/p>\n\n\n<div class=\"wp-block-image\">\n<figure class=\"aligncenter size-full\"><img fetchpriority=\"high\" decoding=\"async\" width=\"670\" height=\"300\" src=\"https:\/\/www.vacalia.com\/blog\/wp-content\/uploads\/2024\/03\/Cala-Boquer.jpg\" alt=\"Cala B\u00f3quer\" class=\"wp-image-5022\" srcset=\"https:\/\/www.vacalia.com\/blog\/wp-content\/uploads\/2024\/03\/Cala-Boquer.jpg 670w, https:\/\/www.vacalia.com\/blog\/wp-content\/uploads\/2024\/03\/Cala-Boquer-300x134.jpg 300w\" sizes=\"(max-width: 767px) 100vw, 670px\" \/><figcaption class=\"wp-element-caption\"><em>Cala B\u00f3quer<\/em><\/figcaption><\/figure><\/div>\n\n\n<p>Bei <a href=\"https:\/\/www.vacalia.com\/de\" target=\"_blank\" rel=\"noreferrer noopener\">Vacalia<\/a> bieten wir Ihnen eine gro\u00dfe Auswahl an H\u00e4usern und Villen zur Miete in dieser hervorragenden Gegend Mallorcas.<\/p>\n\n\n\n<h3 class=\"wp-block-heading\"><strong>Die Kreuzabnahme am Karfreitag, eine jahrhundertealte und bewegende Tradition<\/strong><\/h3>\n\n\n\n<p>Der herausragendste Akt der Karwoche in Pollensa ist zweifelsohne das <strong><em>Davallament <\/em><\/strong>oder die Kreuzabnahme am Karfreitag. Dieses Ereignis, das <strong>seit 1968 von touristischem Interesse ist<\/strong>, ist eine der \u00e4ltesten Darstellungen des Heiligen Theaters auf den Balearen. Der Akt beginnt damit, dass das Bildnis Jesu aus dem Oratorium des Kalvarienberges entfernt und in einer eindrucksvollen Prozession die 365 von Zypressen ges\u00e4umten Stufen hinunter zur Kirche Unserer Lieben Frau von den Engeln, der Schutzpatronin von Pollensa, getragen wird.<\/p>\n\n\n\n<p>Dieses Ritual, das in v\u00f6lliger Stille und nur vom Licht der Fackeln, die von den Mitgliedern der verschiedenen Bruderschaften getragen werden, beleuchtet wird, hat die Kreuzabnahme in Pollensa zu einem der H\u00f6hepunkte der Osterwoche auf Mallorca gemacht und zieht Besucher aus der ganzen Welt an.<\/p>\n\n\n<div class=\"wp-block-image\">\n<figure class=\"aligncenter size-full\"><img decoding=\"async\" width=\"670\" height=\"300\" src=\"https:\/\/www.vacalia.com\/blog\/wp-content\/uploads\/2024\/03\/Descendimiento-Pollensa.jpg\" alt=\"Pollensa Abstieg\" class=\"wp-image-5023\" srcset=\"https:\/\/www.vacalia.com\/blog\/wp-content\/uploads\/2024\/03\/Descendimiento-Pollensa.jpg 670w, https:\/\/www.vacalia.com\/blog\/wp-content\/uploads\/2024\/03\/Descendimiento-Pollensa-300x134.jpg 300w\" sizes=\"(max-width: 767px) 100vw, 670px\" \/><figcaption class=\"wp-element-caption\"><em>Pollensa Abstieg<\/em><\/figcaption><\/figure><\/div>\n\n\n<p>Die Zeremonie wird von der Bruderschaft von Calvario de Pollensa organisiert, die im Volksmund als \u00abCofrad\u00eda de las Capas\u00bb (Bruderschaft der Umh\u00e4nge) bekannt ist. Der Grund f\u00fcr diesen Namen ist, dass sich alle Teilnehmer gem\u00e4\u00df den Statuten aus dem 17. Jahrhundert mit einem schwarzen Umhang bedecken m\u00fcssen.<\/p>\n\n\n\n<p>Einige dieser Umh\u00e4nge haben zwischen 100 und 150 Jahre \u00fcberdauert und sind zu echten Familienerbst\u00fccken geworden, die \u00fcber Generationen weitergegeben werden.<\/p>\n\n\n\n<p>Die Templer waren die ersten Besitzer des Berges, auf dem der Kalvarienberg in Pollensa errichtet wurde, der heute eine der eindrucksvollsten Traditionen der mallorquinischen Karwoche beherbergt und den besten Blick auf die Stadt bietet.<\/p>\n\n\n\n<h3 class=\"wp-block-heading\"><strong>Architektonischer und kultureller Reichtum von Pollensa<\/strong><\/h3>\n\n\n\n<p>Die Erkundung Pollensas in der Osterwoche bietet auch die M\u00f6glichkeit, den architektonischen und kulturellen Reichtum der Stadt zu entdecken.<\/p>\n\n\n<div class=\"wp-block-image\">\n<figure class=\"aligncenter size-full\"><img decoding=\"async\" width=\"670\" height=\"300\" src=\"https:\/\/www.vacalia.com\/blog\/wp-content\/uploads\/2024\/03\/Calles-de-Pollensa.jpg\" alt=\"Stra\u00dfen von Pollensa\" class=\"wp-image-5028\" srcset=\"https:\/\/www.vacalia.com\/blog\/wp-content\/uploads\/2024\/03\/Calles-de-Pollensa.jpg 670w, https:\/\/www.vacalia.com\/blog\/wp-content\/uploads\/2024\/03\/Calles-de-Pollensa-300x134.jpg 300w\" sizes=\"(max-width: 767px) 100vw, 670px\" \/><figcaption class=\"wp-element-caption\"><em>Stra\u00dfen von Pollensa<\/em><\/figcaption><\/figure><\/div>\n\n\n<p>Wahrzeichen wie die <a href=\"https:\/\/www.vacalia.com\/de\/pont-roma-p759\" target=\"_blank\" rel=\"noreferrer noopener\">R\u00f6mische Br\u00fccke<\/a>, das Rathaus und das Kloster Santo Domingo, in dem sich das Museum von Pollensa befindet, bieten einen Einblick in die historische Vergangenheit der Region. Neben seinen Dauerausstellungen bietet das Museum das ganze Jahr \u00fcber kulturelle Veranstaltungen an.<\/p>\n\n\n<div class=\"wp-block-image\">\n<figure class=\"aligncenter size-full\"><img loading=\"lazy\" decoding=\"async\" width=\"670\" height=\"300\" src=\"https:\/\/www.vacalia.com\/blog\/wp-content\/uploads\/2024\/03\/Puente-Romano-Pollensa.jpg\" alt=\"R\u00f6mische Br\u00fccke\" class=\"wp-image-5024\" srcset=\"https:\/\/www.vacalia.com\/blog\/wp-content\/uploads\/2024\/03\/Puente-Romano-Pollensa.jpg 670w, https:\/\/www.vacalia.com\/blog\/wp-content\/uploads\/2024\/03\/Puente-Romano-Pollensa-300x134.jpg 300w\" sizes=\"(max-width: 767px) 100vw, 670px\" \/><figcaption class=\"wp-element-caption\"><em>R\u00f6mische Br\u00fccke<\/em><\/figcaption><\/figure><\/div>\n\n\n<h3 class=\"wp-block-heading\"><strong>Erkundung der Umgebung von Pollensa<\/strong><\/h3>\n\n\n\n<p>Die Nachbargemeinde von Pollensa, <strong><em>Port de Pollen\u00e7a<\/em><\/strong>, ist eine nahe gelegene und interessante Option f\u00fcr Besucher.&nbsp;<\/p>\n\n\n\n<p>Was einst ein einfacher Fischerhafen war, ist heute ein Ort mit einer gro\u00dfen Vielfalt an Caf\u00e9s und Restaurants.<\/p>\n\n\n\n<p>Dar\u00fcber hinaus bietet die spektakul\u00e4re Bucht von <strong><em>Port de Pollen\u00e7a <\/em><\/strong>besonders ideale Bedingungen f\u00fcr das adrenalingeladene <strong>Kitesurfen<\/strong>. Der Strandabschnitt auf halber Strecke der Bucht ist ein Mekka f\u00fcr Kitesurfer, und ein Kitesurfing-Zentrum bietet Kurse f\u00fcr Anf\u00e4nger an.<\/p>\n\n\n\n<p>Wenn Sie auf der Suche nach Str\u00e4nden sind, an denen Sie die Ruhe abseits von Menschenmassen und Gesch\u00e4ften genie\u00dfen k\u00f6nnen, dann <em>ist <\/em><strong><em>Cala Sant Vicen\u00e7 eine <\/em><\/strong>ideale Wahl. Etwa 4 km von Pollensa entfernt an der Stra\u00dfe zum Hafen gelegen, bietet diese nat\u00fcrliche Bucht den Besuchern einen ruhigen R\u00fcckzugsort abseits der \u00fcblichen Touristenzentren sowie ausgezeichnete Restaurants, die auf frischen Fisch spezialisiert sind.<\/p>\n\n\n\n<p>Etwa 17 km von Pollensa entfernt, in Richtung Palma, befindet sich das charmante Dorf <strong>Campanet<\/strong>. Dieses malerische Dorf bietet zwar keine gro\u00dfe Auswahl an Aktivit\u00e4ten, aber seine Plaza Mayor mit seinen gem\u00fctlichen Caf\u00e9s gibt Ihnen einen echten Einblick in das lokale Leben. Ein Besuch der <strong><em>Coves de Campanet <\/em><\/strong>ist ein Muss. Sie sind zwar viel kleiner als die bekannten H\u00f6hlen von Drach, aber sehr gut erhalten.<\/p>\n\n\n\n<p>Wenige Kilometer nord\u00f6stlich von Puerto de Pollensa bieten der <strong>Aussichtspunkt Sa Creueta <\/strong>und der <strong>Wachturm Albercutx <\/strong>spektakul\u00e4re Aussichten.<\/p>\n\n\n<div class=\"wp-block-image\">\n<figure class=\"aligncenter size-full\"><img loading=\"lazy\" decoding=\"async\" width=\"670\" height=\"300\" src=\"https:\/\/www.vacalia.com\/blog\/wp-content\/uploads\/2024\/03\/Mirador-de-la-Creueta.jpg\" alt=\"Aussichtspunkt Sa Creueta\" class=\"wp-image-5025\" srcset=\"https:\/\/www.vacalia.com\/blog\/wp-content\/uploads\/2024\/03\/Mirador-de-la-Creueta.jpg 670w, https:\/\/www.vacalia.com\/blog\/wp-content\/uploads\/2024\/03\/Mirador-de-la-Creueta-300x134.jpg 300w\" sizes=\"(max-width: 767px) 100vw, 670px\" \/><figcaption class=\"wp-element-caption\"><em>Aussichtspunkt Sa Creueta<\/em><\/figcaption><\/figure><\/div>\n\n\n<p>Und bereits an der Nordspitze der Insel befindet sich der <strong>Leuchtturm Faro de Formentor<\/strong>, dessen Besteigung ein wahrhaft unvergessliches Erlebnis ist. Die kurvenreiche Stra\u00dfe, die zum Leuchtturm f\u00fchrt, verl\u00e4uft durch eine bergige Gegend, von der aus man einen spektakul\u00e4ren Panoramablick auf das Mittelmeer im Hintergrund genie\u00dfen kann.<\/p>\n\n\n<div class=\"wp-block-image\">\n<figure class=\"aligncenter size-full\"><img loading=\"lazy\" decoding=\"async\" width=\"670\" height=\"300\" src=\"https:\/\/www.vacalia.com\/blog\/wp-content\/uploads\/2024\/03\/Faro-Formentor.jpg\" alt=\"Faro de Formentor\" class=\"wp-image-5027\" srcset=\"https:\/\/www.vacalia.com\/blog\/wp-content\/uploads\/2024\/03\/Faro-Formentor.jpg 670w, https:\/\/www.vacalia.com\/blog\/wp-content\/uploads\/2024\/03\/Faro-Formentor-300x134.jpg 300w\" sizes=\"(max-width: 767px) 100vw, 670px\" \/><figcaption class=\"wp-element-caption\"><em>Faro de Formentor<\/em><\/figcaption><\/figure><\/div>\n\n\n<p>Im Umkreis von 20 Autominuten gibt es eine Vielzahl von M\u00f6glichkeiten, den <strong>Hafen von Alcudia <\/strong>oder die <strong>mittelalterliche Stadt Alcudia <\/strong>zu besuchen. Diese Gegend bietet eine gro\u00dfe Auswahl an Sehensw\u00fcrdigkeiten, Restaurants und Gesch\u00e4ften sowie einen weitl\u00e4ufigen Sandstrand zum Entspannen und Genie\u00dfen der Sonne.<\/p>\n\n\n\n<h3 class=\"wp-block-heading\"><strong>Traditionelle Ostergastronomie in Pollensa<\/strong><\/h3>\n\n\n\n<p><strong>Rubiols <\/strong>sind k\u00f6stliche traditionelle Osters\u00fc\u00dfigkeiten, die typisch f\u00fcr die Insel Mallorca sind, auch wenn man sie das ganze Jahr \u00fcber in B\u00e4ckereien auf anderen Inseln findet. Diese K\u00f6stlichkeiten werden als s\u00fc\u00dfe Teigtaschen in Form eines Halbmondes pr\u00e4sentiert und sind mit Engelshaar oder Ricotta-Paste gef\u00fcllt.<\/p>\n\n\n<div class=\"wp-block-image\">\n<figure class=\"aligncenter size-full\"><img loading=\"lazy\" decoding=\"async\" width=\"670\" height=\"300\" src=\"https:\/\/www.vacalia.com\/blog\/wp-content\/uploads\/2024\/03\/Robiols-Semana-Santa.jpg\" alt=\"Ostern Rubiols\" class=\"wp-image-5026\" srcset=\"https:\/\/www.vacalia.com\/blog\/wp-content\/uploads\/2024\/03\/Robiols-Semana-Santa.jpg 670w, https:\/\/www.vacalia.com\/blog\/wp-content\/uploads\/2024\/03\/Robiols-Semana-Santa-300x134.jpg 300w\" sizes=\"(max-width: 767px) 100vw, 670px\" \/><figcaption class=\"wp-element-caption\"><em>Ostern Rubiols<\/em><\/figcaption><\/figure><\/div>\n\n\n<h3 class=\"wp-block-heading\"><strong>Z\u00f6gern Sie nicht und entdecken Sie den Zauber der Semana Santa in Pollensa<\/strong><\/h3>\n\n\n\n<p><a href=\"https:\/\/www.vacalia.com\/de\/pollenca-mallorca-p1360\" target=\"_blank\" rel=\"noreferrer noopener\">Pollensa<\/a> in der Osterwoche zu erkunden ist ein einzigartiges Erlebnis, das Spiritualit\u00e4t, Kultur und Natur miteinander verbindet. Von den emotionalen Prozessionen bis hin zur reichen architektonischen Geschichte ist Pollensa zu dieser Jahreszeit ein unvergleichliches Reiseziel auf Mallorca. Tauchen Sie ein in den Zauber der mallorquinischen Karwoche in diesem charmanten Dorf in der Sierra de Tramontana, wo jeder Winkel eine Geschichte erz\u00e4hlt und jede Tradition einen unausl\u00f6schlichen Eindruck hinterl\u00e4sst.<\/p>\n","protected":false},"excerpt":{"rendered":"<p>Ostern auf Mallorca ist ein einzigartiges Erlebnis, bei dem die Insel mit Tradition, Gastronomie und gutem Wetter aufwarten kann.&nbsp; Unter den vielen Orten, die bei diesen Feierlichkeiten eine besondere Rolle&hellip;<\/p>\n","protected":false},"author":1,"featured_media":5028,"comment_status":"closed","ping_status":"open","sticky":false,"template":"","format":"standard","meta":{"_monsterinsights_skip_tracking":false,"_monsterinsights_sitenote_active":false,"_monsterinsights_sitenote_note":"","_monsterinsights_sitenote_category":0,"footnotes":""},"categories":[379,40,410,454],"tags":[],"class_list":["post-5034","post","type-post","status-publish","format-standard","has-post-thumbnail","hentry","category-mallorca-de","category-allgemein","category-feste-und-traditionen-auf-mallorca","category-was-kann-man-auf-mallorca-sehen"],"_links":{"self":[{"href":"https:\/\/www.vacalia.com\/blog\/wp-json\/wp\/v2\/posts\/5034"}],"collection":[{"href":"https:\/\/www.vacalia.com\/blog\/wp-json\/wp\/v2\/posts"}],"about":[{"href":"https:\/\/www.vacalia.com\/blog\/wp-json\/wp\/v2\/types\/post"}],"author":[{"embeddable":true,"href":"https:\/\/www.vacalia.com\/blog\/wp-json\/wp\/v2\/users\/1"}],"replies":[{"embeddable":true,"href":"https:\/\/www.vacalia.com\/blog\/wp-json\/wp\/v2\/comments?post=5034"}],"version-history":[{"count":4,"href":"https:\/\/www.vacalia.com\/blog\/wp-json\/wp\/v2\/posts\/5034\/revisions"}],"predecessor-version":[{"id":6177,"href":"https:\/\/www.vacalia.com\/blog\/wp-json\/wp\/v2\/posts\/5034\/revisions\/6177"}],"wp:featuredmedia":[{"embeddable":true,"href":"https:\/\/www.vacalia.com\/blog\/wp-json\/wp\/v2\/media\/5028"}],"wp:attachment":[{"href":"https:\/\/www.vacalia.com\/blog\/wp-json\/wp\/v2\/media?parent=5034"}],"wp:term":[{"taxonomy":"category","embeddable":true,"href":"https:\/\/www.vacalia.com\/blog\/wp-json\/wp\/v2\/categories?post=5034"},{"taxonomy":"post_tag","embeddable":true,"href":"https:\/\/www.vacalia.com\/blog\/wp-json\/wp\/v2\/tags?post=5034"}],"curies":[{"name":"wp","href":"https:\/\/api.w.org\/{rel}","templated":true}]}}